{"id":5699,"date":"2025-01-31T08:38:48","date_gmt":"2025-01-31T08:38:48","guid":{"rendered":"https:\/\/rafalk-elblag.pl\/?p=5699"},"modified":"2025-01-31T12:36:57","modified_gmt":"2025-01-31T12:36:57","slug":"ogloszenia-parafialne-2-02-2025-r-swieto-ofiarowania-panskiego","status":"publish","type":"post","link":"https:\/\/rafalk-elblag.pl\/?p=5699","title":{"rendered":"OG\u0141OSZENIA PARAFIALNE\u00a0 2.02.2025 r. \u015aWI\u0118TO OFIAROWANIA PA\u0143SKIEGO"},"content":{"rendered":"<h1>\u015awi\u0119to Ofiarowania Pa\u0144skiego &#8211; Matki Bo\u017cej Gromnicznej Ko\u015bci\u00f3\u0142 katolicki obchodzi 2 lutego. W polskiej tradycji bardziej znane jest jako \u015bwi\u0119to Matki Boskiej Gromnicznej, gdy\u017c tego dnia \u015bwi\u0119ci si\u0119 \u015bwiece.<\/h1>\n<p>&nbsp;&nbsp;&nbsp;&nbsp;&nbsp; \u015awi\u0119to Ofiarowania Pa\u0144skiego wprowadzi\u0142 papie\u017c Gelazy I (zm. 496 r.). Jest ono nawi\u0105zaniem do ewangelicznego opisu ofiarowania Jezusa. 40 dni po Jego narodzinach Maryja i J\u00f3zef zanie\u015bli dzieci\u0105tko do \u015bwi\u0105tyni w Jerozolimie, by zgodnie z prawem moj\u017ceszowym ofiarowa\u0107 Je Bogu w ho\u0142dzie dzi\u0119kczynienia za darowanie Izraelitom \u017cycia podczas przej\u015bcia przez Egipt Anio\u0142a Zniszczenia. Przebywaj\u0105cy wtedy w \u015bwi\u0105tyni starzec Symeon rozpozna\u0142 w Jezusie Mesjasza.<\/p>\n<p>\u015awi\u0119to to zamyka cykl \u015bwi\u0105t Bo\u017cego Narodzenia. W ko\u015bcio\u0142ach rozbiera si\u0119 tego dnia \u017c\u0142\u00f3bki, a w domach choinki, przestaje si\u0119 \u015bpiewa\u0107 kol\u0119dy, ko\u0144czy si\u0119 okres wizyt duszpasterskich w domach.<\/p>\n<h1><strong>&nbsp;<\/strong><\/h1>\n<h1>&nbsp;&nbsp;&nbsp;&nbsp;&nbsp;&nbsp;&nbsp;&nbsp; Tego dnia przynosi si\u0119 do ko\u015bcio\u0142\u00f3w do po\u015bwi\u0119cenia \u015bwiece woskowe, kt\u00f3re nast\u0119pnie niesie si\u0119 w procesji. S\u0105 one symbolem cz\u0142owiecze\u0144stwa Syna Bo\u017cego, a tak\u017ce symbolem wiary, nadziei i mi\u0142o\u015bci, z jakimi chrze\u015bcijanin powinien pod\u0105\u017ca\u0107 za Chrystusem.<\/h1>\n<p>\u015awiece te nazywane s\u0105 gromnicami i od nich te\u017c pochodzi potoczna nazwa \u015bwi\u0119ta \u2013 Matki Boskiej Gromnicznej. Z kolei nazwa \u015bwiecy zwi\u0105zana jest z przypisywan\u0105 jej moc\u0105 odwracania grom\u00f3w.<\/p>\n<p>Powszechne przekonanie o mocy ochronnej gromnicy zwi\u0105zane by\u0142o z wiar\u0105 w patronat i opiek\u0119 Matki Bo\u017cej jako po\u015bredniczki mi\u0119dzy lud\u017ami a Bogiem, zdolnej do wyjednywania \u0142ask. Aby sobie zapewni\u0107 sta\u0142\u0105 opiek\u0119 Naj\u015bwi\u0119tszej Marii Panny, gromnic\u0119 umieszczano w domach zwykle nad \u0142\u00f3\u017ckiem. Zapalano j\u0105 te\u017c przy konaj\u0105cych.<\/p>\n<p>W \u015bwi\u0119to Ofiarowania Pa\u0144skiego Ko\u015bci\u00f3\u0142 obchodzi te\u017c \u015awiatowy Dzie\u0144 \u017bycia Konsekrowanego. Dzie\u0144 ten ustanowi\u0142 papie\u017c Jan Pawe\u0142 II w 1997 r.<\/p>\n<p>Podczas Eucharystii w \u015bwi\u0119to Ofiarowania Pa\u0144skiego biskupi diecezjalni modl\u0105 si\u0119 wraz z osobami \u017cycia konsekrowanego w ich intencji. W tym dniu siostry zakonne i zakonnicy podczas mszy \u015bw. odnawiaj\u0105 \u015bluby zakonne: czysto\u015bci, pos\u0142usze\u0144stwa i ub\u00f3stwa.<\/p>\n<p>Ustanawiaj\u0105c ten dzie\u0144, Jan Pawe\u0142 II zwr\u00f3ci\u0142 uwag\u0119, \u017ce ofiarowanie Syna Bo\u017cego, kt\u00f3rego symbolem jest przyniesienie Go do \u015bwi\u0105tyni, jest wzorem dla wszystkich, kt\u00f3rzy po\u015bwi\u0119caj\u0105 swe \u017cycie Bogu. Podkre\u015bli\u0142 to m\u00f3wi\u0105c: &#8222;Ofiarowanie Jezusa staje si\u0119 wymown\u0105 ikon\u0105 ca\u0142kowitego oddania w\u0142asnego \u017cycia dla tych, kt\u00f3rzy powo\u0142ani s\u0105, aby odtworzy\u0107 w Ko\u015bciele i w \u015bwiecie, poprzez rady ewangeliczne charakterystyczne przymioty Jezusa, dziewictwo, ub\u00f3stwo i pos\u0142usze\u0144stwo&#8221;.<\/p>\n<p>&nbsp;<\/p>\n<figure id=\"block-11bfdc70-3a14-4d5e-94a4-c45b2bb4a6cf\" class=\"wp-block-image\"><a href=\"http:\/\/rafalk-elblag.pl\/wp-content\/uploads\/2021\/08\/ogloszenia-parafialne-baner-01a.jpg\"><img decoding=\"async\" src=\"http:\/\/rafalk-elblag.pl\/wp-content\/uploads\/2021\/08\/ogloszenia-parafialne-baner-01a.jpg\" alt=\"Obrazek posiada pusty atrybut alt; plik o nazwie ogloszenia-parafialne-baner-01a.jpg\"><\/a><\/figure>\n<p>&nbsp;<\/p>\n<p><strong>&nbsp;<\/strong><\/p>\n<p><strong>OG\u0141OSZENIA PARAFIALNE&nbsp; 2.02.2025 r.<\/strong><\/p>\n<p><strong>\u015aWI\u0118TO OFIAROWANIA PA\u0143SKIEGO<\/strong><\/p>\n<ol>\n<li><strong>Dzisiaj przypada \u015awi\u0119to Ofiarowania Pa\u0144skiego.<\/strong> W ca\u0142ym Ko\u015bciele obchodzimy \u015awiatowy Dzie\u0144 \u017bycia Konsekrowanego. <u>W tym dniu czcimy Chrystusa Pana &#8211; \u015awiat\u0142o\u015b\u0107 \u015awiata <strong><em>(symbolizuj\u0105 to \u015bwiece)<\/em><\/strong> i Jego Matk\u0119 pod nazw\u0105 Matki Bo\u017cej Gromnicznej.<\/u> <strong>Po\u015bwi\u0119cenie \u015bwiec odb\u0119dzie si\u0119 podczas ka\u017cdej Mszy \u015bw.<\/strong><\/li>\n<li><strong>JAK W KA\u017bD\u0104 PIERWSZ\u0104 NIEDZIEL\u0118 MIESI\u0104CA TAK I DZISIAJ ZAPRASZAMY NA ADORACJ\u0118 NAJ\u015aWI\u0118TSZEGO SAKRAMENTU OD GODZ. 16:00 DO GODZ. 18:00.<\/strong><\/li>\n<li>Dzisiejsze ofiary sk\u0142adane na tac\u0119 przeznaczone s\u0105 na uregulowanie rachunku za ogrzewanie Ko\u015bcio\u0142a. <em>Dzi\u0119kuj\u0119 za zrozumienie i ofiarno\u015b\u0107.<\/em><\/li>\n<li>W poniedzia\u0142ek wspomnienie \u015bw. B\u0142a\u017ceja patrona od chor\u00f3b gard\u0142a, natomiast w \u015brod\u0119 wspomnienie \u015bw. Agaty, dziewicy i m\u0119czennicy &#8211; w tym dniu po\u015bwiecenie chleba. <em>Zapraszamy do wsp\u00f3lnej modlitwy podczas Mszy \u015bw. o&nbsp;&nbsp;&nbsp; godz. 8:00 i 18:00 za wstawiennictwem \u015bwi\u0119tych patron\u00f3w.<\/em><\/li>\n<li>W tym tygodniu przypada pierwszy czwartek i pi\u0105tek&nbsp; miesi\u0105ca.<\/li>\n<\/ol>\n<ul>\n<li><strong>w pierwszy czwartek &#8211; <\/strong>zapraszamy do wsp\u00f3lnej modlitwy o nowe powo\u0142ania kap\u0142a\u0144skie i zakonne.<strong> Msza \u015bw. o godz. 18:00, a po Niej ,,Godzina \u015awi\u0119ta\u201d<\/strong>, czyli ADORACJA przed Naj\u015bwi\u0119tszym Sakramentem.<\/li>\n<li><strong>w pierwszy pi\u0105tek &#8211;<\/strong> spowied\u017a dla dzieci, m\u0142odzie\u017cy i doros\u0142ych od godz. 17:30. Msza \u015bw. Wotywna o NSPJ dla wszystkich o godz.18:00.<\/li>\n<\/ul>\n<ol start=\"6\">\n<li>Z racji pierwszego pi\u0105tku kap\u0142ani udadz\u0105 si\u0119 do chorych 7 lutego od godz. 9:30.<\/li>\n<li><strong>Zach\u0119camy do korzystania z sakramentu spowiedzi \u015bw.<\/strong> <strong>codziennie przed Msz\u0105 \u015bw. od godz. 7:45 lub od godz.17:30. <\/strong><\/li>\n<li><strong>ZAPRASZAMY DO WSP\u00d3LNEGO WYJ\u015aCIA DO MULTIKINA <\/strong>w Elbl\u0105gu \u2013 \u201eOgrody\u201d,<strong> dniu 4 lutego br. (wtorek): o godz. 19:30 na film \u201eSERCE OJCA\u201d. <\/strong>To pi\u0119kny fabularyzowany dokument o postaci \u015bw. J\u00f3zefa. Film cieszy\u0142 si\u0119 ogromn\u0105 popularno\u015bci\u0105 w wielu krajach, a teraz trafia do w Polski, gdzie kult \u015bw. J\u00f3zefa jest bardzo \u017cywy. <em>Gor\u0105co zach\u0119camy do wybrania si\u0119 do kina by przybli\u017cy\u0107 sobie T\u0119 wyj\u0105tkow\u0105 osob\u0119. Spotkajmy si\u0119 wsp\u00f3lnie w kinie. <\/em><strong><em>Cena biletu 14 z\u0142. wp\u0142acamy przy wej\u015bciu do sali kinowej.<\/em><\/strong><\/li>\n<li><strong>Wszystkim dzieciom, m\u0142odzie\u017cy i nauczycielom na czas ferii zimowych &#8211; \u017cyczymy b\u0142ogos\u0142awie\u0144stwa Bo\u017cego, bezpiecznego i pe\u0142nego rado\u015bci wypoczynku. <\/strong><\/li>\n<li>Zach\u0119camy do nabywania nowego numeru <strong>\u201eGo\u015bcia Niedzielnego\u201d<\/strong> z dodatkiem \u201eGo\u015b\u0107 Elbl\u0105ski\u201d w cenie 10 z\u0142.<\/li>\n<li><strong>W poniedzia\u0142ek 3 lutego br. na godz. 10:00 zapraszam ch\u0119tne osoby do pomocy przy rozbieraniu dekoracji \u015bwi\u0105tecznej ko\u015bcio\u0142a. <\/strong><\/li>\n<\/ol>\n<p>&nbsp;<\/p>\n<p>&nbsp;<\/p>\n<p>&nbsp;<\/p>\n<p>&nbsp;<\/p>\n<p style=\"text-align: center;\"><em>&nbsp;<\/em><strong>Numer Konta Parafialnego<\/strong><\/p>\n<p style=\"text-align: center;\"><strong>PKO BP 72 1020 1752 0000 0102 0069 6047<\/strong><\/p>\n<p>&nbsp;<\/p>\n<figure id=\"block-5f437b95-503a-4f29-91f7-75b7c74612d1\" class=\"wp-block-image\"><img decoding=\"async\" src=\"http:\/\/rafalk-elblag.pl\/wp-content\/uploads\/2020\/04\/baner-intencje-mszy.jpg\" alt=\"Obrazek posiada pusty atrybut alt; plik o nazwie baner-intencje-mszy.jpg\"><\/figure>\n<h1 id=\"block-ebb85da5-2bf8-44c6-8a18-015b59726bae\" class=\"wp-block-heading\">Intencje mszalne<\/h1>\n<p>\u015awi\u0119to Ofiarowanie Pa\u0144skie 2 Luty 2025 \/ \u0141k 2, 22-40<\/p>\n<p>8.00 O do\u015bwiadczenie Bo\u017cej mi\u0142o\u015bci dla Karoliny i Oskara oraz Sebastiana i Natalii<br \/>\n10.00 \u015bp. Janina PASTUSZKA w 8 rocznic\u0119 \u015bmierci, \u015bp. Jan, Zbigniew, Tadeusz, Wojciech i zmar\u0142ych z rodziny<br \/>\n12.00 Za parafian<\/p>\n<p>12.00 Dzi\u0119kczynna w 50 r. \u015blubu Ireny i Zygmunta WIERZBICKICH z pro\u015bb\u0105 o Bo\u017ce b\u0142ogos\u0142awie\u0144stwo i potrzebne \u0142aski dla Z\u0142otych Jubilat\u00f3w<br \/>\n15.00 \u015bp. Weronika FIODOROWICZ w 4 r. \u015bmierci, \u015bp. Jan FIODOROWICZ<br \/>\n18.00 \u015bp. Irena WILE\u0143SKA gr. 2<\/p>\n<p>PONIEDZIA\u0141EK \/ 3 Luty 2025\/\u015bw. B\u0142a\u017ceja \/ Mk 5, 1-20<\/p>\n<p>8.00 \u015bp. Irena WILE\u0143SKA gr. 3<br \/>\n18.00 \u015bp. Cecylia i W\u0142adys\u0142aw LEWANDOWSCY, \u015bp. Jan PRZERADZKI, Helena i Konstanty FIJA\u0141KOWSCY<\/p>\n<p>WTOREK 4 Luty 2025 \/ Mk 5, 21-43<\/p>\n<p>8.00 \u015bp. Irena WILE\u0143SKA gr. 4<br \/>\n18.00 \u015bp. Bogus\u0142aw KONDRAT w 8 r. \u015bmierci oraz Stanis\u0142aw i Stanis\u0142awa KONDRAT<\/p>\n<p>\u015aRODA \/ 5 Luty 2025 \/\u015bw. Agaty \/ Mk 6,1-6<\/p>\n<p>8.00 \u015bp. Adolfa w r.\u015bm. \u015bp. Stanis\u0142awa (k), Wojciech, Zbigniew z rodziny ADAMOWICZ<br \/>\n18.00 \u015bp. Irena WILE\u0143SKA gr. 5<\/p>\n<p>CZWARTEK \/ 6 Luty 2025 \/\u015bw. Paw\u0142\u0105 Miki i Towarzyszy \/Mk 6,7-13<\/p>\n<p>8.00 \u015bp. Sylwester CIE\u015aLA w 1 rocznic\u0119 \u015bmierci<br \/>\n8.00 \u015bp. Irena WILE\u0143SKA gr. 6<br \/>\n18.00 O nowe powo\u0142ania kap\u0142a\u0144skie, zakonne i misyjne z naszej parafii<\/p>\n<p>GODZINA \u015aWI\u0118TA \u2013 ADORCJA NAJ\u015aWI\u0118TSZEGO SAKRAMENTU<\/p>\n<p>PI\u0104TEK \/ 7 Luty 2025 \/ Mk 6, 14-29<\/p>\n<p>8.00 \u015bp. Irena WILE\u0143SKA gr. 7<br \/>\n18.00 W intencji czcicieli NSPJ i os\u00f3b podejmuj\u0105cych praktyki pierwszych pi\u0105tk\u00f3w miesi\u0105ca oraz w intencji wynagradzaj\u0105cej NSPJ<br \/>\n18.00 B\u0142agalna o \u0142ask\u0119 zdrowia dla Adama PRUSA<\/p>\n<p>SOBOTA \/ 8 Luty 2025 \/ Mk 6, 30-34<\/p>\n<p>8.00 \u015bp. Irena WILE\u0143SKA gr. 8<br \/>\n18.00 \u015bp. Leonarda GRONOSATAJ w 30 dzie\u0144 po pogrzebie<br \/>\n18.00 \u015bp. Wac\u0142aw \u017bENDARSKI w 28 rocznic\u0119 \u015bmierci<\/p>\n<p>5 Niedziela Zwyk\u0142a 9 Luty 2025 \/ \u0141k 5, 1-11<\/p>\n<p>8.00 \u015bp. Irena WILE\u0143SKA gr. 9<br \/>\n10.00 Dzi\u0119kczynna w kolejn\u0105 rocznic\u0119 urodzin Marianny z pro\u015bb\u0105 o Bo\u017ce b\u0142og., dary Ducha \u015awi\u0119tego i opiek\u0119 M.B na kolejne lata \u017cycia<br \/>\n12.00 Za parafian<br \/>\n15.00 \u015bp. Roman STASZY\u0143SKI w 3r.\u015bm. oraz zmar\u0142ych rodzic\u00f3w, dziadk\u00f3w i rodze\u0144stwo<br \/>\n18.00 \u015bp. Bronis\u0142awa (k) G\u0104SIOR w 22 rocznic\u0119 \u015bmierci oraz zm. rodzic\u00f3w z obojga stron<\/p>\n<p>&nbsp;<\/p>\n","protected":false},"excerpt":{"rendered":"<p>\u015awi\u0119to Ofiarowania Pa\u0144skiego &#8211; Matki Bo\u017cej Gromnicznej Ko\u015bci\u00f3\u0142 katolicki obchodzi 2 lutego. W polskiej tradycji bardziej znane jest jako \u015bwi\u0119to Matki Boskiej Gromnicznej, gdy\u017c tego dnia \u015bwi\u0119ci si\u0119 \u015bwiece. &nbsp;&nbsp;&nbsp;&nbsp;&nbsp; \u015awi\u0119to Ofiarowania Pa\u0144skiego wprowadzi\u0142 papie\u017c Gelazy I (zm. 496 r.). Jest ono nawi\u0105zaniem do ewangelicznego opisu ofiarowania Jezusa. 40 dni po Jego narodzinach Maryja i [&hellip;]<\/p>\n","protected":false},"author":1,"featured_media":5702,"comment_status":"closed","ping_status":"closed","sticky":false,"template":"","format":"standard","meta":{"ngg_post_thumbnail":0,"footnotes":""},"categories":[11,8,4,3],"tags":[],"class_list":["post-5699","post","type-post","status-publish","format-standard","has-post-thumbnail","hentry","category-aktualnosci","category-blog","category-intencje","category-ogloszenia"],"_links":{"self":[{"href":"https:\/\/rafalk-elblag.pl\/index.php?rest_route=\/wp\/v2\/posts\/5699","targetHints":{"allow":["GET"]}}],"collection":[{"href":"https:\/\/rafalk-elblag.pl\/index.php?rest_route=\/wp\/v2\/posts"}],"about":[{"href":"https:\/\/rafalk-elblag.pl\/index.php?rest_route=\/wp\/v2\/types\/post"}],"author":[{"embeddable":true,"href":"https:\/\/rafalk-elblag.pl\/index.php?rest_route=\/wp\/v2\/users\/1"}],"replies":[{"embeddable":true,"href":"https:\/\/rafalk-elblag.pl\/index.php?rest_route=%2Fwp%2Fv2%2Fcomments&post=5699"}],"version-history":[{"count":3,"href":"https:\/\/rafalk-elblag.pl\/index.php?rest_route=\/wp\/v2\/posts\/5699\/revisions"}],"predecessor-version":[{"id":5704,"href":"https:\/\/rafalk-elblag.pl\/index.php?rest_route=\/wp\/v2\/posts\/5699\/revisions\/5704"}],"wp:featuredmedia":[{"embeddable":true,"href":"https:\/\/rafalk-elblag.pl\/index.php?rest_route=\/wp\/v2\/media\/5702"}],"wp:attachment":[{"href":"https:\/\/rafalk-elblag.pl\/index.php?rest_route=%2Fwp%2Fv2%2Fmedia&parent=5699"}],"wp:term":[{"taxonomy":"category","embeddable":true,"href":"https:\/\/rafalk-elblag.pl\/index.php?rest_route=%2Fwp%2Fv2%2Fcategories&post=5699"},{"taxonomy":"post_tag","embeddable":true,"href":"https:\/\/rafalk-elblag.pl\/index.php?rest_route=%2Fwp%2Fv2%2Ftags&post=5699"}],"curies":[{"name":"wp","href":"https:\/\/api.w.org\/{rel}","templated":true}]}}