{"id":5695,"date":"2025-01-22T19:02:45","date_gmt":"2025-01-22T19:02:45","guid":{"rendered":"https:\/\/rafalk-elblag.pl\/?p=5695"},"modified":"2025-01-31T08:40:47","modified_gmt":"2025-01-31T08:40:47","slug":"ogloszenia-parafialne-26-01-2025-r-iii-niedziela-zwykla","status":"publish","type":"post","link":"https:\/\/rafalk-elblag.pl\/?p=5695","title":{"rendered":"OG\u0141OSZENIA PARAFIALNE\u00a0 26.01.2025 r.  III NIEDZIELA ZWYK\u0141A"},"content":{"rendered":"<h1>Komunikat Prezydium Konferencji Episkopatu Polski dotycz\u0105cy zmian wprowadzonych przez Ministerstwo Edukacji Narodowej w organizacji lekcji religii w szko\u0142ach publicznych<br \/>\nw dniu 17 stycznia 2025 roku<\/h1>\n<p>W zwi\u0105zku z publikacj\u0105 przez Minister Edukacji Barbar\u0119 Nowack\u0105 informacji o podpisaniu w dniu 17 stycznia 2025 roku kolejnego rozporz\u0105dzenia w sprawie organizacji lekcji religii w szko\u0142ach i przedszkolach, <strong>Prezydium Konferencji Episkopatu Polski wyra\u017ca stanowczy sprzeciw wobec naruszania zasady, zgodnie z kt\u00f3r\u0105 \u201eorgany publiczne dzia\u0142aj\u0105 na podstawie i w granicach prawa\u201d (art. 7 Konstytucji RP).<\/strong><\/p>\n<p>Rozporz\u0105dzenie, kt\u00f3re ma wej\u015b\u0107 w \u017cycie w dniu 1 wrze\u015bnia 2025 roku, jest aktem bezprawnym, gdy\u017c nie osi\u0105gni\u0119to co do jego tre\u015bci wymaganego ustawowo porozumienia z Ko\u015bcio\u0142em katolickim i innymi zainteresowanymi zwi\u0105zkami wyznaniowymi.<\/p>\n<p>&nbsp;&nbsp;&nbsp;&nbsp;&nbsp;&nbsp;&nbsp;&nbsp; Redukcja wymiaru nauczania religii do jednej godziny tygodniowo oraz nakaz organizowania lekcji religii przed lub po obowi\u0105zkowych zaj\u0119ciach edukacyjnych <strong>ogranicza prawo rodzic\u00f3w wierz\u0105cych do wychowania dzieci zgodnie z w\u0142asnymi przekonaniami (art. 53 ust. 3 w powi\u0105zaniu z art. 48 ust. 1 Konstytucji RP)<\/strong> oraz prawo samych uczni\u00f3w do systemowego wsparcia \u201ew rozwoju ku pe\u0142nej dojrza\u0142o\u015bci\u201d obejmuj\u0105cej r\u00f3wnie\u017c sfer\u0119 duchow\u0105 (art. 1 pkt 3 Prawa o\u015bwiatowego). Wprowadzane zmiany uderzaj\u0105 te\u017c w konstytucyjnie gwarantowane, pracownicze prawa nauczycieli religii.<\/p>\n<p>Przypominamy, \u017ce strona ko\u015bcielna zg\u0142asza\u0142a kompromisow\u0105 propozycj\u0119, polegaj\u0105c\u0105 na redukcji wymiaru nauczania religii w szko\u0142ach \u015brednich przy jednoczesnym wprowadzeniu zasady obligatoryjno\u015bci nauczania religii lub etyki ze wzgl\u0119du na potrzeb\u0119 aksjologicznej formacji uczni\u00f3w, ale pod warunkiem roz\u0142o\u017cenia tej operacji na kilka lat i z poszanowaniem praw pracowniczych nauczycieli religii.<\/p>\n<p><em>Oczekujemy, \u017ce Ministerstwo Edukacji Narodowej powr\u00f3ci do stosowania standard\u00f3w pa\u0144stwa prawa i odst\u0105pi od podejmowania dzia\u0142a\u0144 konfrontacyjnych wobec os\u00f3b wierz\u0105cych, kt\u00f3re s\u0105 pe\u0142noprawnymi obywatelami Rzeczypospolitej Polskiej.<\/em><\/p>\n<p><em>Prezydium Konferencji Episkopatu Polski<\/em><\/p>\n<p>&nbsp;<\/p>\n<figure id=\"block-11bfdc70-3a14-4d5e-94a4-c45b2bb4a6cf\" class=\"wp-block-image\"><a href=\"http:\/\/rafalk-elblag.pl\/wp-content\/uploads\/2021\/08\/ogloszenia-parafialne-baner-01a.jpg\"><img decoding=\"async\" src=\"http:\/\/rafalk-elblag.pl\/wp-content\/uploads\/2021\/08\/ogloszenia-parafialne-baner-01a.jpg\" alt=\"Obrazek posiada pusty atrybut alt; plik o nazwie ogloszenia-parafialne-baner-01a.jpg\"><\/a><\/figure>\n<p>&nbsp;<\/p>\n<p><strong>&nbsp;<\/strong><\/p>\n<p><strong>OG\u0141OSZENIA PARAFIALNE&nbsp; 26.01.2025 r.<\/strong><\/p>\n<p><strong>III NIEDZIELA ZWYK\u0141A<\/strong><\/p>\n<p><strong>&nbsp;<\/strong><\/p>\n<ol>\n<li>Dzisiaj Wolontariusze Caritas zbieraj\u0105 przed ko\u015bcio\u0142em ofiary dla najubo\u017cszych i potrzebuj\u0105cych z naszej parafii<em>.<\/em> <em>Po Mszy \u015bw. o godz. 15:00 spotkanie comiesi\u0119czne&nbsp;&nbsp;&nbsp; &nbsp;&nbsp;&nbsp;&nbsp;&nbsp;&nbsp;&nbsp;&nbsp;&nbsp;&nbsp;&nbsp;&nbsp;&nbsp;&nbsp;&nbsp;&nbsp;&nbsp;&nbsp;w salce na plebanii dla Apostolatu Bo\u017cego Mi\u0142osierdzia i Woluntariuszy Caritas&nbsp;&nbsp;&nbsp;&nbsp;&nbsp;&nbsp;&nbsp;&nbsp;&nbsp;&nbsp;&nbsp;&nbsp;&nbsp;&nbsp;&nbsp;&nbsp;&nbsp;&nbsp;&nbsp;&nbsp;&nbsp;&nbsp;&nbsp;&nbsp;&nbsp;&nbsp;&nbsp;&nbsp; \u2013 serdecznie zapraszam.&nbsp; <\/em><\/li>\n<li><strong>INFORMUJEMY !!!! Do sta\u0142ego porz\u0105dku Mszy \u015bw. o godz. 8:00 i o godz. 18:00 wracamy od 27 stycznia (poniedzia\u0142ek). Zapraszamy.<\/strong><\/li>\n<li>Zapraszamy wszystkich pragn\u0105cych lepiej zrozumie\u0107 S\u0142owo Bo\u017ce na spotkania <strong>Kr\u0119gu Biblijnego<\/strong> w \u015brod\u0119 29 stycznia po Mszy \u015bw. wieczornej.<\/li>\n<li><strong>W przysz\u0142\u0105 niedziel\u0119 (2 stycznia) przypada \u015awi\u0119to Ofiarowania Pa\u0144skiego.<\/strong> W ca\u0142ym Ko\u015bciele obchodzimy \u015awiatowy Dzie\u0144 \u017bycia Konsekrowanego. <u>W tym dniu czcimy Chrystusa Pana &#8211; \u015awiat\u0142o\u015b\u0107 \u015awiata (symbolizuj\u0105 to \u015bwiece) i Jego Matk\u0119 pod nazw\u0105 Matki Bo\u017cej Gromnicznej.<\/u> <strong>Po\u015bwi\u0119cenie \u015bwiec podczas ka\u017cdej Mszy \u015bw.<\/strong><\/li>\n<li>W tym tygodniu przypada pierwsza sobota miesi\u0105ca.<\/li>\n<\/ol>\n<ul>\n<li><strong>w pierwsz\u0105 sobot\u0119<\/strong> przed Msz\u0105 \u015bw. o godz. 17:00 zapraszamy na nabo\u017ce\u0144stwo wynagradzaj\u0105ce Niepokalanemu Sercu Maryi za zniewagi grzesznik\u00f3w. <em>Tego dnia zmiana tajemnic dla \u017bywego R\u00f3\u017ca\u0144ca. <\/em><\/li>\n<\/ul>\n<ol start=\"6\">\n<li><strong>W pi\u0105tek (24 stycznia) zako\u0144czyli\u015bmy wizyt\u0119 duszpastersk\u0105 w naszej parafii. Dzi\u0119kujemy parafianom, <\/strong>kt\u00f3rzy nas przyj\u0119li w swoich domach. <strong><em>Dzi\u0119kuj\u0119 MINISTRANTOM,<\/em><\/strong><em> kt\u00f3rzy zaanga\u017cowali si\u0119 podczas wizyty duszpasterskiej za ich nieocenion\u0105 pomoc.<\/em> <em><u>Serdecznie B\u00f3g zap\u0142a\u0107 sk\u0142adam tym wszystkim, kt\u00f3rzy z tej okazji z\u0142o\u017cyli ofiar\u0119 na potrzeby naszego ko\u015bcio\u0142a. <\/u><\/em><\/li>\n<li><strong>Korzystajmy z sakramentu spowiedzi \u015bw.<\/strong><em><u> \u2013 mamy tak\u0105 mo\u017cliwo\u015b\u0107, codziennie przed Msz\u0105 \u015bw. od godz. 7:45 lub od godz.17:30. <\/u><\/em><\/li>\n<li>Za tydzie\u0144 ofiary z\u0142o\u017cone na tac\u0119 przeznaczone b\u0119d\u0105 uregulowanie rachunku za ogrzewanie Ko\u015bcio\u0142a. <em>Dzi\u0119kuj\u0119 za zrozumienie i z\u0142o\u017cone ofiary.<\/em><\/li>\n<li>Zach\u0119camy do nabywania nowego numeru <strong>\u201eGo\u015bcia Niedzielnego\u201d<\/strong> z dodatkiem \u201eGo\u015b\u0107 Elbl\u0105ski\u201d w cenie 10 z\u0142.<\/li>\n<li><strong>Wszystkim dzieciom, m\u0142odzie\u017cy i nauczycielom na czas ferii zimowych &#8211; \u017cyczymy&nbsp; b\u0142ogos\u0142awie\u0144stwa Bo\u017cego, bezpiecznego i pe\u0142nego rado\u015bci wypoczynku. <\/strong><\/li>\n<li>Wy\u017csze Seminarium Duchowne Diecezji Elbl\u0105skiej zaprasza m\u0142odzie\u017c m\u0119sk\u0105 szk\u00f3\u0142 \u015brednich i student\u00f3w na <strong>rekolekcje powo\u0142aniowe,<\/strong> kt\u00f3re odb\u0119d\u0105 si\u0119 w dniach od 07 do 10 lutego 2025 roku. Koszt rekolekcji wynosi 150 z\u0142. <em>Na zg\u0142oszenia czekamy do 2 lutego.<\/em><\/li>\n<li>Zach\u0119cam do nabywania nowego numeru \u201eGo\u015bcia Niedzielnego\u201d z dodatkiem \u201eGo\u015b\u0107 Elbl\u0105ski w cenie 10 z\u0142.&nbsp;&nbsp;&nbsp;&nbsp;&nbsp;&nbsp;&nbsp;&nbsp;&nbsp;&nbsp;&nbsp;&nbsp;&nbsp;&nbsp;&nbsp;&nbsp;&nbsp;&nbsp;&nbsp;&nbsp;&nbsp;&nbsp;&nbsp;&nbsp;&nbsp;&nbsp;&nbsp;&nbsp;&nbsp;&nbsp;&nbsp;&nbsp;<\/li>\n<li><em><u>PROSIMY O ZAMYKANIE DRZWI PRZY WCHODZENIU I WYCHODZENIU&nbsp;&nbsp;&nbsp;&nbsp;&nbsp;&nbsp;&nbsp;&nbsp;&nbsp;&nbsp;&nbsp;&nbsp;&nbsp;&nbsp;&nbsp;&nbsp;&nbsp;&nbsp;&nbsp;&nbsp;&nbsp;&nbsp;&nbsp;&nbsp;&nbsp;&nbsp;&nbsp;&nbsp;&nbsp;&nbsp;&nbsp; Z KO\u015aCIO\u0141A PONIEWA\u017b KO\u015aCI\u00d3\u0141 JEST OGRZEWANY.&nbsp;&nbsp; <strong>DZI\u0118KUJEMY.<\/strong><\/u><\/em><\/li>\n<li>Pan powo\u0142a\u0142 do wieczno\u015bci: \u015bp. Beat\u0119 JARGI\u0141O lat 49 z ul. K\u0142oczowskiego<\/li>\n<\/ol>\n<p>&nbsp;&nbsp;&nbsp;&nbsp; \u015bp. Danut\u0119 CHY\u0141A lat 60 z ul. Myliusa<\/p>\n<p><em><u>DOBRY JEZU A NASZ PANIE DAJ IM WIECZNE SPOCZYWANIE.<\/u><\/em><\/p>\n<p>&nbsp;<\/p>\n<p>&nbsp;<\/p>\n<p style=\"text-align: center;\"><em>&nbsp;<\/em><strong>Numer Konta Parafialnego<\/strong><\/p>\n<p style=\"text-align: center;\"><strong>PKO BP 72 1020 1752 0000 0102 0069 6047<\/strong><\/p>\n<p>&nbsp;<\/p>\n<figure id=\"block-5f437b95-503a-4f29-91f7-75b7c74612d1\" class=\"wp-block-image\"><img decoding=\"async\" src=\"http:\/\/rafalk-elblag.pl\/wp-content\/uploads\/2020\/04\/baner-intencje-mszy.jpg\" alt=\"Obrazek posiada pusty atrybut alt; plik o nazwie baner-intencje-mszy.jpg\"><\/figure>\n<h1 id=\"block-ebb85da5-2bf8-44c6-8a18-015b59726bae\" class=\"wp-block-heading\">Intencje mszalne<\/h1>\n<p>III Niedziela Zwyk\u0142a 26 Stycznia 2025 \/ \u0141k 1, 1-4, 4,12-21<\/p>\n<p>8.00 \u015ap. J\u00f3zef CZESZEJKO &#8211; SOCHACKI<br \/>\n10.00 \u015bp. Anna BEDNARCZYK 26 gr.<br \/>\n12.00 Za parafian<br \/>\n15.00 \u015bp. Jadwiga, Kazimierz, Norbert<br \/>\n18.00 \u015bp. Danuta KONDRACKA w 9 mc po \u015bmierci<\/p>\n<p>PONIEDZIA\u0141EK \/ 27 Stycznia 2025\/ Mk 3, 22-30<\/p>\n<p>8.00 \u015bp. Anna BEDNARCZYK 27 gr<br \/>\n18.00 \u015bp. Stanis\u0142aw KOWALSKI w 3 miesi\u0105c po \u015bmierci<\/p>\n<p>WTOREK 28 Stycznia 2025 wspomnienie \u015bw. Tomasza z Akwinu \/ Mk 3, 31-35<\/p>\n<p>8.00 \u015bp. Anna BEDNARCZYK 28 gr.<br \/>\n18.00 Z okazji urodzin wnuczki ADRIANNY z pro\u015bb\u0105 o Bo\u017ce b\u0142ogos\u0142awie\u0144stwo dary Ducha \u015awi\u0119tego oraz opiek\u0119 Matki Bo\u017cej Szkaplerznej<\/p>\n<p>\u015aRODA \/ 29 Stycznia 2025 \/ Mk 4,1-20<\/p>\n<p>8.00 \u015bp. Anna BEDNARCZYK 29 gr.<br \/>\n18.00 Dzi\u0119kczynna z pro\u015bb\u0105 o Bo\u017ce b\u0142ogos\u0142awie\u0144stwo i \u0142ask\u0119 wiary z okazji 18 urodzin JAKUBA oraz o wype\u0142nienie woli Bo\u017cej w Jego \u017cyciu<\/p>\n<p>CZWARTEK \/ 30 Stycznia 2025 \/Mk 4,21-25<\/p>\n<p>8.00 \u015bp. Janusz JAROSI\u0143SKI w 1 rocznic\u0119 \u015bmierci<br \/>\n18.00 \u015bp. Anna BEDNARCZYK 30 gr.<\/p>\n<p>PI\u0104TEK \/ 31 Stycznia 2025 wspomnienie \u015bw. Jana Bosko\/ Mk 4, 26-34<\/p>\n<p>8.00 \u015bp. Jerzy w 5 rocznic\u0119 \u015bmierci<br \/>\n18.00 \u015bp. Jadwiga i Norbert SUTU\u0141A<\/p>\n<p>SOBOTA \/ 1 Luty 2025 \/ Mk 4, 35-41<\/p>\n<p>8.00 \u015bp. Irena WILE\u0143SKA 1 gr.<br \/>\n17.00 NABO\u017bE\u0143STWO WYNAGRADZAJ\u0104CE W I SOBOT\u0118 MIESI\u0104CA<br \/>\n18.00 O pok\u00f3j w naszej Ojczy\u017anie, m\u0105dro\u015b\u0107 dla rz\u0105dz\u0105cych oraz o jedno\u015b\u0107 i ducha braterstwa dla Polak\u00f3w intencja od III R\u00f3\u017cy M.B. Ostrobramskiej<\/p>\n<p>\u015awi\u0119to Ofiarowania Pa\u0144skie 2 Luty 2025 \/ \u0141k 2, 22-40<\/p>\n<p>8.00 O do\u015bwiadczenie Bo\u017cej mi\u0142o\u015bci dla Karoliny i Oskara oraz dla Sebastiana i Natalii<br \/>\n10.00 \u015bp. Janina PASTUSZKA w 8r.\u015bm. \u015bp. Jan, Zbigniew, Tadeusz, Wojciech i zmar\u0142ych z rodziny<br \/>\n12.00 Za parafian<br \/>\n12.00 Dzi\u0119kczynna w 50 r. \u015blubu Ireny i Zygmunta WIERZBICKICH z pro\u015bb\u0105 o Bo\u017ce b\u0142ogos\u0142awie\u0144stwo i potrzebne \u0142aski dla Z\u0142otych Jubilat\u00f3w<br \/>\n15.00 \u015bp. Weronika FIODOROWICZ w 4 r. \u015bmierci, \u015bp. Jan FIODOROWICZ<br \/>\n18.00 \u015bp. Irena WILE\u0143SKA 2 gr.<\/p>\n<p>&nbsp;<\/p>\n<p>&nbsp;<\/p>\n","protected":false},"excerpt":{"rendered":"<p>Komunikat Prezydium Konferencji Episkopatu Polski dotycz\u0105cy zmian wprowadzonych przez Ministerstwo Edukacji Narodowej w organizacji lekcji religii w szko\u0142ach publicznych w dniu 17 stycznia 2025 roku W zwi\u0105zku z publikacj\u0105 przez Minister Edukacji Barbar\u0119 Nowack\u0105 informacji o podpisaniu w dniu 17 stycznia 2025 roku kolejnego rozporz\u0105dzenia w sprawie organizacji lekcji religii w szko\u0142ach i przedszkolach, Prezydium [&hellip;]<\/p>\n","protected":false},"author":1,"featured_media":5696,"comment_status":"closed","ping_status":"closed","sticky":false,"template":"","format":"standard","meta":{"ngg_post_thumbnail":0,"footnotes":""},"categories":[11,8,4],"tags":[],"class_list":["post-5695","post","type-post","status-publish","format-standard","has-post-thumbnail","hentry","category-aktualnosci","category-blog","category-intencje"],"_links":{"self":[{"href":"https:\/\/rafalk-elblag.pl\/index.php?rest_route=\/wp\/v2\/posts\/5695","targetHints":{"allow":["GET"]}}],"collection":[{"href":"https:\/\/rafalk-elblag.pl\/index.php?rest_route=\/wp\/v2\/posts"}],"about":[{"href":"https:\/\/rafalk-elblag.pl\/index.php?rest_route=\/wp\/v2\/types\/post"}],"author":[{"embeddable":true,"href":"https:\/\/rafalk-elblag.pl\/index.php?rest_route=\/wp\/v2\/users\/1"}],"replies":[{"embeddable":true,"href":"https:\/\/rafalk-elblag.pl\/index.php?rest_route=%2Fwp%2Fv2%2Fcomments&post=5695"}],"version-history":[{"count":1,"href":"https:\/\/rafalk-elblag.pl\/index.php?rest_route=\/wp\/v2\/posts\/5695\/revisions"}],"predecessor-version":[{"id":5697,"href":"https:\/\/rafalk-elblag.pl\/index.php?rest_route=\/wp\/v2\/posts\/5695\/revisions\/5697"}],"wp:featuredmedia":[{"embeddable":true,"href":"https:\/\/rafalk-elblag.pl\/index.php?rest_route=\/wp\/v2\/media\/5696"}],"wp:attachment":[{"href":"https:\/\/rafalk-elblag.pl\/index.php?rest_route=%2Fwp%2Fv2%2Fmedia&parent=5695"}],"wp:term":[{"taxonomy":"category","embeddable":true,"href":"https:\/\/rafalk-elblag.pl\/index.php?rest_route=%2Fwp%2Fv2%2Fcategories&post=5695"},{"taxonomy":"post_tag","embeddable":true,"href":"https:\/\/rafalk-elblag.pl\/index.php?rest_route=%2Fwp%2Fv2%2Ftags&post=5695"}],"curies":[{"name":"wp","href":"https:\/\/api.w.org\/{rel}","templated":true}]}}