{"id":5693,"date":"2025-01-19T12:45:59","date_gmt":"2025-01-19T12:45:59","guid":{"rendered":"https:\/\/rafalk-elblag.pl\/?p=5693"},"modified":"2025-01-22T18:54:13","modified_gmt":"2025-01-22T18:54:13","slug":"program-wizyty-duszpasterskiej-w-parafii-sw-rafala-kalinowskiego-3","status":"publish","type":"post","link":"https:\/\/rafalk-elblag.pl\/?p=5693","title":{"rendered":"PROGRAM WIZYTY DUSZPASTERSKIEJ W PARAFII \u015aW. RAFA\u0141A KALINOWSKIEGO"},"content":{"rendered":"<p><strong><u>PROGRAM WIZYTY DUSZPASTERSKIEJ <\/u><\/strong><strong><u>W PARAFII \u015aW. RAFA\u0141A KALINOWSKIEGO<\/u><\/strong><\/p>\n<table>\n<tbody>\n<tr>\n<td width=\"219\"><strong>Poniedzia\u0142ek<\/strong><\/p>\n<p>20.01.2025r. od 16:00<\/td>\n<td width=\"364\">ul. Tuwima 1, 2, 3, 8<\/p>\n<p>ul. Tuwima 5, 6, 7<\/p>\n<p>ul. Tuwima 9, 10, 11, 12, 13<\/p>\n<p>&nbsp;<\/td>\n<\/tr>\n<tr>\n<td width=\"219\"><strong>Wtorek<\/strong><\/p>\n<p>21.01.2025r. od 16:00<\/td>\n<td width=\"364\">ul. Korczaka 1, 2, 3, 4, 5<\/p>\n<p>ul. Korczaka 6, 7, 8, 9, 10<\/p>\n<p>ul. Korczaka&nbsp; 11, 12, 13, 14, 15<\/p>\n<p>&nbsp;<\/td>\n<\/tr>\n<tr>\n<td width=\"219\"><strong>\u015aroda<\/strong><\/p>\n<p>22.01.2025r. od 16:00<\/td>\n<td width=\"364\">ul. Korczaka 16, 17, 18, 19, 20<\/p>\n<p>ul. Korczaka 21, 22, 23, 24, 25<\/p>\n<p>ul. Korczaka 26, 27, 28, 29<\/p>\n<p>&nbsp;<\/td>\n<\/tr>\n<tr>\n<td width=\"219\"><strong>Czwartek<\/strong><\/p>\n<p>23.01.2025r. od 16:00<\/td>\n<td width=\"364\">ul. Korczaka &#8211; domki i 30, 31, 32, 33<\/p>\n<p><strong>Uzupe\u0142nienia:<\/strong> <em>czyli kol\u0119da na zapisy do tych rodzin kt\u00f3re pragn\u0105 zaprosi\u0107 kap\u0142ana, aby po\u015bwieci\u0142 mieszkanie.<\/em><\/p>\n<p>&nbsp;<\/td>\n<\/tr>\n<tr>\n<td width=\"219\"><strong>Pi\u0105tek<\/strong><\/p>\n<p>24.01.2025r. od 16:00<\/td>\n<td width=\"364\"><strong>Uzupe\u0142nienia:<\/strong> <em>czyli kol\u0119da na zapisy do tych rodzin kt\u00f3re pragn\u0105 zaprosi\u0107 kap\u0142ana, aby po\u015bwieci\u0142 mieszkanie.<\/em><\/p>\n<p>&nbsp;<\/td>\n<\/tr>\n<\/tbody>\n<\/table>\n<p><strong>&nbsp;<\/strong><\/p>\n<p><strong>Prosimy o przygotowanie si\u0119 do wizyty duszpasterskiej:<\/strong><\/p>\n<ul>\n<li>Obecna ca\u0142a rodzina<\/li>\n<li>Dzieci przygotowuj\u0105 zeszyty do religii, ziarenka potwierdzaj\u0105ce udzia\u0142 we Mszy \u015bw. niedzielnej a m\u0142odzie\u017c ksi\u0105\u017ceczki od przygotowania do Sakramentu Bierzmowania<\/li>\n<li>Bia\u0142y obrus, Pismo \u015awi\u0119te, Krzy\u017c, \u015bwiecznik, woda \u015bwi\u0119cona, kropid\u0142o<\/li>\n<li><strong><em>Tematyk\u0105 tegorocznej kol\u0119dy<\/em><\/strong><em> b\u0119dzie has\u0142o tegorocznego<\/em><\/li>\n<\/ul>\n<p><em>&nbsp;ROKU JUBILEUSZOWEGO <strong>\u201ePIELGRZYMI NADZIEI\u201d<\/strong> og\u0142oszonego przez Papie\u017ca Franciszka. <\/em><\/p>\n<p><em>&nbsp;<\/em><\/p>\n<p><strong>UWAGA !!!<\/strong> Kol\u0119dy rozpoczynamy od godz. 16:00<\/p>\n","protected":false},"excerpt":{"rendered":"<p>PROGRAM WIZYTY DUSZPASTERSKIEJ W PARAFII \u015aW. RAFA\u0141A KALINOWSKIEGO Poniedzia\u0142ek 20.01.2025r. od 16:00 ul. Tuwima 1, 2, 3, 8 ul. Tuwima 5, 6, 7 ul. Tuwima 9, 10, 11, 12, 13 &nbsp; Wtorek 21.01.2025r. od 16:00 ul. Korczaka 1, 2, 3, 4, 5 ul. Korczaka 6, 7, 8, 9, 10 ul. Korczaka&nbsp; 11, 12, 13, 14, [&hellip;]<\/p>\n","protected":false},"author":1,"featured_media":2620,"comment_status":"closed","ping_status":"closed","sticky":false,"template":"","format":"standard","meta":{"ngg_post_thumbnail":0,"footnotes":""},"categories":[6,12],"tags":[],"class_list":["post-5693","post","type-post","status-publish","format-standard","has-post-thumbnail","hentry","category-wizyta-duszpasterska","category-koleda"],"_links":{"self":[{"href":"https:\/\/rafalk-elblag.pl\/index.php?rest_route=\/wp\/v2\/posts\/5693","targetHints":{"allow":["GET"]}}],"collection":[{"href":"https:\/\/rafalk-elblag.pl\/index.php?rest_route=\/wp\/v2\/posts"}],"about":[{"href":"https:\/\/rafalk-elblag.pl\/index.php?rest_route=\/wp\/v2\/types\/post"}],"author":[{"embeddable":true,"href":"https:\/\/rafalk-elblag.pl\/index.php?rest_route=\/wp\/v2\/users\/1"}],"replies":[{"embeddable":true,"href":"https:\/\/rafalk-elblag.pl\/index.php?rest_route=%2Fwp%2Fv2%2Fcomments&post=5693"}],"version-history":[{"count":1,"href":"https:\/\/rafalk-elblag.pl\/index.php?rest_route=\/wp\/v2\/posts\/5693\/revisions"}],"predecessor-version":[{"id":5694,"href":"https:\/\/rafalk-elblag.pl\/index.php?rest_route=\/wp\/v2\/posts\/5693\/revisions\/5694"}],"wp:featuredmedia":[{"embeddable":true,"href":"https:\/\/rafalk-elblag.pl\/index.php?rest_route=\/wp\/v2\/media\/2620"}],"wp:attachment":[{"href":"https:\/\/rafalk-elblag.pl\/index.php?rest_route=%2Fwp%2Fv2%2Fmedia&parent=5693"}],"wp:term":[{"taxonomy":"category","embeddable":true,"href":"https:\/\/rafalk-elblag.pl\/index.php?rest_route=%2Fwp%2Fv2%2Fcategories&post=5693"},{"taxonomy":"post_tag","embeddable":true,"href":"https:\/\/rafalk-elblag.pl\/index.php?rest_route=%2Fwp%2Fv2%2Ftags&post=5693"}],"curies":[{"name":"wp","href":"https:\/\/api.w.org\/{rel}","templated":true}]}}