{"id":5690,"date":"2025-01-19T12:43:55","date_gmt":"2025-01-19T12:43:55","guid":{"rendered":"https:\/\/rafalk-elblag.pl\/?p=5690"},"modified":"2025-01-19T12:43:55","modified_gmt":"2025-01-19T12:43:55","slug":"ogloszenia-parafialne-19-01-2025-r","status":"publish","type":"post","link":"https:\/\/rafalk-elblag.pl\/?p=5690","title":{"rendered":"OG\u0141OSZENIA PARAFIALNE\u00a0 19.01.2025 r."},"content":{"rendered":"<p><strong>List Biskupa Elbl\u0105skiego na Tydzie\u0144 modlitw o jedno\u015b\u0107 chrze\u015bcijan <\/strong><\/p>\n<p>Drodzy Siostry i Bracia,<\/p>\n<p>gromadz\u0105cy si\u0119 na niedzielnej Mszy \u015bwi\u0119tej w ko\u015bcio\u0142ach i kaplicach diecezji elbl\u0105skiej!<\/p>\n<p>Rozpocz\u0105\u0142 si\u0119 Tydzie\u0144 modlitw o jedno\u015b\u0107 chrze\u015bcijan, podzielonych w ci\u0105gu minionych stuleci na odr\u0119bne od siebie wyznania. Praktyka modlitwy o jedno\u015b\u0107 trwa ju\u017c od ponad stu lat. Ko\u015bci\u00f3\u0142 rzymskokatolicki do\u0142\u0105czy\u0142 do niej oficjalnie w latach sze\u015b\u0107dziesi\u0105tych minionego wieku.<\/p>\n<p>Do najbardziej znanych Ko\u015bcio\u0142\u00f3w chrze\u015bcija\u0144skich, kt\u00f3re nie maj\u0105 jedno\u015bci z Biskupem Rzymu, nale\u017c\u0105 chrze\u015bcijanie egipscy zwani koptami, ale te\u017c chrze\u015bcijanie Bliskiego Wschodu tzw. nestorianie. W po\u0142owie XI wieku chrze\u015bcijanie podzielili si\u0119 na wschodnich prawos\u0142awnych i zachodnich \u0142aci\u0144skich. Centrum prawos\u0142awia sta\u0142 si\u0119 Konstantynopol, dzi\u015b turecki Istambu\u0142.<\/p>\n<p>Pi\u0119\u0107 wiek\u00f3w temu dosz\u0142o do p\u0119kni\u0119cia w chrze\u015bcija\u0144stwie zachodnim. W Saksonii rozpocz\u0119\u0142a si\u0119 Reformacja. Ukszta\u0142towa\u0142 si\u0119 Ko\u015bci\u00f3\u0142 ewangelicko-augsburski (lutera\u0144ski). W tym samym szesnastym stuleciu powsta\u0142 te\u017c Ko\u015bci\u00f3\u0142 anglika\u0144ski, a p\u00f3\u017aniej w XVII wieku Ko\u015bci\u00f3\u0142 metodystyczny. Jeszcze p\u00f3\u017aniej, bo na pocz\u0105tku wieku dwudziestego powsta\u0142y wsp\u00f3lnoty i ko\u015bcio\u0142y zielono\u015bwi\u0105tkowe oraz ewangelikalne.<\/p>\n<p>Pod koniec XIX wieku pojawi\u0142 si\u0119<strong> ruch integracyjny, zjednoczeniowy, ekumeniczny<\/strong>. Niekt\u00f3rzy chrze\u015bcijanie w r\u00f3\u017cnych Ko\u015bcio\u0142ach i wsp\u00f3lnotach u\u015bwiadomili sobie, \u017ce podzia\u0142y w\u015br\u00f3d uczni\u00f3w Chrystusa s\u0105 czym\u015b niew\u0142a\u015bciwym i skandalicznym. S\u0105 one bowiem sprzeczne z wol\u0105 Jezusa, kt\u00f3ry wyra\u017anie chcia\u0142, aby Jego wyznawcy, jego uczennice i uczniowie, stanowili jedno. Aby byli zgodni, aby byli jednego Ducha i przyja\u017ani. Jezus za\u0142o\u017cy\u0142 Ko\u015bci\u00f3\u0142 jako jedn\u0105 spo\u0142eczno\u015b\u0107, jedn\u0105 wsp\u00f3lnot\u0119, jako duchow\u0105 rodzin\u0119 jednej nadziei, wsp\u00f3lnych idea\u0142\u00f3w i d\u0105\u017ce\u0144.<\/p>\n<p>Dzi\u015b u\u015bwiadamiamy sobie, \u017ce jedno\u015b\u0107 w sprawach zasadniczych i istotnych nie wyklucza r\u00f3\u017cnic w sprawach mniejszej wagi, sprawach drugorz\u0119dnych. Te mog\u0105 by\u0107 rozwi\u0105zywane i prze\u017cywane na r\u00f3\u017cne sposoby. Jednak istnieje wsp\u00f3lna substancja wiary, niezmienna i trwa\u0142a. Wi\u0105\u017ce si\u0119 ona z osob\u0105 Jezusa Chrystusa, Syna Bo\u017cego i prawdziwego cz\u0142owieka. Tylko On jest Zbawicielem cz\u0142owieka i \u015bwiata, maj\u0105c na uwadze perspektyw\u0119 wieczno\u015bci, kt\u00f3ra wychodzi poza histori\u0119.<\/p>\n<p>**<\/p>\n<p>Do wsp\u00f3lnego fundamentu chrze\u015bcija\u0144stwa podzieleni wyznawcy Chrystusa pr\u00f3buj\u0105 wraca\u0107. S\u0105 oni dla siebie siostrami i bra\u0107mi w wielkiej spo\u0142eczno\u015bci ludu Bo\u017cego. Cho\u0107 jednocze\u015bnie s\u0105 te\u017c dla siebie poprzez wieki podzia\u0142u nadal obcy, a cz\u0119sto oboj\u0119tni. I to musi si\u0119 zmieni\u0107.<\/p>\n<p>25 lat temu (23 stycznia 2000) zosta\u0142a podpisana w Warszawie w ewangelickim ko\u015bciele \u015awi\u0119tej Tr\u00f3jcy <strong>deklaracja o wzajemnym uznaniu sakramentu chrztu<\/strong>. Podpisa\u0142o j\u0105 siedem Ko\u015bcio\u0142\u00f3w chrze\u015bcija\u0144skich. Odt\u0105d w Polsce: prawos\u0142awni, ewangelicy, metody\u015bci, kalwini, polskokatoliccy, starokatolicki Ko\u015bci\u00f3\u0142 mariawit\u00f3w oraz katolicy, nie kwestionuj\u0105 wa\u017cno\u015bci chrztu udzielonego w tych spo\u0142eczno\u015bciach wyznaniowych. Przebadano ksi\u0119gi chrzcielne, zwyczaje liturgiczne, spos\u00f3b udzielania sakramentu chrztu oraz jego formu\u0142\u0119. Zweryfikowano te\u017c kompetencje duchownych. Akt wzajemnego uznania chrztu to wa\u017cny krok w stron\u0119 jedno\u015bci w naszej Ojczy\u017anie.<\/p>\n<p>Chrzest bowiem nie jest tylko formalnym aktem zapisania do Ko\u015bcio\u0142a czy do parafii, ale wi\u0105\u017ce przyjmuj\u0105cego ten sakrament na zawsze z Chrystusem, w\u0142\u0105cza te\u017c w spo\u0142eczno\u015b\u0107 wyznawc\u00f3w Chrystusa, czyli w Ko\u015bci\u00f3\u0142. Chrzest jest wa\u017cny zawsze i wsz\u0119dzie. Nie ma on terminu wa\u017cno\u015bci, czy okresu wa\u017cno\u015bci. Jest znakiem przynale\u017cno\u015bci do wsp\u00f3lnoty, znakiem u\u015bwi\u0119cenia. To w\u0142a\u015bnie chrzest \u0142\u0105czy podzielone grupy chrze\u015bcijan. Jest on trwa\u0142ym i mocnym wi\u0119zad\u0142em.<\/p>\n<p>&nbsp;<\/p>\n<p>+Jacek Jezierski, biskup elbl\u0105ski<\/p>\n<p>&nbsp;<\/p>\n<p>&nbsp;<\/p>\n<ol start=\"2025\">\n<li>List do odczytania w ko\u015bcio\u0142ach i kaplicach diecezji elbl\u0105skiej <strong>w niedziel\u0119 19 stycznia 2025<\/strong>.<\/li>\n<\/ol>\n<p>Propozycja wezwania w modlitwie wiernych:<\/p>\n<p>M\u00f3dlmy si\u0119 za wyznawc\u00f3w Chrystusa, podzielonych dzi\u015b i oddalonych od siebie, aby przezwyci\u0119\u017cali oboj\u0119tno\u015b\u0107, niech\u0119\u0107 i podejmowali braterski dialog.<\/p>\n<p>&nbsp;<\/p>\n<figure id=\"block-11bfdc70-3a14-4d5e-94a4-c45b2bb4a6cf\" class=\"wp-block-image\"><a href=\"http:\/\/rafalk-elblag.pl\/wp-content\/uploads\/2021\/08\/ogloszenia-parafialne-baner-01a.jpg\"><img decoding=\"async\" src=\"http:\/\/rafalk-elblag.pl\/wp-content\/uploads\/2021\/08\/ogloszenia-parafialne-baner-01a.jpg\" alt=\"Obrazek posiada pusty atrybut alt; plik o nazwie ogloszenia-parafialne-baner-01a.jpg\"><\/a><\/figure>\n<p>&nbsp;<\/p>\n<p><strong>&nbsp;<\/strong><\/p>\n<p><strong>OG\u0141OSZENIA PARAFIALNE&nbsp; 19.01.2025 r.<\/strong><\/p>\n<p><strong>II NIEDZIELA ZWYK\u0141A<\/strong><\/p>\n<p><strong>&nbsp;<\/strong><\/p>\n<ol>\n<li>Wsp\u00f3lnota Odnowy w Duchu \u015awi\u0119tym <strong>\u201eKANA GALILEJSKA\u201d<\/strong> obchodzi dzisiaj 27 rocznic\u0119 istnienia przy naszej parafii. Wsp\u00f3lnota zaprasza na Msz\u0119 \u015bw. dzi\u0119kczynn\u0105 o godz. 15:00, gdzie b\u0119dzie dzi\u0119kowa\u0142a Bogu za wszelkie \u0142aski i dary ducha \u015awi\u0119tego w tym czasie otrzymane.<\/li>\n<li>Dzisiaj po Mszy \u015bw<strong>. <\/strong>o godz. 15:00 odb\u0119dzie si\u0119 spotkanie op\u0142atkowe dla wsp\u00f3lnot parafialnych: <strong><em>Bractwo Szkaplerzne, Odnowa w Duchu \u015awi\u0119tym, Wsp\u00f3lnota Krwi Chrystusa, Apostolat Margaretka, Apostolat Bo\u017cego Mi\u0142osierdzia, Wolontariuszy Caritas i \u017bywego R\u00f3\u017ca\u0144ca na kt\u00f3re serdecznie zapraszamy. <\/em><\/strong><\/li>\n<li>Osoby z grupy modlitewnej <strong>Rodzinny R\u00f3\u017caniec<\/strong> zapraszamy po Mszach \u015bwi\u0119tych w niedziel\u0119 19 stycznia po odbi\u00f3r tajemnic r\u00f3\u017ca\u0144cowych i deklaracji na kolejny miesi\u0105c u pana Piotra &#8211; organisty. <em>Zapraszamy tak\u017ce nowe osoby, kt\u00f3re chc\u0105 modli\u0107 si\u0119 za swoje rodziny.<\/em><\/li>\n<li><strong>TRWA<\/strong> <strong>TYDZIE\u0143 MODLITW O JEDNO\u015a\u0106 CHRZE\u015aCIJAN.<\/strong> Zach\u0119camy wszystkich do wsp\u00f3lnej modlitwy. Dok\u0142adny grafik spotka\u0144 znajdziemy na tablicy og\u0142osze\u0144.<\/li>\n<li>We wtorek prze\u017cywa\u0107 b\u0119dziemy <strong>Dzie\u0144 Babci a w \u015brod\u0119 Dzie\u0144 Dziadka.<\/strong> Pami\u0119tajmy o nich w naszych modlitwach \u2013 pro\u015bmy dla \u017cyj\u0105cych o zdrowie i Bo\u017ce b\u0142ogos\u0142awie\u0144stwo, dla zmar\u0142ych \u2013&nbsp;&nbsp; o \u017cycie wieczne w niebie.<\/li>\n<li><strong>W tym tygodniu zako\u0144czymy wizyty duszpasterskie w naszej parafii.<\/strong> Kol\u0119da rozpoczyna od godz. 16:00.<em> Program kol\u0119dy znajdziemy w Biuletynie Parafialnym.<\/em> <em><u>Rodziny, kt\u00f3re nie mog\u0142y przyj\u0105\u0107 kap\u0142ana w wyznaczonym dla nich czasie, a pragn\u0105 by kol\u0119da w ich domu si\u0119 odby\u0142a prosimy o zapisanie si\u0119 w zakrystii. Do tych rodzin udamy si\u0119 w dniach 23 i 24 stycznia br. od godz. 16:00. &nbsp;<\/u><\/em><\/li>\n<li><strong>DZI\u0118KUJEMY<\/strong> za z\u0142o\u017cone ofiary w ostatnim tygodniu na potrzeby naszej parafii.<\/li>\n<li>Pod ch\u00f3rem znajduje si\u0119 naczynie z <strong>WOD\u0104 \u015aWIECON\u0104<\/strong>. Prosz\u0119 o zaopatrzenie si\u0119 w te wod\u0119 do po\u015bwiecenia mieszkania podczas kol\u0119dy.<\/li>\n<li><strong>Stowarzyszenie KARAN<\/strong> zaprasza do wsp\u00f3lnej modlitwy w trzeci\u0105 niedziel\u0119 miesi\u0105ca dzisiaj &#8211; <em>19 stycznia br. o godz. 16:00, w ko\u015bciele Bo\u017cego Cia\u0142a, ul. Robotnicza 29&nbsp; w Elbl\u0105gu. &nbsp;Po Eucharystii spotkanie op\u0142atkowe.<\/em><\/li>\n<li>Za tydzie\u0144 Wolontariusze Caritas zbiera\u0107 b\u0119d\u0105 przed ko\u015bcio\u0142em ofiary dla najubo\u017cszych i potrzebuj\u0105cych z naszej parafii<em>.&nbsp; Parafialny Oddzia\u0142 Caritas naszej parafii znajduje si\u0119 przy ul. Myliusa 1A i jest czynny w I i III czwartek miesi\u0105ca od 16:00 do 17:00.<\/em><\/li>\n<\/ol>\n<p>Spotkanie co miesi\u0119czne dla Apostolatu Bo\u017cego Mi\u0142osierdzia i Woluntariuszy Caritas odb\u0119dzie si\u0119 za tydzie\u0144 tj. 26 stycznia po Mszy \u015bw. o godz. 15:00. Zapraszamy.<\/p>\n<ol start=\"11\">\n<li><strong>INFORMUJEMY !!!! Do sta\u0142ego porz\u0105dku Mszy \u015bw. o godz. 8:00 i o godz. 18:00 wracamy od &nbsp;27 stycznia (poniedzia\u0142ek). Zapraszamy.<\/strong><\/li>\n<li>Zach\u0119camy do nabywania nowego numeru <strong>\u201eGo\u015bcia Niedzielnego\u201d<\/strong> z dodatkiem \u201eGo\u015b\u0107 Elbl\u0105ski\u201d w cenie 10 z\u0142.<\/li>\n<li><em><u>PROSIMY O ZAMYKANIE DRZWI PRZY WCHODZENIU I WYCHODZENIU&nbsp; Z KO\u015aCIO\u0141A PONIEWA\u017b KO\u015aCI\u00d3\u0141 JEST OGRZEWANY.&nbsp;&nbsp; <strong>DZI\u0118KUJEMY.<\/strong><\/u><\/em><\/li>\n<li>Pan powo\u0142a\u0142 do wieczno\u015bci: \u015bp. J\u00f3zefa(m) GRACZYK lat 78&nbsp; z ul. \u0141okietka<\/li>\n<\/ol>\n<p><strong>&nbsp;&nbsp;&nbsp;&nbsp;&nbsp;&nbsp;&nbsp;&nbsp;&nbsp;&nbsp;&nbsp;&nbsp;&nbsp;&nbsp;&nbsp;&nbsp;&nbsp;&nbsp;&nbsp;&nbsp;&nbsp;&nbsp;&nbsp;&nbsp;&nbsp;&nbsp;&nbsp;&nbsp;&nbsp;&nbsp;&nbsp;&nbsp;&nbsp;&nbsp;&nbsp;&nbsp;&nbsp; <\/strong>&nbsp;&nbsp;&nbsp; &nbsp;\u015bp. Cecyli\u0119 PLIT lat 91 z ul. K\u0142oczowskiego<\/p>\n<p>&nbsp;&nbsp;&nbsp;&nbsp;&nbsp;&nbsp;&nbsp;&nbsp;&nbsp;&nbsp;&nbsp;&nbsp;&nbsp;&nbsp;&nbsp;&nbsp;&nbsp;&nbsp;&nbsp;&nbsp;&nbsp;&nbsp;&nbsp;&nbsp;&nbsp;&nbsp;&nbsp;&nbsp;&nbsp;&nbsp;&nbsp;&nbsp;&nbsp;&nbsp;&nbsp;&nbsp;&nbsp; &nbsp;&nbsp;&nbsp;&nbsp; &nbsp;\u015bp. Wand\u0119 KOWNACK\u0104 lat 87 z ul. \u0141okietka<\/p>\n<p>&nbsp;&nbsp;&nbsp;&nbsp;&nbsp;&nbsp;&nbsp;&nbsp;&nbsp;&nbsp;&nbsp;&nbsp;&nbsp;&nbsp;&nbsp;&nbsp;&nbsp;&nbsp;&nbsp;&nbsp;&nbsp;&nbsp;&nbsp;&nbsp;&nbsp;&nbsp;&nbsp;&nbsp;&nbsp;&nbsp;&nbsp;&nbsp;&nbsp;&nbsp;&nbsp;&nbsp;&nbsp; &nbsp;&nbsp;&nbsp;&nbsp; &nbsp;\u015bp. Antoniego \u0141UKASZEWSKIEGO lat 86 z ul. Tuwima<\/p>\n<p><em><u>DOBRY JEZU A NASZ PANIE DAJ IM WIECZNE SPOCZYWANIE.<\/u><\/em><\/p>\n<p><strong><u>PROGRAM WIZYTY DUSZPASTERSKIEJ<\/u><\/strong><\/p>\n<p><strong><u>W PARAFII \u015aW. RAFA\u0141A KALINOWSKIEGO<\/u><\/strong><\/p>\n<table>\n<tbody>\n<tr>\n<td width=\"219\"><strong>Poniedzia\u0142ek<\/strong><\/p>\n<p>20.01.2025r. od 16:00<\/td>\n<td width=\"364\">ul. Tuwima 1, 2, 3, 8<\/p>\n<p>ul. Tuwima 5, 6, 7<\/p>\n<p>ul. Tuwima 9, 10, 11, 12, 13<\/p>\n<p>&nbsp;<\/td>\n<\/tr>\n<tr>\n<td width=\"219\"><strong>Wtorek<\/strong><\/p>\n<p>21.01.2025r. od 16:00<\/td>\n<td width=\"364\">ul. Korczaka 1, 2, 3, 4, 5<\/p>\n<p>ul. Korczaka 6, 7, 8, 9, 10<\/p>\n<p>ul. Korczaka&nbsp; 11, 12, 13, 14, 15<\/p>\n<p>&nbsp;<\/td>\n<\/tr>\n<tr>\n<td width=\"219\"><strong>\u015aroda<\/strong><\/p>\n<p>22.01.2025r. od 16:00<\/td>\n<td width=\"364\">ul. Korczaka 16, 17, 18, 19, 20<\/p>\n<p>ul. Korczaka 21, 22, 23, 24, 25<\/p>\n<p>ul. Korczaka 26, 27, 28, 29<\/p>\n<p>&nbsp;<\/td>\n<\/tr>\n<tr>\n<td width=\"219\"><strong>Czwartek<\/strong><\/p>\n<p>23.01.2025r. od 16:00<\/td>\n<td width=\"364\">ul. Korczaka &#8211; domki i 30, 31, 32, 33<\/p>\n<p><strong>Uzupe\u0142nienia:<\/strong> <em>czyli kol\u0119da na zapisy do tych rodzin kt\u00f3re pragn\u0105 zaprosi\u0107 kap\u0142ana, aby po\u015bwieci\u0142 mieszkanie.<\/em><\/p>\n<p>&nbsp;<\/td>\n<\/tr>\n<tr>\n<td width=\"219\"><strong>Pi\u0105tek<\/strong><\/p>\n<p>24.01.2025r. od 16:00<\/td>\n<td width=\"364\"><strong>Uzupe\u0142nienia:<\/strong> <em>czyli kol\u0119da na zapisy do tych rodzin kt\u00f3re pragn\u0105 zaprosi\u0107 kap\u0142ana, aby po\u015bwieci\u0142 mieszkanie.<\/em><\/p>\n<p>&nbsp;<\/td>\n<\/tr>\n<\/tbody>\n<\/table>\n<p><strong>&nbsp;<\/strong><\/p>\n<p><strong>Prosimy o przygotowanie si\u0119 do wizyty duszpasterskiej:<\/strong><\/p>\n<ul>\n<li>Obecna ca\u0142a rodzina<\/li>\n<li>Dzieci przygotowuj\u0105 zeszyty do religii, ziarenka potwierdzaj\u0105ce udzia\u0142 we Mszy \u015bw. niedzielnej a m\u0142odzie\u017c ksi\u0105\u017ceczki od przygotowania do Sakramentu Bierzmowania<\/li>\n<li>Bia\u0142y obrus, Pismo \u015awi\u0119te, Krzy\u017c, \u015bwiecznik, woda \u015bwi\u0119cona, kropid\u0142o<\/li>\n<li><strong><em>Tematyk\u0105 tegorocznej kol\u0119dy<\/em><\/strong><em> b\u0119dzie has\u0142o tegorocznego<\/em><\/li>\n<\/ul>\n<p><em>&nbsp;ROKU JUBILEUSZOWEGO <strong>\u201ePIELGRZYMI NADZIEI\u201d<\/strong> og\u0142oszonego przez Papie\u017ca Franciszka. <\/em><\/p>\n<p><em>&nbsp;<\/em><\/p>\n<p><strong>UWAGA !!!<\/strong> Kol\u0119dy rozpoczynamy od godz. 16:00<\/p>\n<p>&nbsp;<\/p>\n<p style=\"text-align: center;\"><em>&nbsp;<\/em><strong>Numer Konta Parafialnego<\/strong><\/p>\n<p style=\"text-align: center;\"><strong>PKO BP 72 1020 1752 0000 0102 0069 6047<\/strong><\/p>\n<p>&nbsp;<\/p>\n<figure id=\"block-5f437b95-503a-4f29-91f7-75b7c74612d1\" class=\"wp-block-image\"><img decoding=\"async\" src=\"http:\/\/rafalk-elblag.pl\/wp-content\/uploads\/2020\/04\/baner-intencje-mszy.jpg\" alt=\"Obrazek posiada pusty atrybut alt; plik o nazwie baner-intencje-mszy.jpg\"><\/figure>\n<h1 id=\"block-ebb85da5-2bf8-44c6-8a18-015b59726bae\" class=\"wp-block-heading\">Intencje mszalne<\/h1>\n<p>II Niedziela Zwyk\u0142a 19 Stycznia 2025 \/ \u0141k 3, 15-16, 21-22<br \/>\n8.00 Za zmar\u0142ych z rodz. RADZISZEWSKICH i REND\u00d3W<br \/>\n10.00 \u015bp. Anna BEDNARCZYK 19 gr.<br \/>\n12.00 Za parafian<br \/>\n15.00 Dzi\u0119kczynna z okazji 27 rocznicy powstania wsp\u00f3lnoty Odnowy w Duchu \u015awi\u0119tym \u201eKana Galilejska\u201d z pro\u015bb\u0105 dla jej cz\u0142onk\u00f3w i opiekuna ks. Marcina o Bo\u017ce b\u0142ogos\u0142awie\u0144stwo, dary Ducha \u015awi\u0119tego, charyzmaty do pos\u0142ugi we wsp\u00f3lnocie oraz o wzrost w wierze, nadziei i wzajemnej mi\u0142o\u015bci<br \/>\n16.00 Spotkanie op\u0142atkowe dla wsp\u00f3lnot przy naszej parafii<br \/>\n18.00 \u015bp. Andrzej KLECHA w 3 rocz. \u015bmierci i zmar\u0142ych z rodzin. KLECHA, MI\u0143KIEWICZ, KUBISIAK<\/p>\n<p>PONIEDZIA\u0141EK \/ 20 Stycznia 2025\/ \u015bw. Fabian \/ Mt 2, 1-12<br \/>\n8.00 \u015bp. Anna BEDNARCZYK 20 gr<br \/>\n8.00 W dniu imienin SEBASTIANA z pro\u015bb\u0105 o otwarto\u015b\u0107 serca na przyj\u0119cie \u0142aski wiary, o Bo\u017ce b\u0142ogos\u0142awie\u0144stwo i dary Ducha \u015awi\u0119tego<br \/>\n15.00 \u015ap. \u0141ukasz \u017bEPECKI w 1 rocznic\u0119 \u015bmierci<\/p>\n<p>WTOREK 21 Stycznia 2025 \/ Mt 4.12-17<br \/>\n8.00 \u015bp. Anna BEDNARCZYK 21 gr.<br \/>\n15.00 \u015bp. Stefan MAKOWSKI w 7 rocznic\u0119 \u015bmierci, \u015bp. Julia i Kazimierz MAKOWSCY i zmar\u0142ych z rodzin PA\u0141K\u00d3W<\/p>\n<p>\u015aRODA \/ 22 Stycznia 2025 \/ Mk 6,34-44<br \/>\n8.00 \u015bp. Anna BEDNARCZYK 22 gr.<br \/>\n8.00<br \/>\n15.00 Dzi\u0119kczynna za miniony rok z pro\u015bb\u0105 o Bo\u017ce b\u0142ogos\u0142awie\u0144stwo dla ca\u0142ej rodziny<\/p>\n<p>CZWARTEK \/ 23 Stycznia 2025 \/Mk 6,45-52<br \/>\n8.00 \u015bp. Anna BEDNARCZYK 23 gr.<br \/>\n8.00 O \u015bwiat\u0142o Ducha \u015awi\u0119tego dla lekarzy i \u0142ask\u0119 powrotu do zdrowia dla c\u00f3rki ANNY oraz o Bo\u017ce b\u0142ogos\u0142awie\u0144stwo dla ca\u0142ej rodziny<br \/>\n15.00 \u015bp. Stanis\u0142aw D\u0104BROWSKI w 4 rocznic\u0119 \u015bmierci i zmar\u0142ych z rodziny<\/p>\n<p>PI\u0104TEK \/ 24 Stycznia 2025 \/ \u015bw. Franciszka Salezego \u0141k 4, 14-22a<br \/>\n8.00 \u015bp. Anna BEDNARCZYK 24 gr.<br \/>\n8.00<br \/>\n15.00 \u015bp. Mieczys\u0142aw D\u0104BROWSKI w 2 r.\u015bm. i zm. z rodz. Andrzeja i Marka<\/p>\n<p>SOBOTA \/ 25 Stycznia 2025 \/Nawr\u00f3cenia \u015bw. Paw\u0142a \u015bwi\u0119to \u0141k 5, 12-16<br \/>\n8.00 \u015bp. Anna BEDNARCZYK 25 gr.<br \/>\n8.00 \u015bp. Jan BRALEWSKI w 24 r. \u015bm. oraz za \u015bp. Maciej BRALEWSKI<br \/>\n15.00 \u015bp. Wojciech JAKUBOWSKI w 1 rocznic\u0119 \u015bmierci<\/p>\n<p>III Niedziela Zwyk\u0142a 26 Stycznia 2025 \/ \u0141k 3, 15-16, 21-22<br \/>\n8.00 \u015bp. J\u00f3zef CZESZEJKO &#8211; SOCHACKI<br \/>\n10.00 \u015bp. Anna BEDNARCZYK 26 gr.<br \/>\n12.00 Za parafian<br \/>\n15.00 \u015bp. Jadwiga, Kazimierz, Norbert<br \/>\n18.00 \u015bp. Danuta KONDRACKA w 9 miesi\u0105c po \u015bmierci<\/p>\n<p>&nbsp;<\/p>\n","protected":false},"excerpt":{"rendered":"<p>List Biskupa Elbl\u0105skiego na Tydzie\u0144 modlitw o jedno\u015b\u0107 chrze\u015bcijan Drodzy Siostry i Bracia, gromadz\u0105cy si\u0119 na niedzielnej Mszy \u015bwi\u0119tej w ko\u015bcio\u0142ach i kaplicach diecezji elbl\u0105skiej! Rozpocz\u0105\u0142 si\u0119 Tydzie\u0144 modlitw o jedno\u015b\u0107 chrze\u015bcijan, podzielonych w ci\u0105gu minionych stuleci na odr\u0119bne od siebie wyznania. Praktyka modlitwy o jedno\u015b\u0107 trwa ju\u017c od ponad stu lat. Ko\u015bci\u00f3\u0142 rzymskokatolicki do\u0142\u0105czy\u0142 [&hellip;]<\/p>\n","protected":false},"author":1,"featured_media":5691,"comment_status":"closed","ping_status":"closed","sticky":false,"template":"","format":"standard","meta":{"ngg_post_thumbnail":0,"footnotes":""},"categories":[11,8,4,3],"tags":[],"class_list":["post-5690","post","type-post","status-publish","format-standard","has-post-thumbnail","hentry","category-aktualnosci","category-blog","category-intencje","category-ogloszenia"],"_links":{"self":[{"href":"https:\/\/rafalk-elblag.pl\/index.php?rest_route=\/wp\/v2\/posts\/5690","targetHints":{"allow":["GET"]}}],"collection":[{"href":"https:\/\/rafalk-elblag.pl\/index.php?rest_route=\/wp\/v2\/posts"}],"about":[{"href":"https:\/\/rafalk-elblag.pl\/index.php?rest_route=\/wp\/v2\/types\/post"}],"author":[{"embeddable":true,"href":"https:\/\/rafalk-elblag.pl\/index.php?rest_route=\/wp\/v2\/users\/1"}],"replies":[{"embeddable":true,"href":"https:\/\/rafalk-elblag.pl\/index.php?rest_route=%2Fwp%2Fv2%2Fcomments&post=5690"}],"version-history":[{"count":1,"href":"https:\/\/rafalk-elblag.pl\/index.php?rest_route=\/wp\/v2\/posts\/5690\/revisions"}],"predecessor-version":[{"id":5692,"href":"https:\/\/rafalk-elblag.pl\/index.php?rest_route=\/wp\/v2\/posts\/5690\/revisions\/5692"}],"wp:featuredmedia":[{"embeddable":true,"href":"https:\/\/rafalk-elblag.pl\/index.php?rest_route=\/wp\/v2\/media\/5691"}],"wp:attachment":[{"href":"https:\/\/rafalk-elblag.pl\/index.php?rest_route=%2Fwp%2Fv2%2Fmedia&parent=5690"}],"wp:term":[{"taxonomy":"category","embeddable":true,"href":"https:\/\/rafalk-elblag.pl\/index.php?rest_route=%2Fwp%2Fv2%2Fcategories&post=5690"},{"taxonomy":"post_tag","embeddable":true,"href":"https:\/\/rafalk-elblag.pl\/index.php?rest_route=%2Fwp%2Fv2%2Ftags&post=5690"}],"curies":[{"name":"wp","href":"https:\/\/api.w.org\/{rel}","templated":true}]}}