{"id":5688,"date":"2025-01-11T10:20:10","date_gmt":"2025-01-11T10:20:10","guid":{"rendered":"https:\/\/rafalk-elblag.pl\/?p=5688"},"modified":"2025-01-11T10:20:10","modified_gmt":"2025-01-11T10:20:10","slug":"program-wizyty-duszpasterskiej-w-parafii-sw-rafala-kalinowskiego-2","status":"publish","type":"post","link":"https:\/\/rafalk-elblag.pl\/?p=5688","title":{"rendered":"PROGRAM WIZYTY DUSZPASTERSKIEJ  W PARAFII \u015aW. RAFA\u0141A KALINOWSKIEGO"},"content":{"rendered":"<p><strong><u>PROGRAM WIZYTY DUSZPASTERSKIEJ<\/u><\/strong><\/p>\n<p><strong><u>W PARAFII \u015aW. RAFA\u0141A KALINOWSKIEGO<\/u><\/strong><\/p>\n<table>\n<tbody>\n<tr>\n<td width=\"274\"><strong>Poniedzia\u0142ek<\/strong><\/p>\n<p>13.01. 2025r od 16:00<\/td>\n<td width=\"455\">ul. K\u0142oczowskiego 1, 2, 3, 4, 5, 6<\/p>\n<p>ul. K\u0142oczowskiego 7, 8, 9, 10, 11<\/p>\n<p>ul. K\u0142oczowskiego 15, 16, 17, 18, 19<\/p>\n<p>&nbsp;<\/td>\n<\/tr>\n<tr>\n<td width=\"274\"><strong>Wtorek<\/strong><\/p>\n<p>14.01.2025r. od 16:00<\/td>\n<td width=\"455\">ul. K\u0142oczowskiego 20, 21, 22, 23, 24<\/p>\n<p>ul. K\u0142oczowskiego 25, 26, 27, 28, 29<\/p>\n<p>ul. K\u0142oczowskiego 30, 31, 32, 33<\/p>\n<p>&nbsp;<\/td>\n<\/tr>\n<tr>\n<td width=\"274\"><strong>\u015aroda<\/strong><\/p>\n<p>15.01.2025r. od 16:00<\/td>\n<td width=\"455\">ul. K\u0142oczowskiego 34, 35 i blok 14<\/p>\n<p>ul. K\u0142oczowskiego 12, 12A<\/p>\n<p>ul. K\u0142oczowskiego 13, 13A<\/p>\n<p>&nbsp;<\/td>\n<\/tr>\n<tr>\n<td width=\"274\"><strong>Czwartek<\/strong><\/p>\n<p>16.01.2025r. od 16:00<\/td>\n<td width=\"455\">ul. Brzechwy 1, 2, 3, 4, 6, 7<\/p>\n<p>ul. Brzechwy 8, 9, 10, 11, 12, 13<\/p>\n<p>ul. Brzechwy 14, 15, 16, 17, 18<\/p>\n<p>&nbsp;<\/td>\n<\/tr>\n<tr>\n<td width=\"274\"><strong>&nbsp;<\/strong><\/p>\n<p><strong>Pi\u0105tek<\/strong><\/p>\n<p>17.01.2025r. od 16:00<\/td>\n<td width=\"455\">ul. Brzechwy 19, 20, 21, 22, 23<\/p>\n<p>ul. Brzechwy 24, 25, 26, 27, 28, 29<\/td>\n<\/tr>\n<tr>\n<td width=\"274\"><strong>&nbsp;<\/strong><\/p>\n<p><strong>Sobota<\/strong><\/p>\n<p>18.01. 2025 od 16:00<\/p>\n<p><strong>&nbsp;<\/strong><\/td>\n<td width=\"455\">ul. Brzechwy 30, 31, 32, 33, 34, 35, 36<\/p>\n<p>ul. Og\u00f3lna \u2013 ca\u0142a<\/p>\n<p>ul. Porazi\u0144ska i ul. Lubelska<\/td>\n<\/tr>\n<\/tbody>\n<\/table>\n<p><strong>&nbsp;<\/strong><\/p>\n<p><strong>Prosimy o przygotowanie si\u0119 do wizyty duszpasterskiej:<\/strong><\/p>\n<ul>\n<li>Obecna ca\u0142a rodzina<\/li>\n<li>Dzieci przygotowuj\u0105 zeszyty do religii, ziarenka potwierdzaj\u0105ce udzia\u0142 we Mszy \u015bw. niedzielnej a m\u0142odzie\u017c ksi\u0105\u017ceczki od przygotowania do Sakramentu Bierzmowania<\/li>\n<li>Bia\u0142y obrus, Pismo \u015awi\u0119te, Krzy\u017c, \u015bwiecznik, woda \u015bwi\u0119cona, kropid\u0142o<\/li>\n<li><strong><em>Tematyk\u0105 tegorocznej kol\u0119dy<\/em><\/strong><em> b\u0119dzie has\u0142o tegorocznego<\/em><\/li>\n<\/ul>\n<p><em>&nbsp;ROKU JUBILEUSZOWEGO <strong>\u201ePIELGRZYMI NADZIEI\u201d<\/strong> og\u0142oszonego przez Papie\u017ca Franciszka. <\/em><\/p>\n<p><strong>UWAGA !!!<\/strong> Kol\u0119dy rozpoczynamy od godz. 16:00<\/p>\n","protected":false},"excerpt":{"rendered":"<p>PROGRAM WIZYTY DUSZPASTERSKIEJ W PARAFII \u015aW. RAFA\u0141A KALINOWSKIEGO Poniedzia\u0142ek 13.01. 2025r od 16:00 ul. K\u0142oczowskiego 1, 2, 3, 4, 5, 6 ul. K\u0142oczowskiego 7, 8, 9, 10, 11 ul. K\u0142oczowskiego 15, 16, 17, 18, 19 &nbsp; Wtorek 14.01.2025r. od 16:00 ul. K\u0142oczowskiego 20, 21, 22, 23, 24 ul. K\u0142oczowskiego 25, 26, 27, 28, 29 ul. [&hellip;]<\/p>\n","protected":false},"author":1,"featured_media":2620,"comment_status":"closed","ping_status":"closed","sticky":false,"template":"","format":"standard","meta":{"ngg_post_thumbnail":0,"footnotes":""},"categories":[6],"tags":[],"class_list":["post-5688","post","type-post","status-publish","format-standard","has-post-thumbnail","hentry","category-wizyta-duszpasterska"],"_links":{"self":[{"href":"https:\/\/rafalk-elblag.pl\/index.php?rest_route=\/wp\/v2\/posts\/5688","targetHints":{"allow":["GET"]}}],"collection":[{"href":"https:\/\/rafalk-elblag.pl\/index.php?rest_route=\/wp\/v2\/posts"}],"about":[{"href":"https:\/\/rafalk-elblag.pl\/index.php?rest_route=\/wp\/v2\/types\/post"}],"author":[{"embeddable":true,"href":"https:\/\/rafalk-elblag.pl\/index.php?rest_route=\/wp\/v2\/users\/1"}],"replies":[{"embeddable":true,"href":"https:\/\/rafalk-elblag.pl\/index.php?rest_route=%2Fwp%2Fv2%2Fcomments&post=5688"}],"version-history":[{"count":1,"href":"https:\/\/rafalk-elblag.pl\/index.php?rest_route=\/wp\/v2\/posts\/5688\/revisions"}],"predecessor-version":[{"id":5689,"href":"https:\/\/rafalk-elblag.pl\/index.php?rest_route=\/wp\/v2\/posts\/5688\/revisions\/5689"}],"wp:featuredmedia":[{"embeddable":true,"href":"https:\/\/rafalk-elblag.pl\/index.php?rest_route=\/wp\/v2\/media\/2620"}],"wp:attachment":[{"href":"https:\/\/rafalk-elblag.pl\/index.php?rest_route=%2Fwp%2Fv2%2Fmedia&parent=5688"}],"wp:term":[{"taxonomy":"category","embeddable":true,"href":"https:\/\/rafalk-elblag.pl\/index.php?rest_route=%2Fwp%2Fv2%2Fcategories&post=5688"},{"taxonomy":"post_tag","embeddable":true,"href":"https:\/\/rafalk-elblag.pl\/index.php?rest_route=%2Fwp%2Fv2%2Ftags&post=5688"}],"curies":[{"name":"wp","href":"https:\/\/api.w.org\/{rel}","templated":true}]}}