{"id":5684,"date":"2025-01-08T21:04:48","date_gmt":"2025-01-08T21:04:48","guid":{"rendered":"https:\/\/rafalk-elblag.pl\/?p=5684"},"modified":"2025-01-11T10:22:36","modified_gmt":"2025-01-11T10:22:36","slug":"ogloszenia-parafialne-12-01-2025","status":"publish","type":"post","link":"https:\/\/rafalk-elblag.pl\/?p=5684","title":{"rendered":"Og\u0142oszenia Parafialne 12.01.2025"},"content":{"rendered":"<p><a href=\"http:\/\/rafalk-elblag.pl\/wp-content\/uploads\/2025\/01\/Na-Boze-Narodzenie-\u2013-koncert-koledowy-\u2013-Nuove-Voci-\u2013-Elblag-12.01.2025-1.png\"><img loading=\"lazy\" decoding=\"async\" class=\"alignnone wp-image-5675\" src=\"http:\/\/rafalk-elblag.pl\/wp-content\/uploads\/2025\/01\/Na-Boze-Narodzenie-\u2013-koncert-koledowy-\u2013-Nuove-Voci-\u2013-Elblag-12.01.2025-1-212x300.png\" alt=\"\" width=\"488\" height=\"691\" srcset=\"https:\/\/rafalk-elblag.pl\/wp-content\/uploads\/2025\/01\/Na-Boze-Narodzenie-\u2013-koncert-koledowy-\u2013-Nuove-Voci-\u2013-Elblag-12.01.2025-1-212x300.png 212w, https:\/\/rafalk-elblag.pl\/wp-content\/uploads\/2025\/01\/Na-Boze-Narodzenie-\u2013-koncert-koledowy-\u2013-Nuove-Voci-\u2013-Elblag-12.01.2025-1-724x1024.png 724w, https:\/\/rafalk-elblag.pl\/wp-content\/uploads\/2025\/01\/Na-Boze-Narodzenie-\u2013-koncert-koledowy-\u2013-Nuove-Voci-\u2013-Elblag-12.01.2025-1-768x1086.png 768w, https:\/\/rafalk-elblag.pl\/wp-content\/uploads\/2025\/01\/Na-Boze-Narodzenie-\u2013-koncert-koledowy-\u2013-Nuove-Voci-\u2013-Elblag-12.01.2025-1-1086x1536.png 1086w, https:\/\/rafalk-elblag.pl\/wp-content\/uploads\/2025\/01\/Na-Boze-Narodzenie-\u2013-koncert-koledowy-\u2013-Nuove-Voci-\u2013-Elblag-12.01.2025-1.png 1414w\" sizes=\"auto, (max-width: 488px) 100vw, 488px\" \/><\/a><\/p>\n<p><strong>Niedziela Chrztu Pa\u0144skiego<\/strong><\/p>\n<p>W pierwsz\u0105 niedziel\u0119 po uroczysto\u015bci Objawienia Pa\u0144skiego (Trzech Kr\u00f3li) wspominamy chrzest Chrystusa w Jordanie. W czasie swojego chrztu objawi\u0142 si\u0119 On Izraelitom jako prawdziwy Mesjasz namaszczony Duchem \u015awi\u0119tym. Tu rozpocz\u0105\u0142 Jezus &#8211; objawiwszy swoje pos\u0142annictwo &#8211; sw\u0105 dzia\u0142alno\u015b\u0107 publiczn\u0105. \u015awi\u0119to Chrztu Pa\u0144skiego ko\u0144czy okres \u015bwi\u0105teczny Bo\u017cego Narodzenia. Po raz ostatni za\u015bpiewamy w tym dniu kol\u0119dy.<\/p>\n<p>Ten epizod z \u017cycia Jezusa musi by\u0107 wielkiej wagi skoro Ko\u015bci\u00f3\u0142 wyr\u00f3\u017cni\u0142 go osobnym \u015bwi\u0119tem. Dlaczego? Poniewa\u017c od tego uroczystego aktu Zbawiciel rozpocz\u0105\u0142 swoj\u0105 misj\u0119 nauczycielsk\u0105. Mia\u0142 wtedy oko\u0142o trzydziestu lat, gdy\u017c dopiero od tego wieku zwyczaj \u017cydowski pozwala\u0142 wyst\u0119powa\u0107 publicznie przed ludem i naucza\u0107. Misja Chrystusa zosta\u0142a potwierdzona z nieba. B\u00f3g Ojciec, da\u0142 Mu \u015bwiadectwo, \u017ce jest On Synem Bo\u017cym i ma prawo przemawia\u0107 w imieniu Boga. Sam B\u00f3g Syna swojego z t\u0105 misj\u0105 wysy\u0142a.<\/p>\n<p>Uwydatnia si\u0119 te\u017c objawienie si\u0119 Tr\u00f3jcy \u015awi\u0119tej: B\u00f3g Ojciec przemawia. Syn Bo\u017cy jest w postaci ludzkiej, a Duch \u015awi\u0119ty pojawia si\u0119 nad Nim w postaci go\u0142\u0119bicy (epifania trynitarna). Sk\u0105d jednak wiadomo, i\u017c to go\u0142\u0119bica symbolizowa\u0142a Ducha \u015awi\u0119tego? Fakt ten wyja\u015bnia nam \u015bw. Jan Aposto\u0142 w swojej Ewangelii: \u201eJan da\u0142 takie \u015bwiadectwo: Ujrza\u0142em Ducha, kt\u00f3ry jak go\u0142\u0119bica zst\u0119powa\u0142 z nieba i spocz\u0105\u0142 na Nim. Ja Go przedtem nie zna\u0142em, ale Ten, kt\u00f3ry mnie pos\u0142a\u0142, abym chrzci\u0142 wod\u0105, powiedzia\u0142 do mnie: Ten, nad kt\u00f3rym ujrzysz Ducha zst\u0119puj\u0105cego i spoczywaj\u0105cego nad Nim, jest Tym, kt\u00f3ry chrzci Duchem \u015awi\u0119tym. Ja to ujrza\u0142em i daj\u0119 \u015bwiadectwo, \u017ce On jest Synem Bo\u017cym\u201d (J 1, 32-34).<br \/>\nTre\u015b\u0107 tajemnicy tego \u015bwi\u0119ta dobitnie wyja\u015bnia \u015bw. Grzegorz z Nazjanzu (\u2020390), kt\u00f3ry g\u0142osi\u0142: \u201eChrystus daje si\u0119 o\u015bwieci\u0107 (ochrzci\u0107). [&#8230;] I my zst\u0105pimy z Nim razem, by\u015bmy z Nim r\u00f3wnie\u017c mogli wznie\u015b\u0107 si\u0119 w g\u00f3r\u0119. Jan chrzci, a oto Jezus przychodzi, aby u\u015bwi\u0119ci\u0107 samego Chrzciciela i bardziej jednak jeszcze, aby starego Adama pogrzeba\u0107 w falach wody, aby u\u015bwi\u0119ci\u0107 wody Jordanu. On sam by\u0142 duchem i cia\u0142em. Dlatego wszyscy, kt\u00f3rzy w przysz\u0142o\u015bci mieli by\u0107 ochrzczeni, z ducha i wody, mieli otrzyma\u0107 \u015bwi\u0119to\u015b\u0107\u201d.<br \/>\n\u015awi\u0119to zosta\u0142o wprowadzone przez papie\u017ca Piusa XII w 1955 r. pod nazw\u0105 wspomnienie Chrztu Pana Jezusa, na 13 stycznia (ostatni dzie\u0144 oktawy). Reforma Soboru Watyka\u0144skiego II (1969) &#8211; przenios\u0142a je na niedziel\u0119 po Objawieniu Pa\u0144skim.<\/p>\n<p>Jednak\u017ce nigdy chyba w pe\u0142ni nie b\u0119dziemy mogli poj\u0105\u0107 znaczenia i sensu sakramentu chrztu \u015bw. Przez jego przyj\u0119cie stali\u015bmy si\u0119 dzie\u0107mi Bo\u017cymi. Tak jak w czasie Chrztu Jezusa w Jordanie B\u00f3g Ojciec niejako \u201ezadeklarowa\u0142\u201d: \u201eTy jeste\u015b moim dzieckiem umi\u0142owanym, w tobie mam upodobanie\u201d i od tego momentu zmieni\u0142a si\u0119 diametralnie optyka naszego \u017cycia. Jako dzieci Bo\u017ce nie jeste\u015bmy ju\u017c w niewoli z\u0142a i grzechu pierworodnego. Zostali\u015bmy w\u0142\u0105czeni w rodzin\u0119 Ko\u015bcio\u0142a, rodzin\u0119 Bo\u017c\u0105 i stali\u015bmy si\u0119 pe\u0142noprawnymi cz\u0142onkami domu Bo\u017cego. Niedziela Chrztu Pa\u0144skiego przypomina nam i nak\u0142ania do ponownego przemy\u015blenia faktu naszego chrztu i wszystkich z niego wyp\u0142ywaj\u0105cych konsekwencji i zobowi\u0105za\u0144.<\/p>\n<p>&nbsp;<\/p>\n<p>&nbsp;<\/p>\n<figure id=\"block-11bfdc70-3a14-4d5e-94a4-c45b2bb4a6cf\" class=\"wp-block-image\"><a href=\"http:\/\/rafalk-elblag.pl\/wp-content\/uploads\/2021\/08\/ogloszenia-parafialne-baner-01a.jpg\"><img decoding=\"async\" src=\"http:\/\/rafalk-elblag.pl\/wp-content\/uploads\/2021\/08\/ogloszenia-parafialne-baner-01a.jpg\" alt=\"Obrazek posiada pusty atrybut alt; plik o nazwie ogloszenia-parafialne-baner-01a.jpg\"><\/a><\/figure>\n<p>&nbsp;<\/p>\n<p><strong>OG\u0141OSZENIA PARAFIALNE&nbsp; 12.01.2025 r.<\/strong><\/p>\n<p><strong>&nbsp;NIEDZIELA CHRZTU PA\u0143SKIEGO<\/strong><\/p>\n<p><strong>&nbsp;<\/strong><\/p>\n<ol>\n<li>Zapraszamy dzisiaj do naszej \u015bwi\u0105tyni o godz. 16:00 na koncert kol\u0119dowy w wykonaniu <strong>m\u0119skiego zespo\u0142u wokalnego&nbsp; NUOVE VOCI<\/strong>. <em>Po Mszy \u015bw. o godz. 15:00, zach\u0119camy do pozostania w ko\u015bciele, by przy \u017c\u0142\u00f3bku z udzia\u0142em w\/w zespo\u0142u wzi\u0105\u0107 udzia\u0142 w koncercie &nbsp;<strong>\u201eNA BO\u017bE NARODZONIE\u201d.<\/strong><\/em><\/li>\n<li><em><u>PROSIMY O ZAMYKANIE DRZWI PRZY WCHODZENIU I WYCHODZENIU Z KO\u015aCIO\u0141A PONIEWA\u017b KO\u015aCI\u00d3\u0141 JEST OGRZEWANY.&nbsp;&nbsp; <strong>DZI\u0118KUJEMY.<\/strong><\/u><\/em><\/li>\n<li>Trwa wizyta duszpasterska w naszej parafii. W tym tygodniu kol\u0119d\u0119 rozpoczynamy od godz. 16:00. Grafik kol\u0119dy znajdziemy w Biuletynie. <strong>W trakcie kol\u0119dy podczas Mszy \u015bw. o godz. 8:00 i o godz. 15:00 polecamy rodziny do kt\u00f3rych udamy si\u0119 z Wizyt\u0105 Duszpastersk\u0105. <em>Tym bardziej zach\u0119camy do wsp\u00f3lnej modlitwy.<\/em><\/strong><\/li>\n<li><strong>DZI\u0118KUJEMY<\/strong> za z\u0142o\u017cone ofiary w ostatnim tygodniu na potrzeby naszej parafii.<\/li>\n<li>Pod ch\u00f3rem znajduje si\u0119 naczynie z <strong>WOD\u0104 \u015aWIECON\u0104<\/strong>. Prosz\u0119 o zaopatrzenie si\u0119 w te wod\u0119 do po\u015bwiecenia mieszkania podczas kol\u0119dy.<\/li>\n<li>W tradycji przyj\u0119te jest, \u017ce podczas kol\u0119dy ministranci i lektorzy otrzymuj\u0105 dobrowolne ofiary jako wyraz wdzi\u0119czno\u015bci za pos\u0142ug\u0119 przy O\u0142tarzu Pa\u0144skim. Zebrane ofiary przeznaczone b\u0119d\u0105 na ich wsp\u00f3lny wyjazd. <em>Za okazane dobro<\/em> <em>dzi\u0119kujemy!<\/em><\/li>\n<li>Ka\u017cdy 16 dzie\u0144 miesi\u0105ca to dzie\u0144 spotkania si\u0119 <strong>Bractwa Szkaplerznego i Rodziny Szkaplerznej<\/strong>. Zapraszamy 16 stycznia (czwartek) wszystkich nale\u017c\u0105cych i pragn\u0105cych w\u0142\u0105czy\u0107 si\u0119 do tej wsp\u00f3lnoty na Msz\u0119 \u015bw. o godz. 15:00.<\/li>\n<li>Od 18 stycznia (sobota) rozpoczyna si\u0119 w ko\u015bciele <strong>TYDZIE\u0143 MODLITW&nbsp;&nbsp;&nbsp;&nbsp;&nbsp;&nbsp;&nbsp;&nbsp;&nbsp;&nbsp;&nbsp;&nbsp;&nbsp;&nbsp;&nbsp;&nbsp;&nbsp;&nbsp;&nbsp;&nbsp;&nbsp;&nbsp;&nbsp; O JEDNO\u015a\u0106 CHRZE\u015aCIJAN.<\/strong> Zach\u0119camy wszystkich do wsp\u00f3lnej modlitwy.<\/li>\n<li>W niedziel\u0119 19 stycznia Wsp\u00f3lnota Odnowy w Duchu \u015awi\u0119tym <strong>\u201eKANA GALILEJSKA\u201d<\/strong> obchodzi 27 lecie istnienia przy naszej parafii. Wsp\u00f3lnota zaprasza w tym dniu na Msz\u0119 \u015bw. dzi\u0119kczynn\u0105 o godz. 15:00, gdzie b\u0119dzie dzi\u0119kowa\u0142a Bogu za wszelkie \u0142aski i dary ducha \u015awi\u0119tego w tym czasie otrzymane.<\/li>\n<li><strong> Za tydzie\u0144 19 stycznia (niedziela)<\/strong> po wsp\u00f3lnej Mszy \u015bw. o godz. 15:00 odb\u0119dzie si\u0119 spotkanie op\u0142atkowe dla wsp\u00f3lnot parafialnych: <strong><em>Bractwo Szkaplerzne, Odnowa w Duchu \u015awi\u0119tym, Wsp\u00f3lnota Krwi Chrystusa, Kr\u0119g Biblijny, Apostolat Margaretka, Apostolat Bo\u017cego Mi\u0142osierdzia, Wolontariuszy Caritas i \u017bywego R\u00f3\u017ca\u0144ca na kt\u00f3re serdecznie zapraszamy. <\/em><\/strong><\/li>\n<li>Wiele os\u00f3b do\u015bwiadcza cierpienia wobec swojego uzale\u017cnienia, b\u0105d\u017a uzale\u017cnienia najbli\u017cszych a takk\u017ce innych prze\u017cywanych problem\u00f3w. <strong>Stowarzyszenie KARAN<\/strong> zaprasza do wsp\u00f3lnej modlitwy w trzeci\u0105 niedziel\u0119 miesi\u0105ca. W miesi\u0105cu styczniu chcemy Panu Bogu dzi\u0119kowa\u0107 za trzydzie\u015bci lat KARANu w Elblagu. <strong><em>Najbli\u017csza Msza \u015bw. w niedziel\u0119 19 stycznia o godz. 16:00, w ko\u015bciele Bo\u017cego Cia\u0142a, ul. Robotnicza 29 w Elbl\u0105gu. Po Eucharystii spotkanie op\u0142atkowe.<\/em><\/strong><\/li>\n<li>Wszystkim Jubilatom i Solenizantom tego tygodnia \u017cyczymy wielu \u0142ask Bo\u017cych i opieki Matki Bo\u017cej Szkaplerznej.<\/li>\n<\/ol>\n<p>&nbsp;<\/p>\n<p><strong><u>PROGRAM WIZYTY DUSZPASTERSKIEJ<\/u><\/strong><\/p>\n<p><strong><u>W PARAFII \u015aW. RAFA\u0141A KALINOWSKIEGO<\/u><\/strong><\/p>\n<table>\n<tbody>\n<tr>\n<td width=\"274\"><strong>Poniedzia\u0142ek<\/strong><\/p>\n<p>13.01. 2025r od 16:00<\/td>\n<td width=\"455\">ul. K\u0142oczowskiego 1, 2, 3, 4, 5, 6<\/p>\n<p>ul. K\u0142oczowskiego 7, 8, 9, 10, 11<\/p>\n<p>ul. K\u0142oczowskiego 15, 16, 17, 18, 19<\/p>\n<p>&nbsp;<\/td>\n<\/tr>\n<tr>\n<td width=\"274\"><strong>Wtorek<\/strong><\/p>\n<p>14.01.2025r. od 16:00<\/td>\n<td width=\"455\">ul. K\u0142oczowskiego 20, 21, 22, 23, 24<\/p>\n<p>ul. K\u0142oczowskiego 25, 26, 27, 28, 29<\/p>\n<p>ul. K\u0142oczowskiego 30, 31, 32, 33<\/p>\n<p>&nbsp;<\/td>\n<\/tr>\n<tr>\n<td width=\"274\"><strong>\u015aroda<\/strong><\/p>\n<p>15.01.2025r. od 16:00<\/td>\n<td width=\"455\">ul. K\u0142oczowskiego 34, 35 i blok 14<\/p>\n<p>ul. K\u0142oczowskiego 12, 12A<\/p>\n<p>ul. K\u0142oczowskiego 13, 13A<\/p>\n<p>&nbsp;<\/td>\n<\/tr>\n<tr>\n<td width=\"274\"><strong>Czwartek<\/strong><\/p>\n<p>16.01.2025r. od 16:00<\/td>\n<td width=\"455\">ul. Brzechwy 1, 2, 3, 4, 6, 7<\/p>\n<p>ul. Brzechwy 8, 9, 10, 11, 12, 13<\/p>\n<p>ul. Brzechwy 14, 15, 16, 17, 18<\/p>\n<p>&nbsp;<\/td>\n<\/tr>\n<tr>\n<td width=\"274\"><strong>&nbsp;<\/strong><\/p>\n<p><strong>Pi\u0105tek<\/strong><\/p>\n<p>17.01.2025r. od 16:00<\/td>\n<td width=\"455\">ul. Brzechwy 19, 20, 21, 22, 23<\/p>\n<p>ul. Brzechwy 24, 25, 26, 27, 28, 29<\/td>\n<\/tr>\n<tr>\n<td width=\"274\"><strong>&nbsp;<\/strong><\/p>\n<p><strong>Sobota<\/strong><\/p>\n<p>18.01. 2025 od 16:00<\/p>\n<p><strong>&nbsp;<\/strong><\/td>\n<td width=\"455\">ul. Brzechwy 30, 31, 32, 33, 34, 35, 36<\/p>\n<p>ul. Og\u00f3lna \u2013 ca\u0142a<\/p>\n<p>ul. Porazi\u0144ska i ul. Lubelska<\/td>\n<\/tr>\n<\/tbody>\n<\/table>\n<p><strong>&nbsp;<\/strong><\/p>\n<p><strong>Prosimy o przygotowanie si\u0119 do wizyty duszpasterskiej:<\/strong><\/p>\n<ul>\n<li>Obecna ca\u0142a rodzina<\/li>\n<li>Dzieci przygotowuj\u0105 zeszyty do religii, ziarenka potwierdzaj\u0105ce udzia\u0142 we Mszy \u015bw. niedzielnej a m\u0142odzie\u017c ksi\u0105\u017ceczki od przygotowania do Sakramentu Bierzmowania<\/li>\n<li>Bia\u0142y obrus, Pismo \u015awi\u0119te, Krzy\u017c, \u015bwiecznik, woda \u015bwi\u0119cona, kropid\u0142o<\/li>\n<li><strong><em>Tematyk\u0105 tegorocznej kol\u0119dy<\/em><\/strong><em> b\u0119dzie has\u0142o tegorocznego<\/em><\/li>\n<\/ul>\n<p><em>&nbsp;ROKU JUBILEUSZOWEGO <strong>\u201ePIELGRZYMI NADZIEI\u201d<\/strong> og\u0142oszonego przez Papie\u017ca Franciszka. <\/em><\/p>\n<p><strong>UWAGA !!!<\/strong> Kol\u0119dy rozpoczynamy od godz. 16:00<\/p>\n<p>&nbsp;<\/p>\n<p style=\"text-align: center;\"><em>&nbsp;<\/em><strong>Numer Konta Parafialnego<\/strong><\/p>\n<p style=\"text-align: center;\"><strong>PKO BP 72 1020 1752 0000 0102 0069 6047<\/strong><\/p>\n<p>&nbsp;<\/p>\n<figure id=\"block-5f437b95-503a-4f29-91f7-75b7c74612d1\" class=\"wp-block-image\"><img decoding=\"async\" src=\"http:\/\/rafalk-elblag.pl\/wp-content\/uploads\/2020\/04\/baner-intencje-mszy.jpg\" alt=\"Obrazek posiada pusty atrybut alt; plik o nazwie baner-intencje-mszy.jpg\"><\/figure>\n<h1 id=\"block-ebb85da5-2bf8-44c6-8a18-015b59726bae\" class=\"wp-block-heading\">Intencje mszalne<\/h1>\n<p>&nbsp;<\/p>\n<p>Niedziela Chrztu Pa\u0144skiego 12 Stycznia 2025 \/ \u0141k 3, 15-16, 21-22<\/p>\n<p>8.00 \u015bp. Jadwiga i Micha\u0142 \u0141ASTOWSCY, Zbigniew \u0141ASTOWSKI<br \/>\n8.00 \u015bp. Czes\u0142aw DAWCZAK w 1 rocz. \u015bp. Wies\u0142awa(k) DAWCZAK w 5 rocz.<br \/>\n10.00 O uprzedzaj\u0105c\u0105 \u0142ask\u0119 wszelkich natchnie\u0144, si\u0142\u0119 i rozwag\u0119, by wprowadzane w \u017cycie zaowocowa\u0142y ca\u0142kowitym przylgni\u0119ciem do Pana Boga dla Nikodema i jego rodziny, Agnieszki i ca\u0142ej rodziny zakonnej oraz dla Magdaleny i jej rodziny<br \/>\n12.00 Za parafian<br \/>\n15.00 \u015bp. Anna BEDNARCZYK 12 gr.<br \/>\n18.00 O Bo\u017ce b\u0142ogos\u0142awie\u0144stwo dary Ducha \u015awi\u0119tego i opiek\u0119 Matki Bo\u017cej dla ks. Arkadiusza GRABOWSKIEGO z okazji imienin<\/p>\n<p>PONIEDZIA\u0141EK \/ 13 Stycznia 2025\/ \u015bw. Hilarego \/ Mt 2, 1-12<\/p>\n<p>8.00 \u015bp. Anna BEDNARCZYK 13 gr<br \/>\n8.00<br \/>\n15.00 \u015bp. W\u0142adys\u0142aw LE\u015aKO w 30 dzie\u0144 po pogrzebie<\/p>\n<p>WTOREK 14 Stycznia 2025 \/ Mt 4.12-17<\/p>\n<p>8.00 \u015bp. Anna BEDNARCZYK 14 gr.<br \/>\n15.00 O Bo\u017ce b\u0142ogos\u0142awie\u0144stwo, potrzebne \u0142aski i opiek\u0119 Matki Bo\u017cej dla ca\u0142ej rodziny PAW\u0141OWSKICH w NOWYM ROKU<\/p>\n<p>\u015aRODA \/ 15 Stycznia 2025 \/ Mk 6,34-44<br \/>\n8.00 \u015bp. Anna BEDNARCZYK 15 gr.<br \/>\n8.00 Za dusze w czy\u015b\u0107cu cierpi\u0105ce i sp. Komara<br \/>\n15.00 \u015bp. Janina i Antoni WOJTYNA, \u015bp. Lech SZAWRAN<\/p>\n<p>CZWARTEK \/ 16 Stycznia 2025 \/Mk 6,45-52<br \/>\nDZIE\u0143 SPOTKANIA BRACTWA SZKAPLERZNEGO<\/p>\n<p>8.00 \u015bp. Anna BEDNARCZYK 16 gr.<br \/>\n8.00 \u015bp. Helena RYMARCZYK w 2mc po pogrzebu intencja od El\u017cbiety Rymarczyk z dzie\u0107mi<br \/>\n15.00 W intencji Bractwa Szkaplerznego i ca\u0142ej Rodziny Szkaplerznej<\/p>\n<p>PI\u0104TEK \/ 17 Stycznia 2025 \/\u015bw. Antoniego\/ \u0141k 4, 14-22a<\/p>\n<p>8.00 \u015bp. Anna BEDNARCZYK 17 gr.<br \/>\n8.00 \u015bp. Karol WI\u015aNIEWSKI w 16 r.\u015bm. i zm. z rodz. WI\u015aNIEWSKICH i FILAR<br \/>\n15.00 \u015bp. Bronis\u0142aw KOCHOWICZ w 30 dzie\u0144 po pogrzebie<\/p>\n<p>SOBOTA \/ 18 Stycznia 2025 \/ \u0141k 5, 12-16<\/p>\n<p>8.00 \u015bp. Anna BEDNARCZYK 18 gr.<br \/>\n8.00 Dzi\u0119kczynna w 90 urodziny Krystyny z pro\u015bb\u0105 o Bo\u017ce b\u0142ogos\u0142awie\u0144stwo, opiek\u0119 M. B. Szkaplerznej oraz o wszelkie potrzebne \u0142aski<br \/>\n15.00 \u015bp. Teresa CESARSKA w 16 r.\u015bm.<\/p>\n<p>2 Niedziela Zwyk\u0142a 19 Stycznia 2025 \/ \u0141k 3, 15-16, 21-22<\/p>\n<p>8.00 Za zmar\u0142ych z rodz. RADZISZEWSKICH i REND\u00d3W<br \/>\n10.00 \u015bp. Anna BEDNARCZYK 19 gr.<br \/>\n12.00 Za parafian<br \/>\n15.00 Dzi\u0119kczynna w 27 rocznic\u0119 Odnowy w Duchu \u015awi\u0119tym \u201eKana Galilejska\u201d<br \/>\n18.00 \u015ap. Andrzej KLECHA w 3 rocz. \u015bmierci i zmar\u0142ych z rodin. KLECHA, MI\u0143KIEWICZ, KUBISIAK<\/p>\n<p>&nbsp;<\/p>\n","protected":false},"excerpt":{"rendered":"<p>Niedziela Chrztu Pa\u0144skiego W pierwsz\u0105 niedziel\u0119 po uroczysto\u015bci Objawienia Pa\u0144skiego (Trzech Kr\u00f3li) wspominamy chrzest Chrystusa w Jordanie. W czasie swojego chrztu objawi\u0142 si\u0119 On Izraelitom jako prawdziwy Mesjasz namaszczony Duchem \u015awi\u0119tym. Tu rozpocz\u0105\u0142 Jezus &#8211; objawiwszy swoje pos\u0142annictwo &#8211; sw\u0105 dzia\u0142alno\u015b\u0107 publiczn\u0105. \u015awi\u0119to Chrztu Pa\u0144skiego ko\u0144czy okres \u015bwi\u0105teczny Bo\u017cego Narodzenia. Po raz ostatni za\u015bpiewamy w [&hellip;]<\/p>\n","protected":false},"author":1,"featured_media":3611,"comment_status":"closed","ping_status":"closed","sticky":false,"template":"","format":"standard","meta":{"ngg_post_thumbnail":0,"footnotes":""},"categories":[11,8,4,3],"tags":[],"class_list":["post-5684","post","type-post","status-publish","format-standard","has-post-thumbnail","hentry","category-aktualnosci","category-blog","category-intencje","category-ogloszenia"],"_links":{"self":[{"href":"https:\/\/rafalk-elblag.pl\/index.php?rest_route=\/wp\/v2\/posts\/5684","targetHints":{"allow":["GET"]}}],"collection":[{"href":"https:\/\/rafalk-elblag.pl\/index.php?rest_route=\/wp\/v2\/posts"}],"about":[{"href":"https:\/\/rafalk-elblag.pl\/index.php?rest_route=\/wp\/v2\/types\/post"}],"author":[{"embeddable":true,"href":"https:\/\/rafalk-elblag.pl\/index.php?rest_route=\/wp\/v2\/users\/1"}],"replies":[{"embeddable":true,"href":"https:\/\/rafalk-elblag.pl\/index.php?rest_route=%2Fwp%2Fv2%2Fcomments&post=5684"}],"version-history":[{"count":3,"href":"https:\/\/rafalk-elblag.pl\/index.php?rest_route=\/wp\/v2\/posts\/5684\/revisions"}],"predecessor-version":[{"id":5687,"href":"https:\/\/rafalk-elblag.pl\/index.php?rest_route=\/wp\/v2\/posts\/5684\/revisions\/5687"}],"wp:featuredmedia":[{"embeddable":true,"href":"https:\/\/rafalk-elblag.pl\/index.php?rest_route=\/wp\/v2\/media\/3611"}],"wp:attachment":[{"href":"https:\/\/rafalk-elblag.pl\/index.php?rest_route=%2Fwp%2Fv2%2Fmedia&parent=5684"}],"wp:term":[{"taxonomy":"category","embeddable":true,"href":"https:\/\/rafalk-elblag.pl\/index.php?rest_route=%2Fwp%2Fv2%2Fcategories&post=5684"},{"taxonomy":"post_tag","embeddable":true,"href":"https:\/\/rafalk-elblag.pl\/index.php?rest_route=%2Fwp%2Fv2%2Ftags&post=5684"}],"curies":[{"name":"wp","href":"https:\/\/api.w.org\/{rel}","templated":true}]}}