{"id":5682,"date":"2025-01-05T08:09:20","date_gmt":"2025-01-05T08:09:20","guid":{"rendered":"https:\/\/rafalk-elblag.pl\/?p=5682"},"modified":"2025-01-19T12:49:29","modified_gmt":"2025-01-19T12:49:29","slug":"program-wizyty-duszpasterskiej-w-parafii-sw-rafala-kalinowskiego","status":"publish","type":"post","link":"https:\/\/rafalk-elblag.pl\/?p=5682","title":{"rendered":"PROGRAM WIZYTY DUSZPASTERSKIEJ W PARAFII \u015aW. RAFA\u0141A KALINOWSKIEGO"},"content":{"rendered":"<p><strong><u>PROGRAM WIZYTY DUSZPASTERSKIEJ<\/u><\/strong><\/p>\n<p><strong><u>W PARAFII \u015aW. RAFA\u0141A KALINOWSKIEGO<\/u><\/strong><\/p>\n<table>\n<tbody>\n<tr>\n<td width=\"274\"><strong>Wtorek<\/strong><\/p>\n<p>07.01.2025r. od 16:00<\/td>\n<td width=\"455\">&nbsp;<\/p>\n<p>ul. Legion\u00f3w 42 \u2013 ca\u0142y blok<\/p>\n<p>ul. Fromborska 31 \u2013 ca\u0142y blok<\/p>\n<p>ul. Sobieskiego 12, 14, 16, 18, 20, 22<\/p>\n<p>ul. Sobieskiego 24, 26, 28, 30, 32<\/td>\n<\/tr>\n<tr>\n<td width=\"274\"><strong>\u015aroda<\/strong><\/p>\n<p>08.01.2025r. od 16:00<\/td>\n<td width=\"455\">&nbsp;<\/p>\n<p>ul. Sobieskiego domki &nbsp;29, 33, 35 oraz&nbsp; klatki 34, 36, 38, 40<\/p>\n<p>ul. Sobieskiego 21, 23,25, 16A, 18A<\/p>\n<p>ul. Broniewskiego 1, 3, 5, 7, 9 ,11<\/p>\n<p>&nbsp;<\/td>\n<\/tr>\n<tr>\n<td width=\"274\"><strong>Czwartek<\/strong><\/p>\n<p>09.01.2025r. od 16:00<\/td>\n<td width=\"455\">&nbsp;<\/p>\n<p>ul. Broniewskiego 13, 15, 17, 19, 21<\/p>\n<p>ul. Broniewskiego 18, 20, 22, 25<\/p>\n<p>ul. Broniewskiego 10, 12, 14, 16<\/p>\n<p>&nbsp;<\/td>\n<\/tr>\n<tr>\n<td width=\"274\"><strong>&nbsp;<\/strong><\/p>\n<p><strong>Pi\u0105tek<\/strong><\/p>\n<p>10.01.2025r. od 16:00<\/td>\n<td width=\"455\">ul. Broniewskiego 8, 23<\/p>\n<p>ul. Broniewskiego 27, 29, 31, 33, 35<\/td>\n<\/tr>\n<tr>\n<td width=\"274\"><strong>&nbsp;<\/strong><\/p>\n<p><strong>Sobota<\/strong><\/p>\n<p>11.01. 2025 od 16:00<\/p>\n<p><strong>&nbsp;<\/strong><\/td>\n<td width=\"455\">ul. Broniewskiego 2, 4, 6,<\/p>\n<p>ul. Mieszka I<\/p>\n<p>ul. Krzywoustego<\/td>\n<\/tr>\n<\/tbody>\n<\/table>\n<p><strong>&nbsp;<\/strong><\/p>\n<p><strong>Prosimy o przygotowanie si\u0119 do wizyty duszpasterskiej:<\/strong><\/p>\n<ul>\n<li>Obecna ca\u0142a rodzina<\/li>\n<li>Dzieci przygotowuj\u0105 zeszyty do religii, ziarenka potwierdzaj\u0105ce udzia\u0142 we Mszy \u015bw. niedzielnej a m\u0142odzie\u017c ksi\u0105\u017ceczki od przygotowania do Sakramentu Bierzmowania<\/li>\n<li>Bia\u0142y obrus, Pismo \u015awi\u0119te, Krzy\u017c, \u015bwiecznik, woda \u015bwi\u0119cona, kropid\u0142o<\/li>\n<li><strong><em>Tematyk\u0105 tegorocznej kol\u0119dy<\/em><\/strong><em> b\u0119dzie has\u0142o tegorocznego<\/em><\/li>\n<\/ul>\n<p><em>&nbsp;ROKU JUBILEUSZOWEGO <strong>\u201ePIELGRZYMI NADZIEI\u201d<\/strong> og\u0142oszonego przez Papie\u017ca Franciszka. <\/em><\/p>\n<p>&nbsp;<\/p>\n<p><strong>UWAGA !!!<\/strong> Kol\u0119dy rozpoczynamy od godz. 16:00<\/p>\n","protected":false},"excerpt":{"rendered":"<p>PROGRAM WIZYTY DUSZPASTERSKIEJ W PARAFII \u015aW. RAFA\u0141A KALINOWSKIEGO Wtorek 07.01.2025r. od 16:00 &nbsp; ul. Legion\u00f3w 42 \u2013 ca\u0142y blok ul. Fromborska 31 \u2013 ca\u0142y blok ul. Sobieskiego 12, 14, 16, 18, 20, 22 ul. Sobieskiego 24, 26, 28, 30, 32 \u015aroda 08.01.2025r. od 16:00 &nbsp; ul. Sobieskiego domki &nbsp;29, 33, 35 oraz&nbsp; klatki 34, 36, [&hellip;]<\/p>\n","protected":false},"author":1,"featured_media":2620,"comment_status":"closed","ping_status":"closed","sticky":false,"template":"","format":"standard","meta":{"ngg_post_thumbnail":0,"footnotes":""},"categories":[12],"tags":[],"class_list":["post-5682","post","type-post","status-publish","format-standard","has-post-thumbnail","hentry","category-koleda"],"_links":{"self":[{"href":"https:\/\/rafalk-elblag.pl\/index.php?rest_route=\/wp\/v2\/posts\/5682","targetHints":{"allow":["GET"]}}],"collection":[{"href":"https:\/\/rafalk-elblag.pl\/index.php?rest_route=\/wp\/v2\/posts"}],"about":[{"href":"https:\/\/rafalk-elblag.pl\/index.php?rest_route=\/wp\/v2\/types\/post"}],"author":[{"embeddable":true,"href":"https:\/\/rafalk-elblag.pl\/index.php?rest_route=\/wp\/v2\/users\/1"}],"replies":[{"embeddable":true,"href":"https:\/\/rafalk-elblag.pl\/index.php?rest_route=%2Fwp%2Fv2%2Fcomments&post=5682"}],"version-history":[{"count":1,"href":"https:\/\/rafalk-elblag.pl\/index.php?rest_route=\/wp\/v2\/posts\/5682\/revisions"}],"predecessor-version":[{"id":5683,"href":"https:\/\/rafalk-elblag.pl\/index.php?rest_route=\/wp\/v2\/posts\/5682\/revisions\/5683"}],"wp:featuredmedia":[{"embeddable":true,"href":"https:\/\/rafalk-elblag.pl\/index.php?rest_route=\/wp\/v2\/media\/2620"}],"wp:attachment":[{"href":"https:\/\/rafalk-elblag.pl\/index.php?rest_route=%2Fwp%2Fv2%2Fmedia&parent=5682"}],"wp:term":[{"taxonomy":"category","embeddable":true,"href":"https:\/\/rafalk-elblag.pl\/index.php?rest_route=%2Fwp%2Fv2%2Fcategories&post=5682"},{"taxonomy":"post_tag","embeddable":true,"href":"https:\/\/rafalk-elblag.pl\/index.php?rest_route=%2Fwp%2Fv2%2Ftags&post=5682"}],"curies":[{"name":"wp","href":"https:\/\/api.w.org\/{rel}","templated":true}]}}