{"id":5674,"date":"2025-01-02T19:54:57","date_gmt":"2025-01-02T19:54:57","guid":{"rendered":"https:\/\/rafalk-elblag.pl\/?p=5674"},"modified":"2025-01-05T08:04:10","modified_gmt":"2025-01-05T08:04:10","slug":"5674","status":"publish","type":"post","link":"https:\/\/rafalk-elblag.pl\/?p=5674","title":{"rendered":"OG\u0141OSZENIA PARAFIALNE\u00a0 05.01.2025 r.  II NIEDZIELA PO NARODZENIU PA\u0143SKIM"},"content":{"rendered":"<p><a href=\"http:\/\/rafalk-elblag.pl\/wp-content\/uploads\/2025\/01\/Na-Boze-Narodzenie-\u2013-koncert-koledowy-\u2013-Nuove-Voci-\u2013-Elblag-12.01.2025-1.png\"><img loading=\"lazy\" decoding=\"async\" class=\"alignnone wp-image-5675\" src=\"http:\/\/rafalk-elblag.pl\/wp-content\/uploads\/2025\/01\/Na-Boze-Narodzenie-\u2013-koncert-koledowy-\u2013-Nuove-Voci-\u2013-Elblag-12.01.2025-1-212x300.png\" alt=\"\" width=\"979\" height=\"1385\" srcset=\"https:\/\/rafalk-elblag.pl\/wp-content\/uploads\/2025\/01\/Na-Boze-Narodzenie-\u2013-koncert-koledowy-\u2013-Nuove-Voci-\u2013-Elblag-12.01.2025-1-212x300.png 212w, https:\/\/rafalk-elblag.pl\/wp-content\/uploads\/2025\/01\/Na-Boze-Narodzenie-\u2013-koncert-koledowy-\u2013-Nuove-Voci-\u2013-Elblag-12.01.2025-1-724x1024.png 724w, https:\/\/rafalk-elblag.pl\/wp-content\/uploads\/2025\/01\/Na-Boze-Narodzenie-\u2013-koncert-koledowy-\u2013-Nuove-Voci-\u2013-Elblag-12.01.2025-1-768x1086.png 768w, https:\/\/rafalk-elblag.pl\/wp-content\/uploads\/2025\/01\/Na-Boze-Narodzenie-\u2013-koncert-koledowy-\u2013-Nuove-Voci-\u2013-Elblag-12.01.2025-1-1086x1536.png 1086w, https:\/\/rafalk-elblag.pl\/wp-content\/uploads\/2025\/01\/Na-Boze-Narodzenie-\u2013-koncert-koledowy-\u2013-Nuove-Voci-\u2013-Elblag-12.01.2025-1.png 1414w\" sizes=\"auto, (max-width: 979px) 100vw, 979px\" \/><\/a><\/p>\n<p>&nbsp;<\/p>\n<p><strong>Objawienie Pa\u0144skie<\/strong><\/p>\n<p>6 stycznia Ko\u015bci\u00f3\u0142 obchodzi Uroczysto\u015b\u0107 Objawienia Pa\u0144skiego. Jest to, obok Wielkanocy, najstarsze \u015bwi\u0119to chrze\u015bcija\u0144skie. W II w. w ten dzie\u0144 wspominano Chrzest Pa\u0144ski, w IV w. w Tracji i Egipcie \u015bwi\u0119towano Epifani\u0119, czyli wydarzenia z \u017cycia Jezusa, takie jak narodzenie, chrzest w Jordanie, pok\u0142on M\u0119drc\u00f3w, cud w Kanie.<\/p>\n<p>W V w. Objawienie Pa\u0144skie sta\u0142o si\u0119 \u015bwi\u0119tem og\u00f3lnoko\u015bcielnym.<\/p>\n<p>Dzi\u015b \u015bwi\u0119cimy kadzid\u0142o i kred\u0119. Po powrocie z ko\u015bcio\u0142a \u015bwi\u0119con\u0105 kred\u0105 piszemy C+M+B (Christus Mansoni Benedicat), co oznacza <strong>\u201eNiech Chrystus b\u0142ogos\u0142awi temu domowi\u201d. <\/strong>Litery na drzwiach \u015bwiadcz\u0105 o tym, \u017ce w domu mieszka chrze\u015bcija\u0144ska rodzina.<\/p>\n<p>Nazwa \u201eObjawienie Pa\u0144skie\u201d t\u0142umaczy sens tej uroczysto\u015bci. Jezus Chrystus objawia si\u0119 \u015bwiatu, to znaczy, \u017ce przyszed\u0142 na ziemi\u0119 nie tylko dla wybranego przez Boga narodu, ale dla wszystkich ludzi, kt\u00f3rzy kiedykolwiek \u017cyli i b\u0119d\u0105 \u017cy\u0107.<\/p>\n<p>\u015awi\u0119to to obchodzone na pocz\u0105tku roku kalendarzowego jest pe\u0142ne nadziei. Nie do\u015b\u0107, \u017ce zarysowuje przed nami uniwersalno\u015b\u0107 zbawienia. &nbsp;Przypomina nam o zapominaj Nowej Ziemi, kt\u00f3r\u0105 przygotowuje nam B\u00f3g, a zatrzymujemy si\u0119 na tym \u015bwiecie, tak jakby poza \u015bmierci\u0105 ju\u017c nic nie istnia\u0142o.<\/p>\n<p>P\u00f3jd\u017amy tam, gdzie Jezus rodzi si\u0119 ka\u017cdego dnia, na o\u0142tarzach naszych Ko\u015bcio\u0142\u00f3w. Pro\u015bmy o b\u0142ogos\u0142awie\u0144stwo dla rodzin. Wyznajmy wiar\u0119, znacz\u0105c litery na drzwiach naszych dom\u00f3w i zadbajmy, \u017ceby to by\u0142a kreda po\u015bwi\u0119cona i przyniesiona z Ko\u015bcio\u0142a, a nie po\u017cyczona od s\u0105siada.<\/p>\n<p>&nbsp;<\/p>\n<p>&nbsp;<\/p>\n<p>&nbsp;<\/p>\n<figure id=\"block-11bfdc70-3a14-4d5e-94a4-c45b2bb4a6cf\" class=\"wp-block-image\"><a href=\"http:\/\/rafalk-elblag.pl\/wp-content\/uploads\/2021\/08\/ogloszenia-parafialne-baner-01a.jpg\"><img decoding=\"async\" src=\"http:\/\/rafalk-elblag.pl\/wp-content\/uploads\/2021\/08\/ogloszenia-parafialne-baner-01a.jpg\" alt=\"Obrazek posiada pusty atrybut alt; plik o nazwie ogloszenia-parafialne-baner-01a.jpg\"><\/a><\/figure>\n<p>&nbsp;<\/p>\n<p><strong>OG\u0141OSZENIA PARAFIALNE&nbsp; 05.01.2025 r.<\/strong><\/p>\n<p><strong>II NIEDZIELA PO NARODZENIU PA\u0143SKIM<\/strong><\/p>\n<p><strong>&nbsp;<\/strong><\/p>\n<ol>\n<li>Dzisiaj zapraszamy na comiesi\u0119czn\u0105 Adoracj\u0119 Naj\u015bwi\u0119tszego Sakramentu od godz. 16:00 do 18:00. <strong><em>Przyjd\u017a i oddaj Panu Bogu rozpocz\u0119ty Nowy Rok 2025.<\/em><\/strong><\/li>\n<li>Z\u0142o\u017cone dzisiaj ofiary na tac\u0119 przeznaczone s\u0105 na uregulowanie rachunku za ogrzewanie Ko\u015bcio\u0142a. <em>Dzi\u0119kuj\u0119 za zrozumienie i z\u0142o\u017cone ofiary.<\/em><\/li>\n<li><em><u>PROSIMY O ZAMYKANIE DRZWI PRZY WCHODZENIU I WYCHODZENIU Z KO\u015aCIO\u0141A PONIEWA\u017b KO\u015aCI\u00d3\u0141 JEST OGRZEWANY.&nbsp;&nbsp; <strong>DZI\u0118KUJEMY.<\/strong><\/u><\/em><\/li>\n<li>Trwa wizyta duszpasterska w naszej parafii. W tym tygodniu kol\u0119d\u0119 rozpoczynamy od godz. 16:00. Grafik kol\u0119dy znajdziemy w Biuletynie. <strong>W trakcie kol\u0119dy podczas Mszy \u015bw. o godz. 8:00 i o godz. 15:00 polecamy rodziny do kt\u00f3rych udamy si\u0119 z Wizyt\u0105 Duszpastersk\u0105. Tym bardziej zach\u0119camy do wsp\u00f3lnej modlitwy.<\/strong><\/li>\n<li>Pragn\u0119 poinformowa\u0107 \u017ce pod ch\u00f3rem znajduje si\u0119 naczynie z <strong>WOD\u0104 \u015aWIECON\u0104<\/strong>. Prosz\u0119 o&nbsp; zaopatrzenie si\u0119 w te wod\u0119 do po\u015bwiecenia mieszkania podczas kol\u0119dy.<\/li>\n<li>W tradycji przyj\u0119te jest, \u017ce podczas kol\u0119dy ministranci i lektorzy otrzymuj\u0105 dobrowolne ofiary jako wyraz wdzi\u0119czno\u015bci za pos\u0142ug\u0119 przy O\u0142tarzu Pa\u0144skim. Zebrane ofiary przeznaczone b\u0119d\u0105 na ich wsp\u00f3lny wyjazd. <em>Za okazane dobro<\/em> <em>dzi\u0119kujemy!<\/em><\/li>\n<li>Jutro obchodzi\u0107 b\u0119dziemy <strong>UROCZYSTO\u015a\u0106 OBJAWIENIA PA\u0143SKIEGO (TRZECH KR\u00d3LI<\/strong>). Msze \u015awi\u0119te w tym dniu o godz. <strong><u>8:00, 10:00, 12:00 i 18:00.<\/u><\/strong> Jest to dzie\u0144 modlitw za misje, dlatego pami\u0119tajmy o misjonarzach pochodz\u0105cych z naszej parafii. Ofiary zbierane do puszek przeznaczone b\u0119d\u0105 na pomoc dla o. Dariusza Maruta CSSp pracuj\u0105cego na Madagaskarze. B\u00f3g zap\u0142a\u0107 za zrozumienie. <strong><em>W tym dniu podczas ka\u017cdej Mszy \u015awi\u0119tej po\u015bwi\u0119cenie kredy i wody, kt\u00f3r\u0105 mo\u017cemy zabra\u0107 do domu.<\/em><\/strong><\/li>\n<li><strong>Po raz kolejny w naszym mie\u015bcie odb\u0119dzie si\u0119 Orszak Trzech Kr\u00f3li. Wydarzenie to, kt\u00f3re w tym roku obejmie wiele miast w Polsce przywraca star\u0105 polsk\u0105 tradycj\u0119 jase\u0142ek ulicznych<\/strong>: radosnych, wielobarwnych grup roz\u015bpiewanych i u\u015bmiechni\u0119tych kol\u0119dnik\u00f3w g\u0142osz\u0105cych na ulicach Radosn\u0105 i Dobr\u0105 Nowin\u0119 o narodzeniu Jezusa.<\/li>\n<\/ol>\n<p>W tym dniu&nbsp; mo\u017cemy by\u0107 jak Trzej M\u0119drcy &#8211; ujrze\u0107 \u015bwiat\u0142o betlejemskiej gwiazdy, p\u00f3j\u015b\u0107 za ni\u0105 i odnale\u017a\u0107 Prawd\u0119, Dobro i Pi\u0119kno. <strong>Orszak rozpocznie si\u0119 na Placu Jagiello\u0144czyka o godz.13:00, a zako\u0144czy si\u0119 Msz\u0105 \u015bw. w<\/strong> <strong>Katedrze \u015bw. Miko\u0142aja.<\/strong><\/p>\n<ol start=\"9\">\n<li>Za tydzie\u0144 &#8211; 12 stycznia (niedziela) o godz. 16:00 zapraszamy na koncert kol\u0119dowy &nbsp;&nbsp;&nbsp;&nbsp;&nbsp;&nbsp;&nbsp;&nbsp;&nbsp;&nbsp;&nbsp;&nbsp;&nbsp;&nbsp;&nbsp;&nbsp;&nbsp;&nbsp;&nbsp;&nbsp;&nbsp;w wykonaniu <strong>m\u0119skiego zespo\u0142u wokalnego &nbsp;NUOVE VOCI<\/strong>. <em>Po Mszy \u015bw. zach\u0119camy do pozostania w ko\u015bciele, by przy \u017c\u0142\u00f3bku z udzia\u0142em w\/w zespo\u0142u wzi\u0105\u0107 udzia\u0142 w koncercie <strong>\u201eNA BO\u017bE NARODZONIE\u201d.<\/strong><\/em><\/li>\n<li>Wszystkim Jubilatom i Solenizantom tego tygodnia \u017cyczymy wielu \u0142ask Bo\u017cych i opieki Matki Bo\u017cej Szkaplerznej.<\/li>\n<li>Pan powo\u0142a\u0142 do wieczno\u015bci: \u015bp. Leonarda(k) GRONOSTAJ lat 91 z ul. Tuwima<\/li>\n<\/ol>\n<p>&nbsp;&nbsp;&nbsp;&nbsp;&nbsp;&nbsp;&nbsp;&nbsp;&nbsp;&nbsp; <em>Wieczny odpoczynek racz jej da\u0107 Panie! A \u015bwiat\u0142o\u015b\u0107 wiekuista niechaj im \u015bwieci.<\/em><\/p>\n<p>&nbsp;<\/p>\n<p><strong><u>PROGRAM WIZYTY DUSZPASTERSKIEJ<\/u><\/strong><\/p>\n<p><strong><u>W PARAFII \u015aW. RAFA\u0141A KALINOWSKIEGO<\/u><\/strong><\/p>\n<table>\n<tbody>\n<tr>\n<td width=\"274\"><strong>Wtorek<\/strong><\/p>\n<p>07.01.2025r. od 16:00<\/td>\n<td width=\"455\">&nbsp;<\/p>\n<p>ul. Legion\u00f3w 42 \u2013 ca\u0142y blok<\/p>\n<p>ul. Fromborska 31 \u2013 ca\u0142y blok<\/p>\n<p>ul. Sobieskiego 12, 14, 16, 18, 20, 22<\/p>\n<p>ul. Sobieskiego 24, 26, 28, 30, 32<\/td>\n<\/tr>\n<tr>\n<td width=\"274\"><strong>\u015aroda<\/strong><\/p>\n<p>08.01.2025r. od 16:00<\/td>\n<td width=\"455\">&nbsp;<\/p>\n<p>ul. Sobieskiego domki &nbsp;29, 33, 35 oraz&nbsp; klatki 34, 36, 38, 40<\/p>\n<p>ul. Sobieskiego 21, 23,25, 16A, 18A<\/p>\n<p>ul. Broniewskiego 1, 3, 5, 7, 9 ,11<\/p>\n<p>&nbsp;<\/td>\n<\/tr>\n<tr>\n<td width=\"274\"><strong>Czwartek<\/strong><\/p>\n<p>09.01.2025r. od 16:00<\/td>\n<td width=\"455\">ul. Broniewskiego 13, 15, 17, 19, 21<\/p>\n<p>ul. Broniewskiego 18, 20, 22, 25<\/p>\n<p>ul. Broniewskiego 10, 12, 14, 16<\/p>\n<p>&nbsp;<\/td>\n<\/tr>\n<tr>\n<td width=\"274\"><strong>&nbsp;<\/strong><\/p>\n<p><strong>Pi\u0105tek<\/strong><\/p>\n<p>10.01.2025r. od 16:00<\/td>\n<td width=\"455\">ul. Broniewskiego 8, 23<\/p>\n<p>ul. Broniewskiego 27, 29, 31, 33, 35<\/td>\n<\/tr>\n<tr>\n<td width=\"274\"><strong>&nbsp;<\/strong><\/p>\n<p><strong>Sobota<\/strong><\/p>\n<p>11.01. 2025 od 16:00<\/p>\n<p><strong>&nbsp;<\/strong><\/td>\n<td width=\"455\">ul. Broniewskiego 2, 4, 6<\/p>\n<p>ul. Mieszka I<\/p>\n<p>ul. Krzywoustego<\/td>\n<\/tr>\n<\/tbody>\n<\/table>\n<p><strong>&nbsp;<\/strong><\/p>\n<p><strong>Prosimy o przygotowanie si\u0119 do wizyty duszpasterskiej:<\/strong><\/p>\n<ul>\n<li>Obecna ca\u0142a rodzina<\/li>\n<li>Dzieci przygotowuj\u0105 zeszyty do religii, ziarenka potwierdzaj\u0105ce udzia\u0142 we Mszy \u015bw. niedzielnej a m\u0142odzie\u017c ksi\u0105\u017ceczki od przygotowania do Sakramentu Bierzmowania<\/li>\n<li>Bia\u0142y obrus, Pismo \u015awi\u0119te, Krzy\u017c, \u015bwiecznik, woda \u015bwi\u0119cona, kropid\u0142o<\/li>\n<li><strong><em>Tematyk\u0105 tegorocznej kol\u0119dy<\/em><\/strong><em> b\u0119dzie has\u0142o tegorocznego<\/em><\/li>\n<\/ul>\n<p><em>&nbsp;ROKU JUBILEUSZOWEGO <strong>\u201ePIELGRZYMI NADZIEI\u201d<\/strong> og\u0142oszonego przez Papie\u017ca Franciszka. <\/em><\/p>\n<p>&nbsp;<\/p>\n<p><strong>UWAGA !!!<\/strong> Kol\u0119dy rozpoczynamy od godz. 16:00<\/p>\n<p>&nbsp;<\/p>\n<p style=\"text-align: center;\"><em>&nbsp;<\/em><strong>Numer Konta Parafialnego<\/strong><\/p>\n<p style=\"text-align: center;\"><strong>PKO BP 72 1020 1752 0000 0102 0069 6047<\/strong><\/p>\n<p>&nbsp;<\/p>\n<figure id=\"block-5f437b95-503a-4f29-91f7-75b7c74612d1\" class=\"wp-block-image\"><img decoding=\"async\" src=\"http:\/\/rafalk-elblag.pl\/wp-content\/uploads\/2020\/04\/baner-intencje-mszy.jpg\" alt=\"Obrazek posiada pusty atrybut alt; plik o nazwie baner-intencje-mszy.jpg\"><\/figure>\n<h1 id=\"block-ebb85da5-2bf8-44c6-8a18-015b59726bae\" class=\"wp-block-heading\">Intencje mszalne<\/h1>\n<p>&nbsp;<\/p>\n<p>II Niedziela po Narodzeniu Pa\u0144skim 5 Stycznia 2025 \/ J 1, 1-18<br \/>\n8.00 O do\u015bwiadczenie Bo\u017cej Mi\u0142o\u015bci dla Karoliny i Oskara, Natalii i Sebastiana<br \/>\n10.00 \u015bp. Anna BEDNARCZYK 5 gr.<br \/>\n12.00 Za parafian<br \/>\n15.00 Dzi\u0119kczynna za 84 lat \u017cycia Barbary z pro\u015bb\u0105 o Bo\u017ce b\u0142ogos\u0142awie\u0144stwo i opiek\u0119 Matki Bo\u017cej Szkaplerznej<br \/>\n18.00 \u015bp. Stanis\u0142aw WASZAK i zm. rodzic\u00f3w z obojga stron<\/p>\n<p>PONIEDZIA\u0141EK \/ 6 Stycznia 2025\/ Objawienie Pa\u0144skie \/ Mt 2, 1-12<br \/>\n8.00 Dzi\u0119kczynna z okazji 70 urodzin Teresy Dudzic z pro\u015bb\u0105 o Bo\u017ce b\u0142ogos\u0142awie\u0144stwo opiek\u0119 Matki Bo\u017cej Szkaplerznej na kolejne dni<br \/>\n10.00 \u015bp. Anna BEDNARCZYK 6 gr.<br \/>\n10.00 \u015bp. Krystyna Kami\u0144ska w 11r.\u015bm.<br \/>\n12.00 Za parafian<br \/>\n18.00 \u015bp. Boles\u0142aw MALINOWSKI w 6 rocznic\u0119 \u015bmierci<\/p>\n<p>WTOREK 7 Stycznia 2025 \/ Mt 4.12-17<br \/>\n8.00 \u015bp. Anna BEDNARCZYK 7 gr.<br \/>\n8.00 \u015bp. Teresa CYMBALSKA<br \/>\n15.00 \u015bp. Tadeusz TONGA w 3r.\u015bm. \u015bp. Jan i zm. z rodz. TONGA i KONIECZNYCH<\/p>\n<p>\u015aRODA \/ 8 Stycznia 2025 \/ Mk 6,34-44<br \/>\n8.00 \u015bp. Anna BEDNARCZYK 8 gr.<br \/>\n8.00 Dzi\u0119kczynna za \u0142ask\u0119 zdrowia Barbary i ca\u0142ej rodziny z pro\u015bb\u0105 o dalsz\u0105 opiek\u0119<br \/>\n15.00 \u015bp. W\u0142adys\u0142aw STOLARSKI w 1 rocznic\u0119 \u015bmierci<\/p>\n<p>CZWARTEK \/ 9 Stycznia 2025 \/Mk 6,45-52<br \/>\n8.00 \u015bp. Anna BEDNARCZYK 9 gr.<br \/>\n8.00 W intencji dzieci, wnuk\u00f3w o \u017cyw\u0105 wiar\u0119, nadziej\u0119 i mi\u0142o\u015bci oraz do\u015bwiadczenie Bo\u017cej mi\u0142o\u015bci<br \/>\n15.00 \u015bp. Apoloniusz KOMUDA w 12r.\u015bm.<\/p>\n<p>PI\u0104TEK \/ 10 Stycznia 2025 \/ \u0141k 4, 14-22a<br \/>\n8.00 \u015bp. Anna BEDNARCZYK 10 gr.<br \/>\n8.00 O Bo\u017ce b\u0142og. dary Ducha \u015bwi\u0119tego i opiek\u0119 Matki Bo\u017cej dla Patrycji i Przemys\u0142awa oraz dla wnuczki Klaudii<br \/>\n15.00 \u015bp. Jadwiga i Teofil<\/p>\n<p>SOBOTA \/ 11 Stycznia 2025 \/ \u0141k 5, 12-16<br \/>\n8.00 \u015bp. Anna BEDNARCZYK 11 gr.<br \/>\n8.00 Rez.<br \/>\n15.00 O Bo\u017ce b\u0142og. potrzebne \u0142aski opiek\u0119 Matki Bo\u017cej, dla kap\u0142an\u00f3w i wszystkich R\u00f3\u017c R\u00f3\u017ca\u0144cowych na 2025 r. &#8211; intencja od 2 R\u00f3\u017cy M.B Gietrzwa\u0142dzkiej<\/p>\n<p>Niedziela Chrztu Pa\u0144skiego 12 Stycznia 2025 \/ \u0141k 3, 15-16, 21-22<\/p>\n<p>8.00 \u015bp. Jadwiga i Micha\u0142 \u0141ASTOWSCY, Zbigniew \u0141ASTOWSKI<br \/>\n10.00 O uprzedzaj\u0105c\u0105 \u0142ask\u0119 wszelkich natchnie\u0144, si\u0142\u0119 i rozwag\u0119, by wprowadzane w \u017cycie zaowocowa\u0142y ca\u0142kowitym przylgni\u0119ciem do Pana Boga dla Nikodema i jego rodziny, Agnieszki i ca\u0142ej rodziny zakonnej oraz dla Magdaleny i jej rodziny<br \/>\n12.00 Za parafian<br \/>\n15.00 \u015bp. Anna BEDNARCZYK 12 gr.<br \/>\n18.00 O Bo\u017ce b\u0142og. dary Ducha \u015awi\u0119tego i opiek\u0119 Matki Bo\u017cej dla ks. Arkadiusza GRABOWSKIEGO z okazji imienin<\/p>\n<p><img loading=\"lazy\" decoding=\"async\" class=\"\" src=\"https:\/\/poczta.wp.pl\/api\/v1\/emls\/212102e67498acbdfb241d39\/bcid\/NTg4MzNDQ0YtRkJCNy00MzNDLUJGNkYtRjI4NzM3NzAzOTdB\" width=\"192\" height=\"192\"><\/p>\n<p>&nbsp;<\/p>\n","protected":false},"excerpt":{"rendered":"<p>&nbsp; Objawienie Pa\u0144skie 6 stycznia Ko\u015bci\u00f3\u0142 obchodzi Uroczysto\u015b\u0107 Objawienia Pa\u0144skiego. Jest to, obok Wielkanocy, najstarsze \u015bwi\u0119to chrze\u015bcija\u0144skie. W II w. w ten dzie\u0144 wspominano Chrzest Pa\u0144ski, w IV w. w Tracji i Egipcie \u015bwi\u0119towano Epifani\u0119, czyli wydarzenia z \u017cycia Jezusa, takie jak narodzenie, chrzest w Jordanie, pok\u0142on M\u0119drc\u00f3w, cud w Kanie. W V w. Objawienie [&hellip;]<\/p>\n","protected":false},"author":1,"featured_media":5675,"comment_status":"closed","ping_status":"closed","sticky":false,"template":"","format":"standard","meta":{"ngg_post_thumbnail":0,"footnotes":""},"categories":[11,8,4,3],"tags":[],"class_list":["post-5674","post","type-post","status-publish","format-standard","has-post-thumbnail","hentry","category-aktualnosci","category-blog","category-intencje","category-ogloszenia"],"_links":{"self":[{"href":"https:\/\/rafalk-elblag.pl\/index.php?rest_route=\/wp\/v2\/posts\/5674","targetHints":{"allow":["GET"]}}],"collection":[{"href":"https:\/\/rafalk-elblag.pl\/index.php?rest_route=\/wp\/v2\/posts"}],"about":[{"href":"https:\/\/rafalk-elblag.pl\/index.php?rest_route=\/wp\/v2\/types\/post"}],"author":[{"embeddable":true,"href":"https:\/\/rafalk-elblag.pl\/index.php?rest_route=\/wp\/v2\/users\/1"}],"replies":[{"embeddable":true,"href":"https:\/\/rafalk-elblag.pl\/index.php?rest_route=%2Fwp%2Fv2%2Fcomments&post=5674"}],"version-history":[{"count":6,"href":"https:\/\/rafalk-elblag.pl\/index.php?rest_route=\/wp\/v2\/posts\/5674\/revisions"}],"predecessor-version":[{"id":5681,"href":"https:\/\/rafalk-elblag.pl\/index.php?rest_route=\/wp\/v2\/posts\/5674\/revisions\/5681"}],"wp:featuredmedia":[{"embeddable":true,"href":"https:\/\/rafalk-elblag.pl\/index.php?rest_route=\/wp\/v2\/media\/5675"}],"wp:attachment":[{"href":"https:\/\/rafalk-elblag.pl\/index.php?rest_route=%2Fwp%2Fv2%2Fmedia&parent=5674"}],"wp:term":[{"taxonomy":"category","embeddable":true,"href":"https:\/\/rafalk-elblag.pl\/index.php?rest_route=%2Fwp%2Fv2%2Fcategories&post=5674"},{"taxonomy":"post_tag","embeddable":true,"href":"https:\/\/rafalk-elblag.pl\/index.php?rest_route=%2Fwp%2Fv2%2Ftags&post=5674"}],"curies":[{"name":"wp","href":"https:\/\/api.w.org\/{rel}","templated":true}]}}