{"id":5669,"date":"2024-12-28T10:01:04","date_gmt":"2024-12-28T10:01:04","guid":{"rendered":"https:\/\/rafalk-elblag.pl\/?p=5669"},"modified":"2024-12-28T10:01:04","modified_gmt":"2024-12-28T10:01:04","slug":"ogloszenia-parafialne-29-12-2024-r-uroczystosc-swietej-bozej-rodzicielki-maryi","status":"publish","type":"post","link":"https:\/\/rafalk-elblag.pl\/?p=5669","title":{"rendered":"OG\u0141OSZENIA PARAFIALNE  29.12.2024 r. UROCZYSTO\u015a\u0106 \u015aWI\u0118TEJ BO\u017bEJ RODZICIELKI MARYI"},"content":{"rendered":"<p><strong>Modlitwa do \u015awi\u0119tej Rodziny<\/strong><\/p>\n<p>&nbsp;<\/p>\n<p><strong>M\u00f3j Odkupicielu!<\/strong> Ty nam otworzy\u0142e\u015b dom swojego Ojca. Sam nas poucza\u0142e\u015b, \u017ce przez Ciebie mo\u017cemy u Twego Ojca wszystko uzyska\u0107. Wlej w nasze serca \u0142ask\u0119 ducha modlitwy, dzi\u0119ki kt\u00f3remu mo\u017cemy sobie wszystko wyprosi\u0107, podobnie jak niegdy\u015b obdarowa\u0142e\u015b swoich Aposto\u0142\u00f3w.<\/p>\n<p>Pragniemy przede wszystkim mi\u0142owa\u0107 Ciebie tutaj na ziemi, a w przysz\u0142o\u015bci, w domu naszego Ojca, sta\u0107 si\u0119 uczestnikami Twojej szcz\u0119\u015bliwo\u015bci i chwa\u0142y.<\/p>\n<p><strong>Maryjo, nasza Matko i Or\u0119downiczko u Boga!<\/strong> Ciebie nazywamy Bram\u0105 Niebiesk\u0105. Przez Ciebie mog\u0105 tam wej\u015b\u0107 wszyscy, kt\u00f3rzy z ufno\u015bci\u0105 Ciebie wzywaj\u0105. W La Salette powiedzia\u0142a\u015b:<\/p>\n<p><em>\u201eMusz\u0119 nieustannie b\u0142aga\u0107 za was mojego Syna\u201d.<\/em> Upro\u015b nam \u0142ask\u0119 nieustannej modlitwy wraz z Tob\u0105, a w\u00f3wczas na pewno zostaniemy ocaleni.<\/p>\n<p>\u015awi\u0119ty J\u00f3zefie, wybrana G\u0142owo Bo\u017cej Rodziny, kt\u00f3rego \u017cycie by\u0142o bogate w ducha modlitwy. Nikt nie jest tak bliski Jezusowi i Maryi, jak Ty. Roztocz swoj\u0105 opiek\u0119 nad wszystkimi dzie\u0107mi Ko\u015bcio\u0142a, kt\u00f3rego jeste\u015b patronem, by\u015bmy wszyscy mogli otrzyma\u0107 ducha modlitwy.<\/p>\n<p>&nbsp;<\/p>\n<p><strong><u>&nbsp;<\/u><\/strong><\/p>\n<p><strong><u>PROGRAM WIZYTY DUSZPASTERSKIEJ<\/u><\/strong><\/p>\n<p><strong><u>W PARAFII \u015aW. RAFA\u0141A KALINOWSKIEGO<\/u><\/strong><\/p>\n<p><strong><u>&nbsp;<\/u><\/strong><\/p>\n<table>\n<tbody>\n<tr>\n<td width=\"274\"><strong>Poniedzia\u0142ek<\/strong><\/p>\n<p>30.12.2024r. od 16:00<\/td>\n<td width=\"455\">&nbsp;<\/p>\n<p>ul. Leszczy\u0144skiego 24, 25, 26, 27<\/p>\n<p>ul. Leszczy\u0144skiego 28, 29, 30, 31<\/p>\n<p>ul. Myliusa 1 ( 1-36)<\/p>\n<p>&nbsp;<\/td>\n<\/tr>\n<tr>\n<td width=\"274\"><strong>Czwartek<\/strong><\/p>\n<p>2.01.2025r. od 16:00<\/td>\n<td width=\"455\">&nbsp;<\/p>\n<p>ul. Myliusa 2, 3, 4, 5<\/p>\n<p>ul. Myliusa 6, 7, 8, 10<\/p>\n<p>ul. Myliusa 11, 12, 13, 14<\/p>\n<p>&nbsp;<\/td>\n<\/tr>\n<tr>\n<td width=\"274\"><strong>Pi\u0105tek<\/strong><\/p>\n<p>3.01.2025r. od 16:00<\/td>\n<td width=\"455\">&nbsp;<\/p>\n<p>ul. Myliusa 15, 16, 17, 18, 19<\/p>\n<p>ul. Sobieskiego 2A, 2B<\/p>\n<p>ul. Sobieskiego 2, 4, 6, 8, 10<\/p>\n<p>&nbsp;<\/td>\n<\/tr>\n<tr>\n<td width=\"274\"><strong>&nbsp;<\/strong><\/p>\n<p><strong>Sobota<\/strong><\/p>\n<p>4.01. 2025 od 16:00<\/p>\n<p><strong>&nbsp;<\/strong><\/td>\n<td width=\"455\">&nbsp;<\/p>\n<p>ul. \u0141okietka 1- 65<\/p>\n<p>ul. \u0141okietka 2 &#8211; 62<\/p>\n<p>ul. \u0141okietka 67 \u2013 127<\/p>\n<p>&nbsp;<\/td>\n<\/tr>\n<\/tbody>\n<\/table>\n<p><strong>&nbsp;<\/strong><\/p>\n<p><strong>Prosimy o przygotowanie si\u0119 do wizyty duszpasterskiej:<\/strong><\/p>\n<p><strong>&nbsp;<\/strong><\/p>\n<ul>\n<li>Obecna ca\u0142a rodzina<\/li>\n<li>Dzieci przygotowuj\u0105 zeszyty do religii, <strong>ziarenka<\/strong> potwierdzaj\u0105ce udzia\u0142 we Mszy \u015bw. niedzielnej a m\u0142odzie\u017c ksi\u0105\u017ceczki od przygotowania do Sakramentu Bierzmowania<\/li>\n<li>Bia\u0142y obrus, Pismo \u015awi\u0119te, Krzy\u017c, \u015bwiecznik, woda \u015bwi\u0119cona, kropid\u0142o<\/li>\n<li><strong><em>Tematyk\u0105 tegorocznej kol\u0119dy<\/em><\/strong><em> b\u0119dzie has\u0142o tegorocznego<\/em><\/li>\n<\/ul>\n<p><em>&nbsp;ROKU JUBILEUSZOWEGO <strong>\u201ePIELGRZYMI NADZIEI\u201d<\/strong> og\u0142oszonego przez Papie\u017ca Franciszka. <\/em><\/p>\n<p>&nbsp;<\/p>\n<p><strong>UWAGA !!!<\/strong> Kol\u0119dy rozpoczynamy od godz. 16:00<\/p>\n<p>&nbsp;<\/p>\n<p>&nbsp;<\/p>\n<figure id=\"block-11bfdc70-3a14-4d5e-94a4-c45b2bb4a6cf\" class=\"wp-block-image\"><a href=\"http:\/\/rafalk-elblag.pl\/wp-content\/uploads\/2021\/08\/ogloszenia-parafialne-baner-01a.jpg\"><img decoding=\"async\" src=\"http:\/\/rafalk-elblag.pl\/wp-content\/uploads\/2021\/08\/ogloszenia-parafialne-baner-01a.jpg\" alt=\"Obrazek posiada pusty atrybut alt; plik o nazwie ogloszenia-parafialne-baner-01a.jpg\"><\/a><\/figure>\n<p><strong>&nbsp;<\/strong>&nbsp;<\/p>\n<p><strong>OG\u0141OSZENIA PARAFIALNE&nbsp; 29.12.2024 r.<\/strong><\/p>\n<p><strong>UROCZYSTO\u015a\u0106 \u015aWI\u0118TEJ BO\u017bEJ RODZICIELKI MARYI<\/strong><\/p>\n<p><strong>&nbsp;<\/strong><\/p>\n<ol>\n<li><strong>W NOWY ROK<\/strong>, (\u015aRODA) Ko\u015bci\u00f3\u0142 obchodzi Uroczysto\u015b\u0107 \u015awi\u0119tej Bo\u017cej Rodzicielki Maryi. Jest to <strong>\u015aWIATOWY DZIE\u0143 MODLITW O POK\u00d3J,<\/strong> pro\u015bmy szczeg\u00f3lnie o ten pok\u00f3j na UKRAINIE oraz w ZIEMI \u015aWI\u0118TEJ.<\/li>\n<\/ol>\n<p><strong>Zapraszamy w tym dniu na Msze \u015bw. o godz. 8:00, 10:00, 12:00 i o godz. 18:00.<\/strong><\/p>\n<ol start=\"2\">\n<li>W najbli\u017csz\u0105 niedziel\u0119 zapraszamy na comiesi\u0119czn\u0105 Adoracj\u0119 Naj\u015bwi\u0119tszego Sakramentu od godz. 16:00 do 18:00. <strong><em>Przyjd\u017a i oddaj Panu Bogu rozpocz\u0119ty Nowy Rok 2025.<\/em><\/strong><\/li>\n<li>Oktawa Narodzenia Pa\u0144skiego jest przed\u0142u\u017ceniem rado\u015bci wierz\u0105cych z przyj\u015bcia na \u015bwiat Syna Bo\u017cego. <strong><em>Zapraszamy na Msze \u015bw. o godz. 8:00 i 15:00.<\/em><\/strong><\/li>\n<li><strong>UWAGA!!!<\/strong> W trakcie Wizyt Duszpasterskich czyli KOL\u0118DY <strong>nie b\u0119dzie<\/strong> sprawowana Msza \u015bw. o godz. 18:00 &#8211; zostaje ona przeniesiona na <strong> 15:00<\/strong>. <em>Zapraszamy.<\/em><\/li>\n<li>W tym tygodniu przypada pierwszy czwartek, pi\u0105tek i sobota miesi\u0105ca:<\/li>\n<\/ol>\n<ul>\n<li><strong>I czwartek miesi\u0105ca<\/strong> <strong>(2.01.) \u2013<\/strong> zapraszamy na Msz\u0119 \u015bw. <strong>o godz. 15:00,<\/strong> a po niej na Adoracj\u0119. <em>Zapraszamy wszystkie \u201eMargaretki\u201d i osoby modl\u0105ce si\u0119 za kap\u0142an\u00f3w.<\/em><\/li>\n<li><strong>I pi\u0105tek miesi\u0105ca<\/strong> <strong>(3.01.)<\/strong> zapraszamy do skorzystania z Sakramentu Spowiedzi od godz. 7:45 lub od godz. 14:45. W tym dniu b\u0119dzie odprawiana Msza \u015bw. o godz. 8:00 i o godz.15:00. W tym dniu dzieci i m\u0142odzie\u017c zapraszamy szczeg\u00f3lnie na Msz\u0119 \u015bw. o <strong> 15:00. <\/strong><\/li>\n<li><strong>I sobota miesi\u0105ca (4.01.) z<\/strong>apraszamy na Msz\u0119 \u015bw. godz. <strong>15:00<\/strong> a bezpo\u015brednio po Mszy \u015bw. na NABO\u017bE\u0143STWO WYNAGRADZAJ\u0104CE w ramach nabo\u017ce\u0144stwa pierwszych pi\u0119ciu sob\u00f3t, o kt\u00f3re prosi\u0142a Matka Bo\u017ca w Fatimie.<\/li>\n<\/ul>\n<ol start=\"6\">\n<li>Do chorych z racji pierwszego pi\u0105tku miesi\u0105ca (3.01.) kap\u0142ani udadz\u0105 si\u0119 od godz. 9:30<\/li>\n<li>Kancelaria Parafialna z racji trwaj\u0105cej KOL\u0118DY czynna b\u0119dzie czynna tylko w sobot\u0119 od godz. 11:00 do 12:30. Zapraszamy.<\/li>\n<li>Trwa wizyta duszpasterska w naszej parafii. W tym tygodniu kol\u0119d\u0119 rozpoczynamy od godz. 16:00. Grafik kol\u0119dy znajdziemy w Biuletynie. <strong>W trakcie kol\u0119dy podczas Mszy \u015bw. o godz. 8:00 i o godz. 15:00 polecamy rodziny do kt\u00f3rych udamy si\u0119 z Wizyt\u0105 Duszpastersk\u0105. Tym bardziej zach\u0119camy osoby dysponuj\u0105ce czasem do wsp\u00f3lnej modlitwy.<\/strong><\/li>\n<li>Pragn\u0119 poinformowa\u0107 \u017ce pod ch\u00f3rem znajduje si\u0119 naczynie z <strong>WOD\u0104 \u015aWIECON\u0104<\/strong>. Prosz\u0119 o&nbsp; zaopatrzenie si\u0119 w te wod\u0119 do po\u015bwiecenia mieszkania podczas kol\u0119dy.<\/li>\n<li>W tradycji przyj\u0119te jest, \u017ce podczas kol\u0119dy ministranci i lektorzy otrzymuj\u0105 dobrowolne ofiary jako wyraz wdzi\u0119czno\u015bci za pos\u0142ug\u0119 przy O\u0142tarzu Pa\u0144skim. Zebrane ofiary przeznaczone b\u0119d\u0105 na ich wsp\u00f3lny wyjazd. <em>Za okazane dobro<\/em> <em>dzi\u0119kujemy!<\/em><\/li>\n<li>Parafian, kt\u00f3rzy pragn\u0105 podzi\u0119kowa\u0107 za ko\u0144cz\u0105cy si\u0119 ROK 2024 zapraszamy we wtorek (31 grudnia) <strong>na Msz\u0119 \u015bw. godz. 15:00<\/strong> oraz na nabo\u017ce\u0144stwo dzi\u0119kczynno-przeb\u0142agalne przed Naj\u015bwi\u0119tszym Sakramentem bezpo\u015brednio po Mszy \u015bw.<\/li>\n<li>Wszystkim Jubilatom i Solenizantom tego tygodnia \u017cyczymy wielu \u0142ask Bo\u017cych i opieki Matki Bo\u017cej Szkaplerznej.<\/li>\n<li>Za tydzie\u0144 ofiary z\u0142o\u017cone na tac\u0119 przeznaczone b\u0119d\u0105 uregulowanie rachunku za ogrzewanie Ko\u015bcio\u0142a. <em>Dzi\u0119kuj\u0119 za zrozumienie i z\u0142o\u017cone ofiary.<\/em><\/li>\n<li><em><u> PROSIMY O ZAMYKANIE DRZWI PRZY WCHODZENIU I WYCHODZENIU Z KO\u015aCIO\u0141A PONIEWA\u017b KO\u015aCI\u00d3\u0141 JEST OGRZEWANY. <strong>DZI\u0118KUJEMY.<\/strong><\/u><\/em><\/li>\n<\/ol>\n<p><strong><u>&nbsp;<\/u><\/strong><\/p>\n<p style=\"text-align: center;\"><em>&nbsp;<\/em><strong>Numer Konta Parafialnego<\/strong><\/p>\n<p style=\"text-align: center;\"><strong>PKO BP 72 1020 1752 0000 0102 0069 6047<\/strong><\/p>\n<p>&nbsp;<\/p>\n<figure id=\"block-5f437b95-503a-4f29-91f7-75b7c74612d1\" class=\"wp-block-image\"><img decoding=\"async\" src=\"http:\/\/rafalk-elblag.pl\/wp-content\/uploads\/2020\/04\/baner-intencje-mszy.jpg\" alt=\"Obrazek posiada pusty atrybut alt; plik o nazwie baner-intencje-mszy.jpg\"><\/figure>\n<h1 id=\"block-ebb85da5-2bf8-44c6-8a18-015b59726bae\" class=\"wp-block-heading\">Intencje mszalne<\/h1>\n<p>Niedziela \u015awi\u0119tej Rodziny 29 Grudnia 2024 \/ \u0141k 2, 41 -52<\/p>\n<p>8.00 \u015bp. Wiktor IDZIKOWSKI (gr. 29)<br \/>\n10.00 Dzi\u0119kczynna w 14 urodziny Zuzanny z pro\u015bb\u0105 o potrzebne \u0142aski, zdrowie, dary Ducha \u015awi\u0119tego<br \/>\n10.00 \u015ap. Maksymilian SZYD\u0141OWSKI 38r.\u015bm. Marta SZYD\u0141OWSKA w 19r.\u015bm.<br \/>\n12.00 Za parafian<br \/>\n15.00 Dzi\u0119kczynna w rocznic\u0119 \u015blubu Jolanty i Ryszarda z pro\u015bb\u0105 o Bo\u017ce b\u0142og i potrzebne \u0142aski i dary Ducha \u015awi\u0119tego<br \/>\n18.00 Z okazji 18 rocznicy \u015blubu Magdaleny i Piotra ASIUKIEWICZ z pro\u015bb\u0105 o Bo\u017ce b\u0142og. i potrzebne \u0142aski oraz opiek\u0119 Matki Bo\u017cej<\/p>\n<p>PONIEDZIA\u0141EK \/ 30 Grudnia 2024 \/ \u0141k 2, 36-40<\/p>\n<p>8.00 \u015bp. Wiktor IDZIKOWSKI (gr. 30)<br \/>\n8.00 O Bo\u017ce b\u0142og. potrzebne \u0142aski dla Eugeniusza WILE\u0143SKIEGO z okazji Imienin<br \/>\n15.00 Dzi\u0119kczynna za otrzymane \u0142aski w ko\u0144cz\u0105cym si\u0119 roku z pro\u015bb\u0105 o dalsz\u0105 opiek\u0119 Bo\u017ce B\u0142ogos\u0142\u0105wie\u0144stwo dla Jadwigi<\/p>\n<p>WTOREK 31 Grudnia 2024 \/ J 1, 1-18<\/p>\n<p>8.00 Dzi\u0119kczynna z okazji Imienin Eugeniusza WILE\u0143SKIEGO z pro\u015bb\u0105 o Bo\u017ce b\u0142ogos\u0142awie\u0144stwo i potrzebne \u0142aski dla Solenizanta<br \/>\n8.00 \u015ap. Leonora(k) i Kazimierz, Jerzy z rodziny ZIELI\u0143SKICH<br \/>\n15.00 Za parafian<\/p>\n<p>\u015aRODA \/ 1 Stycznia 2025 \/\u015bwi\u0119tej Bo\u017cej Rodzicielki Maryi\/ \u0141k. 2, 16-21<\/p>\n<p>8.00 \u015bp. Helena i Ignacy RYMARCZYK (od Jacka Szustewa z rodzin\u0105)<br \/>\n10.00 Dzi\u0119kczynno &#8211; b\u0142agalna z okazji 7 urodzin Miko\u0142aja z pro\u015bb\u0105 o Bo\u017ce b\u0142ogos\u0142awie\u0144stwo opiek\u0105 Matki Bo\u017cej dla ca\u0142ej rodziny<br \/>\n12.00 Za parafian<br \/>\n18.00 \u015bp. Anna BEDNARCZYK 1 gr.<\/p>\n<p>CZWARTEK \/ 2 Stycznia 2025 \/\u015bw. Bazylego Wielkiego i Grzegorza z Nazjanzu \/ J 1.19-28<\/p>\n<p>8.00 \u015bp. Anna BEDNARCZYK 2 gr.<br \/>\n8.00 \u015bp. Bronis\u0142aw (m) SOSNOWSKI w 4 r. \u015bm.<br \/>\n15.00 Dzi\u0119kczynna za odnalezienie synka<\/p>\n<p>PI\u0104TEK \/ 3 Stycznia 2025\/ Naj\u015bwi\u0119tszego Imienia Jezusa J 1, 29-34<\/p>\n<p>8.00 \u015bp. Anna BEDNARCZYK 3 gr.<br \/>\n8.00 O szcz\u0119\u015bliw\u0105 operacj\u0119 dla Gra\u017cyny \u015aled\u017a oraz o \u015bwiat\u0142o Ducha \u015aw. dla lekarzy<br \/>\n15.00 \u015bp. Ryszarda (k) TOMCZAK w 2 r.\u015bm<\/p>\n<p>SOBOTA \/ 4 Stycznia 2025 \/ J 1, 35-42<\/p>\n<p>8.00 \u015bp. Anna BEDNARCZYK 4 gr.<br \/>\n8.00 Dzi\u0119kczynno b\u0142agalna o Bo\u017ce b\u0142ogos\u0142awie\u0144stwo i obfite \u0142aski Mieczys\u0142awa LENCKOWSKIEGO z okazji imienin i urodzin (intencja od \u017cony i rodziny)<br \/>\n15.00 \u015bp. Maria w 20 r.\u015bm. Krystyna w 14 r.\u015bm i zm z rodz. KO\u0141ODZIEJCZYK<\/p>\n<p>II Niedziela po Narodzeniu Pa\u0144skim 5 Stycznia 2025 \/ J 1, 1-18<\/p>\n<p>8.00 O do\u015bwiadczenie Bo\u017cej Mi\u0142o\u015bci dla Karoliny i Oskara, Natalii i Sebastiana<br \/>\n10.00 \u015bp. Anna BEDNARCZYK 5 gr.<br \/>\n12.00 Za parafian<br \/>\n15.00 Dzi\u0119kczynna za 84 lat \u017cycia Barbary z pro\u015bb\u0105 o Bo\u017ce b\u0142ogos\u0142awie\u0144stwo i opiek\u0119 Matki Bo\u017cej Szkaplerznej<br \/>\n18.00 \u015bp. Stanis\u0142aw WASZAK i zm. rodzic\u00f3w z obojga stron<\/p>\n<p>&nbsp;<\/p>\n","protected":false},"excerpt":{"rendered":"<p>Modlitwa do \u015awi\u0119tej Rodziny &nbsp; M\u00f3j Odkupicielu! Ty nam otworzy\u0142e\u015b dom swojego Ojca. Sam nas poucza\u0142e\u015b, \u017ce przez Ciebie mo\u017cemy u Twego Ojca wszystko uzyska\u0107. Wlej w nasze serca \u0142ask\u0119 ducha modlitwy, dzi\u0119ki kt\u00f3remu mo\u017cemy sobie wszystko wyprosi\u0107, podobnie jak niegdy\u015b obdarowa\u0142e\u015b swoich Aposto\u0142\u00f3w. Pragniemy przede wszystkim mi\u0142owa\u0107 Ciebie tutaj na ziemi, a w przysz\u0142o\u015bci, [&hellip;]<\/p>\n","protected":false},"author":1,"featured_media":5670,"comment_status":"closed","ping_status":"closed","sticky":false,"template":"","format":"standard","meta":{"ngg_post_thumbnail":0,"footnotes":""},"categories":[11,8,4,3],"tags":[],"class_list":["post-5669","post","type-post","status-publish","format-standard","has-post-thumbnail","hentry","category-aktualnosci","category-blog","category-intencje","category-ogloszenia"],"_links":{"self":[{"href":"https:\/\/rafalk-elblag.pl\/index.php?rest_route=\/wp\/v2\/posts\/5669","targetHints":{"allow":["GET"]}}],"collection":[{"href":"https:\/\/rafalk-elblag.pl\/index.php?rest_route=\/wp\/v2\/posts"}],"about":[{"href":"https:\/\/rafalk-elblag.pl\/index.php?rest_route=\/wp\/v2\/types\/post"}],"author":[{"embeddable":true,"href":"https:\/\/rafalk-elblag.pl\/index.php?rest_route=\/wp\/v2\/users\/1"}],"replies":[{"embeddable":true,"href":"https:\/\/rafalk-elblag.pl\/index.php?rest_route=%2Fwp%2Fv2%2Fcomments&post=5669"}],"version-history":[{"count":1,"href":"https:\/\/rafalk-elblag.pl\/index.php?rest_route=\/wp\/v2\/posts\/5669\/revisions"}],"predecessor-version":[{"id":5671,"href":"https:\/\/rafalk-elblag.pl\/index.php?rest_route=\/wp\/v2\/posts\/5669\/revisions\/5671"}],"wp:featuredmedia":[{"embeddable":true,"href":"https:\/\/rafalk-elblag.pl\/index.php?rest_route=\/wp\/v2\/media\/5670"}],"wp:attachment":[{"href":"https:\/\/rafalk-elblag.pl\/index.php?rest_route=%2Fwp%2Fv2%2Fmedia&parent=5669"}],"wp:term":[{"taxonomy":"category","embeddable":true,"href":"https:\/\/rafalk-elblag.pl\/index.php?rest_route=%2Fwp%2Fv2%2Fcategories&post=5669"},{"taxonomy":"post_tag","embeddable":true,"href":"https:\/\/rafalk-elblag.pl\/index.php?rest_route=%2Fwp%2Fv2%2Ftags&post=5669"}],"curies":[{"name":"wp","href":"https:\/\/api.w.org\/{rel}","templated":true}]}}