{"id":5657,"date":"2024-12-18T20:41:15","date_gmt":"2024-12-18T20:41:15","guid":{"rendered":"https:\/\/rafalk-elblag.pl\/?p=5657"},"modified":"2025-01-05T08:11:03","modified_gmt":"2025-01-05T08:11:03","slug":"27-30-12-2024program-wizyty-duszpasterskiej-w-parafii-sw-rafala-kalinowskiego","status":"publish","type":"post","link":"https:\/\/rafalk-elblag.pl\/?p=5657","title":{"rendered":"30.12.2024 &#8211; 04.01.2025PROGRAM WIZYTY DUSZPASTERSKIEJ W PARAFII \u015aW. RAFA\u0141A KALINOWSKIEGO"},"content":{"rendered":"<p><strong><u>&nbsp;<\/u><\/strong><\/p>\n<p><strong><u>PROGRAM WIZYTY DUSZPASTERSKIEJ<\/u><\/strong><\/p>\n<p><strong><u>W PARAFII \u015aW. RAFA\u0141A KALINOWSKIEGO<\/u><\/strong><\/p>\n<p><strong><u>&nbsp;<\/u><\/strong><\/p>\n<table>\n<tbody>\n<tr>\n<td width=\"274\"><strong>Poniedzia\u0142ek<\/strong><\/p>\n<p>30.12.2024r. od 16:00<\/td>\n<td width=\"455\">ul. Leszczy\u0144skiego 24,25,26,27<\/p>\n<p>ul. Leszczy\u0144skiego 28, 29, 30, 31<\/p>\n<p>ul. Myliusa 1 ( 1-36)<\/p>\n<p>&nbsp;<\/td>\n<\/tr>\n<tr>\n<td width=\"274\"><strong>Czwartek<\/strong><\/p>\n<p>2.01.2025r. od 16:00<\/td>\n<td width=\"455\">&nbsp;<\/p>\n<p>ul. Myliusa 2, 3, 4, 5<\/p>\n<p>ul. Myliusa 6, 7, 8, 10<\/p>\n<p>ul. Myliusa 11, 12, 13, 14<\/p>\n<p>&nbsp;<\/td>\n<\/tr>\n<tr>\n<td width=\"274\"><strong>Pi\u0105tek<\/strong><\/p>\n<p>3.01.2025r. od 16:00<\/td>\n<td width=\"455\">&nbsp;<\/p>\n<p>ul. Myliusa 15, 16, 17, 18, 19<\/p>\n<p>ul. Sobieskiego 2A, 2B<\/p>\n<p>ul. Sobieskiego 2, 4, 6, 8, 10<\/p>\n<p>&nbsp;<\/td>\n<\/tr>\n<tr>\n<td width=\"274\"><strong>&nbsp;<\/strong><\/p>\n<p><strong>Sobota<\/strong><\/p>\n<p>4.01. 2025 od 16:00<\/p>\n<p><strong>&nbsp;<\/strong><\/td>\n<td width=\"455\">&nbsp;<\/p>\n<p>ul. \u0141okietka 1- 65<\/p>\n<p>ul. \u0141okietka 2 &#8211; 62<\/p>\n<p>ul. \u0141okietka 67 &#8211; 127<\/td>\n<\/tr>\n<\/tbody>\n<\/table>\n<p><strong><u>&nbsp;<\/u><\/strong><\/p>\n<p><strong>&nbsp;<\/strong><\/p>\n<p><strong>Prosimy o przygotowanie si\u0119 do wizyty duszpasterskiej:<\/strong><\/p>\n<p><strong>&nbsp;<\/strong><\/p>\n<ul>\n<li>Obecna ca\u0142a rodzina<\/li>\n<li>Dzieci przygotowuj\u0105 zeszyty do religii, ziarenka potwierdzaj\u0105ce udzia\u0142 we Mszy \u015bw. niedzielnej a m\u0142odzie\u017c ksi\u0105\u017ceczki od przygotowania do Sakramentu Bierzmowania<\/li>\n<li>Bia\u0142y obrus, Pismo \u015awi\u0119te, Krzy\u017c, \u015bwiecznik, woda \u015bwi\u0119cona, kropid\u0142o<\/li>\n<li><strong><em>Tematyk\u0105 tegorocznej kol\u0119dy<\/em><\/strong><em> b\u0119dzie has\u0142o tegorocznego<\/em><\/li>\n<\/ul>\n<p><em>&nbsp;ROKU JUBILEUSZOWEGO <strong>\u201ePIELGRZYMI NADZIEI\u201d<\/strong> og\u0142oszonego przez Papie\u017ca Franciszka. <\/em><\/p>\n<p>&nbsp;<\/p>\n<p><strong>UWAGA !!!<\/strong> Kol\u0119dy rozpoczynamy od godz. 16:00<\/p>\n","protected":false},"excerpt":{"rendered":"<p>&nbsp; PROGRAM WIZYTY DUSZPASTERSKIEJ W PARAFII \u015aW. RAFA\u0141A KALINOWSKIEGO &nbsp; Poniedzia\u0142ek 30.12.2024r. od 16:00 ul. Leszczy\u0144skiego 24,25,26,27 ul. Leszczy\u0144skiego 28, 29, 30, 31 ul. Myliusa 1 ( 1-36) &nbsp; Czwartek 2.01.2025r. od 16:00 &nbsp; ul. Myliusa 2, 3, 4, 5 ul. Myliusa 6, 7, 8, 10 ul. Myliusa 11, 12, 13, 14 &nbsp; Pi\u0105tek 3.01.2025r. [&hellip;]<\/p>\n","protected":false},"author":1,"featured_media":2620,"comment_status":"closed","ping_status":"closed","sticky":false,"template":"","format":"standard","meta":{"ngg_post_thumbnail":0,"footnotes":""},"categories":[6],"tags":[],"class_list":["post-5657","post","type-post","status-publish","format-standard","has-post-thumbnail","hentry","category-wizyta-duszpasterska"],"_links":{"self":[{"href":"https:\/\/rafalk-elblag.pl\/index.php?rest_route=\/wp\/v2\/posts\/5657","targetHints":{"allow":["GET"]}}],"collection":[{"href":"https:\/\/rafalk-elblag.pl\/index.php?rest_route=\/wp\/v2\/posts"}],"about":[{"href":"https:\/\/rafalk-elblag.pl\/index.php?rest_route=\/wp\/v2\/types\/post"}],"author":[{"embeddable":true,"href":"https:\/\/rafalk-elblag.pl\/index.php?rest_route=\/wp\/v2\/users\/1"}],"replies":[{"embeddable":true,"href":"https:\/\/rafalk-elblag.pl\/index.php?rest_route=%2Fwp%2Fv2%2Fcomments&post=5657"}],"version-history":[{"count":4,"href":"https:\/\/rafalk-elblag.pl\/index.php?rest_route=\/wp\/v2\/posts\/5657\/revisions"}],"predecessor-version":[{"id":5668,"href":"https:\/\/rafalk-elblag.pl\/index.php?rest_route=\/wp\/v2\/posts\/5657\/revisions\/5668"}],"wp:featuredmedia":[{"embeddable":true,"href":"https:\/\/rafalk-elblag.pl\/index.php?rest_route=\/wp\/v2\/media\/2620"}],"wp:attachment":[{"href":"https:\/\/rafalk-elblag.pl\/index.php?rest_route=%2Fwp%2Fv2%2Fmedia&parent=5657"}],"wp:term":[{"taxonomy":"category","embeddable":true,"href":"https:\/\/rafalk-elblag.pl\/index.php?rest_route=%2Fwp%2Fv2%2Fcategories&post=5657"},{"taxonomy":"post_tag","embeddable":true,"href":"https:\/\/rafalk-elblag.pl\/index.php?rest_route=%2Fwp%2Fv2%2Ftags&post=5657"}],"curies":[{"name":"wp","href":"https:\/\/api.w.org\/{rel}","templated":true}]}}