{"id":5655,"date":"2024-12-18T20:39:11","date_gmt":"2024-12-18T20:39:11","guid":{"rendered":"https:\/\/rafalk-elblag.pl\/?p=5655"},"modified":"2024-12-21T08:41:17","modified_gmt":"2024-12-21T08:41:17","slug":"ogloszenia-parafialne-22-12-2024-r","status":"publish","type":"post","link":"https:\/\/rafalk-elblag.pl\/?p=5655","title":{"rendered":"OG\u0141OSZENIA PARAFIALNE\u00a0 22.12.2024 r."},"content":{"rendered":"<p>\u017byczenia na Uroczysto\u015b\u0107 Narodzenia Pa\u0144skiego 2024 roku<\/p>\n<p><strong><em>Bo\u017ce Narodzenie&nbsp;<\/em><\/strong><em>rozpromienia swym \u015bwiat\u0142em wszelkie ciemno\u015bci jakie zalegaj\u0105 nad \u015bwiatem i nad naszym \u017cyciem. Niech \u015bwiadomo\u015b\u0107, \u017ce B\u00f3g jest obecny po\u015br\u00f3d nas, b\u0119dzie dla Was \u017ar\u00f3d\u0142em pokoju, nadziei<br \/>\ni rado\u015bci.<\/em><\/p>\n<p><strong><em>Oby\u015bmy, prze\u017cywaj\u0105c \u015awi\u0119ta Bo\u017cego Narodzenia<\/em><\/strong><em>, na nowo odczuli zdumienie w obliczu Tajemnicy Wcielenia oraz wdzi\u0119czno\u015b\u0107 za Mi\u0142o\u015b\u0107 Boga do nas, kt\u00f3ra przejawia si\u0119 w tym, \u017ce B\u00f3g ofiarowuje nam sw\u00f3j czas i daje si\u0119 nam w darze.<strong> Niech dobry B\u00f3g b\u0142ogos\u0142awi Wam i Waszym bliskim w Nowym 2025 Roku!<\/strong><\/em><\/p>\n<p>Duszpasterze Parafii \u015aw. Rafa\u0142a Kalinowskiego w Elbl\u0105gu<\/p>\n<p><strong><u>PROGRAM WIZYTY DUSZPASTERSKIEJ<\/u><\/strong><\/p>\n<p><strong><u>W PARAFII \u015aW. RAFA\u0141A KALINOWSKIEGO<\/u><\/strong><\/p>\n<p><strong><u>&nbsp;<\/u><\/strong><\/p>\n<table>\n<tbody>\n<tr>\n<td width=\"274\"><strong>&nbsp;<\/strong><\/p>\n<p><strong>Pi\u0105tek<\/strong><\/p>\n<p>27.12.2024r. od 16:00<\/td>\n<td width=\"455\">&nbsp;<\/p>\n<p>ul. Leszczy\u0144skiego 1, 2, 3, 4<\/p>\n<p>ul. Leszczy\u0144skiego 5, 6, 7, 8<\/td>\n<\/tr>\n<tr>\n<td width=\"274\"><strong>Sobota<\/strong><\/p>\n<p>28.12.2024r. od 16:00<\/td>\n<td width=\"455\">ul. Leszczy\u0144skiego 9, 10,&nbsp; 11 ,12<\/p>\n<p>ul. Leszczy\u0144skiego 13, 14, 15, 16<\/p>\n<p>ul. Leszczy\u0144skiego 20, 21, 22, 23<\/td>\n<\/tr>\n<tr>\n<td width=\"274\"><strong>Poniedzia\u0142ek<\/strong><\/p>\n<p>30.12.2024r. od 16:00<\/td>\n<td width=\"455\">ul. Leszczy\u0144skiego 24, 25, 26, 27<\/p>\n<p>ul. Leszczy\u0144skiego 28 ,29 ,30, 31<\/p>\n<p>ul. Myliusa 1 (1-36)<\/td>\n<\/tr>\n<\/tbody>\n<\/table>\n<p><strong>&nbsp;<\/strong><\/p>\n<p><strong>Prosimy o przygotowanie si\u0119 do wizyty duszpasterskiej:<\/strong><\/p>\n<p><strong>&nbsp;<\/strong><\/p>\n<ul>\n<li>Obecna ca\u0142a rodzina<\/li>\n<li>Dzieci przygotowuj\u0105 zeszyty do religii, ziarenka potwierdzaj\u0105ce udzia\u0142 we Mszy \u015bw. niedzielnej (ziarenka) a m\u0142odzie\u017c ksi\u0105\u017ceczki od przygotowania do Sakramentu Bierzmowania<\/li>\n<li>Bia\u0142y obrus, Pismo \u015awi\u0119te, Krzy\u017c, \u015bwiecznik, woda \u015bwi\u0119cona, kropid\u0142o<\/li>\n<\/ul>\n<p>&nbsp;<\/p>\n<ul>\n<li><strong><em>Tematyk\u0105 tegorocznej kol\u0119dy<\/em><\/strong><em> b\u0119dzie has\u0142o tegorocznego<\/em><\/li>\n<\/ul>\n<p><em>&nbsp;ROKU JUBILEUSZOWEGO <strong>\u201ePIELGRZYMI NADZIEI\u201d<\/strong> og\u0142oszonego przez Papie\u017ca Franciszka. <\/em><\/p>\n<p>&nbsp;<\/p>\n<p><strong>UWAGA !!!<\/strong> Kol\u0119dy w tym tygodniu rozpoczynamy od godz. 16:00<\/p>\n<p>&nbsp;<\/p>\n<p>&nbsp;<\/p>\n<figure id=\"block-11bfdc70-3a14-4d5e-94a4-c45b2bb4a6cf\" class=\"wp-block-image\"><a href=\"http:\/\/rafalk-elblag.pl\/wp-content\/uploads\/2021\/08\/ogloszenia-parafialne-baner-01a.jpg\"><img decoding=\"async\" src=\"http:\/\/rafalk-elblag.pl\/wp-content\/uploads\/2021\/08\/ogloszenia-parafialne-baner-01a.jpg\" alt=\"Obrazek posiada pusty atrybut alt; plik o nazwie ogloszenia-parafialne-baner-01a.jpg\"><\/a><\/figure>\n<p><strong>&nbsp;<\/strong>&nbsp;<\/p>\n<p><strong>OG\u0141OSZENIA PARAFIALNE&nbsp; 22.12.2024 r.<\/strong><\/p>\n<p><strong>&nbsp;<\/strong><strong>&nbsp; <\/strong><strong>&nbsp;IV NIEDZIELA &nbsp;ADWENTU <\/strong><\/p>\n<p><strong>UROCZYSTO\u015a\u0106 BO\u017bEGO NARODZENIA<\/strong><\/p>\n<ol>\n<li>Mamy jeszcze mo\u017cliwo\u015b\u0107 nabycia w zakrystii \u015bwiec na st\u00f3\u0142 wigilijny w ramach akcji <strong><em>\u201eWigilijne Dzie\u0142o Pomocy Dzieciom\u201d <\/em><\/strong>w cenie 12 z\u0142. i 25 z\u0142.<strong> Je\u015bli kto\u015b nie ma jeszcze po\u015bwi\u0119conego op\u0142atka na st\u00f3\u0142 wigilijny, mo\u017ce go naby\u0107 u pana Ko\u015bcielnego w zakrystii. <\/strong><\/li>\n<li>We wtorek 24 grudnia br. o godz. 6:30 ostatnie RORARY. W tym dniu po Mszy \u015bw. b\u0119dzie mo\u017cliwo\u015b\u0107 zabrania do domu <strong>\u015aWIATE\u0141KA BETLEJEMSKIEGO<\/strong> przyniesionego przez naszych harcerzy.<\/li>\n<li>Zach\u0119camy do godnego prze\u017cycia <strong>WIGILII BO\u017bEGO NARODZENIA<\/strong>. <strong>W tym roku mamy mo\u017cliwo\u015b\u0107 wybra\u0107 si\u0119 na Pasterk\u0119 o godz. 22:00<\/strong><strong> i o godz. 24:00.<\/strong> W Uroczysto\u015b\u0107 Narodzenia Pa\u0144skiego Msze b\u0119d\u0105 odprawiane o godz. 8:00, 10:00, 12:00 i 18:00. <strong><u>Nie ma Mszy \u015bw. o godz.&nbsp;15:00.<\/u> <\/strong><em>Przypominamy, \u017ce wed\u0142ug tradycji, wieczerza wigilijna powinna by\u0107 posi\u0142kiem bezmi\u0119snym i rozpoczyna\u0107 si\u0119 odczytaniem fragmentu Ewangelii i modlitw\u0105. <\/em><\/li>\n<\/ol>\n<p><em>Na stole wigilijnym niech zap\u0142onie \u015bwieca Caritas. <\/em><\/p>\n<ol start=\"4\">\n<li>W drugi dzie\u0144 \u015bwi\u0105t, taca przeznaczona jest na KATOLICKI UNIWERSYTET LUBELSKI oraz na Wy\u017csze Seminarium Duchowne Diecezji Elbl\u0105skiej, gdzie studiuje nasz diakon Amadeusz Babiel. <em>B\u00f3g zap\u0142a\u0107 za z\u0142o\u017cone ofiary.<\/em> <strong><em>Msze \u015bw. w tym dniu o godz. 8:00, 10:00, 12:00 i o godz. 18:00.<\/em><\/strong><\/li>\n<li>Oktawa Narodzenia Pa\u0144skiego jest przed\u0142u\u017ceniem rado\u015bci wierz\u0105cych z przyj\u015bcia na \u015bwiat Syna Bo\u017cego. <strong><em>Zapraszamy na Msze \u015bw. o godz. 8:00 i 15:00.<\/em><\/strong><\/li>\n<li><strong><u>UWAGA!!!<\/u><\/strong><strong><u> W trakcie Wizyt Duszpasterskich czyli KOL\u0118DY nie b\u0119dzie sprawowana Msza \u015bw. o godz. 18:00 &#8211; zostaje ona przeniesiona na godz. 15:00. <\/u><\/strong><\/li>\n<li>Kancelaria Parafialna z racji trwaj\u0105cej KOL\u0118DY czynna b\u0119dzie czynna tylko w sobot\u0119 od godz. 11:00 do 12:30. Zapraszamy.<\/li>\n<li>Wizyty duszpasterskie w tym roku rozpoczniemy 27 grudnia (pi\u0105tek) o godz. 16:00 od&nbsp; Leszczy\u0144skiego. <strong>W trakcie kol\u0119dy, b\u0119dzie sprawowana Eucharystia za rodziny, do kt\u00f3rych udamy si\u0119 z Wizyt\u0105 Duszpastersk\u0105. Tym bardziej zach\u0119camy osoby dysponuj\u0105ce czasem do wsp\u00f3lnej modlitwy.<\/strong><\/li>\n<li>W tradycji przyj\u0119te jest, \u017ce podczas kol\u0119dy ministranci i lektorzy otrzymuj\u0105 dobrowolne ofiary jako wyraz wdzi\u0119czno\u015bci za pos\u0142ug\u0119 przy O\u0142tarzu Pa\u0144skim. Zebrane ofiary przeznaczone b\u0119d\u0105 na ich wsp\u00f3lny wyjazd. <em>&nbsp;Za okazane dobro<\/em> <em>dzi\u0119kujemy!<\/em><\/li>\n<li><strong>Dzi\u0119kuj\u0119 tym wszystkim,<\/strong> kt\u00f3rzy w\u0142\u0105czyli si\u0119 w przygotowanie naszego Ko\u015bcio\u0142a do \u015awi\u0105t Bo\u017cego Narodzenia. Szczeg\u00f3lne wyrazy wdzi\u0119czno\u015bci sk\u0142adam pa\u0144stwu Bo\u017cenie, Henrykowi KULIG i panu Edmundowi i Zbigniewowi &#8211; ko\u015bcielnym oraz wszystkim kt\u00f3rzy po\u015bwiecili sw\u00f3j czas. <em>B\u00f3g zap\u0142a\u0107.<\/em><\/li>\n<\/ol>\n<ul>\n<li>Wszystkim Jubilatom i Solenizantom tego tygodnia \u017cyczymy wielu \u0142ask Bo\u017cych i opieki Matki Bo\u017cej Szkaplerznej.<\/li>\n<\/ul>\n<ol start=\"12\">\n<li>Zach\u0119camy do nabywania \u015bwi\u0105tecznego numeru <strong>\u201eGo\u015bcia Niedzielnego\u201d.<\/strong><\/li>\n<li><em><u> PROSIMY O ZAMYKANIE DRZWI PRZY WCHODZENIU I WYCHODZENIU Z KO\u015aCIO\u0141A PONIEWA\u017b KO\u015aCI\u00d3\u0141 JEST OGRZEWANY. <strong>DZI\u0118KUJEMY.<\/strong><\/u><\/em><\/li>\n<li>Pan powo\u0142a\u0142 do wieczno\u015bci:<\/li>\n<\/ol>\n<p>&nbsp;&nbsp;&nbsp;&nbsp;&nbsp;&nbsp;&nbsp;&nbsp;&nbsp;&nbsp;&nbsp;&nbsp;&nbsp;&nbsp;&nbsp;&nbsp;&nbsp;&nbsp;&nbsp;&nbsp;&nbsp;&nbsp;&nbsp;&nbsp;&nbsp;&nbsp;&nbsp;&nbsp;&nbsp; \u015bp. Bronis\u0142aw(m) KOCHOWICZ lat 71 z ul. Leszczy\u0144skiego<\/p>\n<p>&nbsp;<\/p>\n<p style=\"text-align: center;\"><em>&nbsp;<\/em><strong>Numer Konta Parafialnego<\/strong><\/p>\n<p style=\"text-align: center;\"><strong>PKO BP 72 1020 1752 0000 0102 0069 6047<\/strong><\/p>\n<p>&nbsp;<\/p>\n<figure id=\"block-5f437b95-503a-4f29-91f7-75b7c74612d1\" class=\"wp-block-image\"><img decoding=\"async\" src=\"http:\/\/rafalk-elblag.pl\/wp-content\/uploads\/2020\/04\/baner-intencje-mszy.jpg\" alt=\"Obrazek posiada pusty atrybut alt; plik o nazwie baner-intencje-mszy.jpg\"><\/figure>\n<h1 id=\"block-ebb85da5-2bf8-44c6-8a18-015b59726bae\" class=\"wp-block-heading\">Intencje mszalne<\/h1>\n<p>&nbsp;<\/p>\n<p>IV Niedziela Adwentu 22 Grudnia 2024 \/ \u0141k 1, 39 -45<br \/>\n8.00 \u015bp. Wiktor IDZIKOWSKI (gr. 22)<br \/>\n10.00 Dzi\u0119kczynna w 12 urodziny Marka i \u0141ukasza CZACHOROWSKICH z pro\u015bb\u0105 o potrzebne \u0142aski, zdrowie, dary Ducha \u015aw. oraz o gorliwo\u015b\u0107 w podj\u0119tych pos\u0142ugach<br \/>\n12.00 Dzi\u0119kczynna w 90 urodziny W\u0142adys\u0142awy(k) ZDROJEWSKIEJ z pro\u015bb\u0105 o Bo\u017ce b\u0142ogos\u0142awie\u0144stwo potrzebne \u0142aski dla Czcigodnej Jubilatki<br \/>\n12.00 Za parafian<br \/>\n15.00 Jadwiga i Stanis\u0142aw BYZDRA w 30r.\u015bm. i dziadk\u00f3w z obojga stron<br \/>\n18.00 \u015bp. Stanis\u0142aw KLONKOWSKI w 8r.\u015bm. i Stanis\u0142awa KLONKOWSKA w 7 r.\u015bm.<\/p>\n<p>PONIEDZIA\u0141EK \/ 23 Grudnia 2024 \/ \u0141k 1, 57-66<\/p>\n<p>6.30 \u015bp. Wiktor IDZIKOWSKI (gr. 23)<br \/>\n18.00 \u015bp. Janina OBREBSKA w 2r.\u015bm<\/p>\n<p>WTOREK 24 Grudnia 2024 \/ \u0141k 2,1-14<\/p>\n<p>6.30 \u015bp. Wiktor IDZIKOWSKI (gr. 24) \u0141k 1, 67-79<br \/>\n22.00 Dzi\u0119kczynna za dar przyjaci\u00f3\u0142 z pro\u015bb\u0105 o Bo\u017ce b\u0142og. i opiek\u0119 MB. Szkaple\u017canej<br \/>\n24.00 \u015bp. Jolanta Karman w 11 r.\u015bm<\/p>\n<p>\u015aRODA \/ 25 Grudnia 2024 \/ Mt 1, 18-24<\/p>\n<p>8.00 Za zmar\u0142ych z rodzin Groszyk\u00f3w i Walkowiak\u00f3w<br \/>\n10.00 \u015bp. Wiktor IDZIKOWSKI (gr. 25)<br \/>\n10.00 \u015bp. Stefania (k) Zawada w 1r.\u015bm. Aleksander (m) Zawada w 13r.\u015bm.<br \/>\n12.00 Dzi\u0119kczynna w 50 r. \u015blubu Krystyny i Jana ROMANOWSKICH z pro\u015bb\u0105 o Bo\u017ce b\u0142og. potrzebne \u0142aski dla Z\u0142otych Jubilat\u00f3w<br \/>\n18.00 Amelia KUROWSKA w dniu 18 urodzin z pro\u015bb\u0105 o dalsze Bo\u017ce b\u0142og. i potrzebne \u0142aski<\/p>\n<p>CZWARTEK \/ 26 Grudnia 2024 \/ Mt 10,17-22<\/p>\n<p>8.00 \u015bp. J\u00f3zef (m) Czeszejko &#8211; Sochacki<br \/>\n10.00 \u015bp. Wiktor IDZIKOWSKI (gr. 26)<br \/>\n12.00 \u015bp. Danuta Kondracka w 8 miesi\u0105c po \u015bmierci<br \/>\n18.00 \u015ap. Stanis\u0142aw Kowalski w 2 miesi\u0105ce po \u015bmierci<\/p>\n<p>PI\u0104TEK \/ 27 Grudnia 2024 \/ J 20,2-8<\/p>\n<p>8.00 Dzi\u0119kczynna za dar \u017cycia 13 lat z pro\u015bb\u0105 o \u0142ask\u0119 \u015awi\u0119to\u015bci dla Stasia<br \/>\n8.00 \u015bp. Wiktor IDZIKOWSKI (gr. 27)<br \/>\n15.00 \u015ap. Adam Zieli\u0144ski w 10 r.\u015bm.<\/p>\n<p>SOBOTA \/ 28 Grudnia 2024 \/ Mt 2 13-18<\/p>\n<p>8.00 \u015bp. Wiktor IDZIKOWSKI (gr.28)<br \/>\n8.00 \u015ap. Eugenia (k) Rz\u0105d i zm. rodzic\u00f3w i rodze\u0144stwo<br \/>\n15.00 Dzi\u0119kczynna w 63 r. \u015blubu Genowefy i Stanis\u0142awa SZWEDA z pro\u015bb\u0105 o Bo\u017ce b\u0142og. potrzebne \u0142aski dla Jubilat\u00f3w<\/p>\n<p>Niedziela \u015awi\u0119tej Rodziny 29 Grudnia 2024 \/ \u0141k 2, 41 -52<\/p>\n<p>8.00 \u015bp. Wiktor IDZIKOWSKI (gr. 29)<br \/>\n10.00 Dzi\u0119kczynna w 14 urodziny Zuzanny z pro\u015bb\u0105 o potrzebne \u0142aski, zdrowie, dary Ducha \u015awi\u0119tego<br \/>\n10.00 \u015ap. Maksymilian Szyd\u0142owski 38r.\u015bm. Marta SZYD\u0141OWSKA w 19r.\u015bm.<br \/>\n12.00 Za parafian<br \/>\n15.00 Dzi\u0119kczynna w rocznic\u0119 \u015blubu Jolanty i Ryszarda z pro\u015bb\u0105 o Bo\u017ce b\u0142og i potrzebne \u0142aski i dary Ducha \u015awi\u0119tego<br \/>\n18.00 Z okazji 18 rocznicy \u015blubu Magdaleny i Piotra ASIUKIEWICZ z pro\u015bb\u0105 o Bo\u017ce b\u0142og. i potrzebne \u0142aski oraz opiek\u0119 Matki Bo\u017cej<\/p>\n<p>&nbsp;<\/p>\n","protected":false},"excerpt":{"rendered":"<p>\u017byczenia na Uroczysto\u015b\u0107 Narodzenia Pa\u0144skiego 2024 roku Bo\u017ce Narodzenie&nbsp;rozpromienia swym \u015bwiat\u0142em wszelkie ciemno\u015bci jakie zalegaj\u0105 nad \u015bwiatem i nad naszym \u017cyciem. Niech \u015bwiadomo\u015b\u0107, \u017ce B\u00f3g jest obecny po\u015br\u00f3d nas, b\u0119dzie dla Was \u017ar\u00f3d\u0142em pokoju, nadziei i rado\u015bci. Oby\u015bmy, prze\u017cywaj\u0105c \u015awi\u0119ta Bo\u017cego Narodzenia, na nowo odczuli zdumienie w obliczu Tajemnicy Wcielenia oraz wdzi\u0119czno\u015b\u0107 za Mi\u0142o\u015b\u0107 Boga [&hellip;]<\/p>\n","protected":false},"author":1,"featured_media":5370,"comment_status":"closed","ping_status":"closed","sticky":false,"template":"","format":"standard","meta":{"ngg_post_thumbnail":0,"footnotes":""},"categories":[11,8,4,3],"tags":[],"class_list":["post-5655","post","type-post","status-publish","format-standard","has-post-thumbnail","hentry","category-aktualnosci","category-blog","category-intencje","category-ogloszenia"],"_links":{"self":[{"href":"https:\/\/rafalk-elblag.pl\/index.php?rest_route=\/wp\/v2\/posts\/5655","targetHints":{"allow":["GET"]}}],"collection":[{"href":"https:\/\/rafalk-elblag.pl\/index.php?rest_route=\/wp\/v2\/posts"}],"about":[{"href":"https:\/\/rafalk-elblag.pl\/index.php?rest_route=\/wp\/v2\/types\/post"}],"author":[{"embeddable":true,"href":"https:\/\/rafalk-elblag.pl\/index.php?rest_route=\/wp\/v2\/users\/1"}],"replies":[{"embeddable":true,"href":"https:\/\/rafalk-elblag.pl\/index.php?rest_route=%2Fwp%2Fv2%2Fcomments&post=5655"}],"version-history":[{"count":3,"href":"https:\/\/rafalk-elblag.pl\/index.php?rest_route=\/wp\/v2\/posts\/5655\/revisions"}],"predecessor-version":[{"id":5662,"href":"https:\/\/rafalk-elblag.pl\/index.php?rest_route=\/wp\/v2\/posts\/5655\/revisions\/5662"}],"wp:featuredmedia":[{"embeddable":true,"href":"https:\/\/rafalk-elblag.pl\/index.php?rest_route=\/wp\/v2\/media\/5370"}],"wp:attachment":[{"href":"https:\/\/rafalk-elblag.pl\/index.php?rest_route=%2Fwp%2Fv2%2Fmedia&parent=5655"}],"wp:term":[{"taxonomy":"category","embeddable":true,"href":"https:\/\/rafalk-elblag.pl\/index.php?rest_route=%2Fwp%2Fv2%2Fcategories&post=5655"},{"taxonomy":"post_tag","embeddable":true,"href":"https:\/\/rafalk-elblag.pl\/index.php?rest_route=%2Fwp%2Fv2%2Ftags&post=5655"}],"curies":[{"name":"wp","href":"https:\/\/api.w.org\/{rel}","templated":true}]}}