{"id":5650,"date":"2024-12-11T20:30:21","date_gmt":"2024-12-11T20:30:21","guid":{"rendered":"https:\/\/rafalk-elblag.pl\/?p=5650"},"modified":"2024-12-15T13:45:45","modified_gmt":"2024-12-15T13:45:45","slug":"ogloszenia-parafialne-15-12-2024-r-iii-niedziela-adwentu-gaudete-czyli-niedziela-radosci","status":"publish","type":"post","link":"https:\/\/rafalk-elblag.pl\/?p=5650","title":{"rendered":"OG\u0141OSZENIA PARAFIALNE  15.12.2024 r.     III  NIEDZIELA  ADWENTU  GAUDETE czyli NIEDZIELA RADO\u015aCI"},"content":{"rendered":"<h1>Gaudete, czyli radujcie si\u0119! Najbardziej radosna niedziela w Adwencie<\/h1>\n<p>Papie\u017c Pawe\u0142 VI w 1975 r. w adhortacji apostolskiej \u201eGaudete in Domino\u201d (O rado\u015bci chrze\u015bcija\u0144skiej) pisa\u0142: \u201eNale\u017cy rozwija\u0107 w sobie umiej\u0119tno\u015b\u0107 radowania, cieszenia si\u0119, korzystania z wielorakich rado\u015bci ludzkich, jakich B\u00f3g Stw\u00f3rca u\u017cycza nam na t\u0119 doczesn\u0105 pielgrzymk\u0119\u201d. Jeszcze bardziej b\u0119dziemy si\u0119 radowa\u0107, gdy odkryjemy prawd\u0119 o tym, \u017ce Chrystus wci\u0105\u017c do nas przychodzi.<\/p>\n<p>&nbsp;Wtedy przepe\u0142ni nas rado\u015b\u0107 p\u0142yn\u0105ca ze \u015bwiadomo\u015bci, \u017ce stoi On tak\u017ce u podwoi naszego serca i ko\u0142acze. Otw\u00f3rzmy na o\u015bcie\u017c drzwi Chrystusowi. Najwa\u017cniejsze rozgrywa si\u0119 przecie\u017c w g\u0142\u0119binach naszego serca. Mo\u017ce ono sta\u0107 si\u0119 Betlejem, gdzie zamieszka Emmanuel \u2013 B\u00f3g z nami. Znajd\u017amy w t\u0119 niedziel\u0119 chwil\u0119 czasu, by Go ugo\u015bci\u0107.<\/p>\n<p>Adwent przygodnie napotkanemu katolikowi niejednokrotnie kojarzy si\u0119 tylko i wy\u0142\u0105cznie z okresem przed Bo\u017cym Narodzeniem, jako czas przygotowania do \u015bwi\u0105t.<\/p>\n<p>Og\u00f3lnie mo\u017cemy powiedzie\u0107, \u017ce Adwent jest czasem pobo\u017cnego i radosnego oczekiwania na pojawienie si\u0119 Jezusa Syna Bo\u017cego. Obecnie prze\u017cywamy jego trzeci\u0105 niedziel\u0119, w kt\u00f3rej manifestujemy nasz\u0105 rado\u015b\u0107 z blisko\u015bci Pana.<\/p>\n<p>Ju\u017c bowiem w pierwszej antyfonie mszalnej Ko\u015bci\u00f3\u0142 dzi\u015b og\u0142asza: \u201eRadujcie si\u0119 zawsze w Panu, raz jeszcze powiadam: radujcie si\u0119! Pan jest blisko\u201d (Flp 4, 4n). Po \u0142acinie zawo\u0142anie to zaczyna si\u0119 s\u0142owami: \u201eGaudete in Domino\u201d. Dlatego cz\u0119sto obecn\u0105 niedziel\u0119 nazywamy \u201eniedziel\u0105 gaudete\u201d, czyli po prostu \u201eniedziel\u0105 rado\u015bci\u201d.<\/p>\n<p>Istnieje jeszcze jedna, do\u015b\u0107 intryguj\u0105ca, nazwa tej niedzieli. Bywa ona bowiem nazywana \u201eniedziel\u0105 r\u00f3\u017cow\u0105\u201d. Okre\u015blenie to wywodzi si\u0119 od koloru szat liturgicznych przewidzianych na ten dzie\u0144. Ot\u00f3\u017c, jest to w\u0142a\u015bnie kolor r\u00f3\u017cowy. &nbsp;Dob\u00f3r koloru wynika z jego skojarzenia z widokiem nieba o \u015bwicie. Wyobra\u017ca on blask przyj\u015bcia Jezusa Chrystusa w tajemnicy Bo\u017cego Narodzenia.<\/p>\n<p>Przychodz\u0105cy Zbawiciel jest bowiem dla nas \u015awiat\u0142o\u015bci\u0105, podobnie jak wschodz\u0105ce S\u0142o\u0144ce. W\u0142a\u015bnie tego typu por\u00f3wnanie odnajdujemy np. w tzw. Pie\u015bni Zachariasza: \u201enawiedzi nas S\u0142o\u0144ce Wschodz\u0105ce z wysoka, by zaja\u015bnie\u0107 tym, co w mroku i cieniu \u015bmierci mieszkaj\u0105\u201d (\u0141k&nbsp;1, 78n).<\/p>\n<p>Wsp\u00f3lnota ko\u015bcielna rozumie znaczenie wyj\u0105tkowego charakteru Adwentu jako czasu przygotowania do przyj\u0119cia prawdy o Wcieleniu Boga.<\/p>\n<p>Rado\u015b\u0107 p\u0142yn\u0105ca ze zbli\u017caj\u0105cych si\u0119 \u015bwi\u0105t nie wynika z emocjonalnych uniesie\u0144, lecz bierze si\u0119 z autentycznych religijnych prze\u017cy\u0107. Sam Adwent za\u015b ukazuje nam prawdziw\u0105 rado\u015b\u0107 bycia chrze\u015bcijaninem, kt\u00f3ry oczekuje pojawienia si\u0119 swojego jedynego Pana.<\/p>\n<p>&nbsp;<\/p>\n<p>REKOLEKCJE ADWENTOWE 2024 W PARAFII \u015aW. RAFA\u0141A KALINOWSKIEGO W ELBL\u0104GU<\/p>\n<p>&nbsp;<\/p>\n<p style=\"text-align: center;\">CZWARTEK \u2013 19 grudnia 2024<\/p>\n<p>6.00&nbsp;&nbsp;&nbsp;&nbsp; Spowied\u017a<\/p>\n<p><strong>6.30&nbsp;&nbsp;&nbsp;&nbsp; Msza \u015bw. Roratnia z nauk\u0105 dla dzieci<\/strong><\/p>\n<p>10.30&nbsp;&nbsp; Spowied\u017a<\/p>\n<p><strong>11.00&nbsp;&nbsp; Msza \u015bw. z nauk\u0105 dla doros\u0142ych&nbsp;&nbsp;&nbsp;&nbsp;&nbsp;&nbsp; &nbsp;&nbsp;&nbsp;&nbsp;&nbsp;&nbsp;&nbsp;&nbsp;&nbsp;&nbsp;&nbsp;<\/strong><\/p>\n<p>12.00&nbsp;&nbsp; Anio\u0142 Pa\u0144ski<\/p>\n<p>16.30&nbsp;&nbsp; Nauka dla Szko\u0142y Podstawowej klasy 0, I, II, III<\/p>\n<p>17.00&nbsp;&nbsp; Nauka dla Szko\u0142y Podstawowej klasy IV, V, VI, VII i spowied\u017a<\/p>\n<p>17.30&nbsp;&nbsp; Spowied\u017a<\/p>\n<p><strong>18.00&nbsp;&nbsp; Msza \u015bw. z nauk\u0105 dla doros\u0142ych<\/strong><\/p>\n<p>19.15&nbsp;&nbsp; Nauka dla Szko\u0142y Podstawowej: klasy VIII i m\u0142odzie\u017c&nbsp; i spowied\u017a<\/p>\n<p><strong>20.00&nbsp;&nbsp; Msza \u015bw. z nauk\u0105 dla doros\u0142ych <\/strong><\/p>\n<p>21.00&nbsp;&nbsp; Apel Jasnog\u00f3rski w intencji parafii<\/p>\n<p>&nbsp;<\/p>\n<p style=\"text-align: center;\">&nbsp;&nbsp;&nbsp;&nbsp;&nbsp;&nbsp;&nbsp;&nbsp;&nbsp;&nbsp;&nbsp;&nbsp; PI\u0104TEK \u2013 20 grudnia 2024<\/p>\n<p>6.00&nbsp;&nbsp;&nbsp;&nbsp; Spowied\u017a<\/p>\n<p><strong>6.30&nbsp;&nbsp;&nbsp;&nbsp; Msza \u015bw. Roratnia z nauk\u0105 dla doros\u0142ych <\/strong><\/p>\n<p>10.30&nbsp;&nbsp; Spowied\u017a<\/p>\n<p><strong>11.00&nbsp;&nbsp; Msza \u015bw. z nauk\u0105 dla doros\u0142ych&nbsp;&nbsp;&nbsp;&nbsp;&nbsp;&nbsp;&nbsp;&nbsp;&nbsp;&nbsp;&nbsp;&nbsp;&nbsp;&nbsp;&nbsp;&nbsp;&nbsp;&nbsp;<\/strong><\/p>\n<p>12.00&nbsp; Anio\u0142 Pa\u0144ski<\/p>\n<p>17.30&nbsp;&nbsp; Spowied\u017a<\/p>\n<p><strong>18.00&nbsp;&nbsp; Msza \u015bw. z nauk\u0105 dla doros\u0142ych<\/strong><\/p>\n<p>19.30&nbsp;&nbsp; Spowied\u017a<\/p>\n<p><strong>20.00&nbsp;&nbsp; Msza \u015bw. z nauk\u0105 dla doros\u0142ych i m\u0142odzie\u017cy<\/strong><\/p>\n<p>21.00&nbsp;&nbsp; Apel Jasnog\u00f3rski w intencji parafii<\/p>\n<p>&nbsp;<\/p>\n<p style=\"text-align: center;\">SOBOTA \u2013 21 grudnia 2024<\/p>\n<p>6.00&nbsp;&nbsp;&nbsp;&nbsp; Spowied\u017a<\/p>\n<p><strong>6.30&nbsp;&nbsp;&nbsp;&nbsp; Msza \u015bw. Roratnia z nauk\u0105 rodzinn\u0105 dla dzieci i doros\u0142ych<\/strong><\/p>\n<p>10.30&nbsp;&nbsp; Spowied\u017a<\/p>\n<p><strong>11.00&nbsp;&nbsp; Msza \u015bw. z nauk\u0105 dla doros\u0142ych&nbsp;&nbsp;&nbsp;&nbsp;&nbsp;&nbsp;&nbsp;&nbsp;&nbsp;&nbsp;&nbsp;&nbsp;&nbsp;&nbsp;&nbsp;&nbsp;&nbsp;&nbsp; <\/strong><\/p>\n<p>12.00&nbsp; Anio\u0142 Pa\u0144ski<\/p>\n<p>17.30&nbsp;&nbsp; Spowied\u017a<\/p>\n<p><strong>18.00&nbsp;&nbsp; Msza \u015bw. z nauk\u0105 dla doros\u0142ych<\/strong><\/p>\n<p>19.30&nbsp;&nbsp; Spowied\u017a<\/p>\n<p>20.00&nbsp;&nbsp; Msza \u015bw. dla&nbsp; m\u0142odzie\u017cy i doros\u0142ych<\/p>\n<p>21.00&nbsp;&nbsp; Apel Jasnog\u00f3rski w intencji parafii<\/p>\n<p>&nbsp;<\/p>\n<p>&nbsp;<\/p>\n<figure id=\"block-11bfdc70-3a14-4d5e-94a4-c45b2bb4a6cf\" class=\"wp-block-image\"><a href=\"http:\/\/rafalk-elblag.pl\/wp-content\/uploads\/2021\/08\/ogloszenia-parafialne-baner-01a.jpg\"><img decoding=\"async\" src=\"http:\/\/rafalk-elblag.pl\/wp-content\/uploads\/2021\/08\/ogloszenia-parafialne-baner-01a.jpg\" alt=\"Obrazek posiada pusty atrybut alt; plik o nazwie ogloszenia-parafialne-baner-01a.jpg\"><\/a><\/figure>\n<p><strong>&nbsp;<\/strong>&nbsp;<\/p>\n<p>&nbsp;<\/p>\n<p><strong>OG\u0141OSZENIA PARAFIALNE&nbsp; 15.12.2024 r.<\/strong><strong>&nbsp;<\/strong><strong>&nbsp;III <\/strong><strong>&nbsp;<\/strong><strong>NIEDZIELA &nbsp;ADWENTU&nbsp; <\/strong><strong>GAUDETE czyli NIEDZIELA RADO\u015aCI<\/strong><\/p>\n<p><strong>&nbsp;<\/strong><\/p>\n<ol>\n<li><em><u>PROSIMY O ZAMYKANIE DRZWI PRZY WCHODZENIU I WYCHODZENIU Z &nbsp;KO\u015aCIO\u0141A &nbsp;&nbsp;PONIEWA\u017b &nbsp;KO\u015aCI\u00d3\u0141 &nbsp;JEST &nbsp;&nbsp;&nbsp;&nbsp;&nbsp;&nbsp;&nbsp;&nbsp;&nbsp; <strong>DZI\u0118KUJEMY.<\/strong><\/u><\/em><\/li>\n<li><strong>Przed nami ostatni tydzie\u0144 Adwentu<\/strong> czasu w kt\u00f3rym pragniemy przygotowa\u0107 si\u0119 do \u015bwi\u0105t Bo\u017cego Narodzenia. <strong>W dni powszednie zapraszamy na MSZE RORATNIE ku czci Matki Bo\u017cej o godz. 6:30.<\/strong> <strong>Dzieci zapraszamy w \u015brody i czwartki o godz. 6:30 a m\u0142odzie\u017c w poniedzia\u0142ek.<\/strong> <em>Prosimy, by dzieci przychodzi\u0142y z opiekunami i przynosi\u0142y ze sob\u0105 LAMPIONY. Dzieci wraz z opiekunami po Mszy \u015bw. zapraszamy do salki w piwnicy na ciep\u0142e mleko lub kakao oraz s\u0142odk\u0105 bu\u0142k\u0119.<\/em><\/li>\n<li>Mamy jeszcze mo\u017cliwo\u015b\u0107 nabycia w zakrystii \u015bwiec na st\u00f3\u0142 wigilijny w ramach akcji <strong><em>\u201eWigilijne Dzie\u0142o Pomocy Dzieciom\u201d <\/em><\/strong>w cenie 12 z\u0142. i 25 z\u0142.<strong> Je\u015bli kto\u015b nie ma jeszcze po\u015bwi\u0119conego op\u0142atka na st\u00f3\u0142 wigilijny, mo\u017ce go naby\u0107 u pana Ko\u015bcielnego w zakrystii. <\/strong><\/li>\n<li>W poniedzia\u0142ek (16 grudnia) o godz. 18:00 Msza \u015bw. w intencji Rodziny Karmelita\u0144skiej i Bractwa Szkaplerznego.<\/li>\n<li><strong>Rodzic\u00f3w dzieci klas III Szko\u0142y Podstawowej<\/strong> przygotowuj\u0105cych si\u0119 do I Spowiedzi i Komunii \u015bw. zapraszam jutro (16 grudnia) na comiesi\u0119czne spotkanie do ko\u015bcio\u0142a na godz. 19:00. <em>Obecno\u015b\u0107 obojga RODZIC\u00d3W mile widziana.<\/em><\/li>\n<li>Osoby pragn\u0105ce pom\u00f3c przy szopce i dekoracji ko\u015bcio\u0142a zapraszamy w \u015brod\u0119<br \/>\n18 grudnia br. na godz. 9:30. Bardzo prosimy, by w\u015br\u00f3d ch\u0119tnych nie zabrak\u0142o m\u0119\u017cczyzn. <em>Dzi\u0119kuj\u0119 za zrozumienie i pomoc w wystroju naszej \u015bwi\u0105tyni na UROCZYSTO\u015a\u0106 BO\u017bEGO NARODZENIA. <\/em><\/li>\n<li>\u015arod\u0119 po Mszy \u015bwi\u0119tej o godz.<strong><em> 18:00 <\/em><\/strong>Spotkanie Kr\u0119gu Biblijnego w domu Parafialnym<\/li>\n<li><strong>PARAFIALNY ODDZIA\u0141 CARITAS<\/strong> naszej parafii znajduje si\u0119 przy ul. Myliusa 1A i jest czynny w I i III czwartek miesi\u0105ca od 16:00 do 17:00. <em>W najbli\u017cszy czwartek tj. 19 grudnia b\u0119d\u0105 przygotowane paczki \u015bwi\u0105teczne dla os\u00f3b w trudnej sytuacji rodzinnej .Zapraszamy.<\/em><\/li>\n<li><strong>REKOLEKCJE ADWENTOWE<\/strong> w naszej parafii odb\u0119d\u0105 si\u0119 w dniach: 19, 20, 21 grudnia(czwartek, pi\u0105tek, sobota). W tym roku rekolekcje poprowadzi <strong> Wojciech Pawlicki &#8211; Redemptorysta.<\/strong> <em><u>Zaplanujmy dobrze swoje obowi\u0105zki domowe, by wzi\u0105\u0107 udzia\u0142 w duchowym przygotowaniu do \u015bwi\u0105t Narodzenia Pa\u0144skiego. Program Rekolekcji znajdziemy w Biuletynie i na stronie internetowej.<\/u><\/em><\/li>\n<li>Zach\u0119camy do nabywania nowego numeru <strong>\u201eGo\u015bcia Niedzielnego\u201d<\/strong> z dodatkiem \u201eGo\u015b\u0107 Elbl\u0105ski\u201d.<\/li>\n<li>Pan powo\u0142a\u0142 do wieczno\u015bci:<\/li>\n<\/ol>\n<p>\u015bp. W\u0142adys\u0142awa(m) LE\u015aKO lat 83 z ul. Sobieskiego<\/p>\n<p>&nbsp;<\/p>\n<p style=\"text-align: center;\"><em>&nbsp;<\/em><strong>Numer Konta Parafialnego<\/strong><\/p>\n<p style=\"text-align: center;\"><strong>PKO BP 72 1020 1752 0000 0102 0069 6047<\/strong><\/p>\n<p>&nbsp;<\/p>\n<figure id=\"block-5f437b95-503a-4f29-91f7-75b7c74612d1\" class=\"wp-block-image\"><img decoding=\"async\" src=\"http:\/\/rafalk-elblag.pl\/wp-content\/uploads\/2020\/04\/baner-intencje-mszy.jpg\" alt=\"Obrazek posiada pusty atrybut alt; plik o nazwie baner-intencje-mszy.jpg\"><\/figure>\n<h1 id=\"block-ebb85da5-2bf8-44c6-8a18-015b59726bae\" class=\"wp-block-heading\">Intencje mszalne<\/h1>\n<p>III Niedziela Adwentu 15 Grudnia 2024 \/ \u0141k 3, 10 -18<\/p>\n<p>8.00 \u015bp. Wiktor IDZIKOWSKI (gr. 15)<br \/>\n8.00 \u015bp. Piotr \u2013 syn, sp. Pawe\u0142 \u2013 wnuk oraz zmar\u0142ych z rodzin LIETZ, WORONKO, KOKOTKIEWICZ, BARCIKOWSKICH<br \/>\n10.00 Za dusze w czy\u015b\u0107cu cierpi\u0105ce oraz \u015bp. Romana<br \/>\n12.00 Za parafian<br \/>\n15.00 Dzi\u0119kczynna z okazji 12 urodzin Tatiany KABAN z pro\u015bb\u0105 o Bo\u017ce b\u0142ogos\u0142awie\u0144stwo i opiek\u0119 Matki Bo\u017cej Szkaplerznej<br \/>\n18.00 \u015bp. Edward, Janina, Czes\u0142aw<\/p>\n<p>PONIEDZIA\u0141EK \/ 16 Grudnia 2024 \/ Mt 21, 23-27<\/p>\n<p>6.30 \u015bp. Wiktor IDZIKOWSKI (gr. 16)<br \/>\n18.00 Za rodzin\u0119 i Bractwo Szkaplerzne oraz za osoby, kt\u00f3re przyjm\u0105 Szkaplerz \u015awi\u0119ty<\/p>\n<p>WTOREK 17 Grudnia 2024 \/ Mt 1, 1-17<\/p>\n<p>6.30 \u015bp. Janina KA\u0141U\u017bA w 12 rocznic\u0119 \u015bmierci, \u015bp. Gra\u017cyna, Jan, Mieczys\u0142aw, Bogdan, Lucjan, Cezary<br \/>\n18.00 \u015bp. Wiktor IDZIKOWSKI (gr. 17)<br \/>\n18.00 \u015bp. Adam Malinowski w 4 miesi\u0105c po \u015bmierci<\/p>\n<p>\u015aRODA \/ 18 Grudnia 2024 \/ Mt 1, 18-24<\/p>\n<p>6.30 \u015bp. Halina i Zdzis\u0142aw URBA\u0143SCY<br \/>\n18.00 \u015bp. Janusz PRZYBYLSKI w 3rocznic\u0119 \u015bmierci<br \/>\n18.00 \u015bp. Wiktor IDZIKOWSKI (gr. 18)<\/p>\n<p>CZWARTEK \/ 19 Grudnia 2024 \/ \u0141K 1, 5-25 REKOLEKCJE<\/p>\n<p>6.30 \u015bp. Urszula Pietrzak intencja od siostry Faustyny Ma\u0142gorzaty Lachowicz<br \/>\n11.00<br \/>\n18.00 \u015bp. Halina \u0141UKASZEWSKA w 3 r. \u015bm. i zm. rodzic\u00f3w J\u00f3zefa(k) i Stanis\u0142aw<br \/>\n20.00 \u015bp. Wiktor IDZIKOWSKI (gr. 19)<\/p>\n<p>PI\u0104TEK \/ 20 Grudnia 2024 \/ \u0141k 1, 26-38 REKOLEKCJE<\/p>\n<p>6.30 \u015bp. Helena i Ignacy RYMARCZYK \u2013 intencja Piotr Szuster z rodzin\u0105<br \/>\n11.00 O potrzebne \u0142aski w chorobie dla Ewy GNIEWKOWSKIEJ oraz o Bo\u017ce b\u0142ogos\u0142awie\u0144stwo i opiek\u0119 M.B. na ka\u017cdy dzie\u0144<br \/>\n18.00 \u015bp. Helena RYMARCZYK w 30 dzie\u0144 po pogrzebie<br \/>\n20.00 \u015bp. Wiktor IDZIKOWSKI (gr. 20)<\/p>\n<p>SOBOTA \/ 21 Grudnia 2024 \/ \u0141k 1, 39-45 REKOLEKCJE<\/p>\n<p>6.30 \u015bp. Wiktor IDZIKOWSKI (gr.21)<br \/>\n11.00 Dzi\u0119kczynna za ogromne serce, troskliw\u0105 opiek\u0119 nad bratem Waldemarem \u017bENDARSKIM z pro\u015bba o Bo\u017ce b\u0142ogos\u0142awie\u0144stwo, dary Ducha \u015awi\u0119tego, opiek\u0119 Matki Bo\u017cej dla pani doktor Marioli TUREK \u2013 wdzi\u0119czna siostra<br \/>\n18.00 \u015bp. Aneta, Julianna (k), Jan BARTKOWSKICH, Amelia, Jan, Zofia, Danuta CIESIELSKICH, Jolanta, Stanis\u0142aw (m) Wac\u0142awa (k) PA\u0141KA i wszystkich zmar\u0142ych z tych rodzin<br \/>\n20.00<\/p>\n<p>IV Niedziela Adwentu 22 Grudnia 2024 \/ \u0141k 1, 39 -45<\/p>\n<p>8.00 \u015bp. Wiktor IDZIKOWSKI (gr. 22)<br \/>\n10.00 Dzi\u0119kczynna w 12 urodziny Marka i \u0141ukasza CZACHOROWSKICH z pro\u015bb\u0105 o potrzebne \u0142aski, zdrowie, dary Ducha \u015aw. oraz o gorliwo\u015b\u0107 w podj\u0119tych pos\u0142ugach<br \/>\n12.00 Dzi\u0119kczynna w 90 urodziny W\u0142adys\u0142awy(k) ZDROJEWSKIEJ z pro\u015bb\u0105 o Bo\u017ce b\u0142ogos\u0142awie\u0144stwo potrzebne \u0142aski dla Czcigodnej Jubilatki<br \/>\n12.00 Za parafian<br \/>\n15.00 Jadwiga i Stanis\u0142aw BYZDRA w 30r.\u015bm. i dziadk\u00f3w z obojga stron<br \/>\n18.00 \u015bp. Stanis\u0142aw KLONOWSKI w 8r.\u015bm. i Stanis\u0142awa KLONOWSKA w 7 r.\u015bm.<\/p>\n<p>&nbsp;<\/p>\n","protected":false},"excerpt":{"rendered":"<p>Gaudete, czyli radujcie si\u0119! Najbardziej radosna niedziela w Adwencie Papie\u017c Pawe\u0142 VI w 1975 r. w adhortacji apostolskiej \u201eGaudete in Domino\u201d (O rado\u015bci chrze\u015bcija\u0144skiej) pisa\u0142: \u201eNale\u017cy rozwija\u0107 w sobie umiej\u0119tno\u015b\u0107 radowania, cieszenia si\u0119, korzystania z wielorakich rado\u015bci ludzkich, jakich B\u00f3g Stw\u00f3rca u\u017cycza nam na t\u0119 doczesn\u0105 pielgrzymk\u0119\u201d. Jeszcze bardziej b\u0119dziemy si\u0119 radowa\u0107, gdy odkryjemy prawd\u0119 [&hellip;]<\/p>\n","protected":false},"author":1,"featured_media":5651,"comment_status":"closed","ping_status":"closed","sticky":false,"template":"","format":"standard","meta":{"ngg_post_thumbnail":0,"footnotes":""},"categories":[11,8,4,3],"tags":[],"class_list":["post-5650","post","type-post","status-publish","format-standard","has-post-thumbnail","hentry","category-aktualnosci","category-blog","category-intencje","category-ogloszenia"],"_links":{"self":[{"href":"https:\/\/rafalk-elblag.pl\/index.php?rest_route=\/wp\/v2\/posts\/5650","targetHints":{"allow":["GET"]}}],"collection":[{"href":"https:\/\/rafalk-elblag.pl\/index.php?rest_route=\/wp\/v2\/posts"}],"about":[{"href":"https:\/\/rafalk-elblag.pl\/index.php?rest_route=\/wp\/v2\/types\/post"}],"author":[{"embeddable":true,"href":"https:\/\/rafalk-elblag.pl\/index.php?rest_route=\/wp\/v2\/users\/1"}],"replies":[{"embeddable":true,"href":"https:\/\/rafalk-elblag.pl\/index.php?rest_route=%2Fwp%2Fv2%2Fcomments&post=5650"}],"version-history":[{"count":2,"href":"https:\/\/rafalk-elblag.pl\/index.php?rest_route=\/wp\/v2\/posts\/5650\/revisions"}],"predecessor-version":[{"id":5653,"href":"https:\/\/rafalk-elblag.pl\/index.php?rest_route=\/wp\/v2\/posts\/5650\/revisions\/5653"}],"wp:featuredmedia":[{"embeddable":true,"href":"https:\/\/rafalk-elblag.pl\/index.php?rest_route=\/wp\/v2\/media\/5651"}],"wp:attachment":[{"href":"https:\/\/rafalk-elblag.pl\/index.php?rest_route=%2Fwp%2Fv2%2Fmedia&parent=5650"}],"wp:term":[{"taxonomy":"category","embeddable":true,"href":"https:\/\/rafalk-elblag.pl\/index.php?rest_route=%2Fwp%2Fv2%2Fcategories&post=5650"},{"taxonomy":"post_tag","embeddable":true,"href":"https:\/\/rafalk-elblag.pl\/index.php?rest_route=%2Fwp%2Fv2%2Ftags&post=5650"}],"curies":[{"name":"wp","href":"https:\/\/api.w.org\/{rel}","templated":true}]}}