{"id":5645,"date":"2024-12-07T18:05:59","date_gmt":"2024-12-07T18:05:59","guid":{"rendered":"https:\/\/rafalk-elblag.pl\/?p=5645"},"modified":"2024-12-07T18:05:59","modified_gmt":"2024-12-07T18:05:59","slug":"ogloszenia-parafialne-8-12-2024-r-ii-niedziela-adwentu-uroczystosc-niepokalanego-poczecia-najswietszej-maryi-panny","status":"publish","type":"post","link":"https:\/\/rafalk-elblag.pl\/?p=5645","title":{"rendered":"OG\u0141OSZENIA PARAFIALNE  8.12.2024 r.     II  NIEDZIELA ADWENTU UROCZYSTO\u015a\u0106 NIEPOKALANEGO POCZ\u0118CIA  NAJ\u015aWI\u0118TSZEJ MARYI PANNY"},"content":{"rendered":"<p><strong>OG\u0141OSZENIA PARAFIALNE&nbsp; 8.12.2024 r. <\/strong><strong>II <\/strong><strong>&nbsp;<\/strong><strong>NIEDZIELA ADWENTU <\/strong><strong>UROCZYSTO\u015a\u0106 NIEPOKALANEGO POCZ\u0118CIA <\/strong><strong>NAJ\u015aWI\u0118TSZEJ MARYI PANNY<\/strong><\/p>\n<p><strong>&nbsp;&nbsp; &nbsp;<\/strong><\/p>\n<p><em>Oto, co Adwent oznacza dla katolika:<\/em><\/p>\n<ol>\n<li><strong>Oczekiwanie i nadzieja<\/strong><\/li>\n<\/ol>\n<p>Adwent to czas, kiedy katolik przygotowuje si\u0119 do \u015bwi\u0119towania narodzin Jezusa, kt\u00f3ry przyni\u00f3s\u0142 \u015bwiatu nadziej\u0119 na zbawienie. Oczekiwanie na Chrystusa wyra\u017ca si\u0119 poprzez pragnienie wewn\u0119trznej przemiany, spojrzenie na \u017cycie z now\u0105 nadziej\u0105 i gotowo\u015b\u0107 do spotkania z Nim \u2013 nie tylko w dniu Bo\u017cego Narodzenia, ale tak\u017ce ka\u017cdego dnia.<\/p>\n<ol start=\"2\">\n<li><strong>Nawr\u00f3cenie i pokuta<\/strong><\/li>\n<\/ol>\n<p>Adwent jest czasem refleksji nad swoim \u017cyciem, nad tym, co mo\u017cna poprawi\u0107 w relacji z Bogiem i bli\u017animi. Katolicy podejmuj\u0105 w tym czasie wysi\u0142ki, aby zerwa\u0107 ze z\u0142ymi nawykami, pojedna\u0107 si\u0119 z lud\u017ami, wybaczy\u0107 urazy i zbli\u017cy\u0107 si\u0119 do Boga poprzez sakramenty, szczeg\u00f3lnie przez spowied\u017a. Adwent jest wi\u0119c czasem nawr\u00f3cenia, w kt\u00f3rym wierni staraj\u0105 si\u0119 przygotowa\u0107 serce na przyj\u0119cie Chrystusa.<\/p>\n<ol start=\"3\">\n<li><strong>Radosne oczekiwanie i modlitwa<\/strong><\/li>\n<\/ol>\n<p>Pomimo elementu pokuty, Adwent jest radosnym czasem oczekiwania. Katolicy wyra\u017caj\u0105 to poprzez szczeg\u00f3ln\u0105 modlitw\u0119 uczestnictwo w Mszach Roratnich, czytanie Pisma \u015awi\u0119tego i modlitwy adwentowe. Radosne oczekiwanie wyra\u017ca si\u0119 tak\u017ce w podejmowaniu r\u00f3\u017cnych gest\u00f3w dobroci wobec innych, takich jak pomoc potrzebuj\u0105cym i dzia\u0142ania charytatywne.<\/p>\n<ol start=\"4\">\n<li><strong>Symbole adwentowe i ich znaczenie<\/strong><\/li>\n<\/ol>\n<p>Katolicy cz\u0119sto korzystaj\u0105 z symboli adwentowych, kt\u00f3re przypominaj\u0105 o istocie tego okresu:<\/p>\n<p>&#8211;&nbsp;<strong>Wieniec adwentowy<\/strong>&nbsp;z czterema \u015bwiecami symbolizuje cztery tygodnie Adwentu. Ka\u017cda \u015bwieca oznacza kolejn\u0105 niedziel\u0119, a ich stopniowe zapalanie oznacza zbli\u017canie si\u0119 do \u015awi\u0105t Bo\u017cego Narodzenia.<\/p>\n<p>&#8211;&nbsp;<strong>Lampiony roratnie<\/strong>&nbsp;to symbol \u015bwiat\u0142a Chrystusa, kt\u00f3ry przychodzi, by roz\u015bwietli\u0107 ciemno\u015bci i przynie\u015b\u0107 zbawienie.<\/p>\n<ol start=\"5\">\n<li><strong>Maryjny charakter Adwentu<\/strong><\/li>\n<\/ol>\n<p>Adwent jest tak\u017ce czasem szczeg\u00f3lnej pami\u0119ci o Matce Bo\u017cej. Katolicy na\u015bladuj\u0105 postaw\u0119 Maryi, kt\u00f3ra oczekiwa\u0142a narodzin Jezusa z wiar\u0105, pokor\u0105 i zaufaniem. Na Mszach Roratnich Maryja czczona jest jako ta, kt\u00f3ra przynosi Jezusa Chrystusa &nbsp;do \u015bwiata.<\/p>\n<ol start=\"6\">\n<li><strong>Przygotowanie na ostateczne przyj\u015bcie Chrystusa.<\/strong><\/li>\n<\/ol>\n<p>Adwent ma r\u00f3wnie\u017c wymiar eschatologiczny, czyli przypomina o drugim przyj\u015bciu Chrystusa na ko\u0144cu czas\u00f3w. Katolik w Adwencie u\u015bwiadamia sobie, \u017ce jego \u017cycie jest oczekiwaniem na ostateczne spotkanie z Bogiem, i przygotowuje si\u0119, aby przyj\u0105\u0107 Chrystusa nie tylko w dzie\u0144 Bo\u017cego Narodzenia, ale tak\u017ce ka\u017cdego dnia oraz na ko\u0144cu swojego \u017cycia.<\/p>\n<ol start=\"7\">\n<li><strong>Budowanie wi\u0119zi rodzinnych i wsp\u00f3lnotowych.<\/strong><\/li>\n<\/ol>\n<p>W wielu katolickich rodzinach Adwent jest okazj\u0105 do wsp\u00f3lnego celebrowania tego okresu poprzez rodzinne modlitwy, zapalanie \u015bwiec w wie\u0144cu adwentowym czy udzia\u0142 w nabo\u017ce\u0144stwach roratnich. Jest to czas, w kt\u00f3rym rodzina, parafia i wsp\u00f3lnota wiernych jednocz\u0105 si\u0119 w oczekiwaniu na narodzenie Jezusa, wzmacniaj\u0105c swoje wi\u0119zi. Adwent dla katolika oznacza wi\u0119c nie tylko przygotowanie zewn\u0119trzne do \u015awi\u0105t, ale przede wszystkim wewn\u0119trzne przygotowanie serca, by z otwarto\u015bci\u0105, rado\u015bci\u0105 i nadziej\u0105 przyj\u0105\u0107 Chrystusa w swoim \u017cyciu.<\/p>\n<p>&nbsp;<\/p>\n<p>&nbsp;<\/p>\n<figure id=\"block-11bfdc70-3a14-4d5e-94a4-c45b2bb4a6cf\" class=\"wp-block-image\"><a href=\"http:\/\/rafalk-elblag.pl\/wp-content\/uploads\/2021\/08\/ogloszenia-parafialne-baner-01a.jpg\"><img decoding=\"async\" src=\"http:\/\/rafalk-elblag.pl\/wp-content\/uploads\/2021\/08\/ogloszenia-parafialne-baner-01a.jpg\" alt=\"Obrazek posiada pusty atrybut alt; plik o nazwie ogloszenia-parafialne-baner-01a.jpg\"><\/a><\/figure>\n<p><strong>&nbsp;<\/strong>&nbsp;<\/p>\n<p><strong>&nbsp;<\/strong><\/p>\n<p><strong>&nbsp;<\/strong><\/p>\n<p><strong>OG\u0141OSZENIA PARAFIALNE&nbsp; 8.12.2024 r. <\/strong><strong>&nbsp;II <\/strong><strong>&nbsp;<\/strong><strong>NIEDZIELA ADWENTU<\/strong><\/p>\n<ol>\n<li>Dzisiaj 8 grudnia obchodzimy<strong> Uroczysto\u015b\u0107 Niepokalanego Pocz\u0119cia NMP. <\/strong><em>Dzie\u0144 ten jest \u015bwi\u0119tem patronalnym Ruchu \u015awiat\u0142o-\u017bycie, a w nim ga\u0142\u0119zi Domowego Ko\u015bcio\u0142a. W naszej parafii GODZINKI KU CZCI NIEPOKALANEGO POCZ\u0118CIA NMP \u015bpiewne s\u0105 w ka\u017cd\u0105 niedziel\u0119 o godz. 7:40. Zapraszamy. <\/em><\/li>\n<li><strong>W<\/strong> <strong>Uroczysto\u015b\u0107 Niepokalanego Pocz\u0119cia NMP <\/strong>skorzystajmy z GODZINY \u0141ASKI od 12:00 do godz. 13:00. Matka Bo\u017ca przekaza\u0142a \u015bwiatu: \u201e<em><strong>Dzi\u0119ki modlitwie w tej godzinie, ze\u015bl\u0119 wiele \u0142ask dla duszy i cia\u0142a. B\u0119d\u0105 masowe nawr\u00f3cenia. Dusze zatwardzia\u0142e i zimne jak marmur poruszone b\u0119d\u0105 \u0142ask\u0105 Bo\u017c\u0105 i zn\u00f3w stan\u0105 si\u0119 wierne i mi\u0142uj\u0105ce Boga. Jest moim \u017cyczeniem, aby ta Godzina by\u0142a rozpowszechniona\u201d. <\/strong><\/em><em>B\u0119dziemy podczas Sumy Parafialnej o godz. 12:00 w Godzinie \u0141aski poleca\u0107 ca\u0142\u0105 nasz\u0105 wsp\u00f3lnot\u0119 a szczeg\u00f3lnie b\u0119dziemy prosi\u0107 o nawr\u00f3cenie parafian.<\/em><\/li>\n<li>Spotkanie dla kandydat\u00f3w do bierzmowania klasa 8 w niedziele 8.12 o godz. 17:00<\/li>\n<li>Spotkanie dla kandydat\u00f3w do bierzmowania rok II we wtorek o 19:00<\/li>\n<li>W ramach og\u00f3lnopolskiej akcji <strong><em>\u201eWigilijne Dzie\u0142o Pomocy Dzieciom\u201d<\/em><\/strong> Wolontariusze Caritas rozprowadzaj\u0105 dzisiaj \u015bwiece na st\u00f3\u0142 wigilijny w cenie: ma\u0142e \u015bwiece \u2013 12 z\u0142. i du\u017ce \u015bwiece \u2013 25 z\u0142. <em><u>Mamy mo\u017cliwo\u015b\u0107 nabycia przed ko\u015bcio\u0142em lub w zakrystii<\/u><\/em> <em><u>po\u015bwi\u0119conego op\u0142atka na st\u00f3\u0142 wigilijny za dobrowoln\u0105 ofiar\u0119.<\/u> <strong>&nbsp;<\/strong>Informujemy, \u017ce nikt w imieniu parafii nie roznosi op\u0142atk\u00f3w po domach.<strong> Pomy\u015blmy o osobach starszych, chorych mieszkaj\u0105cych obok nas. Przynie\u015bmy im do domu po\u015bwi\u0119cony op\u0142atek. <\/strong><\/em><\/li>\n<li><strong>Wszystkich zapraszamy na MSZE \u015aW. RORATNIE ku czci Matki Bo\u017cej o godz. 6:30. <\/strong>M\u0142odzie\u017c wraz z kandydatami do Sakramentu Bierzmowania zapraszamy w poniedzia\u0142ki o godz. 6:30. Dla dzieci Msze \u015bw. RORATNIE odprawiane b\u0119d\u0105 &nbsp;&nbsp;&nbsp;&nbsp;&nbsp;&nbsp;&nbsp;&nbsp;&nbsp;&nbsp;&nbsp;&nbsp;&nbsp;&nbsp;&nbsp;&nbsp;&nbsp;w \u015brody i czwartki o godz. 6:30. <strong>Prosimy, by dzieci przychodzi\u0142y z opiekunami &nbsp;&nbsp;&nbsp;&nbsp;&nbsp;&nbsp;&nbsp;&nbsp;&nbsp;&nbsp;&nbsp;&nbsp;&nbsp;&nbsp;&nbsp;&nbsp;&nbsp;&nbsp;&nbsp;i przynosi\u0142y ze sob\u0105 LAMPIONY. <\/strong><em>Dzieci wraz z opiekunami po Mszy \u015bw. zapraszamy do salki w piwnicy na ciep\u0142e mleko lub kakao oraz s\u0142odk\u0105 bu\u0142k\u0119.<\/em><\/li>\n<li>Osoby z grupy modlitewnej <strong>RODZINNY R\u00d3\u017bANIEC<\/strong> zapraszamy dzisiaj po Mszach \u015bwi\u0119tych po odbi\u00f3r tajemnic r\u00f3\u017ca\u0144cowych i deklaracji na kolejny miesi\u0105c u pana Piotra \u2013 Organisty. <em>Zapraszamy tak\u017ce nowe osoby, kt\u00f3re chc\u0105 modli\u0107 si\u0119 za swoj\u0105 rodzin\u0119. W listopadzie modli\u0142o si\u0119 75 os\u00f3b.<\/em><\/li>\n<li>Wszystkim Jubilatom i Solenizantom tego tygodnia \u017cyczymy wielu \u0142ask Bo\u017cych i opieki Matki Bo\u017cej Szkaplerznej.<\/li>\n<li>Zach\u0119camy do nabywania nowego numeru <strong>\u201eGo\u015bcia Niedzielnego\u201d<\/strong> z dodatkiem \u201eGo\u015b\u0107 Elbl\u0105ski\u201d.<\/li>\n<\/ol>\n<p style=\"text-align: center;\"><em>&nbsp;<\/em><strong>Numer Konta Parafialnego<\/strong><\/p>\n<p style=\"text-align: center;\"><strong>PKO BP 72 1020 1752 0000 0102 0069 6047<\/strong><\/p>\n<p>&nbsp;<\/p>\n<figure id=\"block-5f437b95-503a-4f29-91f7-75b7c74612d1\" class=\"wp-block-image\"><img decoding=\"async\" src=\"http:\/\/rafalk-elblag.pl\/wp-content\/uploads\/2020\/04\/baner-intencje-mszy.jpg\" alt=\"Obrazek posiada pusty atrybut alt; plik o nazwie baner-intencje-mszy.jpg\"><\/figure>\n<h1 id=\"block-ebb85da5-2bf8-44c6-8a18-015b59726bae\" class=\"wp-block-heading\">Intencje mszalne<\/h1>\n<p>&nbsp;<\/p>\n<table width=\"716\">\n<tbody>\n<tr>\n<td colspan=\"2\" width=\"716\"><strong>II Niedziela Adwentu 8 Grudnia 2024 \/ <\/strong>\u0141k 1, 26 -3\/<\/p>\n<p><strong>UROCZYSTO\u015a\u0106 NIEPOKALANEGO POCZ\u0118CIA N.M.P.<\/strong><\/td>\n<\/tr>\n<tr>\n<td width=\"73\"><strong>8.00<\/strong><\/td>\n<td width=\"643\">\u015bp. Wiktor IDZIKOWSKI (gr. 8)<\/td>\n<\/tr>\n<tr>\n<td width=\"73\"><strong>8.00<\/strong><\/td>\n<td width=\"643\">\u015bp. Maria ZA\u0141\u0118SKA<\/td>\n<\/tr>\n<tr>\n<td width=\"73\"><strong>10.00<\/strong><\/td>\n<td width=\"643\">&nbsp;Dzi\u0119kczynna za wszelkie \u0142aski udzielone w mijaj\u0105cym roku dla Nikodemowi i jego rodzinie, Agnieszce i ca\u0142ej rodzinie zakonnej oraz Magdalenie i jej rodzinie<\/td>\n<\/tr>\n<tr>\n<td width=\"73\"><strong>12.00<\/strong><\/td>\n<td width=\"643\"><strong>Za parafian<\/strong><\/td>\n<\/tr>\n<tr>\n<td width=\"73\"><strong>15.00<\/strong><\/td>\n<td width=\"643\">\u015bp.&nbsp; W\u0142adys\u0142awa (k) El\u017cbieta, Zygmunt KISIELEWSCY<\/td>\n<\/tr>\n<tr>\n<td width=\"73\"><strong>18.00<\/strong><\/td>\n<td width=\"643\">Dzi\u0119kczynna z okazji imienin i urodzin Marii WOJTCZAK z pro\u015bb\u0105 o Bo\u017ce b\u0142ogos\u0142awie\u0144stwo i opiek\u0119 Matki Bo\u017cej<\/td>\n<\/tr>\n<tr>\n<td colspan=\"2\" width=\"716\"><strong>PONIEDZIA\u0141EK \/ 9 Grudnia 2024<\/strong>&nbsp; \/ \u0141k 5, 17-26<\/td>\n<\/tr>\n<tr>\n<td width=\"73\"><strong>6.30<\/strong><\/td>\n<td width=\"643\">\u015bp.Wiktor IDZIKOWSKI (gr. 9)<\/td>\n<\/tr>\n<tr>\n<td width=\"73\"><strong>18.00<\/strong><\/td>\n<td width=\"643\">\u015bp. Stanis\u0142aw KOTULSKI 30 dzie\u0144 po pogrzebie<\/td>\n<\/tr>\n<tr>\n<td width=\"73\"><strong>18.00<\/strong><\/td>\n<td width=\"643\">\u015bp. Marianna M\u0141YNARSKA, J\u00f3zef, Zbigniew, S\u0142awomir i Danuta M\u0141YNARSCY, \u015bp. Anna NADOLSKA &nbsp;&nbsp;<\/td>\n<\/tr>\n<tr>\n<td colspan=\"2\" width=\"716\"><strong>WTORE<\/strong><strong>K 10 Grudnia 2024 <\/strong>&nbsp;\/ Mt 18, 12-14<\/td>\n<\/tr>\n<tr>\n<td width=\"73\"><strong>6.30<\/strong><\/td>\n<td width=\"643\">\u015bp. Micha\u0142 JAKUBIAK w 10 rocznic\u0119 \u015bmierci<\/td>\n<\/tr>\n<tr>\n<td width=\"73\"><strong>18.00<\/strong><\/td>\n<td width=\"643\">\u015bp. Wiktor IDZIKOWSKI (gr. 10)<\/td>\n<\/tr>\n<tr>\n<td width=\"73\"><strong>18.00<\/strong><\/td>\n<td width=\"643\">\u015bp. Irena i Ryszard KO\u0141ODZIEJ, \u015bp. Julia i Stefan MAKOWSCY<\/td>\n<\/tr>\n<tr>\n<td colspan=\"2\" width=\"716\"><strong>\u015aRODA \/ 11 Grudnia 2024 <\/strong>\/ Mt 11, 28-30<\/td>\n<\/tr>\n<tr>\n<td width=\"73\"><strong>6.30<\/strong><\/td>\n<td width=\"643\">\u015bp. Jan i Janina OSTROWSCY, \u015bp. Julian HOCHLEITNER i zmar\u0142ych &nbsp;&nbsp;&nbsp;&nbsp;&nbsp;&nbsp;&nbsp;&nbsp;&nbsp;&nbsp;&nbsp;&nbsp;&nbsp;&nbsp;&nbsp;&nbsp;&nbsp;&nbsp;z rodziny FIJA\u0141KOWSKICH i PRZERADZKICH &nbsp;<\/td>\n<\/tr>\n<tr>\n<td width=\"73\"><strong>18.00<\/strong><\/td>\n<td width=\"643\">\u015bp. J\u00f3zef(m) SIELEWICZ w 12 rocznic\u0119 \u015bmierci<\/td>\n<\/tr>\n<tr>\n<td width=\"73\"><strong>18.00<\/strong><\/td>\n<td width=\"643\">\u015bp. Wiktor IDZIKOWSKI (gr. 11)<\/td>\n<\/tr>\n<tr>\n<td colspan=\"2\" width=\"716\"><strong>CZWARTEK \/ 12 Grudnia 2024 <\/strong>&nbsp;\/NMP z Guadalupe Mt 11, 11-15<\/td>\n<\/tr>\n<tr>\n<td width=\"73\"><strong>6.30<\/strong><\/td>\n<td width=\"643\">\u015bp.&nbsp; Wiktor IDZIKOWSKI (gr. 12)<\/td>\n<\/tr>\n<tr>\n<td width=\"73\"><strong>18.00<\/strong><\/td>\n<td width=\"643\">\u015bp. Stefania(k) i Bazyli<\/td>\n<\/tr>\n<tr>\n<td width=\"73\"><strong>18.00<\/strong><\/td>\n<td width=\"643\">Dzi\u0119kczynna z okazji urodzin Sylwii z pro\u015bb\u0105 o potrzebne \u0142aski Bo\u017cej i Dary Ducha \u015awi\u0119tego i opiek\u0119 Matki Bo\u017cej<\/td>\n<\/tr>\n<tr>\n<td colspan=\"2\" width=\"716\"><strong>PI\u0104TEK \/ 13 Grudnia&nbsp; 2024 <\/strong>\/ \u015bw. \u0141ucja \/ Mt 11, 16-19<\/td>\n<\/tr>\n<tr>\n<td width=\"73\">\n<pre><strong>6.30<\/strong><\/pre>\n<\/td>\n<td width=\"643\">\n<pre>\u015bp. Marian - intencja od kole\u017canki<\/pre>\n<\/td>\n<\/tr>\n<tr>\n<td width=\"73\">\n<pre><strong>18.00<\/strong><\/pre>\n<\/td>\n<td width=\"643\">\n<pre>\u015bp. Wiktor IDZIKOWSKI (gr. 13)<\/pre>\n<\/td>\n<\/tr>\n<tr>\n<td width=\"73\">\n<pre><strong>18.00<\/strong><\/pre>\n<\/td>\n<td width=\"643\">\n<pre>\u015bp. Tadeusz LASKOWSKI w 1 rocznic\u0119 \u015bmierci<\/pre>\n<\/td>\n<\/tr>\n<tr>\n<td colspan=\"2\" width=\"716\"><strong>SOBOTA <\/strong>\/<strong> 14 Grudnia&nbsp; 2024<\/strong> \/\u015bw. Jana od Krzy\u017ca Mt 17, 10-13<\/td>\n<\/tr>\n<tr>\n<td width=\"73\"><strong>6.30<\/strong><\/td>\n<td width=\"643\">Dzi\u0119kczynna za otrzymane \u0142aski przez wnuki&nbsp; &nbsp;<\/td>\n<\/tr>\n<tr>\n<td width=\"73\"><strong>18.00<\/strong><\/td>\n<td width=\"643\">\u015bp. J\u00f3zef WN\u00d3CZY\u0143SKI w 20r.\u015bm. Apolonia WN\u00d3CZY\u0143SKA 4r.\u015bm.&nbsp;<\/td>\n<\/tr>\n<tr>\n<td width=\"73\"><strong>18.00<\/strong><\/td>\n<td width=\"643\">\u015bp. Wiktor IDZIKOWSKI (gr.14)<\/td>\n<\/tr>\n<tr>\n<td colspan=\"2\" width=\"716\"><strong>III Niedziela Adwentu 15 Grudnia 2024 \/ <\/strong>\u0141k 3, 10 -18<\/td>\n<\/tr>\n<tr>\n<td width=\"73\"><strong>8.00<\/strong><\/td>\n<td width=\"643\">\u015bp.&nbsp; Wiktor IDZIKOWSKI (gr. 15)<\/td>\n<\/tr>\n<tr>\n<td width=\"73\"><strong>8.00<\/strong><\/td>\n<td width=\"643\">&nbsp;Rez.<\/td>\n<\/tr>\n<tr>\n<td width=\"73\"><strong>10.00<\/strong><\/td>\n<td width=\"643\">&nbsp;Za dusze w czy\u015b\u0107cu cierpi\u0105ce oraz \u015bp. Romana<\/td>\n<\/tr>\n<tr>\n<td width=\"73\"><strong>12.00<\/strong><\/td>\n<td width=\"643\"><strong>Za parafian<\/strong><\/td>\n<\/tr>\n<tr>\n<td width=\"73\"><strong>15.00<\/strong><\/td>\n<td width=\"643\">Dzi\u0119kczynna z okazji 12 urodzin Tatiany KABAN z pro\u015bb\u0105 o Bo\u017ce b\u0142ogos\u0142awie\u0144stwo i opiek\u0119 Matki Bo\u017cej Szkaplerznej<\/td>\n<\/tr>\n<tr>\n<td width=\"73\"><strong>18.00<\/strong><\/td>\n<td width=\"643\">\u015bp. Edward, Janina, Czes\u0142aw<\/td>\n<\/tr>\n<\/tbody>\n<\/table>\n<p>&nbsp;<\/p>\n<p>&nbsp;<\/p>\n","protected":false},"excerpt":{"rendered":"<p>OG\u0141OSZENIA PARAFIALNE&nbsp; 8.12.2024 r. II &nbsp;NIEDZIELA ADWENTU UROCZYSTO\u015a\u0106 NIEPOKALANEGO POCZ\u0118CIA NAJ\u015aWI\u0118TSZEJ MARYI PANNY &nbsp;&nbsp; &nbsp; Oto, co Adwent oznacza dla katolika: Oczekiwanie i nadzieja Adwent to czas, kiedy katolik przygotowuje si\u0119 do \u015bwi\u0119towania narodzin Jezusa, kt\u00f3ry przyni\u00f3s\u0142 \u015bwiatu nadziej\u0119 na zbawienie. Oczekiwanie na Chrystusa wyra\u017ca si\u0119 poprzez pragnienie wewn\u0119trznej przemiany, spojrzenie na \u017cycie z now\u0105 [&hellip;]<\/p>\n","protected":false},"author":1,"featured_media":5646,"comment_status":"closed","ping_status":"closed","sticky":false,"template":"","format":"standard","meta":{"ngg_post_thumbnail":0,"footnotes":""},"categories":[11,8,4,3],"tags":[],"class_list":["post-5645","post","type-post","status-publish","format-standard","has-post-thumbnail","hentry","category-aktualnosci","category-blog","category-intencje","category-ogloszenia"],"_links":{"self":[{"href":"https:\/\/rafalk-elblag.pl\/index.php?rest_route=\/wp\/v2\/posts\/5645","targetHints":{"allow":["GET"]}}],"collection":[{"href":"https:\/\/rafalk-elblag.pl\/index.php?rest_route=\/wp\/v2\/posts"}],"about":[{"href":"https:\/\/rafalk-elblag.pl\/index.php?rest_route=\/wp\/v2\/types\/post"}],"author":[{"embeddable":true,"href":"https:\/\/rafalk-elblag.pl\/index.php?rest_route=\/wp\/v2\/users\/1"}],"replies":[{"embeddable":true,"href":"https:\/\/rafalk-elblag.pl\/index.php?rest_route=%2Fwp%2Fv2%2Fcomments&post=5645"}],"version-history":[{"count":1,"href":"https:\/\/rafalk-elblag.pl\/index.php?rest_route=\/wp\/v2\/posts\/5645\/revisions"}],"predecessor-version":[{"id":5647,"href":"https:\/\/rafalk-elblag.pl\/index.php?rest_route=\/wp\/v2\/posts\/5645\/revisions\/5647"}],"wp:featuredmedia":[{"embeddable":true,"href":"https:\/\/rafalk-elblag.pl\/index.php?rest_route=\/wp\/v2\/media\/5646"}],"wp:attachment":[{"href":"https:\/\/rafalk-elblag.pl\/index.php?rest_route=%2Fwp%2Fv2%2Fmedia&parent=5645"}],"wp:term":[{"taxonomy":"category","embeddable":true,"href":"https:\/\/rafalk-elblag.pl\/index.php?rest_route=%2Fwp%2Fv2%2Fcategories&post=5645"},{"taxonomy":"post_tag","embeddable":true,"href":"https:\/\/rafalk-elblag.pl\/index.php?rest_route=%2Fwp%2Fv2%2Ftags&post=5645"}],"curies":[{"name":"wp","href":"https:\/\/api.w.org\/{rel}","templated":true}]}}