{"id":5643,"date":"2024-11-30T21:47:25","date_gmt":"2024-11-30T21:47:25","guid":{"rendered":"https:\/\/rafalk-elblag.pl\/?p=5643"},"modified":"2024-11-30T21:47:25","modified_gmt":"2024-11-30T21:47:25","slug":"ogloszenia-parafialne-1-12-2024-r-i-niedziela-adwentu","status":"publish","type":"post","link":"https:\/\/rafalk-elblag.pl\/?p=5643","title":{"rendered":"OG\u0141OSZENIA PARAFIALNE\u00a0 1.12.2024 r.  \u00a0\u00a0 \u00a0I \u00a0NIEDZIELA ADWENTU"},"content":{"rendered":"<p><strong>OG\u0141OSZENIA PARAFIALNE&nbsp; 01.12.2024 r.<\/strong><\/p>\n<p><strong>&nbsp;&nbsp; &nbsp;<\/strong><\/p>\n<p><strong>Co to jest Adwent?<\/strong><\/p>\n<p>Adwent to okres liturgiczny w Ko\u015bciele katolickim, kt\u00f3ry rozpoczyna si\u0119 cztery niedziele przed Bo\u017cym Narodzeniem i trwa a\u017c do Wigilii, 24 grudnia. S\u0142owo \u201eadwent\u201d pochodzi z \u0142aci\u0144skiego &#8222;adventus,&#8221; co oznacza \u201eprzyj\u015bcie\u201d lub \u201eprzybycie.\u201d Jest to czas przygotowania duchowego na przyj\u015bcie Jezusa Chrystusa \u2013 zar\u00f3wno wspomnienie Jego narodzin w Betlejem, jak i oczekiwanie na Jego powt\u00f3rne przyj\u015bcie na ko\u0144cu czas\u00f3w.<\/p>\n<p><strong>Symbolika i znaczenie Adwentu<\/strong><\/p>\n<p>Adwent to czas radosnego oczekiwania, ale te\u017c refleksji i nawr\u00f3cenia. W tym okresie wierni s\u0105 zach\u0119cani do pog\u0142\u0119bionej modlitwy, pracy nad sob\u0105 i przygotowania swoich serc na przyj\u015bcie Chrystusa. Jest to czas szczeg\u00f3lnej duchowej odnowy, wyciszenia i przemy\u015blenia swojego \u017cycia w kontek\u015bcie wiary.<\/p>\n<p><strong>Cztery niedziele Adwentu<\/strong><\/p>\n<p>Adwent dzieli si\u0119 na cztery niedziele, z kt\u00f3rych ka\u017cda ma swoje symboliczne znaczenie: <strong>Pierwsza niedziela<\/strong>&nbsp;\u2013 przypomina o nadziei na przyj\u015bcie Zbawiciela. <strong>Druga niedziela<\/strong>&nbsp;\u2013 zach\u0119ca do nawr\u00f3cenia i pracy nad sob\u0105.<\/p>\n<p><strong>&nbsp;<\/strong><\/p>\n<p><strong>Trzecia niedziela<\/strong>&nbsp;\u2013 nazywana jest Gaudete, czyli \u201eniedziel\u0105 rado\u015bci,\u201d i symbolizuje rado\u015b\u0107 z blisko\u015bci Bo\u017cego Narodzenia.<\/p>\n<p><strong>Czwarta niedziela<\/strong>&nbsp;\u2013 przypomina o Matce Bo\u017cej, kt\u00f3ra w pe\u0142ni zaufa\u0142a Bogu i przyj\u0119\u0142a Jego wol\u0119.<\/p>\n<p><strong>Wieniec Adwentowy<\/strong><\/p>\n<p>W tradycji adwentowej znacz\u0105cym symbolem jest wieniec adwentowy \u2013 okr\u0105g\u0142y, cz\u0119sto ozdobiony ga\u0142\u0105zkami iglastymi i czterema \u015bwiecami. W ka\u017cd\u0105 kolejn\u0105 niedziel\u0119 Adwentu zapala si\u0119 jedn\u0105 \u015bwiec\u0119. Symbolizuj\u0105 one nadziej\u0119, pok\u00f3j, rado\u015b\u0107 i mi\u0142o\u015b\u0107, czyli warto\u015bci istotne w \u017cyciu chrze\u015bcijanina.<\/p>\n<p><strong>Roraty<\/strong><\/p>\n<p>W czasie Adwentu w Ko\u015bciele katolickim odbywaj\u0105 si\u0119 r\u00f3wnie\u017c poranne msze roratnie, nazywane \u201eroratami.\u201d Roraty to szczeg\u00f3lna Msza \u015awi\u0119ta ku czci Matki Bo\u017cej, kt\u00f3ra odprawiana jest w oczekiwaniu na narodzenie Jezusa. Wierni, cz\u0119sto z lampionami w r\u0119kach, gromadz\u0105 si\u0119 na niej w ciemno\u015bci, co symbolizuje oczekiwanie na \u015bwiat\u0142o Chrystusa.<\/p>\n<p><strong>Rekolekcje Adwentowe<\/strong><\/p>\n<p>W czasie Adwentu parafie organizuj\u0105 rekolekcje, czyli kilkudniowe duchowe \u0107wiczenia, kt\u00f3re maj\u0105 pom\u00f3c w przygotowaniu serca na Bo\u017ce Narodzenie. Rekolekcje s\u0105 okazj\u0105 do g\u0142\u0119bszej refleksji, nauki oraz spowiedzi \u015bwi\u0119tej. Wielu wiernych korzysta z tego czasu, aby pojedna\u0107 si\u0119 z Bogiem poprzez sakrament pokuty i rozpocz\u0105\u0107 Adwent od nowa, z czystym sercem.<\/p>\n<p>Adwent w parafii to czas szczeg\u00f3lnego zaanga\u017cowania i przygotowania duchowego, aby prze\u017cy\u0107 ten okres w g\u0142\u0119bokiej refleksji i nadziei.<\/p>\n<p>Dla katolika Adwent jest czasem g\u0142\u0119bokiego, duchowego przygotowania i oczekiwania na przyj\u015bcie Jezusa Chrystusa, kt\u00f3ry narodzi\u0142 si\u0119 w Betlejem oraz obieca\u0142 powr\u00f3ci\u0107 na ko\u0144cu czas\u00f3w. Adwent to okres nadziei, refleksji, nawr\u00f3cenia i pracy nad sob\u0105, maj\u0105cy na celu zbli\u017cenie si\u0119 do Boga i pe\u0142niejsze prze\u017cycie \u015awi\u0105t Bo\u017cego Narodzenia.<\/p>\n<p>&nbsp;<\/p>\n<p>&nbsp;<\/p>\n<figure id=\"block-11bfdc70-3a14-4d5e-94a4-c45b2bb4a6cf\" class=\"wp-block-image\"><a href=\"http:\/\/rafalk-elblag.pl\/wp-content\/uploads\/2021\/08\/ogloszenia-parafialne-baner-01a.jpg\"><img decoding=\"async\" src=\"http:\/\/rafalk-elblag.pl\/wp-content\/uploads\/2021\/08\/ogloszenia-parafialne-baner-01a.jpg\" alt=\"Obrazek posiada pusty atrybut alt; plik o nazwie ogloszenia-parafialne-baner-01a.jpg\"><\/a><\/figure>\n<p><strong>&nbsp;<\/strong>&nbsp;<\/p>\n<p><strong>&nbsp;<\/strong><\/p>\n<p><strong>OG\u0141OSZENIA PARAFIALNE&nbsp; 1.12.2024 r.<\/strong><\/p>\n<p><strong>&nbsp;<\/strong><strong>&nbsp; <\/strong><strong>&nbsp;I <\/strong><strong>&nbsp;<\/strong><strong>NIEDZIELA ADWENTU<\/strong><\/p>\n<p><strong><u>&nbsp;<\/u><\/strong><\/p>\n<ol>\n<li><strong>Zapraszamy dzi\u015b na Adoracj\u0119 Naj\u015bwi\u0119tszego Sakramentu od godz. 16:00. <em>Wykorzystaj ten czas ADWENTU i znajd\u017a chwil\u0119 na ADORACJ\u0118, by powierzy\u0107 Panu Bogu swoje sprawy i prosi\u0107 Go o pok\u00f3j na \u015bwiecie.<\/em><\/strong><\/li>\n<li>Dzisiejsza taca przeznaczona jest na inwestycje i utrzymanie naszej parafii. <em>B\u00f3g zap\u0142a\u0107 za sk\u0142adane ofiary <\/em><em>oraz te przelane na konto parafialne.<\/em><\/li>\n<li>W ramach og\u00f3lnopolskiej akcji <strong><em>\u201eWigilijne Dzie\u0142o Pomocy Dzieciom\u201d<\/em><\/strong> Wolontariusze Caritas rozprowadzaj\u0105 dzisiaj \u015bwiece na st\u00f3\u0142 wigilijny w cenie: ma\u0142e \u015bwiece \u2013 12 z\u0142. i du\u017ce \u015bwiece \u2013 25 z\u0142. <em><u>Mamy mo\u017cliwo\u015b\u0107 nabycia przed ko\u015bcio\u0142em lub w zakrystii<\/u><\/em> <em><u>po\u015bwi\u0119conego op\u0142atka na st\u00f3\u0142 wigilijny za dobrowoln\u0105 ofiar\u0119.<\/u> Informujemy, \u017ce nikt w imieniu parafii nie roznosi op\u0142atk\u00f3w po domach.<strong> Pomy\u015blmy o osobach starszych, chorych mieszkaj\u0105cych obok nas. Przynie\u015bmy im do domu po\u015bwi\u0119cony op\u0142atek. <\/strong><\/em><\/li>\n<li><strong>Wszystkich Parafian doros\u0142ych zapraszamy na MSZE \u015aW. RORATNIE ku czci Matki Bo\u017cej o godz. 6:30. <\/strong>M\u0142odzie\u017c wraz z kandydatami do Sakramentu Bierzmowania zapraszamy w poniedzia\u0142ki o godz. 6:30. Dla dzieci Msze \u015bw. RORATNIE odprawiane b\u0119d\u0105 w \u015brody i czwartki o godz. 6:30. <strong>Prosimy, by dzieci przychodzi\u0142y z opiekunami &nbsp;&nbsp;&nbsp;&nbsp;&nbsp;&nbsp;&nbsp;&nbsp;&nbsp;&nbsp;&nbsp;&nbsp;&nbsp;&nbsp;&nbsp;&nbsp;&nbsp;&nbsp;&nbsp;&nbsp;&nbsp;&nbsp;&nbsp;&nbsp;&nbsp;&nbsp;&nbsp;&nbsp;i przynosi\u0142y ze sob\u0105 LAMPIONY. <\/strong>Dzieci wraz z opiekunami po Mszy \u015bw. zapraszamy do salki w piwnicy na ciep\u0142e mleko lub kakao oraz s\u0142odk\u0105 bu\u0142k\u0119.<\/li>\n<li>W \u015brod\u0119 o godz. 19:00 spotkanie Kr\u0119gu Biblijnego w domu parafialnym.<\/li>\n<li>W tym tygodniu przypada pierwszy czwartek, pi\u0105tek i sobota miesi\u0105ca:<\/li>\n<\/ol>\n<ul>\n<li><strong>I czwartek miesi\u0105ca (5 XII)<\/strong> \u2013 zapraszamy na Msz\u0119 \u015bw. o godz. 18:00, a po niej na Adoracj\u0119 Naj\u015bwi\u0119tszego Sakramentu tj. na \u201eGODZIN\u0118 \u015aWI\u0118T\u0104\u201d. Zapraszamy wszystkie osoby modl\u0105ce si\u0119 za kap\u0142an\u00f3w do wsp\u00f3lnej modlitwy.<\/li>\n<li><strong>I pi\u0105tek miesi\u0105ca<\/strong> <strong>(6 XII)<\/strong> zapraszamy do spowiedzi dzieci z klas IV w tygodniu, wed\u0142ug ustalonego porz\u0105dku tj. \u015broda od godz. 17:30 klasa IVA, IVB a w czwartek od godz. 17:30 klasa IVC, IVD i w pi\u0105tek od godz. 16:00 pozosta\u0142e dzieci z innych klas. <strong>Msza \u015bw. dla wszystkich dzieci w I pi\u0105tek tj. 6 grudnia o godz. 16:30. <\/strong><em>Natomiast <\/em><em>spowied\u017a dla doros\u0142ych i m\u0142odzie\u017cy od godz. 17:30. Msza \u015bw. Wotywna o godz. 18:00.<\/em><\/li>\n<li><strong>I sobota miesi\u0105ca (7 XII) <\/strong>zapraszamy wszystkich czcicieli Matki Bo\u017cej na nabo\u017ce\u0144stwo po\u0142\u0105czone z&nbsp;Adoracj\u0105 Naj\u015bwi\u0119tszego Sakramentu od godz. 17:00.<\/li>\n<\/ul>\n<ol start=\"7\">\n<li>W pierwszy pi\u0105tek miesi\u0105ca <strong>(6 XII) <\/strong>kap\u0142ani udadz\u0105 si\u0119 do chorych od godz. 9:30.<\/li>\n<li><strong>Dzi\u0119kuj\u0119 wszystkim osobom, kt\u00f3re wzi\u0119\u0142y udzia\u0142 w zbi\u00f3rce zu\u017cytego sprz\u0119tu elektrycznego i elektronicznego RTV i AGD.<\/strong> Przychody z tej akcji pozwol\u0105 na wsparcie Polskich Misjonarzy, Zgromadzenie Si\u00f3str Matki Bo\u017cej Loreta\u0144skiej oraz Ko\u015bcio\u0142y na Wschodzie, gdzie mieszkaj\u0105 Nasi Rodacy.<\/li>\n<li>Wszystkim Jubilatom i Solenizantom tego tygodnia \u017cyczymy wielu \u0142ask Bo\u017cych i opieki Matki Bo\u017cej Szkaplerznej.<\/li>\n<li>Zach\u0119camy do nabywania nowego numeru <strong>\u201eGo\u015bcia Niedzielnego\u201d<\/strong> z dodatkiem \u201eGo\u015b\u0107 Elbl\u0105ski\u201d.<\/li>\n<\/ol>\n<p style=\"text-align: center;\"><em>&nbsp;<\/em><strong>Numer Konta Parafialnego<\/strong><\/p>\n<p style=\"text-align: center;\"><strong>PKO BP 72 1020 1752 0000 0102 0069 6047<\/strong><\/p>\n<p>&nbsp;<\/p>\n<figure id=\"block-5f437b95-503a-4f29-91f7-75b7c74612d1\" class=\"wp-block-image\"><img decoding=\"async\" src=\"http:\/\/rafalk-elblag.pl\/wp-content\/uploads\/2020\/04\/baner-intencje-mszy.jpg\" alt=\"Obrazek posiada pusty atrybut alt; plik o nazwie baner-intencje-mszy.jpg\"><\/figure>\n<h1 id=\"block-ebb85da5-2bf8-44c6-8a18-015b59726bae\" class=\"wp-block-heading\">Intencje mszalne<\/h1>\n<p>&nbsp;<\/p>\n<p>I Niedziela Adwentu 1 Grudnia 2024 \/ \u0141k 21, 25-28, 34-36<\/p>\n<p>8.00 O do\u015bwiadczenie Bo\u017cej Mi\u0142o\u015bci dla Karoliny i Oskara, Sebastiana i Natalii<br \/>\n10.00 \u015bp. Janina i Kazimierz JARZ\u0118BKOWSCY, Genowefa i Jan GAWRO\u0143SCY<br \/>\n10.00 O \u0142ask\u0119 powrotu do zdrowia dal Rafa\u0142a i wype\u0142nienie si\u0119 woli Bo\u017cej w jego \u017cyciu prosz\u0105 rodzice<br \/>\n12.00 Za parafian<br \/>\n15.00 \u015bp. Marianna i Wiktor IDZIKOWSCY (1)<br \/>\n18.00 \u015ap. Zofia, Katarzyna, J\u00f3zef KOZACZUK, Jan, Jadwiga, Ryszard WYSOCCY<\/p>\n<p>PONIEDZIA\u0141EK \/ 2 Grudnia 2024 \/ Mt 8, 5-11<\/p>\n<p>6.30 \u015bp. Marianna i Wiktor IDZIKOWSCY (2)<br \/>\n18.00 \u015bp. Leszek SZLENDAK w 11 rocznic\u0119 \u015bmierci<\/p>\n<p>WTOREK 3 Grudnia 2024 \/\u015bw. Franciszka Ksawerego \/ \u0141k 10, 21-24<\/p>\n<p>6.30 Dzi\u0119kczynna z okazji imienin Barbary OKONOWICZ z pro\u015bb\u0105 o Bo\u017ce b\u0142ogos\u0142awie\u0144stwo i opiek\u0119 Matki Bo\u017cej<br \/>\n18.00 \u015bp. Marianna i Wiktor IDZIKOWSCY (3)<br \/>\n18.00 Dzi\u0119kczynno b\u0142agalna o Bo\u017ce b\u0142og. dla J\u00f3zefa w 90 urodziny<\/p>\n<p>\u015aRODA \/ 4 Grudnia 2024 \/ Mt 15, 29-37<\/p>\n<p>6.30 \u015bp. Barbara i Roman KAMI\u0143SCY Katarzyna STORY, Wanda HENCLIK<br \/>\n6.30 W dniu urodzin i imienin Barbary JACKIEWICZ z pro\u015bb\u0105 o Bo\u017ce b\u0142ogos\u0142awie\u0144stwo i opiek\u0119 Matki Bo\u017cej<br \/>\n18.00 Za dusze w czy\u015b\u0107cu cierpi\u0105ce<br \/>\n18.00 \u015bp. Marianna i Wiktor IDZIKOWSCY (4)<\/p>\n<p>CZWARTEK \/ 5 Grudnia 2024 \/ Mt 7, 24-27<\/p>\n<p>6.30 \u015bp. Marianna i Wiktor IDZIKOWSCY (5)<br \/>\n18.00 \u015bp. Stanis\u0142awa(k) MOCHOL w 12 miesi\u0105c po \u015bmierci<br \/>\n18.00 O \u015bwi\u0119to\u015b\u0107 dla kap\u0142an\u00f3w oraz o \u015bwiat\u0142o Ducha \u015awi\u0119tego dla powo\u0142anych<\/p>\n<p>PI\u0104TEK \/ 6 Grudnia 2024 \/ \u015bw. Miko\u0142aja \/ Mt 9, 27-31<\/p>\n<p>6.30 \u015bp. Krystyna MA\u0106KO w 14 rocznic\u0119 \u015bmierci<br \/>\n6.30 \u015bp. Marianna i Wiktor IDZIKOWSCY (6)<br \/>\n16.30 W intencji czcicieli Naj\u015bwi\u0119tszego Serca Pana Jezusa oraz za osoby praktykuj\u0105ce 9 pierwszych pi\u0105tk\u00f3w miesi\u0105ca<br \/>\n18.00 \u015bp. Anna w 2 rocznic\u0119 \u015bmierci, \u015bp. Jerzy, Stefan, Ewa i Stanis\u0142aw<\/p>\n<p>SOBOTA \/ 7 Grudnia 2024 \/\u015bw. Ambro\u017cego Mt 9, 35-10.1<\/p>\n<p>6.30 \u015bp. Marianna i Wiktor IDZIKOWSCY (7)<br \/>\n18.00 \u015bp. Wiktoria KU\u0179BICKA<br \/>\n18.00 O pok\u00f3j na \u015bwiecie i mi\u0142o\u015b\u0107 miedzy lud\u017ami \u2013 intencja od pierwszej R\u00f3\u017cy Kr\u00f3lowej Pokoju<\/p>\n<p>II Niedziela Adwentu 8 Grudnia 2024 \/ J 18, 33 -37<\/p>\n<p>8.00 \u015bp. Marianna i Wiktor IDZIKOWSCY (8)<br \/>\n10.00 \u015bp. Maria ZA\u0141\u0118SKA<br \/>\n10.00 Dzi\u0119kczynna za wszelkie \u0142aski udzielone w mijaj\u0105cym roku dla Nikodemowi i jego rodzinie, Agnieszce i ca\u0142ej rodzinie zakonnej oraz Magdalenie i jej rodzinie<br \/>\n12.00 Za parafian<br \/>\n15.00 \u015bp. W\u0142adys\u0142awa (k) El\u017cbieta, Zygmunt KISIELEWSCY<br \/>\n18.00 Dzi\u0119kczynna z okazji imienin i urodzin Marii WOJTCZAK z pro\u015bb\u0105 o Bo\u017ce b\u0142ogos\u0142awie\u0144stwo i opiek\u0119 Matki Bo\u017cej<\/p>\n<p>&nbsp;<\/p>\n","protected":false},"excerpt":{"rendered":"<p>OG\u0141OSZENIA PARAFIALNE&nbsp; 01.12.2024 r. &nbsp;&nbsp; &nbsp; Co to jest Adwent? Adwent to okres liturgiczny w Ko\u015bciele katolickim, kt\u00f3ry rozpoczyna si\u0119 cztery niedziele przed Bo\u017cym Narodzeniem i trwa a\u017c do Wigilii, 24 grudnia. S\u0142owo \u201eadwent\u201d pochodzi z \u0142aci\u0144skiego &#8222;adventus,&#8221; co oznacza \u201eprzyj\u015bcie\u201d lub \u201eprzybycie.\u201d Jest to czas przygotowania duchowego na przyj\u015bcie Jezusa Chrystusa \u2013 zar\u00f3wno wspomnienie [&hellip;]<\/p>\n","protected":false},"author":1,"featured_media":5353,"comment_status":"closed","ping_status":"closed","sticky":false,"template":"","format":"standard","meta":{"ngg_post_thumbnail":0,"footnotes":""},"categories":[11,8,4,3],"tags":[],"class_list":["post-5643","post","type-post","status-publish","format-standard","has-post-thumbnail","hentry","category-aktualnosci","category-blog","category-intencje","category-ogloszenia"],"_links":{"self":[{"href":"https:\/\/rafalk-elblag.pl\/index.php?rest_route=\/wp\/v2\/posts\/5643","targetHints":{"allow":["GET"]}}],"collection":[{"href":"https:\/\/rafalk-elblag.pl\/index.php?rest_route=\/wp\/v2\/posts"}],"about":[{"href":"https:\/\/rafalk-elblag.pl\/index.php?rest_route=\/wp\/v2\/types\/post"}],"author":[{"embeddable":true,"href":"https:\/\/rafalk-elblag.pl\/index.php?rest_route=\/wp\/v2\/users\/1"}],"replies":[{"embeddable":true,"href":"https:\/\/rafalk-elblag.pl\/index.php?rest_route=%2Fwp%2Fv2%2Fcomments&post=5643"}],"version-history":[{"count":1,"href":"https:\/\/rafalk-elblag.pl\/index.php?rest_route=\/wp\/v2\/posts\/5643\/revisions"}],"predecessor-version":[{"id":5644,"href":"https:\/\/rafalk-elblag.pl\/index.php?rest_route=\/wp\/v2\/posts\/5643\/revisions\/5644"}],"wp:featuredmedia":[{"embeddable":true,"href":"https:\/\/rafalk-elblag.pl\/index.php?rest_route=\/wp\/v2\/media\/5353"}],"wp:attachment":[{"href":"https:\/\/rafalk-elblag.pl\/index.php?rest_route=%2Fwp%2Fv2%2Fmedia&parent=5643"}],"wp:term":[{"taxonomy":"category","embeddable":true,"href":"https:\/\/rafalk-elblag.pl\/index.php?rest_route=%2Fwp%2Fv2%2Fcategories&post=5643"},{"taxonomy":"post_tag","embeddable":true,"href":"https:\/\/rafalk-elblag.pl\/index.php?rest_route=%2Fwp%2Fv2%2Ftags&post=5643"}],"curies":[{"name":"wp","href":"https:\/\/api.w.org\/{rel}","templated":true}]}}