{"id":5641,"date":"2024-11-23T19:24:53","date_gmt":"2024-11-23T19:24:53","guid":{"rendered":"https:\/\/rafalk-elblag.pl\/?p=5641"},"modified":"2024-11-23T19:24:53","modified_gmt":"2024-11-23T19:24:53","slug":"niedziela-jezusa-chrystusa-krola-wszechswiata","status":"publish","type":"post","link":"https:\/\/rafalk-elblag.pl\/?p=5641","title":{"rendered":"\u00a0\u00a0\u00a0Niedziela Jezusa Chrystusa Kr\u00f3la Wszech\u015bwiata"},"content":{"rendered":"<p><strong>OG\u0141OSZENIA PARAFIALNE&nbsp; 24.11.2024 r.<\/strong><\/p>\n<p><strong>&nbsp;&nbsp; &nbsp;&nbsp;&nbsp;<u>Niedziela Jezusa Chrystusa Kr\u00f3la Wszech\u015bwiata<\/u><\/strong><\/p>\n<p>&nbsp;<\/p>\n<p>Uroczysto\u015b\u0107 Chrystusa Kr\u00f3la do liturgii wprowadzi\u0142 papie\u017c Pius XI encyklik\u0105&nbsp;<em>Quas Primas<\/em>&nbsp;z 11 grudnia 1925 r. na zako\u0144czenie roku jubileuszowego.<\/p>\n<p>Nakaza\u0142 wtedy, aby we wszystkich ko\u015bcio\u0142ach tego dnia po g\u0142\u00f3wnym nabo\u017ce\u0144stwie przed wystawionym Naj\u015bwi\u0119tszym Sakramentem odm\u00f3wi\u0107 litani\u0119 do Naj\u015bwi\u0119tszego Serca Pana Jezusa oraz akt po\u015bwi\u0119cenia rodzaju ludzkiego Naj\u015bwi\u0119tszemu Sercu. Pius XI, uzasadniaj\u0105c sw\u0105 decyzj\u0119, pisa\u0142 m.in.:<\/p>\n<p><em>Od dawna ju\u017c powszechnie nazywano Chrystusa Kr\u00f3lem w przeno\u015bnym tego s\u0142owa znaczeniu, a to z powodu najwy\u017cszego stopnia dostoje\u0144stwa, przez kt\u00f3re wyprzedza wszystkie stworzenia i przewy\u017csza je. <\/em><\/p>\n<p><em>M\u00f3wimy wi\u0119c, i\u017c Chrystus kr\u00f3luje w umys\u0142ach ludzkich, nie tyle dla g\u0142\u0119bi umys\u0142u i rozleg\u0142o\u015bci Swej wiedzy, ile \u017ce on sam jest prawd\u0105, a ludzie od Niego powinni prawd\u0119 czerpa\u0107 i pos\u0142usznie j\u0105 przyjmowa\u0107;<\/em> <em>m\u00f3wimy <\/em><\/p>\n<p><em>&nbsp;<\/em><\/p>\n<p><em>te\u017c, i\u017c Chrystus kr\u00f3luje w woli ludzkiej,<\/em> <em>poniewa\u017c w Nim<\/em><em> nie tylko nieskazitelna woli ludzka stosuje si\u0119 zupe\u0142nie i z ca\u0142ym pos\u0142usze\u0144stwem do naj\u015bwi\u0119tszej woli boskiej, lecz tak\u017ce dlatego, \u017ce Chrystus tak wp\u0142ywa natchnieniami swymi na nasz\u0105 woln\u0105 wol\u0119, i\u017c zapalamy si\u0119 &nbsp;do najszlachetniejszych rzeczy.<\/em><\/p>\n<p><em>&nbsp;Wreszcie uznajemy Chrystusa jako Kr\u00f3la serc dla Jego &#8222;przewy\u017cszaj\u0105cej nauk\u0119 mi\u0142o\u015bci&#8221; i dla \u0142agodno\u015bci i \u0142askawo\u015bci, kt\u00f3r\u0105 przyci\u0105ga dusze. \u017baden bowiem cz\u0142owiek nigdy nie by\u0142 i nie b\u0119dzie do tego stopnia ukochanym przez wszystkie narody, jak Jezus Chrystus.<\/em><\/p>\n<p><strong>Uroczysto\u015b\u0107 ta ma nam u\u015bwiadomi\u0107, \u017ce Chrystus jest Kr\u00f3lem ca\u0142ego stworzenia &#8211; wszech\u015bwiata.<\/strong> On jest Kr\u00f3lem, bo jest Bogiem-Cz\u0142owiekiem, Stworzycielem i Odkupicielem. Z tego w\u0142a\u015bnie tytu\u0142u ma absolutn\u0105 w\u0142adz\u0119.<\/p>\n<p>B\u00f3g nie tylko stworzy\u0142 \u015bwiat, ale ci\u0105gle go stwarza i nim w\u0142ada. Kr\u00f3lestwo Jezusa jest czym\u015b zupe\u0142nie innym od wszystkich kr\u00f3lestw ziemskich. Dotyczy ono wszystkich narod\u00f3w, wszystkich miejsc i wszystkich czas\u00f3w. Dlatego w\u0142a\u015bnie w codziennej modlitwie, kt\u00f3r\u0105 zostawi\u0142 nam sam Chrystus, wo\u0142amy z nadziej\u0105:<\/p>\n<p><strong>Przyjd\u017a kr\u00f3lestwo Twoje!<\/strong><\/p>\n<p>Chocia\u017c Chrystus nigdy nie nosi\u0142 korony kr\u00f3lewskiej, nie trzyma\u0142 w r\u0119ku ber\u0142a i nie zasiada\u0142 na tronie kr\u00f3lewskim, tytu\u0142 Kr\u00f3la najzupe\u0142niej Mu si\u0119 nale\u017cy.<\/p>\n<p>Jako cz\u0142owiek, w swej ludzkiej naturze, pochodzi\u0142 on przecie\u017c w prostej linii od kr\u00f3la Izraela, Dawida. Wykazuj\u0105 to Ewangeli\u015bci, podaj\u0105c Jego rodow\u00f3d.<\/p>\n<p>Tak wi\u0119c z krwi i dziedziczenia Chrystus mia\u0142 prawo do tytu\u0142u Kr\u00f3la. Chrystus jest ponadto Synem Bo\u017cym, natur\u0105 r\u00f3wny Bogu, drug\u0105 Osob\u0105 Tr\u00f3jcy Przenaj\u015bwi\u0119tszej.<\/p>\n<p>Jako taki jest Panem nieba i ziemi, Panem najwy\u017cszym i absolutnym, z kt\u00f3rym wszelkie kr\u00f3lestwa ziemskie nie mog\u0105 si\u0119 por\u00f3wnywa\u0107. Aby to powszechne w\u0142adztwo Jezusa podkre\u015bli\u0107, liturgia doda\u0142a do tytu\u0142u &#8222;Kr\u00f3l&#8221; dope\u0142nienie &#8222;Wszech\u015bwiata&#8221;.<\/p>\n<p>&nbsp;<\/p>\n<p>&nbsp;<\/p>\n<figure id=\"block-11bfdc70-3a14-4d5e-94a4-c45b2bb4a6cf\" class=\"wp-block-image\"><a href=\"http:\/\/rafalk-elblag.pl\/wp-content\/uploads\/2021\/08\/ogloszenia-parafialne-baner-01a.jpg\"><img decoding=\"async\" src=\"http:\/\/rafalk-elblag.pl\/wp-content\/uploads\/2021\/08\/ogloszenia-parafialne-baner-01a.jpg\" alt=\"Obrazek posiada pusty atrybut alt; plik o nazwie ogloszenia-parafialne-baner-01a.jpg\"><\/a><\/figure>\n<p><strong>&nbsp;<\/strong>&nbsp;<\/p>\n<p><strong>&nbsp;<\/strong><\/p>\n<p><strong>OG\u0141OSZENIA PARAFIALNE&nbsp; 24.11.2024 r.<\/strong><\/p>\n<p><strong>&nbsp;<\/strong><strong>&nbsp; <\/strong><strong>&nbsp;&nbsp;<\/strong><strong>&nbsp;<\/strong><strong><u>Niedziela Jezusa Chrystusa Kr\u00f3la Wszech\u015bwiata<\/u><\/strong><\/p>\n<ol>\n<li>Dzi\u015b obchodzimy Uroczysto\u015b\u0107 Jezusa Chrystusa, Kr\u00f3la Wszech\u015bwiata i zako\u0144czenie <strong>roku liturgicznego. <\/strong><em><u>Za tydzie\u0144 rozpoczynamy ADWENT.<\/u><\/em><\/li>\n<li><strong>Przed nami ostatnie dni listopada, kiedy to w spos\u00f3b szczeg\u00f3lny modlimy si\u0119 za zmar\u0142ych. W naszym Ko\u015bciele codziennie o godz. 18:00 oprawiamy Msz\u0119 \u015awi\u0119t\u0105 zbiorow\u0105 <\/strong>a bezpo\u015brednio po Mszy \u015bw. s\u0105 WYPOMINKI po\u0142\u0105czone z Koronk\u0105 do Mi\u0142osierdzia Bo\u017cego.<\/li>\n<\/ol>\n<p><strong><em>Pami\u0119tajmy: \u201e\u015awi\u0119t\u0105 i zbawienn\u0105 rzecz\u0105 jest modli\u0107 si\u0119 za \u017cywych i zmar\u0142ych.\u201d<\/em><\/strong><\/p>\n<ol start=\"3\">\n<li>Wolontariusze Caritas dzisiaj przed ko\u015bcio\u0142em zbieraj\u0105 ofiary dla najubo\u017cszych i potrzebuj\u0105cych os\u00f3b z naszej parafii.&nbsp; Parafialny Oddzia\u0142 Caritas naszej parafii znajduje si\u0119 przy ul. Myliusa 1A i jest czynny w I i III czwartek miesi\u0105ca od 16:00 do 17:00.<\/li>\n<li>W ramach og\u00f3lnopolskiej akcji <strong><em>\u201eWigilijne Dzie\u0142o Pomocy Dzieciom\u201d<\/em><\/strong> od przysz\u0142ej niedzieli 1 grudnia Wolontariusze Caritas b\u0119d\u0105 rozprowadza\u0107 \u015bwiece na st\u00f3\u0142 wigilijny&nbsp;&nbsp;&nbsp; w cenie: ma\u0142e \u015bwiece \u2013 12 z\u0142. oraz du\u017ce \u015bwiece \u2013 25 z\u0142.<\/li>\n<li>W ka\u017cdy czwartek <strong><em>zapraszamy na Adoracj\u0119 Naj\u015bwi\u0119tszego Sakramentu<\/em><\/strong> w ciszy. Adoracja rozpoczyna si\u0119 po Mszy \u015bw. wieczornej i trwa do godziny 20:00.<\/li>\n<li><strong>Dzi\u0119kuj\u0119 wszystkim osobom<\/strong>, kt\u00f3re zaanga\u017cowa\u0142y si\u0119 w <em>Uroczysto\u015bci zwi\u0105zane z rocznic\u0105 po\u015bwi\u0119cenia Ko\u015bcio\u0142a oraz z Odpustem ku czci \u015bw. Rafa\u0142a Kalinowskiego<\/em>.<\/li>\n<li>Wszystkim Jubilatom i Solenizantom tego tygodnia \u017cyczymy wielu \u0142ask Bo\u017cych i opieki Matki Bo\u017cej Szkaplerznej.<\/li>\n<li>Op\u0142atki na st\u00f3\u0142 wigilijny w jedno\u015bci z nasz\u0105 parafi\u0105 mo\u017cna nabywa\u0107 po Mszach \u015bw. w zakrystii. <em>Nikt z naszej parafii nie dostarcza op\u0142atk\u00f3w do dom\u00f3w i mieszka\u0144.&nbsp;&nbsp;&nbsp;&nbsp;&nbsp;&nbsp;&nbsp;&nbsp;&nbsp;&nbsp;&nbsp;&nbsp;&nbsp;&nbsp;&nbsp;&nbsp;&nbsp;&nbsp;&nbsp;&nbsp;&nbsp;&nbsp;&nbsp;&nbsp;&nbsp;&nbsp;&nbsp;&nbsp;&nbsp;&nbsp;&nbsp;&nbsp;&nbsp;&nbsp;&nbsp;&nbsp;&nbsp;&nbsp;&nbsp;&nbsp;&nbsp;&nbsp;&nbsp;&nbsp;&nbsp;&nbsp;&nbsp;&nbsp;&nbsp; <\/em><\/li>\n<li><strong>Zach\u0119camy do udzia\u0142u w zbi\u00f3rce zu\u017cytego sprz\u0119tu elektrycznego &nbsp;&nbsp;&nbsp;&nbsp;&nbsp;&nbsp;&nbsp;&nbsp;&nbsp;&nbsp;&nbsp;&nbsp;&nbsp;&nbsp;&nbsp;&nbsp;&nbsp;&nbsp;i elektronicznego RTV i AGD<\/strong> (np. pralki, telewizory, komputery, radia, odkurzacze itp.). Zbi\u00f3rka odb\u0119dzie si\u0119 dnia <strong>26 listopada (wtorek) od godz. 9:00 do godz. 17:00<\/strong>.&nbsp; <em>Sprz\u0119t prosimy zostawia\u0107 na placu ko\u015bcielnym przy wej\u015bciu do piwnicy.<\/em> Przychody z akcji pozwol\u0105 na wsparcie Polskich Misjonarzy a szczeg\u00f3lnie dla Zgromadzenie Si\u00f3str Matki Bo\u017cej Loreta\u0144skiej oraz Ko\u015bcio\u0142y na Wschodzie, gdzie mieszkaj\u0105 Nasi Rodacy.<\/li>\n<li>Ofiary z\u0142o\u017cone na tac\u0119 za tydzie\u0144 przeznaczone s\u0105 na inwestycje i utrzymanie naszej parafii. <em>B\u00f3g zap\u0142a\u0107 za sk\u0142adane ofiary <\/em><em>oraz te przelane na konto parafialne.<\/em><\/li>\n<li>Zach\u0119camy do nabywania nowego numeru <strong>\u201eGo\u015bcia Niedzielnego\u201d<\/strong> z dodatkiem \u201eGo\u015b\u0107 Elbl\u0105ski\u201d<\/li>\n<\/ol>\n<p style=\"text-align: center;\"><em>&nbsp;<\/em><strong>Numer Konta Parafialnego<\/strong><\/p>\n<p style=\"text-align: center;\"><strong>PKO BP 72 1020 1752 0000 0102 0069 6047<\/strong><\/p>\n<p>&nbsp;<\/p>\n<figure id=\"block-5f437b95-503a-4f29-91f7-75b7c74612d1\" class=\"wp-block-image\"><img decoding=\"async\" src=\"http:\/\/rafalk-elblag.pl\/wp-content\/uploads\/2020\/04\/baner-intencje-mszy.jpg\" alt=\"Obrazek posiada pusty atrybut alt; plik o nazwie baner-intencje-mszy.jpg\"><\/figure>\n<h1 id=\"block-ebb85da5-2bf8-44c6-8a18-015b59726bae\" class=\"wp-block-heading\">Intencje mszalne<\/h1>\n<p>JEZUSA CHRYSTUSA KR\u00d3LA WSZECHW\u015aWIATA<br \/>\n24 Listopada 2024 \/ J 18, 33 -37<\/p>\n<p>8.00 \u015bp. Artur i Regina KOWALSCY<br \/>\n10.00 \u015bp. Antoni K\u0118PI\u0143SKI w 22 r. \u015bmierci \u015bp. Stanis\u0142awa (k) K\u0118PI\u0143SKA<br \/>\n12.00 Dzi\u0119kczynna w 60 rocznice \u015blubu Nadziei i Feliksa ZAJ\u0104C o Bo\u017ce b\u0142ogos\u0142awie\u0144stwo potrzebne \u0142aski dla czcigodnych Jubilat\u00f3w<br \/>\n15.00 \u015bp. Wincenty Wi\u015bniewski 37r.\u015bm. \u015bp. Helena Wi\u015bniewska 30 rocz. \u015bmierci<br \/>\n18.00 Msza \u015bwi\u0119ta zbiorowa za zmar\u0142ych<br \/>\n18.00 Dzi\u0119kczynna z okazji 14 urodzin \u0141ucji z pro\u015bb\u0105 o Bo\u017ce b\u0142og. zdrowie i potrzebne \u0142aski oraz dary Ducha \u015awi\u0119tego<\/p>\n<p>PONIEDZIA\u0141EK \/ 25 listopada 2024 \/\u0141k 21 1-4<br \/>\n8.00 \u015bp. Bogdan MICHALSKI w 7 rocznic\u0119 \u015bmierci<br \/>\n18.00 \u015bp. Adam \u017bUKOWSKI, W\u0142adys\u0142aw i Zofia NAZAREK i zm. z tych rodzin<br \/>\n18.00 Msza \u015bwi\u0119ta zbiorowa za zmar\u0142ych<\/p>\n<p>WTOREK 26 listopad 2024 \/ \u0141k 21, 5-11<br \/>\n8.00 \u015bp. J\u00f3zef CZESZEJKO- SOCHACKI<br \/>\n18.00 \u015bp. Tadeusz RECZEK w 7 rocznice \u015bmierci<br \/>\n18.00 Msza \u015bwi\u0119ta zbiorowa za zmar\u0142ych<\/p>\n<p>\u015aRODA \/ 27 Listopad 2024 \/ \u0141k 21, 12-19<br \/>\n8.00 \u015bp. Jerzy CIESIELSKI i zmar\u0142ych z rodziny<br \/>\n18.00 \u015bp. Izydor w rocznic\u0119 \u015bmierci i zm. z rodz. BI\u0143KOWSKICH<br \/>\n18.00 Msza \u015bwi\u0119ta zbiorowa za zmar\u0142ych<\/p>\n<p>CZWARTEK \/ 28 Listopada 2024 \/ \u0141k 21, 20-28<br \/>\n8.00 Za zm. z rodz. PALKOWSKICH: Stanis\u0142aw, Czes\u0142awa(k) Janusz, S\u0142awomir<br \/>\n18.00 \u015bp. Stanis\u0142aw KOWALSKI 30 dzie\u0144 po pogrzebie<br \/>\n18.00 \u015bp. Kazimiera ZEMBRZYCKA w 13r.\u015bm. \u015bp. Ewa P\u0141OZA w 1 r. \u015bmierci<br \/>\n18.00 Msza \u015bwi\u0119ta zbiorowa za zmar\u0142ych<\/p>\n<p>PI\u0104TEK \/ 29 Listopada 2024 \/ \u0141k 21, 29-33<br \/>\n8.00 Za zmar\u0142ych z rodziny MENDALKA : Antoni, Paulina, Tadeusz, Piotr<br \/>\n18.00 Dzi\u0119kczynna za wszystkie otrzymane \u0142aski z pro\u015bb\u0105 o Bo\u017ce b\u0142og. dary Ducha \u015awi\u0119tego, opiek\u0119 Matki Bo\u017cej dla Dariusza \u017bUGAJ z okazji 50 urodzin<br \/>\n18.00 Msza \u015bwi\u0119ta zbiorowa za zmar\u0142ych<\/p>\n<p>SOBOTA \/ 30 Listopada 2024 \/\u015bw. Andrzeja Aposto\u0142a Mt 4 18-22<br \/>\n8.00 \u015bp. Franciszka(k) i Stanis\u0142aw ZABOROWSCY oraz zm. z rodziny<br \/>\n18.00 \u015bp. Norbert, Jadwiga, Kazimierz<br \/>\n18.00 \u015bp. J\u00f3zef KWIATOSZ w 11 rocznic\u0119 \u015bmierci<br \/>\n18.00 Msza \u015bwi\u0119ta zbiorowa za zmar\u0142ych<\/p>\n<p>I Niedziela Adwentu 1 Grudnia 2024 \/ J 18, 33 -37<br \/>\n8.00 O do\u015bwiadczenie Bo\u017cej Mi\u0142o\u015bci dla Karoliny i Oskara, Sebastiana i Natalii<br \/>\n10.00 \u015bp. Janina i Kazimierz JARZ\u0118BKOWSCY, Genowefa i Jan GAWRO\u0143SCY<br \/>\n10.00 O \u0142ask\u0119 powrotu do zdrowia dal Rafa\u0142a i wype\u0142nienie si\u0119 woli Bo\u017cej w jego \u017cyciu prosz\u0105 rodzice<br \/>\n12.00 Za parafian<br \/>\n15.00 \u015bp. Marianna i Wiktor IDZIKOWSSCY (1)<br \/>\n18.00 \u015ap. Zofia, Katarzyna, J\u00f3zef KOZACZUK, Jan, Jadwiga, Ryszard WYSOCCY<\/p>\n<p>&nbsp;<\/p>\n","protected":false},"excerpt":{"rendered":"<p>OG\u0141OSZENIA PARAFIALNE&nbsp; 24.11.2024 r. &nbsp;&nbsp; &nbsp;&nbsp;&nbsp;Niedziela Jezusa Chrystusa Kr\u00f3la Wszech\u015bwiata &nbsp; Uroczysto\u015b\u0107 Chrystusa Kr\u00f3la do liturgii wprowadzi\u0142 papie\u017c Pius XI encyklik\u0105&nbsp;Quas Primas&nbsp;z 11 grudnia 1925 r. na zako\u0144czenie roku jubileuszowego. Nakaza\u0142 wtedy, aby we wszystkich ko\u015bcio\u0142ach tego dnia po g\u0142\u00f3wnym nabo\u017ce\u0144stwie przed wystawionym Naj\u015bwi\u0119tszym Sakramentem odm\u00f3wi\u0107 litani\u0119 do Naj\u015bwi\u0119tszego Serca Pana Jezusa oraz akt po\u015bwi\u0119cenia [&hellip;]<\/p>\n","protected":false},"author":1,"featured_media":5349,"comment_status":"closed","ping_status":"closed","sticky":false,"template":"","format":"standard","meta":{"ngg_post_thumbnail":0,"footnotes":""},"categories":[11,8,4,3],"tags":[],"class_list":["post-5641","post","type-post","status-publish","format-standard","has-post-thumbnail","hentry","category-aktualnosci","category-blog","category-intencje","category-ogloszenia"],"_links":{"self":[{"href":"https:\/\/rafalk-elblag.pl\/index.php?rest_route=\/wp\/v2\/posts\/5641","targetHints":{"allow":["GET"]}}],"collection":[{"href":"https:\/\/rafalk-elblag.pl\/index.php?rest_route=\/wp\/v2\/posts"}],"about":[{"href":"https:\/\/rafalk-elblag.pl\/index.php?rest_route=\/wp\/v2\/types\/post"}],"author":[{"embeddable":true,"href":"https:\/\/rafalk-elblag.pl\/index.php?rest_route=\/wp\/v2\/users\/1"}],"replies":[{"embeddable":true,"href":"https:\/\/rafalk-elblag.pl\/index.php?rest_route=%2Fwp%2Fv2%2Fcomments&post=5641"}],"version-history":[{"count":1,"href":"https:\/\/rafalk-elblag.pl\/index.php?rest_route=\/wp\/v2\/posts\/5641\/revisions"}],"predecessor-version":[{"id":5642,"href":"https:\/\/rafalk-elblag.pl\/index.php?rest_route=\/wp\/v2\/posts\/5641\/revisions\/5642"}],"wp:featuredmedia":[{"embeddable":true,"href":"https:\/\/rafalk-elblag.pl\/index.php?rest_route=\/wp\/v2\/media\/5349"}],"wp:attachment":[{"href":"https:\/\/rafalk-elblag.pl\/index.php?rest_route=%2Fwp%2Fv2%2Fmedia&parent=5641"}],"wp:term":[{"taxonomy":"category","embeddable":true,"href":"https:\/\/rafalk-elblag.pl\/index.php?rest_route=%2Fwp%2Fv2%2Fcategories&post=5641"},{"taxonomy":"post_tag","embeddable":true,"href":"https:\/\/rafalk-elblag.pl\/index.php?rest_route=%2Fwp%2Fv2%2Ftags&post=5641"}],"curies":[{"name":"wp","href":"https:\/\/api.w.org\/{rel}","templated":true}]}}