{"id":5634,"date":"2024-11-14T12:20:40","date_gmt":"2024-11-14T12:20:40","guid":{"rendered":"https:\/\/rafalk-elblag.pl\/?p=5634"},"modified":"2024-11-17T12:14:18","modified_gmt":"2024-11-17T12:14:18","slug":"17-11-2024-r-xxxiii-niedziela-zwykla","status":"publish","type":"post","link":"https:\/\/rafalk-elblag.pl\/?p=5634","title":{"rendered":"17.11.2024 r.\u00a0XXXIII NIEDZIELA ZWYK\u0141A"},"content":{"rendered":"<p><strong>17.11.2024 r.<\/strong><strong> XXXIII NIEDZIELA ZWYK\u0141A<\/strong><\/p>\n<h3><strong>ROCZNICA KONSEKRACJI I ODPUST PARAFIALNY<\/strong><\/h3>\n<p>W ci\u0105gu roku dla ka\u017cdej \u015bwi\u0105tyni istotne s\u0105 dwa dni: rocznica jej po\u015bwi\u0119cenia i dzie\u0144 jej patrona. Dzie\u0144 rocznicy po\u015bwi\u0119cenia przez analogi\u0119 mo\u017cna por\u00f3wna\u0107 do dnia chrztu. Przez sakrament chrztu \u015bwi\u0119tego cz\u0142owiek staje si\u0119 dzieckiem samego Boga, przez po\u015bwi\u0119cenie ko\u015bci\u00f3\u0142 staj\u0119 si\u0119 budynkiem przeznaczonym do wy\u0142\u0105cznej s\u0142u\u017cby Bo\u017cej. Od tego moment nie mo\u017ce s\u0142u\u017cy\u0107 celom \u015bwieckim. Natomiast dzie\u0144 po\u015bwi\u0119cony patronowi parafii odpowiada naszym imieninom.<\/p>\n<p>Dzi\u015b mija dok\u0142adnie 6 rocznica po\u015bwi\u0119cenia naszego ko\u015bcio\u0142a parafialnego, kt\u00f3rego dokona\u0142 Biskup Jan Styrna. Widzialnym znakiem tego po\u015bwi\u0119cenia s\u0105 zacheuszki, czyli \u015bwiece w miejscach namaszczeniem Olejem Krzy\u017cma \u015bcian \u015bwi\u0105tyni. Dzie\u0144 ten jest okazj\u0105 do wdzi\u0119czno\u015bci za wszystkich parafian, budowniczych, duszpasterzy i ofiarodawc\u00f3w naszej \u015bwi\u0105tyni.<\/p>\n<h6><strong>W najbli\u017csz\u0105 \u015brod\u0119 20 listopada b\u0119dziemy obchodzi\u0107 Uroczysto\u015b\u0107 \u015bw. Rafa\u0142a Kalinowskiego<\/strong> \u2013 patrona naszej parafii.<\/h6>\n<p>Jest to dobra okazja do przypomnienia sobie po kr\u00f3tce \u017cyciorysu naszego \u015bwi\u0119tego patrona. J\u00f3zef Kalinowski urodzi\u0142 si\u0119 w rodzinie szlacheckiej 1 wrze\u015bnia 1835 roku w Wilnie. Po uko\u0144czenie Instytutu Szlacheckiego w Wilnie rozpocz\u0105\u0142 studia w Instytucie Agronomicznym w Hory-Horkach. Nast\u0119pnie przeni\u00f3s\u0142 si\u0119 do Miko\u0142ajewskiej Szko\u0142y In\u017cynierii Wojskowej w Petersburgu. Uzyska\u0142 tam stopie\u0144 in\u017cyniera oraz wst\u0105pi\u0142 do wojska. W tym czasie prze\u017cywa\u0142 dylematy zwi\u0105zane ze swoj\u0105 narodowo\u015bci\u0105, s\u0142u\u017cb\u0105 w wojsku, a tak\u017ce w \u017cyciu duchowym, gdy\u017c przesta\u0142 przyst\u0119powa\u0107 do sakrament\u00f3w. W 1859 r. opu\u015bci\u0142 Akademi\u0119, aby podj\u0105\u0107 prac\u0119 przy budowie kolei \u017celaznej. Czuj\u0105c zbli\u017caj\u0105c\u0105 si\u0119 wojn\u0119 poda\u0142 si\u0119 do dymisji i zosta\u0142 ministrem wojny w rejonie Wilna. Ze wzgl\u0119d\u00f3w zdrowotnych w 1863 r. otrzyma\u0142 zwolnienie z wojska. Otaczany modlitw\u0105 i wsparciem ze strony mamy i rodze\u0144stwa prze\u017cy\u0142 nawr\u00f3cenie religijne. W momencie wybuchu powstania styczniowego nie chc\u0105c sta\u0107 z daleka do\u0142\u0105czy\u0142 do powstania. Po upadku powstania wr\u00f3ci\u0142 do Wilna, gdzie zosta\u0142 umieszczony w wi\u0119zieniu. Podczas procesu zosta\u0142 skazany na \u015bmier\u0107. Podczas pobytu w wi\u0119zieniu J\u00f3zef znacznie przybli\u017cy\u0142 si\u0119 do Pana Boga. Dzi\u0119ki interwencji rodziny oraz przyjaci\u00f3\u0142&nbsp; oraz z racji na obaw\u0119 \u017ce po jego \u015bmierci Polacy mogliby&nbsp; uzna\u0107 go za \u015bwi\u0119tego w\u0142adze carskie postanowi\u0142y zamieni\u0107 jego wyrok na zes\u0142anie na Syberii. &nbsp;Na pocz\u0105tku przebywa\u0142 w Nerczy\u0144sku, nast\u0119pnie w Usolu, Irkucku, oraz Smole\u0144sku. Podczas zes\u0142anie na Sybir dzieli\u0142 si\u0119 z potrzebuj\u0105cymi. Mocno prze\u017cywa\u0142 fakt, i\u017c wielu zes\u0142a\u0144c\u00f3w nie mia\u0142o cho\u0107 podstawowej wiedzy religijnej. J\u00f3zef z wielk\u0105 rado\u015bci\u0105 naucza\u0142 dzieci i m\u0142odzie\u017c o Panu Bogu. W 1874 r. wr\u00f3ci\u0142 do kraju. Otrzyma\u0142 paszport i uda\u0142 si\u0119 na Zach\u00f3d, gdzie podj\u0105\u0142 obowi\u0105zki wychowawcy ksi\u0119cia Augusta Czartoryskiego. W lipcu 1877 r. czterdziestodwuletni wst\u0105pi\u0142 do nowicjatu karmelit\u00f3w przyjmuj\u0105c imi\u0119 Rafa\u0142 od \u015bwi\u0119tego J\u00f3zefa. \u015awi\u0119cenia kap\u0142a\u0144skie otrzyma\u0142 15 stycznia 1882 roku w Czernej ko\u0142o Krakowa. Kilka miesi\u0119cy p\u00f3\u017aniej zosta\u0142 ustanowiony przeorem klasztoru w Czernej. Ksi\u0105dz Rafa\u0142 wiele godzin sp\u0119dza\u0142 w konfesjonale, nazywano go \u2013 \u201eofiar\u0105 konfesjona\u0142u\u201d. By\u0142 cz\u0142owiekiem rozmodlonym, pos\u0142uszny regu\u0142om zakonnym oraz gotowy do umartwie\u0144, post\u00f3w i wyrzecze\u0144.<\/p>\n<p>Zmar\u0142 15 listopada 1907 r w Wadowicach w opinii \u015bwi\u0119to\u015bci. Beatyfikowa\u0142 go Jan Pawe\u0142 II w 1983 r. w Krakowie, natomiast kanonizacja mia\u0142a miejsce w Rzymie w 1991 roku. \u015awi\u0119ty Rafa\u0142 jest patronem sybirak\u00f3w, oficer\u00f3w, \u017co\u0142nierzy, a tak\u017ce in\u017cynier\u00f3w.<\/p>\n<h6>Zach\u0119camy wszystkich parafian do udzia\u0142u w duchowym przygotowaniu do uroczysto\u015bci Odpustowych oraz udzia\u0142u w Eucharystii w \u015brod\u0119 20 listopada.<\/h6>\n<p>&nbsp;<\/p>\n<p>&nbsp;<\/p>\n<figure id=\"block-11bfdc70-3a14-4d5e-94a4-c45b2bb4a6cf\" class=\"wp-block-image\"><a href=\"http:\/\/rafalk-elblag.pl\/wp-content\/uploads\/2021\/08\/ogloszenia-parafialne-baner-01a.jpg\"><img decoding=\"async\" src=\"http:\/\/rafalk-elblag.pl\/wp-content\/uploads\/2021\/08\/ogloszenia-parafialne-baner-01a.jpg\" alt=\"Obrazek posiada pusty atrybut alt; plik o nazwie ogloszenia-parafialne-baner-01a.jpg\"><\/a><\/figure>\n<p><strong>&nbsp;<\/strong>&nbsp;<\/p>\n<p><strong>&nbsp;<\/strong><\/p>\n<p><strong>OG\u0141OSZENIA PARAFIALNE&nbsp; 17.11.2024 r.<\/strong><\/p>\n<p><strong>&nbsp;<\/strong><strong>&nbsp; <\/strong><strong>&nbsp;XXXIII <\/strong><strong>NIEDZIELA ZWYK\u0141A <\/strong><strong>VI ROCZNICA PO\u015aWI\u0118CENIA NASZEGO KO\u015aCIO\u0141A<\/strong><\/p>\n<ol>\n<li>W listopadzie w spos\u00f3b szczeg\u00f3lny pochylamy si\u0119 nad mogi\u0142ami, w kt\u00f3rych spoczywaj\u0105 nasi bliscy. Najg\u0142\u0119bszym wyrazem naszej mi\u0142o\u015bci jest nasza modlitwa za nich.<\/li>\n<\/ol>\n<p><em>&nbsp;&nbsp;&nbsp;&nbsp;&nbsp;&nbsp;&nbsp;&nbsp; Dlatego zapraszamy do wsp\u00f3lnej modlitwy za zmar\u0142ych codziennie o godz. 18:00 na Mszy \u015bw. Zbiorowej a bezpo\u015brednio po na WYPOMINKI po\u0142\u0105czone z Koronk\u0105 do Mi\u0142osierdzia Bo\u017cego.<\/em> <strong><em>Pami\u0119tajmy: \u201e\u015awi\u0119t\u0105 i zbawienn\u0105 rzecz\u0105 jest modli\u0107 si\u0119 za \u017cywych i zmar\u0142ych.\u201d<\/em><\/strong><strong> &nbsp;&nbsp;&nbsp;&nbsp;&nbsp;&nbsp;&nbsp;&nbsp;&nbsp;&nbsp;&nbsp;&nbsp;&nbsp;&nbsp;&nbsp;&nbsp;&nbsp;&nbsp;<em>Czy to ju\u017c uczyni\u0142e\u015b?<\/em><\/strong><\/p>\n<ol start=\"2\">\n<li><strong>Rodzic\u00f3w dzieci klas III Szko\u0142y Podstawowej<\/strong> przygotowuj\u0105cych si\u0119 do I Spowiedzi i Komunii \u015awi\u0119tej zapraszam jutro (18 listopada) na comiesi\u0119czne spotkanie do ko\u015bcio\u0142a na godz. 19:00. <em>Obecno\u015b\u0107 obojga rodzic\u00f3w mile widziana.<\/em><\/li>\n<li>Dzieci wraz z rodzicami lub opiekunami zapraszamy na ostatni\u0105 w listopadzie modlitw\u0119 za zmar\u0142ych 20 listopada (\u015broda) na godz. 16:30.<\/li>\n<li>W naszej parafii trwa Nowenna do \u015bw. Rafa\u0142a Kalinowskiego, przygotowuj\u0105ca nas duchowo do<strong> Odpustu Parafialnego<u>.<\/u><\/strong><u> <em>Nowenn\u0119 odmawiamy na zako\u0144czenie Mszy \u015bw. Zapraszamy do wsp\u00f3lnej modlitwy.<\/em><\/u><\/li>\n<li><strong>PRZED NAMI WA\u017bNE WYDARZENIA:<\/strong><\/li>\n<\/ol>\n<ul>\n<li><strong>dzisiaj (17 listopada)<\/strong> przypada <strong>VI<\/strong> rocznica <strong>PO\u015aWI\u0118CENIA NASZEGO KO\u015aCIO\u0141A.<\/strong> Dlatego w ko\u015bciele zapalone s\u0105 ZACHEUSZKI tj. \u015bwieczki na \u015bcianach symbolizuj\u0105ce miejsca namaszczenia olejem \u015bwi\u0119tym mur\u00f3w naszego Ko\u015bcio\u0142a.<\/li>\n<li><strong>w poniedzia\u0142ek 18 listopada<\/strong> przypada wspomnienie b\u0142. Karoliny K\u00f3zk\u00f3wny patronki Ruchu Czystych Serc i M\u0142odzie\u017cy. Zapraszamy wszystkich na Msz\u0119 o 18:00 i po Mszy na Adoracj\u0119, r\u00f3wnie\u017c kandydat\u00f3w do Sakramentu Bierzmowania rok I i II.<\/li>\n<li><strong>we wtorek 19 listopada<\/strong> obchodzimy <strong>PARAFIALNY DZIE\u0143 OBRONY \u017bYCIA.<\/strong> W tym dniu na Mszy \u015bw. o godz. 18:00 b\u0119dzie mo\u017cliwo\u015b\u0107 podj\u0119cia Duchowej Adopcji Dziecka Pocz\u0119tego, zagro\u017conego ABORCJ\u0104. <em>Zapraszamy wszystkie osoby, pragn\u0105ce w\u0142\u0105czy\u0107 w OBRON\u0118 \u017bYCIA poprzez modlitw\u0119. <strong><u>Przy Biuletynie znajdziemy kartki do wype\u0142nienia w celu podj\u0119cia tego dzie\u0142a.<\/u><\/strong><\/em><\/li>\n<\/ul>\n<ol start=\"6\">\n<li><strong>UROCZYSTO\u015aCI ODPUSTOWE KU CZCI \u015aW. RAFA\u0141A KALINOWSKIEGO <\/strong>obchodzi\u0107 b\u0119dziemy w \u015brod\u0119 &#8211; 20 listopada.<strong> UROCZYSTE MSZE \u015aW. ODPUSTOWE sprawowana b\u0119d\u0105 o godz.: 8:00, 11:00 (z udzia\u0142em ksi\u0119\u017cy z Dekanatu) oraz o godz. 18:00. <\/strong>Serdecznie zapraszamy do skorzystania z \u0142aski odpustu parafialnego. To r\u00f3wnie\u017c Twoje imieniny &#8211;&nbsp; nie mo\u017ce Ci\u0119 zabrakn\u0105\u0107. <em>Niech \u015bw. Rafa\u0142 Kalinowski wyprasza nam wszelkie potrzebne \u0142aski, umacnia wiar\u0119&nbsp; i dodaje si\u0142&nbsp; w codziennych zmaganiach.<\/em><\/li>\n<\/ol>\n<p><em><u>GO\u015aCIEM NASZYCH UROCZYSTO\u015aCI B\u0118DZIE KS. TOMASZ WIECZOREK.<\/u><\/em><\/p>\n<ol start=\"7\">\n<li>Panu Piotrowi naszemu Organi\u015bcie, pani Cecylii Wi\u015bniewskiej, Scholce Parafialnej \u017cycz\u0119, by <strong>\u015aWI\u0118TA CECYLIA &#8211; PATRONKA MUZYKI KO\u015aCIELNEJ<\/strong> wyprasza\u0142a potrzebne \u0142aski do dalszego pos\u0142ugiwania swym \u015bpiewem i muzyk\u0105 na Bo\u017c\u0105 chwa\u0142\u0119.<\/li>\n<li>W ostatni\u0105 niedziel\u0119 listopada (24 listopada) wolontariusze Caritas b\u0119d\u0105 zbiera\u0107 przed ko\u015bcio\u0142em ofiary dla najubo\u017cszych i potrzebuj\u0105cych z naszej parafii. Parafialny Oddzia\u0142 Caritas naszej parafii znajduje si\u0119 przy ul. Myliusa 1A i jest czynny w I i III czwartek miesi\u0105ca od 16:00 do 17:00.<\/li>\n<li>Op\u0142atki na st\u00f3\u0142 wigilijny mo\u017cna nabywa\u0107 w jedno\u015bci z nasz\u0105 parafi\u0105 po Mszach \u015bw. w zakrystii. <em>Nikt z naszej parafii nie dostarcza op\u0142atk\u00f3w do dom\u00f3w i mieszka\u0144. Zapraszam.&nbsp;&nbsp;&nbsp;&nbsp;&nbsp;&nbsp;&nbsp;&nbsp;&nbsp;&nbsp;&nbsp;&nbsp;&nbsp;&nbsp;&nbsp;&nbsp;&nbsp;&nbsp;&nbsp;&nbsp;&nbsp;&nbsp;&nbsp;&nbsp;&nbsp;&nbsp;&nbsp;&nbsp;&nbsp;&nbsp;&nbsp;&nbsp;&nbsp;&nbsp;&nbsp;&nbsp;&nbsp;&nbsp;&nbsp;&nbsp;&nbsp;&nbsp;&nbsp;&nbsp;&nbsp;&nbsp;&nbsp;&nbsp;&nbsp;&nbsp;&nbsp;&nbsp; <\/em><\/li>\n<li><strong>IDZIEMY DO KINA!!!<\/strong> W polskich kinach od pa\u017adziernika mo\u017cna ogl\u0105da\u0107 pierwsz\u0105 w historii animowan\u0105 adaptacje powie\u015bci Henryka Sienkiewicza <strong>\u201eQuo vadis<\/strong>\u201d. To mi\u0119dzynarodowa produkcja dla wielopokoleniowego odbiorcy. Spodoba si\u0119 dziadkom, rodzicom i wnukom. Dlatego warto si\u0119 wybra\u0107 na ni\u0105 ca\u0142ymi rodzinami. Gor\u0105co zach\u0119cam by do kina wybra\u0107 si\u0119 rodzinnie, a przede wszystkim zabra\u0107 na seans swoje dzieci.<strong> Wyj\u015bcie jako parafia do <em>Multikina \u2013 Ogrody 22 listopada br. (pi\u0105tek) na godz. 16:30. <\/em><\/strong><\/li>\n<\/ol>\n<p><em><u>Tradycyjnie p\u0142acimy przy wej\u015bciu do kina.<\/u><\/em> <strong>Cena biletu 13 z\u0142.<\/strong><\/p>\n<ol start=\"11\">\n<li><strong>Zach\u0119camy do udzia\u0142u w zbi\u00f3rce zu\u017cytego sprz\u0119tu elektrycznego i elektronicznego RTV i AGD<\/strong> (np. pralki, telewizory, komputery, radia, odkurzacze itp.). Zbi\u00f3rka odb\u0119dzie si\u0119 dnia <strong>26 listopada (wtorek) od godz. 9:00 do godz. 17:00<\/strong>.&nbsp; <em>Sprz\u0119t prosimy zostawia\u0107 na placu ko\u015bcielnym przy wej\u015bciu do piwnicy.<\/em> Przychody z akcji pozwol\u0105 na wsparcie Polskich Misjonarzy a szczeg\u00f3lnie dla Zgromadzenie Si\u00f3str Matki Bo\u017cej Loreta\u0144skiej oraz Ko\u015bcio\u0142y na Wschodzie, gdzie mieszkaj\u0105 Nasi Rodacy.<\/li>\n<li>Zach\u0119camy do nabywania nowego numeru <strong>\u201eGo\u015bcia Niedzielnego\u201d<\/strong> z dodatkiem \u201eGo\u015b\u0107 Elbl\u0105ski\u201d oraz nowy kolejny numer <strong>\u201eHistorii Ko\u015bcio\u0142a\u201d<\/strong> w cenie 12 z\u0142.<\/li>\n<li>Pan powo\u0142a\u0142 do wieczno\u015bci: \u015bp. Helen\u0119 RYMARCZYK lat 84 z ul. Og\u00f3lnej<\/li>\n<\/ol>\n<p>&nbsp;&nbsp;&nbsp;&nbsp;&nbsp;&nbsp;&nbsp;&nbsp;&nbsp;&nbsp;&nbsp;&nbsp;&nbsp;&nbsp;&nbsp;&nbsp;&nbsp;&nbsp;&nbsp;&nbsp;&nbsp;&nbsp;&nbsp;&nbsp;&nbsp;&nbsp;&nbsp; <em>Wieczny odpoczynek racz jej da\u0107 Panie\u2026<\/em><\/p>\n<p style=\"text-align: center;\"><strong>Numer Konta Parafialnego<\/strong><\/p>\n<p style=\"text-align: center;\"><strong>PKO BP 72 1020 1752 0000 0102 0069 6047<\/strong><\/p>\n<p>&nbsp;<\/p>\n<figure id=\"block-5f437b95-503a-4f29-91f7-75b7c74612d1\" class=\"wp-block-image\"><img decoding=\"async\" src=\"http:\/\/rafalk-elblag.pl\/wp-content\/uploads\/2020\/04\/baner-intencje-mszy.jpg\" alt=\"Obrazek posiada pusty atrybut alt; plik o nazwie baner-intencje-mszy.jpg\"><\/figure>\n<h1 id=\"block-ebb85da5-2bf8-44c6-8a18-015b59726bae\" class=\"wp-block-heading\">Intencje mszalne<\/h1>\n<p>XXXIII NIEDZIELA ZWYK\u0141A 17 Listopada 2024 \/ Mk 13, 24-32 VI ROCZNICA POSWI\u0118CENIA NASZEGO KO\u015aCIO\u0141A<\/p>\n<p>8.00 Dzi\u0119kczynna z Okazji 45 rocznicy \u015blubu Krystyny i Grzegorza KAMI\u0143SKICH, z pro\u015bb\u0105 o Bo\u017ce B\u0142. potrzebne \u0142aski i Opiek\u0119 Matki Bo\u017cej dla Jubilat\u00f3w oraz dzieci z rodzinami<br \/>\n10.00 Dzi\u0119kczynna z okazji urodzin Patryka z pro\u015bb\u0105 o Bo\u017ce b\u0142. dary Ducha \u015awi\u0119tego i opiek\u0119 Matki Bo\u017cej Szkaplerznej<br \/>\n12.00 Za parafian<br \/>\n15.00 \u015bp. Stefania(k) SAKOWSKA w 4 rocznic\u0119 \u015bmierci<br \/>\n18.00 Msza \u015bwi\u0119ta zbiorowa za zmar\u0142ych<\/p>\n<p>PONIEDZIA\u0141EK \/ 18 listopada 2024 \/b\u0142. Karoliny K\u00f3zk\u00f3wny \/\u0141k 18 1-8<\/p>\n<p>8.00 \u015bp. Kazimierz POLASIK w 3 rocznic\u0119 \u015bmierci i zmar\u0142ych z rodziny<br \/>\n18.00 Dzi\u0119kczynna w dniu urodzin Karoliny za dar \u017cycia z pro\u015bb\u0105 o dar wiary, nadziei i mi\u0142o\u015bci<br \/>\n18.00 Msza \u015bwi\u0119ta zbiorowa za zmar\u0142ych<\/p>\n<p>WTOREK 19 listopad 2024 \/ \u0141k 19, 1-10<\/p>\n<p>8.00 \u015bp. Urszula PIETRZAK intencja od siostry Wies\u0142awy z m\u0119\u017cem Cyprianem z Lublina<br \/>\n18.00 Za Dzie\u0142o Duchowej Adopcji w naszej parafii i wszystkie osoby broni\u0105ce \u017cycia od pocz\u0119cia do naturalnej \u015bmierci<br \/>\n18.00 Msza \u015bwi\u0119ta zbiorowa za zmar\u0142ych<\/p>\n<p>\u015aRODA \/ 20 Listopad 2024 \/\u015bw. Rafa\u0142a Kalinowskiego \/ \u0141k 19, 11-19<\/p>\n<p>8.00 Dzi\u0119kczynna za otrzymane \u0142aski z pro\u015bb\u0105 o dalsze b\u0142ogos\u0142awie\u0144stwo, opiek\u0119 Anio\u0142\u00f3w Str\u00f3\u017c\u00f3w i wszystkich \u015bwi\u0119tych<br \/>\n11.00 ZA PARAFIAN<br \/>\n18.00 \u015bp. Zdzis\u0142aw BOROWSKICH w 8 rocznic\u0119 \u015bmierci, \u015bp. Stanis\u0142aw HUMELT z zmar\u0142ych z tych rodzin<br \/>\n18.00 Msza \u015bwi\u0119ta zbiorowa za zmar\u0142ych<br \/>\n18.00 O ufno\u015b\u0107 w Bo\u017c\u0105 opiek\u0119 oraz o zdrowie i potrzebne \u0142aski dla Anny<\/p>\n<p>CZWARTEK \/ 21 Listopada 2024 \/Ofiarowanie NMP \/ \u0141k 19, 41-44<\/p>\n<p>8.00 \u015bp. Janusz G\u0141OWACKI i zmar\u0142ych rodzic\u00f3w z obojga stron<br \/>\n18.00 \u015bp. Tadeusz Cie\u015bli\u0144skich w 29 r. \u015bm. Stanis\u0142awa(k) J\u00f3zef, Krystyna z rodz. CIE\u015aLI\u0143SKICH oraz Weronika, Konstanty, Stanis\u0142aw z rodz. GO\u0141ASZKO<br \/>\n18.00 Msza \u015bwi\u0119ta zbiorowa za zmar\u0142ych<\/p>\n<p>PI\u0104TEK \/ 22 Listopada 2024 \/ \u015bw. Cecylii\/ \u0141k 19, 45-48<\/p>\n<p>8.00 Za zmar\u0142ych mieszka\u0144c\u00f3w z ulicy Og\u00f3lnej 19 o dar nieba dla Nich<br \/>\n8.00 Za pana Piotra &#8211; Organist\u0119, pani\u0105 Cecyli\u0119 Wi\u015bniewsk\u0105 &#8211; kantork\u0119, Scholk\u0119 Parafialna o potrzebne \u0142aski do dalszego pos\u0142ugiwania swym \u015bpiewem i muzyk\u0105 w dniu \u015bw. Cecylii \u2013 PATRONKI MUZYKI KO\u015aCIELNEJ<br \/>\n18.00 \u015bp. Cecylia i J\u00f3zef CHMIEL<br \/>\n18.00 Msza \u015bwi\u0119ta zbiorowa za zmar\u0142ych<\/p>\n<p>SOBOTA \/ 23 Listopada 2024 \/ \u0141k 20, 27-40<\/p>\n<p>8.00 \u015bp. Monika i Jan OSTROWSCY, \u015bp. Barbara SKORUPSKA<br \/>\n18.00 \u015bp. W\u0142adys\u0142aw (m) KRAJEWSKI intencja od rodziny, przyjaci\u00f3\u0142 i s\u0105siad\u00f3w<br \/>\n18.00 Msza \u015bwi\u0119ta zbiorowa za zmar\u0142ych<\/p>\n<p>JEZUSA CHRYSTUSA KR\u00d3LA WSZECHW\u015aWIATA 24 Listopada 2024 \/ J 18, 33 -37<\/p>\n<p>8.00 \u015bp. Artur i Regina KOWALSCY<br \/>\n10.00 \u015bp. Antoni K\u0118PI\u0143SKI w 22 r. \u015bm. Stanis\u0142awa (k) K\u0118PI\u0143SKA<br \/>\n12.00 Dzi\u0119kczynna w 60 rocznice \u015blubu Nadziei i Feliksa (m) ZAJ\u0104C o Bo\u017ce b\u0142og. potrzebne \u0142aski dla czcigodnych Jubilat\u00f3w<br \/>\n12.00 Za parafian<br \/>\n15.00 \u015bp. Wincenty Wi\u015bniewski 37r.\u015bm. Helena Wi\u015bniewska 30 rocznic\u0119 \u015bmierci<br \/>\n18.00 Msza \u015bwi\u0119ta zbiorowa za zmar\u0142ych<\/p>\n<p>&nbsp;<\/p>\n<p>&nbsp;<\/p>\n","protected":false},"excerpt":{"rendered":"<p>17.11.2024 r. XXXIII NIEDZIELA ZWYK\u0141A ROCZNICA KONSEKRACJI I ODPUST PARAFIALNY W ci\u0105gu roku dla ka\u017cdej \u015bwi\u0105tyni istotne s\u0105 dwa dni: rocznica jej po\u015bwi\u0119cenia i dzie\u0144 jej patrona. Dzie\u0144 rocznicy po\u015bwi\u0119cenia przez analogi\u0119 mo\u017cna por\u00f3wna\u0107 do dnia chrztu. Przez sakrament chrztu \u015bwi\u0119tego cz\u0142owiek staje si\u0119 dzieckiem samego Boga, przez po\u015bwi\u0119cenie ko\u015bci\u00f3\u0142 staj\u0119 si\u0119 budynkiem przeznaczonym do [&hellip;]<\/p>\n","protected":false},"author":1,"featured_media":5317,"comment_status":"closed","ping_status":"closed","sticky":false,"template":"","format":"standard","meta":{"ngg_post_thumbnail":0,"footnotes":""},"categories":[11,8,4,3],"tags":[],"class_list":["post-5634","post","type-post","status-publish","format-standard","has-post-thumbnail","hentry","category-aktualnosci","category-blog","category-intencje","category-ogloszenia"],"_links":{"self":[{"href":"https:\/\/rafalk-elblag.pl\/index.php?rest_route=\/wp\/v2\/posts\/5634","targetHints":{"allow":["GET"]}}],"collection":[{"href":"https:\/\/rafalk-elblag.pl\/index.php?rest_route=\/wp\/v2\/posts"}],"about":[{"href":"https:\/\/rafalk-elblag.pl\/index.php?rest_route=\/wp\/v2\/types\/post"}],"author":[{"embeddable":true,"href":"https:\/\/rafalk-elblag.pl\/index.php?rest_route=\/wp\/v2\/users\/1"}],"replies":[{"embeddable":true,"href":"https:\/\/rafalk-elblag.pl\/index.php?rest_route=%2Fwp%2Fv2%2Fcomments&post=5634"}],"version-history":[{"count":5,"href":"https:\/\/rafalk-elblag.pl\/index.php?rest_route=\/wp\/v2\/posts\/5634\/revisions"}],"predecessor-version":[{"id":5639,"href":"https:\/\/rafalk-elblag.pl\/index.php?rest_route=\/wp\/v2\/posts\/5634\/revisions\/5639"}],"wp:featuredmedia":[{"embeddable":true,"href":"https:\/\/rafalk-elblag.pl\/index.php?rest_route=\/wp\/v2\/media\/5317"}],"wp:attachment":[{"href":"https:\/\/rafalk-elblag.pl\/index.php?rest_route=%2Fwp%2Fv2%2Fmedia&parent=5634"}],"wp:term":[{"taxonomy":"category","embeddable":true,"href":"https:\/\/rafalk-elblag.pl\/index.php?rest_route=%2Fwp%2Fv2%2Fcategories&post=5634"},{"taxonomy":"post_tag","embeddable":true,"href":"https:\/\/rafalk-elblag.pl\/index.php?rest_route=%2Fwp%2Fv2%2Ftags&post=5634"}],"curies":[{"name":"wp","href":"https:\/\/api.w.org\/{rel}","templated":true}]}}