{"id":5630,"date":"2024-11-10T16:40:43","date_gmt":"2024-11-10T16:40:43","guid":{"rendered":"https:\/\/rafalk-elblag.pl\/?p=5630"},"modified":"2024-11-10T16:40:43","modified_gmt":"2024-11-10T16:40:43","slug":"xxxii-niedziela-zwykla-10-11-2024-r","status":"publish","type":"post","link":"https:\/\/rafalk-elblag.pl\/?p=5630","title":{"rendered":"XXXII NIEDZIELA ZWYK\u0141A 10.11.2024 r."},"content":{"rendered":"<p><strong>10.11.2024 r.<\/strong><strong> XXXII NIEDZIELA ZWYK\u0141A<\/strong><\/p>\n<p>106 ROCZNICA ODZYSKANIA PRZEZ POLSK\u0118 NIEPODLEG\u0141O\u015aCI<\/p>\n<p>W poniedzia\u0142ek 11 listopada b\u0119dziemy obchodzi\u0107 wa\u017cne \u015bwi\u0119to pa\u0144stwowe.<\/p>\n<p>Odzyskanie niepodleg\u0142o\u015bci oraz zjednoczenie ziem zabor\u00f3w po 123 latach niewoli jest na pewno uwa\u017cane za najwa\u017cniejsze wydarzenie w historii Polski XX wieku.<\/p>\n<p>\u015awi\u0119to to zach\u0119ca nas do przypomnienia sobie los\u00f3w naszego narodu oraz do wdzi\u0119czno\u015bci za osoby, kt\u00f3re przyczyni\u0142y si\u0119 do odrodzenia naszego pa\u0144stwa.<\/p>\n<p>Pami\u0119tajmy o fundamentalnych warto\u015bciach: <strong>B\u00f3g, honor, Ojczyzna.<\/strong> Umiejmy w tym szczeg\u00f3lnym dniu podzi\u0119kowa\u0107 Panu Bogu za opiek\u0119 nad naszym narodem.<\/p>\n<p>&nbsp;Msze \u015bw. tego dnia w naszym ko\u015bciele parafialnym sprawowane b\u0119d\u0105 o godz. 8:00, 11:00 oraz 18:00. W spos\u00f3b szczeg\u00f3lny zapraszamy na Eucharysti\u0119 w intencji naszej Ojczyzny o godz. 11:00. Wsp\u00f3lnie b\u0119dziemy dzi\u0119kowa\u0107 za dar Wolno\u015bci i prosi\u0107 o m\u0105dro\u015b\u0107, dary Ducha \u015awi\u0119tego dla wszystkich&nbsp; odpowiedzialnych za losy Polskiego Narodu.<\/p>\n<p>&nbsp;<\/p>\n<p>Do prze\u017cywania tego wa\u017cnego \u015bwi\u0119ta narodowego zach\u0119caj\u0105 cz\u0142onkowie naszej parafialnej wsp\u00f3lnoty m\u0142odzie\u017cowej, kt\u00f3rzy dzi\u015b po ka\u017cdej Mszy \u015bw. rozdaj\u0105 wiernym kotyliony z cytatami b\u0142ogos\u0142awionych i \u015bwi\u0119tych na temat Ojczyzny.<\/p>\n<p>Towarzyszy\u0107 b\u0119d\u0105 nam s\u0142owa \u015bw. Jana Paw\u0142a II, b\u0142. Jerzego Popie\u0142uszki, kardyna\u0142a Stefana Wyszy\u0144skiego. Niech s\u0142owa b\u0142ogos\u0142awionego ksi\u0119dza Jerzego Popie\u0142uszki \u201eGdyby wi\u0119kszo\u015b\u0107 Polak\u00f3w w obecnej sytuacji wkroczyli na drog\u0119 prawdy, staliby\u015bmy si\u0119 narodem wolnym ju\u017c teraz\u201d zach\u0119c\u0105&nbsp; nas do troski o nasz nar\u00f3d. Zach\u0119camy do wsp\u00f3lnego i rodzinnego prze\u017cywania tego wyj\u0105tkowego dnia.<\/p>\n<p>Dzie\u0144 ten zach\u0119ca nas do \u017cycia, warto\u015bciami p\u0142yn\u0105cymi<br \/>\nz ewangelii, oraz do Modlitwy za nasz kraj. B\u0142. Ks. Jerzy Popie\u0142uszko co miesi\u0105ca, sprawowa\u0142 Msz\u0119 za Ojczyzn\u0119. Warto Aby\u015bmy i my modlili si\u0119 za nasz drogi kraj.<\/p>\n<p>&nbsp;<\/p>\n<p>&nbsp;<strong>Modlitwa za Ojczyzn\u0119 (Ks. Piotra Skargi)<\/strong><\/p>\n<p>&#8222;Bo\u017ce, Rz\u0105dco i Panie narod\u00f3w,<br \/>\nz r\u0119ki i karno\u015bci Twojej racz nas nie wypuszcza\u0107,<br \/>\na za przyczyn\u0105 Naj\u015bwi\u0119tszej Panny, Kr\u00f3lowej naszej,<br \/>\nb\u0142ogos\u0142aw Ojczy\u017anie naszej, by Tobie zawsze wierna,<br \/>\nchwa\u0142\u0119 przynios\u0142a Imieniu Twemu a syny swe wiod\u0142a ku szcz\u0119\u015bliwo\u015bci.<\/p>\n<p>Wszechmog\u0105cy wieczny Bo\u017ce,<br \/>\nspu\u015b\u0107 nam szerok\u0105 i g\u0142\u0119bok\u0105 mi\u0142o\u015b\u0107 ku braciom i najmilszej Matce, Ojczy\u017anie naszej, by\u015bmy jej i ludowi Twemu, swoich po\u017cytk\u00f3w zapomniawszy, mogli s\u0142u\u017cy\u0107 uczciwie.<\/p>\n<p>Ze\u015blij Ducha \u015awi\u0119tego na s\u0142ugi Twoje,<br \/>\nrz\u0105dy kraju naszego sprawuj\u0105ce, by wedle woli Twojej ludem sobie powierzonym m\u0105drze i sprawiedliwie zdo\u0142ali kierowa\u0107.<\/p>\n<p>Przez Chrystusa, Pana naszego. Amen.&#8221;<\/p>\n<p>&nbsp;<\/p>\n<p>&nbsp;<\/p>\n<figure id=\"block-11bfdc70-3a14-4d5e-94a4-c45b2bb4a6cf\" class=\"wp-block-image\"><a href=\"http:\/\/rafalk-elblag.pl\/wp-content\/uploads\/2021\/08\/ogloszenia-parafialne-baner-01a.jpg\"><img decoding=\"async\" src=\"http:\/\/rafalk-elblag.pl\/wp-content\/uploads\/2021\/08\/ogloszenia-parafialne-baner-01a.jpg\" alt=\"Obrazek posiada pusty atrybut alt; plik o nazwie ogloszenia-parafialne-baner-01a.jpg\"><\/a><\/figure>\n<p><strong>&nbsp;<\/strong>&nbsp;<\/p>\n<p><strong>&nbsp;<\/strong><\/p>\n<p><strong>OG\u0141OSZENIA PARAFIALNE&nbsp; 10.11.2024 r. <\/strong><strong>&nbsp;XXXII <\/strong><strong>NIEDZIELA ZWYK\u0141A<\/strong><\/p>\n<ol>\n<li>W listopadzie w spos\u00f3b szczeg\u00f3lny pochylamy si\u0119 nad mogi\u0142ami, w kt\u00f3rych spoczywaj\u0105 nasi bliscy. Najg\u0142\u0119bszym wyrazem naszej mi\u0142o\u015bci jest nasza modlitwa za nich.<\/li>\n<\/ol>\n<p><em>&nbsp;&nbsp;&nbsp;&nbsp;&nbsp;&nbsp;&nbsp;&nbsp; <\/em><strong><em>Dlatego zapraszamy do wsp\u00f3lnej modlitwy za zmar\u0142ych codziennie o godz. 18:00 na Mszy \u015bw. Zbiorowej a bezpo\u015brednio po na WYPOMINKI po\u0142\u0105czone z Koronk\u0105 do Mi\u0142osierdzia Bo\u017cego.<\/em><\/strong><\/p>\n<ol start=\"2\">\n<li><strong>Dzi\u015b m\u0142odzie\u017c b\u0119dzie rozprowadza\u0107 KOTYLIONY <\/strong>za dobrowoln\u0105 ofiar\u0105 w ten spos\u00f3b mo\u017cny wesprze\u0107 duszpasterstwo m\u0142odzie\u017cy<strong> przy naszej parafii. Zach\u0119caj\u0105c do modlitwy za nasz kraj przypominaj\u0105c o tych warto\u015bciach, kt\u00f3re s\u0105 bliskie naszemu sercu<\/strong><\/li>\n<\/ol>\n<p><strong>&nbsp;<\/strong><strong>\u201e B\u00d3G, HONOR i OJCZYZNA\u201d <\/strong><\/p>\n<ol start=\"3\">\n<li><strong>W poniedzia\u0142ek (11 listopada) zapraszamy na Msz\u0119 \u015bw. o godz. 11:00, w 106 rocznic\u0119 odzyskania przez Polsk\u0119 Niepodleg\u0142o\u015bci. <\/strong>Dzi\u0119kowa\u0107 b\u0119dziemy za dar wolno\u015bci i prosi\u0107 o dary Ducha \u015awi\u0119tego dla wszystkich odpowiedzialnych za losy Polskiego Narodu.&nbsp; Szczeg\u00f3lnie prosi\u0107 b\u0119dziemy o jedno\u015b\u0107 i zgod\u0119 w naszej Ojczy\u017anie oraz o pok\u00f3j na \u015bwiecie. <em>Zapraszamy do wsp\u00f3lnej modlitwy. Przyjd\u017amy z flagami. <\/em><\/li>\n<li>Od <strong>11 do 19 listopada<\/strong> b\u0119dzie trwa\u0142a Nowenna do \u015bw. Rafa\u0142a Kalinowskiego, przygotowuj\u0105ca nas duchowo do<strong> ODPUSTU PARAFIALNEGO<u>.<\/u><\/strong><u> <em>Nowenn\u0119 b\u0119dziemy odmawia\u0107 na zako\u0144czenie Mszy \u015bw. Zapraszamy do wsp\u00f3lnej modlitwy.<\/em><\/u><\/li>\n<li>Dzieci wraz z rodzicami lub opiekunami zapraszamy na modlitw\u0119 za zmar\u0142ych 13 i 20 listopada (\u015broda) na godz. 16:30.<\/li>\n<li>Kandydat\u00f3w przygotowuj\u0105cych do Sakramentu Bierzmowania &#8211; rok II zapraszamy &nbsp;&nbsp;&nbsp;&nbsp;&nbsp;&nbsp;&nbsp;&nbsp;&nbsp;&nbsp;&nbsp;&nbsp;&nbsp;&nbsp;&nbsp;&nbsp;&nbsp;&nbsp;&nbsp;&nbsp;&nbsp;12 listopada (wtorek) na godz. 19:00 a rok I zapraszamy 13 listopada (\u015broda) na godz. 16:00. Ks. Piotr oczekuje w salce \u2013 piwnica.<\/li>\n<li><strong>PRZED NAMI WA\u017bNE WYDARZENIA:<\/strong><\/li>\n<\/ol>\n<ul>\n<li><strong>w sobot\u0119 16 listopada<\/strong> dzie\u0144 spotkania <strong>RODZINY BRACTWA SZKAPLERZNEGO<\/strong>. Serdecznie zapraszamy na Msz\u0119 \u015bw. o godz. 18:00 a po Mszy \u015bw. na WYPOMINKI po\u0142\u0105czone z Koronk\u0105 do Bo\u017cego Mi\u0142osierdzia, zako\u0144czon\u0105 NOWENN\u0104.<\/li>\n<\/ul>\n<p>WIECZ\u00d3R UWIELBIENIA bezpo\u015brednio po zako\u0144czonych modlitwach. B\u0119dziemy dzi\u0119kowa\u0107 Panu Bogu za nasz\u0105 parafi\u0119. &nbsp;&nbsp;<\/p>\n<ul>\n<li><strong>w niedziel\u0119 17 listopada<\/strong> przypada <strong>6<\/strong> rocznica <strong>KONSEKRACJI NASZEGO KO\u015aCIO\u0141A.<\/strong> W tym dniu w ko\u015bciele b\u0119d\u0105 zapalone ZACHEUSZKI tj. \u015bwieczki na \u015bcianach symbolizuj\u0105ce miejsca namaszczenia olejem \u015bwi\u0119tym mur\u00f3w naszego Ko\u015bcio\u0142a.<\/li>\n<\/ul>\n<ol start=\"8\">\n<li><strong>UROCZYSTO\u015aCI ODPUSTOWE KU CZCI \u015aW. RAFA\u0141A KALINOWSKIEGO obchodzi\u0107 b\u0119dziemy w \u015brod\u0119 &#8211; 20 listopada. UROCZYSTE MSZE \u015aW. ODPUSTOWE sprawowana b\u0119d\u0105 o godz.: 8:00, 11:00 (z udzia\u0142em ksi\u0119\u017cy z Dekanatu) oraz o godz. 18:00. <\/strong>Serdecznie zapraszamy do skorzystania z \u0142aski odpustu parafialnego. To r\u00f3wnie\u017c Twoje imieniny &#8211;&nbsp; nie mo\u017ce Ci\u0119 zabrakn\u0105\u0107. <em>Niech \u015bw. Rafa\u0142 Kalinowski wyprasza nam wszelkie potrzebne \u0142aski, umacnia wiar\u0119&nbsp; i dodaje si\u0142&nbsp; w codziennych zmaganiach.<u> GO\u015aCIEM NASZYCH UROCZYSTO\u015aCI B\u0118DZIE KS. TOMASZ WIECZOREK.<\/u><\/em><\/li>\n<li><strong>Pragn\u0119 poinformowa\u0107, \u017ce op\u0142atki na st\u00f3\u0142 wigilijny<\/strong> zostan\u0105 po\u015bwi\u0119cone dzisiaj Od tego dnia b\u0119dzie mo\u017cna nabywa\u0107 op\u0142atki w jedno\u015bci z nasz\u0105 parafi\u0105. W niekt\u00f3rych dzielnicach Elbl\u0105ga- \u201edomokr\u0105\u017ccy\u201d rozpocz\u0119li roznoszenie op\u0142atk\u00f3w. Podszywaj\u0105 si\u0119 za osoby chodz\u0105ce w celach charytatywnych, co jest nieprawd\u0105. Nikt z naszej parafii nie dostarcza op\u0142atk\u00f3w do dom\u00f3w i mieszka\u0144. <em>Powt\u00f3rz\u0119 mo\u017cna je b\u0119dzie nabywa\u0107 od dzi\u015b po Mszach \u015bw. w zakrystii. Zapraszamy.&nbsp;&nbsp;&nbsp;&nbsp;&nbsp;&nbsp;&nbsp;&nbsp;&nbsp;&nbsp;&nbsp;&nbsp;&nbsp;&nbsp;&nbsp;&nbsp;&nbsp;&nbsp;&nbsp;&nbsp;&nbsp;&nbsp;&nbsp;&nbsp;&nbsp;&nbsp;&nbsp;&nbsp;&nbsp;&nbsp;&nbsp;&nbsp;&nbsp;&nbsp;&nbsp;&nbsp;&nbsp;&nbsp;&nbsp;&nbsp;&nbsp;&nbsp;&nbsp;&nbsp;&nbsp;&nbsp;&nbsp;&nbsp;&nbsp;&nbsp;&nbsp;&nbsp; <\/em><\/li>\n<li>Zach\u0119camy do nabywania nowego numeru \u201eGo\u015b\u0107 Niedzielny Historia\u201d <strong>\u201eGo\u015bcia Niedzielnego\u201d<\/strong> z dodatkiem \u201eGo\u015b\u0107 Elbl\u0105ski\u201d oraz nowy kolejny numer <strong>\u201eMisyjne Drogi\u201d<\/strong> kt\u00f3rego tematem jest TYSI\u0104C DNI WOJNY. MISJONARZE W UKRAINIE.<\/li>\n<li>Do wieczno\u015bci odszed\u0142 Stanis\u0142aw Kotulski lat 71 z ul. Leszczy\u0144skiego&nbsp;<\/li>\n<\/ol>\n<p>&nbsp;&nbsp;&nbsp;&nbsp;&nbsp;&nbsp;&nbsp;&nbsp;&nbsp;&nbsp;&nbsp;&nbsp;&nbsp;&nbsp;&nbsp;&nbsp;&nbsp;&nbsp;&nbsp;&nbsp;&nbsp;&nbsp;&nbsp;&nbsp;&nbsp;&nbsp;&nbsp; <em>Wieczny odpoczynek racz mu da\u0107 Panie\u2026<\/em><\/p>\n<p style=\"text-align: center;\"><strong>Numer Konta Parafialnego<\/strong><\/p>\n<p style=\"text-align: center;\"><strong>PKO BP 72 1020 1752 0000 0102 0069 6047<\/strong><\/p>\n<p>&nbsp;<\/p>\n<figure id=\"block-5f437b95-503a-4f29-91f7-75b7c74612d1\" class=\"wp-block-image\"><img decoding=\"async\" src=\"http:\/\/rafalk-elblag.pl\/wp-content\/uploads\/2020\/04\/baner-intencje-mszy.jpg\" alt=\"Obrazek posiada pusty atrybut alt; plik o nazwie baner-intencje-mszy.jpg\"><\/figure>\n<h1 id=\"block-ebb85da5-2bf8-44c6-8a18-015b59726bae\" class=\"wp-block-heading\">Intencje mszalne<\/h1>\n<p>XXXII NIEDZIELA ZWYK\u0141A 10 Listopada 2024 \/ Mk 12, 38-44<\/p>\n<p>8.00 \u015bp. Lucjan LASEK w 29 rocznic\u0119 \u015bmierci i zm. z rodziny: BA\u0141DYGA, LASEK, GROCHOWSKICH<br \/>\n10.00 O dar m\u0105dro\u015bci i roztropno\u015bci w codzienno\u015bci dla Nikodema i jego rodziny, Agnieszki i ca\u0142ej rodziny zakonnej oraz Magdaleny i jej rodziny<br \/>\n12.00 Za parafian<br \/>\n15.00 \u015bp. Lidia (k) i Marian DOM\u017bALSCY, \u015bp. Eugeniusz \u015aWIGO\u0143<br \/>\n18.00 Msza \u015bwi\u0119ta zbiorowa za zmar\u0142ych<\/p>\n<p>PONIEDZIA\u0141EK \/ 11 listopada 2024 \/\u015bw. Marcina \/\u0141k 17 1-6<\/p>\n<p>8.00 \u015bp. Barbara OSOWSKA, Teresa PIGO\u0143, Edward, Wojciech WALA i zmar\u0142ych z tych rodzin<br \/>\n11.00 Za Ojczyzn\u0119 w 106 rocznic\u0119 odzyskanie niepodleg\u0142o\u015bci z pro\u015bba o zgod\u0119, jedno\u015b\u0107 i wsp\u00f3lna odpowiedzialno\u015b\u0107 za dobro naszego kraju<br \/>\n18.00 Dzi\u0119kczynna za dar \u017cycia Klaudii z pro\u015bb\u0105 o Bo\u017ce b\u0142ogos\u0142awie\u0144stwo dary Ducha \u015bw. w rozeznaniu swojego powo\u0142ania<br \/>\n18.00 Msza \u015bwi\u0119ta zbiorowa za zmar\u0142ych<\/p>\n<p>WTOREK 12 listopad 2024 \/ \u0141k 17, 7-10<\/p>\n<p>8.00 \u015bp. Helena BERNASKA-BURY, \u015bp. Stanis\u0142aw BURY<br \/>\n18.00 \u015bp. Jan i Danuta WIELGOLASCY oraz za zm. dziadk\u00f3w z obojga stron<br \/>\n18.00 Za ks. Marcina z okazji imienin o Bo\u017ce B\u0142ogos\u0142awie\u0144stwo, Opiek\u0119 Matki Bo\u017cej Szkaplerznej, o Dary Ducha \u015awi\u0119tego, aby z mi\u0142o\u015bci\u0105 i pokor\u0105 wiernie wype\u0142nia\u0142 swoje powo\u0142anie \u2013 intencja od wsp\u00f3lnoty \u201eKana Galilejska\u201d<br \/>\n18.00 Msza \u015bwi\u0119ta zbiorowa za zmar\u0142ych<\/p>\n<p>\u015aRODA \/ 13 Listopad 2024 \/ \u0141k 17, 11-19<\/p>\n<p>8.00 \u015bp. zmar\u0142ych z rodzin: GO\u0141U\u0143SKICH, KLAMAN, KOBIELA, DR\u0118\u017bKOWSKICH i za dusze w czy\u015b\u0107cu cierpi\u0105ce<br \/>\n18.00 \u015bp. W\u0142odzimierz KOWALSKI<br \/>\n18.00 Msza \u015bwi\u0119ta zbiorowa za zmar\u0142ych<\/p>\n<p>CZWARTEK \/ 14 Listopada 2024 \/ \u0141k 17, 20-25<\/p>\n<p>8.00 O wiar\u0119 i przemian\u0119 \u017cycia, zdrowie dla rodzin WAJER, RO\u0179EK, MARKA<br \/>\n18.00 Dzi\u0119kczynna z okazji urodzin Rados\u0142awa(m) z pro\u015bb\u0105 o Bo\u017ce b\u0142ogos\u0142awie\u0144stwo dary Ducha \u015awi\u0119tego i opiek\u0119 Matki Bo\u017cej<br \/>\n18.00 Msza \u015bwi\u0119ta zbiorowa za zmar\u0142ych<\/p>\n<p>PI\u0104TEK \/ 15 Listopada 2024 \/ \u0141k 17, 26-37<\/p>\n<p>8.00 Za dusze w czy\u015b\u0107cu cierpi\u0105ce i za \u015bp. Romana<br \/>\n8.00 \u015ap. Stefania(k) BRZEZI\u0143SKA w 6 miesi\u0105c po pogrzebie<br \/>\n18.00 \u015bp. Adam MALISZEWSKI w 3 miesi\u0105c po \u015bmierci<br \/>\n18.00 Msza \u015bwi\u0119ta zbiorowa za zmar\u0142ych<\/p>\n<p>SOBOTA \/ 16 Listopada 2024 \/ \u0141k 18, 1-8<\/p>\n<p>8.00 Za zmar\u0142ych z rodzin KOWALSKICH, PIPCZY\u0143SKICH, WALOCH\u00d3W<br \/>\n18.00 Za zmar\u0142ych w ostatnim roku ze wsp\u00f3lnoty Rodziny i Bractwa Szkaplerznego<br \/>\n18.00 Msza \u015bwi\u0119ta zbiorowa za zmar\u0142ych<\/p>\n<p>XXXIII NIEDZIELA ZWYK\u0141A 17 Listopada 2024 \/ Mk 13, 24-32<br \/>\n6 ROCZNICA KONSEKRACJI NASZEGO KO\u015aCIO\u0141A<br \/>\n8.00 Dzi\u0119kczynna z Okazji 45 rocznicy \u015blubu Krystyny i Grzegorza KAMI\u0143SKICH, z pro\u015bb\u0105 o Bo\u017ce B\u0142. potrzebne \u0142aski i Opiek\u0119 Matki Bo\u017cej dla Jubilat\u00f3w oraz dzieci z rodzinami<br \/>\n10.00 Dzi\u0119kczynna z okazji urodzin Patryka z pro\u015bb\u0105 o Bo\u017ce b\u0142. dary Ducha \u015aw. i opiek\u0119 Matki Bo\u017cej Szkaplerznej<br \/>\n12.00 Za parafian<br \/>\n15.00 \u015bp. Stefania(k) SAKOWSKA w 4 rocznic\u0119 \u015bmierci<br \/>\n18.00 Msza \u015bwi\u0119ta zbiorowa za zmar\u0142ych<\/p>\n<p>&nbsp;<\/p>\n","protected":false},"excerpt":{"rendered":"<p>10.11.2024 r. XXXII NIEDZIELA ZWYK\u0141A 106 ROCZNICA ODZYSKANIA PRZEZ POLSK\u0118 NIEPODLEG\u0141O\u015aCI W poniedzia\u0142ek 11 listopada b\u0119dziemy obchodzi\u0107 wa\u017cne \u015bwi\u0119to pa\u0144stwowe. Odzyskanie niepodleg\u0142o\u015bci oraz zjednoczenie ziem zabor\u00f3w po 123 latach niewoli jest na pewno uwa\u017cane za najwa\u017cniejsze wydarzenie w historii Polski XX wieku. \u015awi\u0119to to zach\u0119ca nas do przypomnienia sobie los\u00f3w naszego narodu oraz do wdzi\u0119czno\u015bci [&hellip;]<\/p>\n","protected":false},"author":1,"featured_media":5631,"comment_status":"closed","ping_status":"closed","sticky":false,"template":"","format":"standard","meta":{"ngg_post_thumbnail":0,"footnotes":""},"categories":[11,8,4,3],"tags":[],"class_list":["post-5630","post","type-post","status-publish","format-standard","has-post-thumbnail","hentry","category-aktualnosci","category-blog","category-intencje","category-ogloszenia"],"_links":{"self":[{"href":"https:\/\/rafalk-elblag.pl\/index.php?rest_route=\/wp\/v2\/posts\/5630","targetHints":{"allow":["GET"]}}],"collection":[{"href":"https:\/\/rafalk-elblag.pl\/index.php?rest_route=\/wp\/v2\/posts"}],"about":[{"href":"https:\/\/rafalk-elblag.pl\/index.php?rest_route=\/wp\/v2\/types\/post"}],"author":[{"embeddable":true,"href":"https:\/\/rafalk-elblag.pl\/index.php?rest_route=\/wp\/v2\/users\/1"}],"replies":[{"embeddable":true,"href":"https:\/\/rafalk-elblag.pl\/index.php?rest_route=%2Fwp%2Fv2%2Fcomments&post=5630"}],"version-history":[{"count":1,"href":"https:\/\/rafalk-elblag.pl\/index.php?rest_route=\/wp\/v2\/posts\/5630\/revisions"}],"predecessor-version":[{"id":5632,"href":"https:\/\/rafalk-elblag.pl\/index.php?rest_route=\/wp\/v2\/posts\/5630\/revisions\/5632"}],"wp:featuredmedia":[{"embeddable":true,"href":"https:\/\/rafalk-elblag.pl\/index.php?rest_route=\/wp\/v2\/media\/5631"}],"wp:attachment":[{"href":"https:\/\/rafalk-elblag.pl\/index.php?rest_route=%2Fwp%2Fv2%2Fmedia&parent=5630"}],"wp:term":[{"taxonomy":"category","embeddable":true,"href":"https:\/\/rafalk-elblag.pl\/index.php?rest_route=%2Fwp%2Fv2%2Fcategories&post=5630"},{"taxonomy":"post_tag","embeddable":true,"href":"https:\/\/rafalk-elblag.pl\/index.php?rest_route=%2Fwp%2Fv2%2Ftags&post=5630"}],"curies":[{"name":"wp","href":"https:\/\/api.w.org\/{rel}","templated":true}]}}