{"id":5627,"date":"2024-11-02T17:34:12","date_gmt":"2024-11-02T17:34:12","guid":{"rendered":"https:\/\/rafalk-elblag.pl\/?p=5627"},"modified":"2024-11-10T19:13:13","modified_gmt":"2024-11-10T19:13:13","slug":"3-11-2024-r-xxxi-niedziela-zwykla","status":"publish","type":"post","link":"https:\/\/rafalk-elblag.pl\/?p=5627","title":{"rendered":"3.11.2024 r. XXXI NIEDZIELA ZWYK\u0141A"},"content":{"rendered":"<p><strong>3.11.2024 r.<\/strong><strong>&nbsp;XXXI NIEDZIELA ZWYK\u0141A<\/strong><\/p>\n<p><strong>1 listopada Ko\u015bci\u00f3\u0142 katolicki wspomina wszystkich \u015bwi\u0119tych: wyniesionych na o\u0142tarze<br \/>\n&nbsp;i otaczanych kultem oraz anonimowych, bezimiennych i nikomu nieznanych<\/strong>.<\/p>\n<p>Uroczysto\u015b\u0107 Wszystkich \u015awi\u0119tych jest radosnym \u015bwi\u0119tem tych, kt\u00f3rzy po ziemskiej w\u0119dr\u00f3wce zaznaj\u0105 rado\u015bci wiecznego \u017cycia<br \/>\nz Bogiem.<\/p>\n<p><strong>Dzie\u0144 1 listopada przypomina przede wszystkim prawd\u0119 o powszechnym powo\u0142aniu do \u015bwi\u0119to\u015bci. <\/strong>Ka\u017cdy z nas, niezale\u017cnie od swej drogi \u017cycia: ma\u0142\u017ce\u0144stwa czy kap\u0142a\u0144stwa, jest powo\u0142any do \u015bwi\u0119to\u015bci. Tej pe\u0142ni cz\u0142owiecze\u0144stwa nie mo\u017cna osi\u0105gn\u0105\u0107 w\u0142asnymi si\u0142ami.<\/p>\n<p>Konieczna jest pomoc \u0142aski Bo\u017cej, czyli dar Boga. Poniewa\u017c Stw\u00f3rca wzywa do \u015bwi\u0119to\u015bci wszystkich, tak\u017ce ka\u017cdemu pomaga sw\u0105 \u0142ask\u0105, niezale\u017cnie od grzechu czy upadk\u00f3w.<\/p>\n<p><strong>Teologia wskazuje, i\u017c ka\u017cdy z nas otrzyma\u0142 dar zbawienia, bo Jezus Chrystus z\u0142o\u017cy\u0142 ofiar\u0119 za wszystkich ludzi.<\/strong> Od ka\u017cdego<br \/>\nz nas jednak zale\u017cy, w jakim stopniu przyjmie<br \/>\nod Boga ten dar i odpowie na Jego zaproszenie do \u015bwi\u0119to\u015bci<\/p>\n<p><strong>Cho\u0107 uroczysto\u015b\u0107 Wszystkich \u015awi\u0119tych zdecydowanie r\u00f3\u017cni si\u0119 od Dnia Zadusznego (wspomnienia Wszystkich Wiernych Zmar\u0142ych) przypadaj\u0105cego nazajutrz, to razem jednak przypominaj\u0105 prawd\u0119 o wsp\u00f3lnocie Ko\u015bcio\u0142a, obejmuj\u0105cej \u015bwi\u0119tych w niebie, pokutuj\u0105cych w czy\u015b\u0107cu i \u017cyj\u0105cych jeszcze na ziemi.<\/strong> W tej \u0142\u0105czno\u015bci (komunii \u015bwi\u0119tych) wyra\u017ca si\u0119 \u015bwi\u0119tych obcowanie.<\/p>\n<p>Uroczysto\u015b\u0107 Wszystkich \u015awi\u0119tych to dzie\u0144, w kt\u00f3rym w ca\u0142ej Polsce, podobnie jak w wielu krajach Europy, odwiedza si\u0119 groby bliskich.<\/p>\n<p><strong>W tradycyjnie katolickich krajach Europy, dzie\u0144 ten jest wolny od pracy.<\/strong> W okresie PRL-u propaganda komunistyczna nazwa\u0142a ten dzie\u0144 \u201eDniem Zmar\u0142ych\u201d, co wprowadzi\u0142o du\u017ce zamieszania w \u015bwiadomo\u015bci, tak\u017ce wiernych Ko\u015bcio\u0142a.<\/p>\n<p>Do dzi\u015b trudno te zmiany przezwyci\u0119\u017cy\u0107, dlatego niezb\u0119dna jest edukacja ukazuj\u0105ca istotne r\u00f3\u017cnice pomi\u0119dzy <strong>uroczysto\u015bci\u0105 Wszystkich \u015awi\u0119tych, kt\u00f3ry jest dniem chwa\u0142y wszystkich naszych patron\u00f3w<\/strong>, <u>od Dnia Zadusznego, kt\u00f3ry jest szczeg\u00f3lnym czasem modlitwy za zmar\u0142ych.<\/u><\/p>\n<p><strong>Odpusty<\/strong> Nawiedzaj\u0105c z modlitw\u0105 ko\u015bci\u00f3\u0142 lub kaplic\u0119 publiczn\u0105 w uroczysto\u015b\u0107 Wszystkich \u015awi\u0119tych (1 listopada oraz w Dniu Zadusznym (2 listopada), mo\u017cemy pod zwyk\u0142ymi warunkami uzyska\u0107<em> odpust zupe\u0142ny, czyli ca\u0142kowite darowanie kar dla dusz w czy\u015b\u0107cu cierpi\u0105cych<\/em>.<\/p>\n<p>Ponadto wype\u0142niaj\u0105c okre\u015blone warunki, mo\u017cemy uzyska\u0107 odpust zupe\u0142ny od 1 do 8 listopada za pobo\u017cne (czyli modlitewne) nawiedzenie cmentarza.<\/p>\n<p>W czasie nawiedzenia \u015bwi\u0105tyni nale\u017cy odm\u00f3wi\u0107 Ojcze nasz i Wierz\u0119 w Boga oraz trzeba wype\u0142ni\u0107 inne warunki, takie jak: stan \u0142aski u\u015bwi\u0119caj\u0105cej, Komunia \u015bw. i modlitwa wed\u0142ug intencji Ojca \u015awi\u0119tego.<\/p>\n<p>R\u00f3wnie\u017c wierni, kt\u00f3rzy pobo\u017cnie nawiedz\u0105 cmentarz i przynajmniej w my\u015bli pomodl\u0105 si\u0119 za zmar\u0142ych, zyskuj\u0105 odpust, kt\u00f3ry mo\u017ce by\u0107 ofiarowany za dusze w czy\u015b\u0107cu cierpi\u0105ce; odpust ten w dniach od 1 do 8 listopada jest zupe\u0142ny.<\/p>\n<p>&nbsp;<\/p>\n<p>&nbsp;<\/p>\n<figure id=\"block-11bfdc70-3a14-4d5e-94a4-c45b2bb4a6cf\" class=\"wp-block-image\"><a href=\"http:\/\/rafalk-elblag.pl\/wp-content\/uploads\/2021\/08\/ogloszenia-parafialne-baner-01a.jpg\"><img decoding=\"async\" src=\"http:\/\/rafalk-elblag.pl\/wp-content\/uploads\/2021\/08\/ogloszenia-parafialne-baner-01a.jpg\" alt=\"Obrazek posiada pusty atrybut alt; plik o nazwie ogloszenia-parafialne-baner-01a.jpg\"><\/a><\/figure>\n<p><strong>&nbsp;<\/strong>&nbsp;<\/p>\n<p><strong>OG\u0141OSZENIA PARAFIALNE&nbsp; <\/strong><strong>3.11.2024 r. <\/strong><strong>XXXI <\/strong><strong>NIEDZIELA ZWYK\u0141A<\/strong><\/p>\n<p><strong>&nbsp;<\/strong><\/p>\n<ol>\n<li><strong>Diakon Amadeusz BABIEL,<\/strong> rozprowadza dzisiaj przed ko\u015bcio\u0142em, seminaryjne kalendarze \u015bcienne na rok <strong>2025<\/strong> za dobrowoln\u0105 ofiar\u0119. <em>Nabywaj\u0105c kalendarz pami\u0119tajmy \u017ce wspieramy Wy\u017csze Seminarium Duchowne w Elbl\u0105gu. Dzi\u0119kuj\u0119 za zrozumienie.<\/em><\/li>\n<li><strong>W dniu dzisiejszym indywidualna Adoracja Naj\u015bwi\u0119tszego Sakramentu od godz. 16:00 do godz. 18: <\/strong><em>Znajd\u017a czas, aby by\u0107 sam na sam z Twoim Panem.<\/em><\/li>\n<li>W pierwsze niedziele miesi\u0105ca ofiary z\u0142o\u017cone na tac\u0119 przeznaczone s\u0105 na inwestycje i utrzymanie naszej parafii. <em>B\u00f3g zap\u0142a\u0107 za sk\u0142adane ofiary <\/em><em>oraz te przelane na konto. <\/em><\/li>\n<li>W listopadzie w spos\u00f3b szczeg\u00f3lny pochylamy si\u0119 nad mogi\u0142ami, w kt\u00f3rych spoczywaj\u0105 nasi bliscy. Najg\u0142\u0119bszym wyrazem naszej mi\u0142o\u015bci jest nasza modlitwa za nich.<\/li>\n<\/ol>\n<p>&nbsp;&nbsp;&nbsp;&nbsp;&nbsp;&nbsp;&nbsp;&nbsp; <strong>Dlatego zapraszamy do wsp\u00f3lnej modlitwy za zmar\u0142ych codziennie o godz. 18:00 na Mszy \u015bw. Zbiorowej a bezpo\u015brednio po na WYPOMINKI po\u0142\u0105czone z Koronk\u0105 do Mi\u0142osierdzia Bo\u017cego.<\/strong><\/p>\n<ol start=\"5\">\n<li>Dzieci wraz z rodzicami lub opiekunami zapraszamy na modlitw\u0119 za zmar\u0142ych 6-13-20 listopada (\u015broda) na godz. 16:30.<\/li>\n<li>W \u015brod\u0119 6 listopada br. zapraszamy wszystkich ch\u0119tnych na spotkanie <strong>Kr\u0119gu Biblijnego<\/strong> po Mszy \u015bw. wieczornej \u2013 oko\u0142o godz. 19:00.<\/li>\n<li>W Sanktuarium Matki Bo\u017cej Nieustaj\u0105cej Pomocy w Elbl\u0105gu, ul. Robotnicza 68 w dniach od 7 do 9 listopada 2024 odb\u0119d\u0105 si\u0119 <strong>REKOLEKCJE DLA WD\u00d3W I WDOWC\u00d3W<\/strong> a tematem jest <em>\u201eModlitwa moj\u0105 si\u0142\u0105\u201d.<\/em> Rozpocz\u0119cie 7 listopada o godz. 15:00.<br \/>\nWi\u0119cej informacji na plakacie w gablocie. Zapraszamy.<\/li>\n<li><strong>Rusza kolejna edycja Elbl\u0105skiej Szko\u0142y Biblijnej<\/strong>. Spotkania odbywa\u0107 b\u0119d\u0105 si\u0119 w auli Wy\u017cszego Seminarium Duchownego w Elbl\u0105gu w wybrane soboty miesi\u0105ca w godzinach 9.00-12.00 w blokach 45-50 minutowych. Przewidywane terminy spotka\u0144 w I semestrze 2024\/2025 to: 16 listopada, 21 grudnia i 18 stycznia. Prowadz\u0105cy spotkania &#8211; bibli\u015bci elbl\u0105scy: ks. mgr lic. Jakub Altman, ks. dr Zbigniew Grochowski i ks. dr hab. Marek Karczewski, prof. UWM oraz zaproszeni go\u015bcie. Udzia\u0142 w zaj\u0119ciach jest darmowy.<\/li>\n<li><strong>W tym tygodniu przypada:<\/strong><\/li>\n<\/ol>\n<ul>\n<li><strong>pierwszy czwartek miesi\u0105ca<\/strong> \u2013 Msza \u015bw. o godz. 18:00, a po niej na ADORACJA NA\u015aWI\u0118TSZEGO SAKRAMENTU tj. <strong>\u201eGODZINA \u015aWI\u0118TA\u201d.<\/strong> Zapraszamy wszystkie osoby modl\u0105ce si\u0119 za kap\u0142an\u00f3w a szczeg\u00f3lnie osoby ze wsp\u00f3lnoty <strong>APOSTOLATU MARGARETKA<\/strong>.<\/li>\n<\/ul>\n<ol start=\"10\">\n<li>Zapraszamy do nowej grupy modlitewnej &#8211; <strong>RODZINNEGO R\u00d3\u017bA\u0143CA, <\/strong>ka\u017cd\u0105 osob\u0119, ale szczeg\u00f3lnie dzieci i rodzic\u00f3w zapraszamy do codziennego odmawiania jednej dziesi\u0105tki r\u00f3\u017ca\u0144ca w intencji swojej rodziny (deklarujemy si\u0119 na 1 miesi\u0105c lub na d\u0142u\u017cej). <em>Ch\u0119tnych prosimy o pozostanie dzi\u015b po Mszy \u015bwi\u0119tej w ko\u015bciele. Pan Piotr- Organista b\u0119dzie zapisywa\u0142. &nbsp;&nbsp;&nbsp;&nbsp;&nbsp;&nbsp;&nbsp;&nbsp;&nbsp;&nbsp;&nbsp;&nbsp;&nbsp;&nbsp;&nbsp;&nbsp;&nbsp;&nbsp;&nbsp;&nbsp;&nbsp;&nbsp;&nbsp;&nbsp;&nbsp;&nbsp;&nbsp;&nbsp;&nbsp;&nbsp;&nbsp;&nbsp;&nbsp;&nbsp;&nbsp;&nbsp;&nbsp;&nbsp;&nbsp;&nbsp;&nbsp;&nbsp;&nbsp;&nbsp;&nbsp;&nbsp;&nbsp;&nbsp;&nbsp;&nbsp;&nbsp;&nbsp;&nbsp;&nbsp;&nbsp;<\/em><\/li>\n<li>Zach\u0119camy do nabywania nowego numeru <strong>\u201eGo\u015bcia Niedzielnego\u201d<\/strong> z dodatkiem \u201eGo\u015b\u0107 Elbl\u0105ski\u201d oraz nowy kolejny numer <strong>\u201eMisyjne Drogi\u201d<\/strong> kt\u00f3rego tematem jest TYSI\u0104C DNI WOJNY. MISJONARZE W UKRAINIE.<\/li>\n<li>Pan powo\u0142a\u0142 do wieczno\u015bci: \u015bp. Stanis\u0142aw KOWALSKI lat 92 z ul. Krzywoustego<\/li>\n<\/ol>\n<p>&nbsp;&nbsp;&nbsp;&nbsp;&nbsp;&nbsp;&nbsp;&nbsp;&nbsp;&nbsp;&nbsp;&nbsp;&nbsp;&nbsp;&nbsp;&nbsp;&nbsp;&nbsp;&nbsp;&nbsp;&nbsp;&nbsp;&nbsp;&nbsp;&nbsp;&nbsp;&nbsp; <em>Wieczny odpoczynek racz mu da\u0107 Panie\u2026<\/em><\/p>\n<p style=\"text-align: center;\"><strong>Numer Konta Parafialnego<\/strong><\/p>\n<p style=\"text-align: center;\"><strong>PKO BP 72 1020 1752 0000 0102 0069 6047<\/strong><\/p>\n<p>&nbsp;<\/p>\n<figure id=\"block-5f437b95-503a-4f29-91f7-75b7c74612d1\" class=\"wp-block-image\"><img decoding=\"async\" src=\"http:\/\/rafalk-elblag.pl\/wp-content\/uploads\/2020\/04\/baner-intencje-mszy.jpg\" alt=\"Obrazek posiada pusty atrybut alt; plik o nazwie baner-intencje-mszy.jpg\"><\/figure>\n<h1 id=\"block-ebb85da5-2bf8-44c6-8a18-015b59726bae\" class=\"wp-block-heading\">Intencje mszalne<\/h1>\n<p>XXXI NIEDZIELA ZWYK\u0141A 3 Listopada 2024 \/ Mk 12, 28-34<br \/>\n8.00 O do\u015bwiadczenia Bo\u017cej Mi\u0142o\u015bci dla Karoliny, Oskara, Sebastiana i Natalii<br \/>\n10.00 Dzi\u0119kczynno b\u0142agalna w dniu urodzin Andrzeja z pro\u015bb\u0105 o \u0142ask\u0119 powrotu do zdrowia, Bo\u017ce b\u0142ogos\u0142awie\u0144stwo i opiek\u0119 Matki Bo\u017cej dla ca\u0142ej rodziny<br \/>\n10.00 \u015bp. Michalina WO\u0179NIAK<br \/>\n12.00 Za parafian<br \/>\n15.00 \u015bp. Anastazja, Bernard i Andrzej HUSZCZA oraz Emilia i Feliks SONGIN<br \/>\n18.00 Msza \u015bwi\u0119ta zbiorowa za zmar\u0142ych<\/p>\n<p>PONIEDZIA\u0141EK \/ 4 listopada 2024 \/\u015bw. Karola Boromeusza \/\u0141k 14 12-14<\/p>\n<p>8.00 \u015bp. Zenon KUCHTA w 2 miesi\u0105c po pogrzebie<br \/>\n18.00 \u015bp. Dariusz KARPI\u0143SKI w 9 mc po \u015bmierci<br \/>\n18.00 Msza \u015bwi\u0119ta zbiorowa za zmar\u0142ych<\/p>\n<p>WTOREK 5 listopad 2024 \/ \u0141k 14, 15-24<\/p>\n<p>8.00 Za dusze cierpi\u0105ce w czy\u015b\u0107cu<br \/>\n18.00 \u015bp. Stanis\u0142awa (k) MOCHOL w 11 miesi\u0105c po \u015bmierci<br \/>\n18.00 Msza \u015bwi\u0119ta zbiorowa za zmar\u0142ych<\/p>\n<p>\u015aRODA \/ 6 Listopad 2024 \/ \u0141k 14, 25-33<\/p>\n<p>8.00 \u015bp. Stanis\u0142aw MALINOWSKI w 30 dzie\u0144 po pogrzebie<br \/>\n18.00 \u015bp. Krystyna KONDRAT w 7 rocz. \u015bmierci oraz za Witold i Zofia HUSZCZO<br \/>\n18.00 Msza \u015bwi\u0119ta zbiorowa za zmar\u0142ych<\/p>\n<p>CZWARTEK \/ 7 Listopada 2024 \/ I CZWARTEK MIESIACA \u0141k 15, 1-10<\/p>\n<p>8.00 \u015bp. J\u00f3zef SEJMICKI w 16 rocznic\u0119 \u015bmierci<br \/>\n18.00 O nowe powo\u0142ania kap\u0142a\u0144skie, zakonne i misyjne z naszej parafii<br \/>\n18.00 Msza \u015bwi\u0119ta zbiorowa za zmar\u0142ych<\/p>\n<p>PI\u0104TEK \/ 8 Listopada 2024 \/ \u0141k 16, 1-8<\/p>\n<p>8.00 Za zmar\u0142ych rodzic\u00f3w Stefania (k) w 15r.\u015bm. W\u0142adys\u0142aw(27) brat Tadeusz i zmar\u0142ych rodzic\u00f3w obojga stron<br \/>\n18.00 \u015bp. Marek MALINOWSKI w 4 rocznic\u0119 \u015bmierci<br \/>\n18.00 Msza \u015bwi\u0119ta zbiorowa za zmar\u0142ych<\/p>\n<p>SOBOTA \/ 9 Listopada 2024 \/ Rocz. po\u015bwi\u0119cenia Bazyliki Latera\u0144skiej \/J 2, 13-22<\/p>\n<p>8.00 \u015bp. Andrzej CISZAK w 30 dzie\u0144 po pogrzebie<br \/>\n18.00 \u015bp. Zofia IWA\u0143CZUK w 1rocznic\u0119 \u015bmierci<br \/>\n18.00 Msza \u015bwi\u0119ta zbiorowa za zmar\u0142ych<\/p>\n<p>XXXII NIEDZIELA ZWYK\u0141A 10 Listopada 2024 \/ Mk 12, 38-44<\/p>\n<p>8.00 \u015bp. Lucjan LASEK w 29 rocznic\u0119 \u015bmierci i zm. z rodziny BA\u0141DYGA, LASEK, GROCHOWSKICH<br \/>\n10.00 O dar m\u0105dro\u015bci i roztropno\u015bci w codzienno\u015bci dla Nikodema i jego rodziny, Agnieszki i ca\u0142ej rodziny zakonnej oraz Magdaleny i jej rodziny<br \/>\n12.00 Za parafian<br \/>\n15.00 \u015bp. Lidia (k) i Marian DOM\u017bALSCY, Eugeniusz \u015aWIGO\u0143<br \/>\n18.00 Msza \u015bwi\u0119ta zbiorowa zmar\u0142ych<\/p>\n","protected":false},"excerpt":{"rendered":"<p>3.11.2024 r.&nbsp;XXXI NIEDZIELA ZWYK\u0141A 1 listopada Ko\u015bci\u00f3\u0142 katolicki wspomina wszystkich \u015bwi\u0119tych: wyniesionych na o\u0142tarze &nbsp;i otaczanych kultem oraz anonimowych, bezimiennych i nikomu nieznanych. Uroczysto\u015b\u0107 Wszystkich \u015awi\u0119tych jest radosnym \u015bwi\u0119tem tych, kt\u00f3rzy po ziemskiej w\u0119dr\u00f3wce zaznaj\u0105 rado\u015bci wiecznego \u017cycia z Bogiem. Dzie\u0144 1 listopada przypomina przede wszystkim prawd\u0119 o powszechnym powo\u0142aniu do \u015bwi\u0119to\u015bci. Ka\u017cdy z nas, [&hellip;]<\/p>\n","protected":false},"author":1,"featured_media":5628,"comment_status":"closed","ping_status":"closed","sticky":false,"template":"","format":"standard","meta":{"ngg_post_thumbnail":0,"footnotes":""},"categories":[11,8,4,3],"tags":[],"class_list":["post-5627","post","type-post","status-publish","format-standard","has-post-thumbnail","hentry","category-aktualnosci","category-blog","category-intencje","category-ogloszenia"],"_links":{"self":[{"href":"https:\/\/rafalk-elblag.pl\/index.php?rest_route=\/wp\/v2\/posts\/5627","targetHints":{"allow":["GET"]}}],"collection":[{"href":"https:\/\/rafalk-elblag.pl\/index.php?rest_route=\/wp\/v2\/posts"}],"about":[{"href":"https:\/\/rafalk-elblag.pl\/index.php?rest_route=\/wp\/v2\/types\/post"}],"author":[{"embeddable":true,"href":"https:\/\/rafalk-elblag.pl\/index.php?rest_route=\/wp\/v2\/users\/1"}],"replies":[{"embeddable":true,"href":"https:\/\/rafalk-elblag.pl\/index.php?rest_route=%2Fwp%2Fv2%2Fcomments&post=5627"}],"version-history":[{"count":1,"href":"https:\/\/rafalk-elblag.pl\/index.php?rest_route=\/wp\/v2\/posts\/5627\/revisions"}],"predecessor-version":[{"id":5629,"href":"https:\/\/rafalk-elblag.pl\/index.php?rest_route=\/wp\/v2\/posts\/5627\/revisions\/5629"}],"wp:featuredmedia":[{"embeddable":true,"href":"https:\/\/rafalk-elblag.pl\/index.php?rest_route=\/wp\/v2\/media\/5628"}],"wp:attachment":[{"href":"https:\/\/rafalk-elblag.pl\/index.php?rest_route=%2Fwp%2Fv2%2Fmedia&parent=5627"}],"wp:term":[{"taxonomy":"category","embeddable":true,"href":"https:\/\/rafalk-elblag.pl\/index.php?rest_route=%2Fwp%2Fv2%2Fcategories&post=5627"},{"taxonomy":"post_tag","embeddable":true,"href":"https:\/\/rafalk-elblag.pl\/index.php?rest_route=%2Fwp%2Fv2%2Ftags&post=5627"}],"curies":[{"name":"wp","href":"https:\/\/api.w.org\/{rel}","templated":true}]}}