{"id":5624,"date":"2024-10-26T18:38:40","date_gmt":"2024-10-26T18:38:40","guid":{"rendered":"https:\/\/rafalk-elblag.pl\/?p=5624"},"modified":"2024-10-26T18:38:40","modified_gmt":"2024-10-26T18:38:40","slug":"27-10-2024-xxx-niedziela-zwykla","status":"publish","type":"post","link":"https:\/\/rafalk-elblag.pl\/?p=5624","title":{"rendered":"27.10.2024 XXX NIEDZIELA ZWYK\u0141A"},"content":{"rendered":"<p><strong> 27.10.2024 r. <\/strong><strong>XXX <\/strong><strong>NIEDZIELA ZWYK\u0141A<\/strong><\/p>\n<p><strong>W minion\u0105 Niedziele prze\u017cywali\u015bmy \u015awiatowy Dzie\u0144 Misyjny pod has\u0142em \u201eId\u017acie i zapraszajcie wszystkich na uczt\u0119\u201d<\/strong><\/p>\n<p>&nbsp;&nbsp;&nbsp;&nbsp;&nbsp; &nbsp;Niedziel\u0119 Misyjn\u0105 prze\u017cywali\u015bmy po raz 98. Jest to te\u017c \u015bwi\u0119to patronalne Papieskich Dzie\u0142 Misyjnych. <strong>&#8222;Ka\u017cdy z nas ochrzczonych jest zaproszony do g\u0142oszenia Ewangelii&#8221;<\/strong> &#8211; podkre\u015bla w rozmowie z Radiem Watyka\u0144skim &#8211; dyrektor krajowy Papieskich Dzie\u0142 Misyjnych w Polsce ks. Maciej B\u0119dzi\u0144ski.<\/p>\n<p>&#8222;<strong>Bardzo cz\u0119sto kiedy s\u0142yszymy s\u0142owo misje, wtedy od razu w\u0142\u0105cza nam si\u0119 my\u015bl, \u017ce chodzi o misjonarza, kogo\u015b, kto wyje\u017cd\u017ca w dalekie kraje, a zapominamy, \u017ce zanim misjonarz wyjedzie, przyjmuje \u0142ask\u0119 Chrztu \u015bwi\u0119tego i \u0142aska ta zobowi\u0105zuje nas wszystkich do dawania \u015bwiadectwa, \u015bwiadectwa tam, gdzie jeste\u015bmy&#8221;<\/strong> &#8211; wskaza\u0142 ks. B\u0119dzi\u0144ski. Zacytowa\u0142 r\u00f3wnie\u017c s\u0142owa kard. Giorgio Marengo, kt\u00f3ry pos\u0142uguje w Mongolii, gdzie ewangelizacja trwa od 32 lat, a katolik\u00f3w jest 1500. &#8222;W czasie spotkania na uniwersytecie zwr\u00f3ci\u0142 uwag\u0119, \u017ce ca\u0142kowicie zmieni\u0142a si\u0119 perspektywa ewangelizacji.<\/p>\n<p>Ludzie zbli\u017cyli si\u0119 do siebie, \u017ceby ewangelizowa\u0107, nie trzeba p\u0142yn\u0105\u0107 statkiem, lecie\u0107 samolotem, bo mo\u017cemy ewangelizowa\u0107 przez media, przez rozmow\u0119 telefoniczn\u0105, ale z drugiej strony misja Ko\u015bcio\u0142a nigdy si\u0119 nie zmieni\u0142a.<\/p>\n<p><em>Ko\u015bci\u00f3\u0142 nie odejdzie nigdy od g\u0142oszenia Ewangelii<\/em>. Kardyna\u0142 Marengo <u>zwr\u00f3ci\u0142 uwag\u0119 na to, chocia\u017c jest coraz wi\u0119cej os\u00f3b, kt\u00f3re us\u0142ysza\u0142y o Ewangelii, kt\u00f3re spotka\u0142y Chrystusa, to z drugiej strony mamy coraz wi\u0119cej os\u00f3b, kt\u00f3re o Chrystusie zapomnia\u0142y.<\/u><\/p>\n<p><strong>Zatem&nbsp;Niedziela Misyjna, kt\u00f3r\u0105 prze\u017cywamy,&nbsp;to jest moment, kiedy mamy zwr\u00f3ci\u0107 uwag\u0119 na to, \u017ce ka\u017cdy z nas jest powo\u0142any w ma\u0142\u017ce\u0144stwie, rodzinie, \u017cyciu samotnym, czasem te\u017c dotkni\u0119tym krzy\u017cem cierpienia, samotno\u015bci, gdzie mo\u017ce ofiarowa\u0107 swoje cierpienie w intencji misji.<\/strong><\/p>\n<p>Przyk\u0142adem tego jest Teres\u0105 z Lisieux, kt\u00f3ra nieustannie m\u00f3wi\u0142a, \u017ce chcia\u0142aby g\u0142osi\u0107 Ewangeli\u0119 na pi\u0119ciu kontynentach, a&nbsp;nigdy z klasztoru nie wysz\u0142a&#8221; &#8211; opowiedzia\u0142 ksi\u0105dz B\u0119dzi\u0144ski.<\/p>\n<p>W Ko\u015bciele katolickim Niedziela Misyjna obchodzona jest&nbsp;&nbsp;od 1926 roku. To szczeg\u00f3lny czas&nbsp;modlitwy za misjonarzy i wspierania terytori\u00f3w misyjnych na ca\u0142ym \u015bwiecie. Ofiary materialne sk\u0142adane na tac\u0119 w Niedziel\u0119 Misyjn\u0105 s\u0105 przeznaczane \u2013 wol\u0105 papie\u017ca \u2013 na zasilenie Funduszu Solidarno\u015bci misyjnej Ko\u015bcio\u0142a powszechnego w ca\u0142ym \u015bwiecie, jakim opiekuje si\u0119 Papieskie Dzie\u0142o Rozkrzewiania Wiary.<\/p>\n<p>Ofiary, kt\u00f3re sk\u0142adali\u015bmy na tac\u0119 &nbsp;n minion\u0105 Niedziel\u0119 &#8211; w \u015awiatowy Dzie\u0144 Misyjny we wszystkich parafiach \u015bwiata, przekazywane s\u0105&nbsp;za po\u015brednictwem kurii diecezjalnych do dyrekcji krajowej Papieskich Dzie\u0142 Misyjnych.<\/p>\n<p>Tworz\u0105 Fundusz Solidarno\u015bci Papieskiego Dzie\u0142a Rozkrzewiania Wiary, dzi\u0119ki kt\u00f3remu mog\u0105 pracowa\u0107 katechi\u015bci, powstaj\u0105 nowe \u015bwi\u0105tynie oraz miejsca szczeg\u00f3lnej troski o ludzi samotnych, ubogich oraz prze\u015bladowanych.&nbsp;<\/p>\n<p><strong>Papieskie Dzie\u0142a Misyjne w Polsce w roku 2024 sfinansowa\u0142y projekty na kwot\u0119 1,2 mln&nbsp;dolar\u00f3w<\/strong>. Przekazano je na liczne&nbsp;projekty o r\u00f3\u017cnym charakterze,&nbsp;utrzymanie dom\u00f3w studenckich w Rzymie dla kleryk\u00f3w misyjnych i si\u00f3str zakonnych, tak\u017ce funkcjonowanie sekretariatu generalnego w Rzymie.<\/p>\n<p>&nbsp;<\/p>\n<p>&nbsp;<\/p>\n<figure id=\"block-11bfdc70-3a14-4d5e-94a4-c45b2bb4a6cf\" class=\"wp-block-image\"><a href=\"http:\/\/rafalk-elblag.pl\/wp-content\/uploads\/2021\/08\/ogloszenia-parafialne-baner-01a.jpg\"><img decoding=\"async\" src=\"http:\/\/rafalk-elblag.pl\/wp-content\/uploads\/2021\/08\/ogloszenia-parafialne-baner-01a.jpg\" alt=\"Obrazek posiada pusty atrybut alt; plik o nazwie ogloszenia-parafialne-baner-01a.jpg\"><\/a><\/figure>\n<p><strong>&nbsp;<\/strong>&nbsp;<\/p>\n<p><strong>OG\u0141OSZENIA PARAFIALNE&nbsp;<\/strong><\/p>\n<ol>\n<li><strong>Przed nami ostatnie dni pa\u017adziernika po\u015bwi\u0119conego modlitwie R\u00d3\u017bA\u0143COWEJ.<\/strong> Zapraszamy doros\u0142ych i m\u0142odzie\u017c na codzienne nabo\u017ce\u0144stwa r\u00f3\u017ca\u0144cowe przed Naj\u015bwi\u0119tszym Sakramentem o godz. 17:15. Dzieci zapraszamy w \u015brody i czwartki o godz. 16:30.<\/li>\n<li>Dzisiaj Wolontariusze Caritas przed ko\u015bcio\u0142em zbieraj\u0105 ofiary dla os\u00f3b potrzebuj\u0105cych pomocy.<em> <strong>Za wsparcie i z\u0142o\u017cone ofiary dzi\u0119kujemy. <\/strong><\/em><\/li>\n<li>Jak ka\u017cdego roku w listopadzie modli\u0107 si\u0119 b\u0119dziemy za naszych zmar\u0142ych. Dlatego dzisiaj przed ko\u015bcio\u0142em rozdawane s\u0105 koperty, w kt\u00f3rych s\u0105 kartki na Msz\u0119 \u015bw. zbiorow\u0105<br \/>\ni wypominki. <strong>Prosimy o czytelne wype\u0142nianie kartek. Osoby zmar\u0142e wypisane na kartce z napisem MSZA \u015aW. ZBIOROWA ZA ZMAR\u0141YCH b\u0119d\u0105 polecane we Mszy \u015bw. przez ca\u0142y listopad o godz. 18:00. Druga kartka z napisem WYPOMINKI <\/strong>wyczytywana b\u0119dzie podczas Koronki do Mi\u0142osierdzia Bo\u017cego bezpo\u015brednio po zako\u0144czeniu Mszy \u015bw. <u>PROSIMY zaznaczy\u0107 na kartce \u201eMSZA \u015aW. ZBIOROWA ZA ZMAR\u0141YCH\u201d dat\u0119 (dzie\u0144), w kt\u00f3rym imiona i nazwiska naszych drogich zmar\u0142ych maj\u0105 by\u0107 wyczytane.<\/u><\/li>\n<li><strong>Porz\u0105dek nabo\u017ce\u0144stw 1 listopada<\/strong> <strong>na cmentarzach<\/strong>: <strong>AGRYKOLA<\/strong> \u2013 Ko\u015bci\u00f3\u0142 Wszystkich \u015awi\u0119tych \u2013 Msza \u015bw. o godz. 11.30; <strong>D\u0118BICA<\/strong> (Stara Kaplica) \u2013 Msza \u015bw.<br \/>\no 12.00; <strong>ko\u015bci\u00f3\u0142 pw. \u015bw. Wojciecha<\/strong> \u2013 Msza \u015bw. o godz. 13.00, <em>po zako\u0144czeniu Mszy \u015bw. procesje na cmentarzach po\u0142\u0105czone z modlitwami za zmar\u0142ych.<\/em><\/li>\n<li><strong>W pi\u0105tek 1 listopada &#8211; Uroczysto\u015b\u0107 Wszystkich \u015awi\u0119tych. Msze \u015bw. o godz.: 8:00, 10:00, 12:00 i o godz. 18:00.<\/strong> Msza \u015bw. o godz. 18:00 jest pierwsz\u0105 Msz\u0105 \u015bw. zbiorow\u0105.<\/li>\n<\/ol>\n<p><strong>Pami\u0119tajmy, \u017ce od 1 do 8 listopada w\u0142\u0105cznie mo\u017cna uzyska\u0107 ODPUST ZUPE\u0141NY<\/strong>, kt\u00f3ry mo\u017cemy ofiarowa\u0107 za jedn\u0105 dusze w czy\u015b\u0107cu cierpi\u0105c\u0105.<\/p>\n<ol start=\"6\">\n<li>W sobot\u0119 2 listopada &#8211;<strong> Wspomnienie Wszystkich Wiernych Zmar\u0142ych, czyli Dzie\u0144 Zaduszny<\/strong>. Msze \u015bw. o godz. 8:00, 11:00 i o godz. 18:00. <em>W tym dniu na Msz\u0119 \u015bw. o godz. 18:00 szczeg\u00f3lnie zapraszamy rodziny zmar\u0142ych w ostatnim roku parafian, podczas kt\u00f3rej zostan\u0105 wyczytani i poleceni Bo\u017cemu Mi\u0142osierdziu.<\/em><\/li>\n<li><strong>W tym tygodniu przypada:<\/strong><\/li>\n<\/ol>\n<ul>\n<li><strong>I pi\u0105tek miesi\u0105ca<\/strong> <strong>(1 XI)<\/strong> zapraszamy do spowiedzi dzieci z klas IVA, IVB i IVC, w \u015brod\u0119 od godz. 16:00, a dzieci z klasy&nbsp; IVD i pozosta\u0142e w czwartek od godz. 16:00. <strong>Msza \u015bw. dla wszystkich dzieci w I pi\u0105tek 1 listopada o godz. 10:00. <\/strong>Natomiast spowied\u017a dla doros\u0142ych i m\u0142odzie\u017cy w tygodniu od godz. 17:30.<\/li>\n<li><strong>I sobota miesi\u0105ca (2 XI) <\/strong>zapraszamy wszystkich czcicieli Matki Bo\u017cej na nabo\u017ce\u0144stwo po\u0142\u0105czone z&nbsp;Adoracj\u0105 Naj\u015bwi\u0119tszego Sakramentu od godz. 17:00.<\/li>\n<\/ul>\n<ol start=\"8\">\n<li>W pierwszy pi\u0105tek miesi\u0105ca listopada <strong>(1 XI) <\/strong> Proboszcz z Panem Jezusem uda si\u0119 do chorych od godz. 10:00 natomiast w sobot\u0119 <strong>(2XI)<\/strong> ks. Marcin i ks. Piotr udadz\u0105 si\u0119 do chorych od godz. 9:00.<\/li>\n<li>Zapraszamy do nowej grupy modlitewnej &#8211; <strong>RODZINNEGO R\u00d3\u017bA\u0143CA, <\/strong>ka\u017cd\u0105 osob\u0119, ale szczeg\u00f3lnie dzieci i rodzic\u00f3w zapraszamy do codziennego odmawiania jednej dziesi\u0105tki r\u00f3\u017ca\u0144ca w intencji swojej rodziny (deklarujemy si\u0119 na 1 miesi\u0105c lub na d\u0142u\u017cej). <em>Ch\u0119tnych prosimy o pozostanie dzi\u015b po Mszy \u015bwi\u0119tej w ko\u015bciele lub w najbli\u017csz\u0105 niedziel\u0119 &nbsp;&nbsp;&nbsp;&nbsp;&nbsp;&nbsp;&nbsp;&nbsp;&nbsp;&nbsp;&nbsp;&nbsp;&nbsp;&nbsp;&nbsp;&nbsp;&nbsp;&nbsp;&nbsp;&nbsp;&nbsp;&nbsp;&nbsp;&nbsp;&nbsp;&nbsp;&nbsp;&nbsp;&nbsp;&nbsp;&nbsp;&nbsp;&nbsp;&nbsp;&nbsp;&nbsp;&nbsp;&nbsp;&nbsp;&nbsp;&nbsp;&nbsp;&nbsp;&nbsp;&nbsp;&nbsp;&nbsp;&nbsp;&nbsp;&nbsp;&nbsp;&nbsp;&nbsp;&nbsp;&nbsp;&nbsp;&nbsp;&nbsp;&nbsp;&nbsp;&nbsp;&nbsp;&nbsp;&nbsp;&nbsp;&nbsp;&nbsp;&nbsp;&nbsp;&nbsp;&nbsp;&nbsp;&nbsp;&nbsp;&nbsp;&nbsp;(3 listopada).&nbsp;<\/em><\/li>\n<li><strong>Za tydzie\u0144 Diakon Amadeusz BABIEL,<\/strong> b\u0119dzie rozprowadza\u0142 przed ko\u015bcio\u0142em, seminaryjne kalendarze \u015bcienne na rok <strong>2025<\/strong> za dobrowoln\u0105 ofiar\u0119. <em>Nabywaj\u0105c kalendarz wspieramy Wy\u017csze Seminarium Duchowne w Elbl\u0105gu. Dzi\u0119kuj\u0119 za zrozumienie.<\/em><\/li>\n<li>Zach\u0119cam do nabywania nowego numeru <strong>\u201eGo\u015bcia Niedzielnego\u201d<\/strong> w cenie 10 z\u0142. Mamy mo\u017cliwo\u015b\u0107 nabycia <strong>Kalendarza Biblijnego<\/strong> na 2025 rok w cenie 15 z\u0142.<\/li>\n<\/ol>\n<p><strong>Numer Konta Parafialnego<\/strong><\/p>\n<p><strong>PKO BP 72 1020 1752 0000 0102 0069 6047<\/strong><\/p>\n<p>&nbsp;<\/p>\n<figure id=\"block-5f437b95-503a-4f29-91f7-75b7c74612d1\" class=\"wp-block-image\"><img decoding=\"async\" src=\"http:\/\/rafalk-elblag.pl\/wp-content\/uploads\/2020\/04\/baner-intencje-mszy.jpg\" alt=\"Obrazek posiada pusty atrybut alt; plik o nazwie baner-intencje-mszy.jpg\"><\/figure>\n<h1 id=\"block-ebb85da5-2bf8-44c6-8a18-015b59726bae\" class=\"wp-block-heading\">Intencje mszalne<\/h1>\n<p>XXX NIEDZIELA ZWYK\u0141A 27 pa\u017adziernika 2024 \/ Mk 10, 46-52<br \/>\n<strong>8.00<\/strong> Dzi\u0119kczynna z okazji 45 rocznicy \u015blubu Lucyny i Ryszarda ZAJDEL z pro\u015bb\u0105 o Bo\u017ce b\u0142ogos\u0142awie\u0144stwo i potrzebne \u0142aski dla Jubilat\u00f3w<br \/>\n<strong>10.00<\/strong> Dzi\u0119kczynna z okazji urodzin Piotra z pro\u015bb\u0105 o potrzebne \u0142aski<br \/>\n<strong>12.00<\/strong> Za parafian<br \/>\n<strong>15.00<\/strong> \u015bp. Leszek BIELSKI gr.27<br \/>\n<strong>18.00<\/strong> Dzi\u0119kczynna w 97 ur. Ireny SIWEK z pro\u015bb\u0105 o Bo\u017ce b\u0142ogos\u0142awie\u0144stwo i potrzebne \u0142aski dla Jubilatki<\/p>\n<p>PONIEDZIA\u0141EK \/ 28 pa\u017adziernika 2024 \/\u015bw. Aposto\u0142\u00f3w Szymona i Judy Tadeusza \/\u0141k 6 12-19<br \/>\n8.00 \u015bp. Leszek BIELSKI gr.28<br \/>\n18.00 Za zmar\u0142ych z rodziny B\u0141ASZCZY\u0143SKICH i TRACZYK<br \/>\n18.00 \u015bp. Tadeusz WOJTCZAK z okazji ziemskich imienin<\/p>\n<p>WTOREK \/ 29 pa\u017adziernika 2024 \/ \u0141k 13, 18-21<br \/>\n8.00 \u015bp. Teodozja i Jan KOCHA\u0143SCY i zm. z rodz. WILE\u0143SKICH i WR\u00d3BLEWSKICH<br \/>\n18.00 \u015bp. Jan KOSTRZEWA w 4 r.\u015bm.<br \/>\n18.00 \u015bp. Leszek BIELSKI gr.29<\/p>\n<p>\u015aRODA \/ 30 pa\u017adziernika 2024 \/ \u0141k 13, 22-30<br \/>\n8.00 Dzi\u0119kczynno b\u0142agalna o Bo\u017ce B\u0142ogos\u0142awie\u0144stwo dla Damiana BIELANA i o zanurzenie w sercu Jezusa Chrystusa i Maryi<br \/>\n18.00 \u015bp. Leszek BIELSKI gr.30<br \/>\n18.00 \u015bp. Anna, Danuta, Kazimierz, Jerzy G\u00d3WNOWICZ, W\u0142odzimierz \u015aCIBON, Piotr KORBELA<\/p>\n<p>CZWARTEK \/ 31 pa\u017adziernika 2024 \/ \u0141k 13, 31-358.00 B\u0142agalna o wierno\u015b\u0107 trwania w Ofierze Chrystusa i zanurzenie w Sercu Jezusa CH. i Maryi dla Katarzyny BIELAN i o trwanie w Mi\u0142o\u015bci Bo\u017cej<br \/>\n18.00 O szcz\u0119\u015bliwe rozwi\u0105zanie i B\u0142ogos\u0142awie\u0144stwo Bo\u017ce dla Mamy i ca\u0142ej rodziny<br \/>\n18.00 Rez.<\/p>\n<p>PI\u0104TEK \/ 1 Listopada 2024 \/ Mt 5, 1-12<br \/>\n8.00 \u015bp. Irena, Leszek, Antoni, Tomasz, Ewa, J\u00f3zef (on), Anna, Boles\u0142aw, Maria, Antoni, Wac\u0142aw, Ferdynand<br \/>\n8.00 \u015ap. Liliana Siemi\u0105tkowska intencja od s\u0105siad\u00f3w<br \/>\n10.00 \u015bp. Cecylia 32r.\u015bm, Stanis\u0142aw 36r.\u015bm. Ewa 15r.\u015bm KOCEMBA Franciszek SZOT 15r.\u015bm.<br \/>\n12.00 \u015bp. W\u0142odzimierz PURZYCKI w 3 r.\u015bm. o dar \u017cycia wiecznego<br \/>\n18.00 Msza \u015bw zbiorowa gregorianka<\/p>\n<p>SOBOTA \/ 2 Listopada 2024 \/ J 11, 32-45<br \/>\n8.00 \u015bp. Robert WI\u015aNIEWSKI w 31r.\u015bm. i zm. z rodziny<br \/>\n11.00 \u015bp. Janina i Eugeniusz JANOWICZ oraz zm. z rodziny<br \/>\n18.00 Za zmar\u0142ych cz\u0142onk\u00f3w \u017cywego r\u00f3\u017ca\u0144ca zw\u0142aszcza z r\u00f3\u017cy b\u0142. St. Wyszy\u0144skiego<br \/>\n18.00 Msza \u015bwi\u0119ta zbiorowa Gregorianka<br \/>\nXXXI NIEDZIELA ZWYK\u0141A 3 Listopada 2024 \/ Mk 12, 28-34<\/p>\n<p>8.00 O do\u015bwiadczenia Bo\u017cej Mi\u0142o\u015bci dla Karoliny, Oskara, Sebastiana i Natalii<br \/>\n10.00<br \/>\n12.00 Za parafian<br \/>\n15.00 \u015bp. Anastazja, Bernard i Andrzej HUSZCZA oraz Emilia i Feliks SONGIN<br \/>\n18.00 Msza \u015bwi\u0119ta zbiorowa Gregorianka<\/p>\n<p>&nbsp;<\/p>\n","protected":false},"excerpt":{"rendered":"<p>27.10.2024 r. XXX NIEDZIELA ZWYK\u0141A W minion\u0105 Niedziele prze\u017cywali\u015bmy \u015awiatowy Dzie\u0144 Misyjny pod has\u0142em \u201eId\u017acie i zapraszajcie wszystkich na uczt\u0119\u201d &nbsp;&nbsp;&nbsp;&nbsp;&nbsp; &nbsp;Niedziel\u0119 Misyjn\u0105 prze\u017cywali\u015bmy po raz 98. Jest to te\u017c \u015bwi\u0119to patronalne Papieskich Dzie\u0142 Misyjnych. &#8222;Ka\u017cdy z nas ochrzczonych jest zaproszony do g\u0142oszenia Ewangelii&#8221; &#8211; podkre\u015bla w rozmowie z Radiem Watyka\u0144skim &#8211; dyrektor krajowy Papieskich [&hellip;]<\/p>\n","protected":false},"author":1,"featured_media":5625,"comment_status":"closed","ping_status":"closed","sticky":false,"template":"","format":"standard","meta":{"ngg_post_thumbnail":0,"footnotes":""},"categories":[11,8,4,3],"tags":[],"class_list":["post-5624","post","type-post","status-publish","format-standard","has-post-thumbnail","hentry","category-aktualnosci","category-blog","category-intencje","category-ogloszenia"],"_links":{"self":[{"href":"https:\/\/rafalk-elblag.pl\/index.php?rest_route=\/wp\/v2\/posts\/5624","targetHints":{"allow":["GET"]}}],"collection":[{"href":"https:\/\/rafalk-elblag.pl\/index.php?rest_route=\/wp\/v2\/posts"}],"about":[{"href":"https:\/\/rafalk-elblag.pl\/index.php?rest_route=\/wp\/v2\/types\/post"}],"author":[{"embeddable":true,"href":"https:\/\/rafalk-elblag.pl\/index.php?rest_route=\/wp\/v2\/users\/1"}],"replies":[{"embeddable":true,"href":"https:\/\/rafalk-elblag.pl\/index.php?rest_route=%2Fwp%2Fv2%2Fcomments&post=5624"}],"version-history":[{"count":1,"href":"https:\/\/rafalk-elblag.pl\/index.php?rest_route=\/wp\/v2\/posts\/5624\/revisions"}],"predecessor-version":[{"id":5626,"href":"https:\/\/rafalk-elblag.pl\/index.php?rest_route=\/wp\/v2\/posts\/5624\/revisions\/5626"}],"wp:featuredmedia":[{"embeddable":true,"href":"https:\/\/rafalk-elblag.pl\/index.php?rest_route=\/wp\/v2\/media\/5625"}],"wp:attachment":[{"href":"https:\/\/rafalk-elblag.pl\/index.php?rest_route=%2Fwp%2Fv2%2Fmedia&parent=5624"}],"wp:term":[{"taxonomy":"category","embeddable":true,"href":"https:\/\/rafalk-elblag.pl\/index.php?rest_route=%2Fwp%2Fv2%2Fcategories&post=5624"},{"taxonomy":"post_tag","embeddable":true,"href":"https:\/\/rafalk-elblag.pl\/index.php?rest_route=%2Fwp%2Fv2%2Ftags&post=5624"}],"curies":[{"name":"wp","href":"https:\/\/api.w.org\/{rel}","templated":true}]}}