{"id":5619,"date":"2024-10-17T17:24:31","date_gmt":"2024-10-17T17:24:31","guid":{"rendered":"https:\/\/rafalk-elblag.pl\/?p=5619"},"modified":"2024-10-21T06:59:15","modified_gmt":"2024-10-21T06:59:15","slug":"20-10-2024-xxix-niedziela-zwykla","status":"publish","type":"post","link":"https:\/\/rafalk-elblag.pl\/?p=5619","title":{"rendered":"20.10.2024 XXIX NIEDZIELA ZWYK\u0141A"},"content":{"rendered":"<p>&nbsp;<\/p>\n<h1>20.10.2024 XXIX NIEDZIELA ZWYK\u0141A<\/h1>\n<p><strong>Prawda i wolno\u015b\u0107. 40. rocznica m\u0119cze\u0144skiej \u015bmierci b\u0142. ks. Jerzego Popie\u0142uszki<\/strong><\/p>\n<p>Ksi\u0105dz Jerzy Popie\u0142uszko doskonale \u201ezna\u0142 zapach swoich owiec\u201d. [\u2026] On naprawd\u0119 \u017cy\u0142 tak jak m\u00f3wi\u0142 i m\u00f3wi\u0142 jak \u017cy\u0142. Nie tylko m\u00f3wi\u0142, co to jest prawda, ale i \u017cy\u0142 w prawdzie. Ludzie doskonale czuli, \u017ce on jest prawdziwy. I to do niego przyci\u0105ga\u0142o. W sobot\u0119, 19 pa\u017adziernika przypada liturgiczne wspomnienie i okr\u0105g\u0142a rocznica m\u0119cze\u0144stwa kapelana Solidarno\u015bci.<\/p>\n<p>Ewa Czaczkowska \u2013 historyk z Uniwersytetu Kardyna\u0142a Stefana Wyszy\u0144skiego \u2013 w nawi\u0105zaniu do 40. rocznicy m\u0119cze\u0144skiej \u015bmierci ks. Jerzego Popie\u0142uszki, wskaza\u0142a, \u017ce \u2013 od strony ludzkiej \u2013 on nie musia\u0142 i nie powinien zgin\u0105\u0107. Jednak rzeczywi\u015bcie, wszystko zmierza\u0142o do tragicznego fina\u0142u. Wskaza\u0142a, \u017ce \u201ep\u0119tla esbecka\u201d wok\u00f3\u0142 ks. Popie\u0142uszki zacz\u0119\u0142a zacie\u015bnia\u0107 si\u0119 od jesieni 1982 r. On sam mia\u0142 \u015bwiadomo\u015b\u0107, \u017ce to wszystko mo\u017ce zako\u0144czy\u0107 si\u0119 bardzo \u017ale.<\/p>\n<p>Jako przyczyn\u0119, wskaza\u0142a to, \u017ce komuni\u015bci nie darowali ksi\u0119dzu Jerzemu tego, \u017ce poci\u0105gn\u0105\u0142 za sob\u0105 dziesi\u0105tki tysi\u0119cy ludzi w Polsce. <strong>By\u0142 znanym, charyzmatycznym duchownym i ludzie rzeczywi\u015bcie go s\u0142uchali. Jego s\u0142uchacze wiedzieli, \u017ce wszystko, co m\u00f3wi\u0142 jest prawd\u0105 i chcieli post\u0119powa\u0107 zgodnie z tym, o czym m\u00f3wi\u0142. To wszystko by\u0142o niebezpieczne dla komunist\u00f3w.<\/strong><\/p>\n<p>Przede wszystkim ludziom m\u00f3wi\u0142 o tym, \u017ce \u017cycie w prawdzie mo\u017ce przynie\u015b\u0107 im wolno\u015b\u0107 wewn\u0119trzn\u0105, kt\u00f3ra jest warunkiem wolno\u015bci zewn\u0119trznej; aby by\u0107 lud\u017ami wolnymi musz\u0105 \u017cy\u0107 w prawdzie i wyzwoli\u0107 si\u0119 od l\u0119ku. Ks. Jerzy Popie\u0142uszko g\u0142osi\u0142 co\u015b, co by\u0142o totalnym zaprzeczeniem systemu komunistycznego opartego na k\u0142amstwie oraz fa\u0142szywych wizjach \u015bwiata i cz\u0142owieka.&nbsp;<\/p>\n<p><strong>Ludzie, kt\u00f3rzy przychodzili na Msze \u015bw. za Ojczyzn\u0119, celebrowane w ko\u015bciele \u015bw. Stanis\u0142awa na warszawskim \u017boliborzu, rzeczywi\u015bcie doznawali tam przemiany duchowej. Do\u015bwiadczali wolno\u015bci i byli zdolni do tego, aby tworzy\u0107 wsp\u00f3lnot\u0119. To by\u0142y warto\u015bci przez komunist\u00f3w, od okresu powojennego, konsekwentnie rozbijane.&nbsp;<\/strong><\/p>\n<p>\u201eW czasie Mszy \u015bw. za Ojczyzn\u0119, ludzie zmieniali swoje uczucia z\u0142e, nienawistne, skrzywdzenie w\u0142a\u015bnie w poczucie tego, \u017ce mog\u0105 przebaczy\u0107. To wszystko, co m\u00f3wi\u0142 ksi\u0105dz Jerzy; Eucharystia, kt\u00f3r\u0105 odprawia\u0142 i w\u0142\u0105cza\u0142 ich cierpienie w ofiar\u0119 eucharystyczn\u0105, skutkowa\u0142o tym, \u017ce si\u0119 zmieniali\u201d.<\/p>\n<p>Najlepszym tego przyk\u0142adem by\u0142 pogrzeb ks. Popie\u0142uszki. Uroczysto\u015b\u0107 z 4 listopada 1984 r. na kt\u00f3r\u0105 do Warszawy przyby\u0142o od 600 tys. do 1 mln. ludzi. Wydarzenie, w kt\u00f3rym nie tylko nie dosz\u0142o do \u017cadnych rozruch\u00f3w, ale ludzie wtedy byli zdolni krzycze\u0107 w stron\u0119 funkcjonariuszy milicji \u2013 \u201eprzebaczamy\u201d. \u201eTo najlepiej pokazuje, \u017ce ludzie przyj\u0119li to nauczanie i byli zdolni do takiego heroizmu\u201d \u2013 zaakcentowa\u0142a.<\/p>\n<p>Dzi\u015b wa\u017cny jest rys cz\u0142owiecze\u0144stwa oraz kap\u0142a\u0144stwa b\u0142. Jerzego, kt\u00f3re zachwycaj\u0105, szczeg\u00f3lnie wsp\u00f3\u0142czesnych ludzi m\u0142odych. \u201eO<strong>n by\u0142 z jednej strony niezwykle zwyczajnym, prostym cz\u0142owiekiem \u2013 w dobrym tego s\u0142owa znaczeniu \u2013 bardzo naturalnym i przede wszystkim bardzo otwartym na drugiego; w ka\u017cdej chwili gotowym do pomocy. By\u0142 niezwykle wra\u017cliwym na cierpienia drugiego cz\u0142owieka\u201d<\/strong><\/p>\n<p>Dawa\u0142 cz\u0142owiekowi sw\u00f3j czas, zainteresowanie. Jednocze\u015bnie wskaza\u0142a, \u017ce kapelan Solidarno\u015bci nie by\u0142 przywi\u0105zany do rzeczy materialnych, rozdawa\u0142 to co mia\u0142. Jednym z przyk\u0142ad\u00f3w \u2013 dzi\u015b ma\u0142o znanych \u2013 jest jego pomoc w za\u0142o\u017ceniu i utrzymaniu domu dla samotnych matek pod Gr\u00f3jcem. Jego dzia\u0142alno\u015b\u0107 charytatywna by\u0142a r\u00f3\u017cnorodna i bardzo szeroka.<\/p>\n<p>Wspomniana otwarto\u015b\u0107 przejawia\u0142a si\u0119 tak\u017ce w jego kap\u0142a\u0144stwie. Rozm\u00f3wczyni Radia Watyka\u0144skiego wskaza\u0142a, \u017ce pomija si\u0119 fakt, i\u017c ks. Jerzy by\u0142 tak\u017ce bardzo dobrym spowiednikiem. D\u0142ugie godziny sp\u0119dza\u0142 w konfesjonale. Odnajdujemy \u015bwiadectwa os\u00f3b, kt\u00f3re m\u00f3wi\u0105 o tym, \u017ce u niego te spowiedzi \u201esi\u0119 prze\u017cywa\u0142o\u201d. Ludzie, cz\u0119sto pod wp\u0142ywem Mszy za Ojczyzn\u0119, przyst\u0119powali do sakramentu pokuty i pojednania, nieraz po 20, 30 latach.<\/p>\n<p>Ks. Jerzy Popie\u0142uszko \u2013 jako duszpasterz, by\u0142 nieustannie zaanga\u017cowany w podejmowane dzia\u0142ania. Mo\u017cna powiedzie\u0107, \u017ce \u017cy\u0142 razem z lud\u017ami. Dzi\u015b w\u0142a\u015bnie m\u0142odych ludzi bardzo przyci\u0105ga jego zgodno\u015b\u0107 s\u0142\u00f3w i czyn\u00f3w.<\/p>\n<p>Sam Ksi\u0105dz Jerzy wskaza\u0142, \u017ce w swoim nauczaniu kierowa\u0142 si\u0119 nie swoj\u0105 m\u0105dro\u015bci\u0105, ale tylko Ewangeli\u0105 i nauczaniem Jana Paw\u0142a II i kard. Stefana Wyszy\u0144skiego. On korzysta\u0142 z \u201ewi\u0119kszych od siebie\u201d, ale m\u00f3wi\u0142 w taki spos\u00f3b i w takich okoliczno\u015bciach, bo odnosi\u0142 si\u0119 zawsze do konkretnego \u017cycia, to \u201etu i teraz\u201d konkretnych ludzi, kt\u00f3re niezwykle mocno trafia\u0142o do s\u0142uchaczy.<\/p>\n<p><strong>Ks. Jerzy Popie\u0142uszko jest ci\u0105gle aktualny; popularny w Polsce i na \u015bwiecie.<\/strong> \u201eJego przes\u0142anie zamyka si\u0119 tak naprawd\u0119 w dw\u00f3ch s\u0142owach: prawda i wolno\u015b\u0107. \u017bycie w prawdzie daje cz\u0142owiekowi wolno\u015b\u0107 wewn\u0119trzn\u0105. Ta wolno\u015b\u0107 jest nieodzowna, \u017ceby \u017cy\u0107 pe\u0142ni\u0105 \u017cycia w godno\u015bci, w ka\u017cdych warunkach\u201d \u2013 akcentowa\u0142a dr Czaczkowska. Jego przyk\u0142ad jest aktualny nie tylko w spo\u0142ecze\u0144stwach, gdzie panuj\u0105 systemy opresyjne, zniewalaj\u0105ce cz\u0142owieka. R\u00f3wnie\u017c jest to wz\u00f3r w przestrzeniach, gdzie wolno\u015b\u0107 jest teoretycznie pe\u0142na, ale trudniej jest ludziom przyznawa\u0107 si\u0119 do wiary w Boga, bo to mo\u017ce spotka\u0107 si\u0119 z agresj\u0105 czy ostracyzmem.<\/p>\n<p>\u201e\u017beby \u017cy\u0107 w prawdzie i wolno\u015bci, ksi\u0105dz Jerzy m\u00f3wi\u0142, \u017ce trzeba pozby\u0107 si\u0119 l\u0119ku, strachu. I to jest ta jego droga i to jest zawsze aktualne. To jest to przes\u0142anie dla ka\u017cdego, we wszystkich sytuacjach i ka\u017cdych czasach\u201d \u2013 wskaza\u0142a.<\/p>\n<p>&nbsp;<\/p>\n<p>&nbsp;<\/p>\n<figure id=\"block-11bfdc70-3a14-4d5e-94a4-c45b2bb4a6cf\" class=\"wp-block-image\"><a href=\"http:\/\/rafalk-elblag.pl\/wp-content\/uploads\/2021\/08\/ogloszenia-parafialne-baner-01a.jpg\"><img decoding=\"async\" src=\"http:\/\/rafalk-elblag.pl\/wp-content\/uploads\/2021\/08\/ogloszenia-parafialne-baner-01a.jpg\" alt=\"Obrazek posiada pusty atrybut alt; plik o nazwie ogloszenia-parafialne-baner-01a.jpg\"><\/a><\/figure>\n<p><strong>&nbsp;<\/strong>&nbsp;<\/p>\n<p><strong>OG\u0141OSZENIA PARAFIALNE&nbsp; 20.10.2024 r.<\/strong><strong>&nbsp; XXIX <\/strong><strong>NIEDZIELA ZWYK\u0141A <\/strong><strong>NIEDZIELA MISYJNA<\/strong><\/p>\n<ol>\n<li><strong>PA\u0179DZIERNIK MIESI\u0104CEM R\u00d3\u017bA\u0143CA \u015aWI\u0118TEGO.<\/strong> Zapraszamy doros\u0142ych i m\u0142odzie\u017c na codzienne nabo\u017ce\u0144stwa r\u00f3\u017ca\u0144cowe przed Naj\u015bwi\u0119tszym Sakramentem&nbsp;&nbsp;&nbsp;&nbsp;&nbsp;&nbsp;&nbsp;&nbsp;&nbsp;&nbsp;&nbsp;&nbsp;&nbsp;&nbsp;&nbsp;&nbsp;&nbsp;&nbsp;&nbsp;&nbsp;&nbsp; o godz. 17:15. Dzieci zapraszamy w \u015brody i czwartki o godz. 16:30. Wierni, kt\u00f3rzy odmawiaj\u0105 cz\u0119\u015b\u0107 R\u00f3\u017ca\u0144ca (5 dziesi\u0105tek) w ko\u015bciele lub rodzinnie mog\u0105 uzyska\u0107<\/li>\n<li>Dzisiejsz\u0105 niedziel\u0105 rozpoczynamy <strong>98 TYDZIE\u0143 MISYJNY<\/strong> pod has\u0142em:<em><br \/>\n<\/em><em><strong>\u201eId\u017acie i zapraszajcie wszystkich na uczt\u0119\u201d&nbsp;<\/strong><\/em><strong>.<\/strong> Pami\u0119tajmy w modlitwie o tych wszystkich, kt\u00f3rzy pracuj\u0105 na misjach a szczeg\u00f3lnie o ks. Arkadiuszu Grabowskim (ROSJA) i o.&nbsp;Dariuszu Marut (MADAGASKAR). Dzisiejsze ofiary z\u0142o\u017cone na tac\u0119 przeznaczone s\u0105 na Misje. <em>Dzi\u0119kuj\u0119 za wsparcie i zrozumienie odpowiedzialno\u015bci za to dzie\u0142o.<\/em><\/li>\n<li>Osoby modl\u0105ce si\u0119 za kap\u0142an\u00f3w zapraszamy dzisiaj na wsp\u00f3lny R\u00f3\u017caniec o godz. 17:15 i na Msz\u0119 \u015bw. o godz. 18:00. <em>Po Eucharystii odb\u0119dzie si\u0119 spotkanie przy wsp\u00f3lnym stole na plebanii z okazji XV rocznicy istnienia <strong>APOSTOLATU<\/strong> .<\/em><\/li>\n<li>Dnia 24 pa\u017adziernika (czwartek) w ramach <strong>DNI PAPIESKICH,<\/strong> odb\u0119dzie si\u0119 kolejna edycja elbl\u0105skich <strong>TUUS\u00d3W<\/strong>. <u>Gwiazd\u0105 uroczystej gali b\u0119dzie <strong>Maciej Miecznikowski z zespo\u0142em.<\/strong><\/u> Koncert odb\u0119dzie si\u0119 hali sportowo-widowiskowej MOSIR ul. Grunwaldzka 135,&nbsp; o godz. 18:00. <em>Dzisiaj przed ko\u015bcio\u0142em mo\u017cna otrzyma\u0107 bezp\u0142atny bilet na powy\u017cszy koncert.&nbsp;Bardzo prosz\u0119, aby osoby bior\u0105ce wej\u015bci\u00f3wki by\u0142y zdecydowane je wykorzysta\u0107.&nbsp; &nbsp;&nbsp;&nbsp;<\/em><\/li>\n<li>Jak ka\u017cdego roku w listopadzie modli\u0107 si\u0119 b\u0119dziemy za naszych zmar\u0142ych. Dlatego dzisiaj przed ko\u015bcio\u0142em b\u0119d\u0105 rozdawane koperty, w kt\u00f3rych s\u0105 kartki na Msz\u0119 \u015bw. zbiorow\u0105<br \/>\ni wypominki. <strong>Prosimy o czytelne wype\u0142nianie kartek. Osoby zmar\u0142e wypisane na kartce z napisem MSZA \u015aW. ZBIOROWA ZA ZMAR\u0141YCH b\u0119d\u0105 polecane we Mszy \u015bw. przez ca\u0142y listopad o godz. 18:00. Druga kartka z napisem WYPOMINKI <\/strong>wyczytywana b\u0119dzie podczas Koronki do Mi\u0142osierdzia Bo\u017cego bezpo\u015brednio po zako\u0144czeniu Mszy \u015bw.<\/li>\n<li><u>PROSIMY zaznaczy\u0107 na kartce \u201eMSZA \u015aW. ZBIOROWA ZA ZMAR\u0141YCH\u201d dat\u0119 (dzie\u0144), w kt\u00f3rym imiona i nazwiska naszych drogich zmar\u0142ych maj\u0105 by\u0107 wyczytane.<\/u> <strong>Prosimy, by nie wyznacza\u0107 dnia 2 listopada,<\/strong> gdy\u017c jak sta\u0142o si\u0119 tradycj\u0105, ten dzie\u0144 przeznaczony jest na szczeg\u00f3lne nabo\u017ce\u0144stwo za zmar\u0142ych z naszej parafii w ostatnim roku tj. od 1 listopada 2023 r. <em>Rodziny tych zmar\u0142ych zapraszamy do uczestnictwa w tym nabo\u017ce\u0144stwie, kt\u00f3re odprawimy 2 listopada o godz. 18:00.<\/em><\/li>\n<li><strong>W przysz\u0142\u0105 Niedziel\u0119 M\u0142odzie\u017c z naszej parafii poprowadzi r\u00f3\u017caniec o 17:15<\/strong><\/li>\n<li>W ostatni\u0105 niedziel\u0119 pa\u017adziernika Wolontariusze Caritas b\u0119d\u0105 zbiera\u0107 przed ko\u015bcio\u0142em ofiary dla rzecz os\u00f3b potrzebuj\u0105cych pomocy. <strong>PARAFIALNY ODDZIA\u0141 CARITAS <\/strong>naszej parafii znajduje si\u0119 przy ul. Myliusa 1A i czynny jest w pierwszy i trzeci czwartek miesi\u0105ca od 16:00 do godz. 17:00.<\/li>\n<li><strong>Parafia \u015bw.<\/strong><strong> Rodziny w Elbl\u0105gu &#8211; ROKU JUBILEUSZOWYM 2025 <\/strong>organizuje samolotow\u0105 pielgrzymk\u0119 do W\u0142och (7 dni) w dniach od 7 maja do 13 maja 2025 roku. &nbsp;&nbsp;&nbsp;&nbsp;&nbsp;&nbsp;&nbsp;&nbsp;&nbsp;&nbsp;&nbsp;&nbsp;&nbsp;&nbsp;&nbsp;Koszt 5600 z\u0142 plus 175 Euro. Zapisy w kancelarii lub zakrystii lub tel. 737&nbsp;322&nbsp;448.<\/li>\n<li>Zach\u0119cam do nabywania nowego numeru <strong>\u201eGo\u015bcia Niedzielnego\u201d<\/strong> w cenie 10 z\u0142 oraz <strong>\u201eGO\u015a\u0106 EXTRA\u201d <\/strong>w cenie 14 z\u0142. w ca\u0142o\u015bci po\u015bwi\u0119conego b\u0142. Jerzemu POPIE\u0141USCE 40 lat&nbsp; temu zamordowanego. Mamy mo\u017cliwo\u015b\u0107 nabycia Kalendarza Biblijnego na 2025 rok w cenie 15 z\u0142.<\/li>\n<\/ol>\n<p><strong>Numer Konta Parafialnego<\/strong><\/p>\n<p><strong>PKO BP 72 1020 1752 0000 0102 0069 6047<\/strong><\/p>\n<p>&nbsp;<\/p>\n<figure id=\"block-5f437b95-503a-4f29-91f7-75b7c74612d1\" class=\"wp-block-image\"><img decoding=\"async\" src=\"http:\/\/rafalk-elblag.pl\/wp-content\/uploads\/2020\/04\/baner-intencje-mszy.jpg\" alt=\"Obrazek posiada pusty atrybut alt; plik o nazwie baner-intencje-mszy.jpg\"><\/figure>\n<h1 id=\"block-ebb85da5-2bf8-44c6-8a18-015b59726bae\" class=\"wp-block-heading\">Intencje mszalne<\/h1>\n<h3>Intencje Mszy \u015bw.<br \/>\nXXIX NIEDZIELA ZWYK\u0141A 20 pa\u017adziernika 2024 \/ Mk 10, 35-45<br \/>\nNIEDZIELA MISYJNA<\/h3>\n<p><strong>8.00<\/strong> \u015bp. Leszek BIELSKI gr.20<br \/>\n<strong>8.00<\/strong> \u015bp. Stefania(k) Miros\u0142aw i zmar\u0142ych z rodzin NIKE, SZPAK, JASI\u0143SKICH, D\u0104BROWSKICH, Danut\u0119, RYCEWICZ, Iwon\u0119 i Ryszarda KA\u0179MIERCZAK<br \/>\n<strong>10.00<\/strong> \u015bp. Marcin KUROSAD<br \/>\n<strong>10.00<\/strong> \u015bp. Feliks LUSTYK w 30 dzie\u0144 po \u015bmierci<br \/>\n<strong>12.00<\/strong> Za parafian<br \/>\n<strong>15.00<\/strong> \u015bp. Irena WILE\u0143SKA z okazji urodzin<br \/>\n<strong>18.00 <\/strong>\u015bp. Henryk (on) w 7 rocznic\u0119 \u015bmierci i zm. z rodz. HACIK i KIT\u00d3W<\/p>\n<h4>PONIEDZIA\u0141EK \/ 21 pa\u017adziernika 2024 \/ \u0141k 12, 13-21<\/h4>\n<p>8.00 O \u0142ask\u0119 zdrowia dla Patrycji, Bo\u017ce b\u0142ogos\u0142awie\u0144stwo i opiek\u0119 MB Szkaplerznej<br \/>\n18.00 \u015bp. Leszek BIELSKI gr.21<br \/>\n18.00 \u015bp. Adam MALINOWSKI w 2 m-c po \u015bm.<\/p>\n<h4>WTOREK \/ 22 pa\u017adziernika 2024 \/ \u015bw. Jana Paw\u0142a II \/ \u0141k 12, 35-38<\/h4>\n<p>8.00 \u015bp. Lutos\u0142aw DUSZNIAK intencja od Apostolatu Bo\u017cego Mi\u0142osierdzia<br \/>\n18.00 \u015bp. Ryszard SAWICKI w 3r.\u015bm. i zm. z rodziny BLANK: Zofia, Ryszard, Andrzej i Zbigniew<br \/>\n18.00 \u015bp. Leszek BIELSKI gr.22<\/p>\n<h4>\u015aRODA \/ 23 pa\u017adziernika 2024 \/ \u0141k 12, 39-48<\/h4>\n<p>8.00 Dzi\u0119kczynna z okazji urodzin Liliany PERZANOWSKIEJ z pro\u015bb\u0105 o Bo\u017ce b\u0142ogos\u0142awie\u0144stwo, opiek\u0119 MB dla ca\u0142ej rodziny<br \/>\n18.00 \u015bp. Leszek BIELSKI gr.23<br \/>\n18.00 \u015bp. Zofia Ciosek w rocznic\u0119 \u015bmierci<\/p>\n<h4>CZWARTEK \/ 24 pa\u017adziernika 2024 \/ \u0141k 12, 49-53<\/h4>\n<p>8.00 \u015bp. Leszek BIELSKI gr.24<br \/>\n18.00 \u015bp. Czes\u0142aw KARPI\u0143SKI w 50 r. \u015bmierci<br \/>\n18.00 \u015bp. Stanis\u0142awa(k) MOCHOL w 10 m-c po \u015bmierci<\/p>\n<h4>PI\u0104TEK \/ 25 pa\u017adziernika 2024 \/ \u0141k 12, 54-59<\/h4>\n<p>8.00 \u015bp. Stanis\u0142aw BUGAJSKI w I rocznic\u0119 \u015bmierci i Halina BUGAJSKA<br \/>\n18.00 \u015bp. Leszek BIELSKI gr. 25<br \/>\n18.00 \u015bp. Danuta KONDRACKA w 6 m-c po \u015bmierci<\/p>\n<h4>SOBOTA \/ 26 pa\u017adziernika 2024 \/ \u0141k 13, 1-9<\/h4>\n<p>8.00 \u015bp. Adam w rocznic\u0119 \u015bmierci, Aleksandra(k) i zm. z rodz. ROSTEK<br \/>\n18.00 \u015bp. Leszek BIELSKI gr.26<br \/>\n18.00 \u015ap. J\u00f3zef(m) CZESZEJKO-SOCHACKI<\/p>\n<h4>XXX NIEDZIELA ZWYK\u0141A 27 pa\u017adziernika 2024 \/ Mk 10, 46-52<\/h4>\n<p><strong>8.00<\/strong> Dzi\u0119kczynna z okazji 45 rocznicy \u015blubu Lucyny i Ryszarda ZAJDEL z pro\u015bb\u0105 o Bo\u017ce b\u0142ogos\u0142awie\u0144stwo i potrzebne \u0142aski dla Jubilat\u00f3w<br \/>\n<strong>10.00<\/strong> Dzi\u0119kczynna z okazji urodzin Piotra z pro\u015bb\u0105 o potrzebne \u0142aski<br \/>\n<strong>12.00<\/strong> Za parafian<br \/>\n<strong>15.00<\/strong> \u015bp. Leszek BIELSKI gr.27<br \/>\n<strong>18.00<\/strong> Dzi\u0119kczynna w 97 urodziny Ireny SIWEK z pro\u015bb\u0105 o Bo\u017ce b\u0142ogos\u0142awie\u0144stwo i potrzebne \u0142aski dla Jubilatki<\/p>\n<p>&nbsp;<\/p>\n<h3>&nbsp;<\/h3>\n","protected":false},"excerpt":{"rendered":"<p>&nbsp; 20.10.2024 XXIX NIEDZIELA ZWYK\u0141A Prawda i wolno\u015b\u0107. 40. rocznica m\u0119cze\u0144skiej \u015bmierci b\u0142. ks. Jerzego Popie\u0142uszki Ksi\u0105dz Jerzy Popie\u0142uszko doskonale \u201ezna\u0142 zapach swoich owiec\u201d. [\u2026] On naprawd\u0119 \u017cy\u0142 tak jak m\u00f3wi\u0142 i m\u00f3wi\u0142 jak \u017cy\u0142. Nie tylko m\u00f3wi\u0142, co to jest prawda, ale i \u017cy\u0142 w prawdzie. Ludzie doskonale czuli, \u017ce on jest prawdziwy. I [&hellip;]<\/p>\n","protected":false},"author":1,"featured_media":5620,"comment_status":"closed","ping_status":"closed","sticky":false,"template":"","format":"standard","meta":{"ngg_post_thumbnail":0,"footnotes":""},"categories":[11,8,4,3],"tags":[],"class_list":["post-5619","post","type-post","status-publish","format-standard","has-post-thumbnail","hentry","category-aktualnosci","category-blog","category-intencje","category-ogloszenia"],"_links":{"self":[{"href":"https:\/\/rafalk-elblag.pl\/index.php?rest_route=\/wp\/v2\/posts\/5619","targetHints":{"allow":["GET"]}}],"collection":[{"href":"https:\/\/rafalk-elblag.pl\/index.php?rest_route=\/wp\/v2\/posts"}],"about":[{"href":"https:\/\/rafalk-elblag.pl\/index.php?rest_route=\/wp\/v2\/types\/post"}],"author":[{"embeddable":true,"href":"https:\/\/rafalk-elblag.pl\/index.php?rest_route=\/wp\/v2\/users\/1"}],"replies":[{"embeddable":true,"href":"https:\/\/rafalk-elblag.pl\/index.php?rest_route=%2Fwp%2Fv2%2Fcomments&post=5619"}],"version-history":[{"count":3,"href":"https:\/\/rafalk-elblag.pl\/index.php?rest_route=\/wp\/v2\/posts\/5619\/revisions"}],"predecessor-version":[{"id":5623,"href":"https:\/\/rafalk-elblag.pl\/index.php?rest_route=\/wp\/v2\/posts\/5619\/revisions\/5623"}],"wp:featuredmedia":[{"embeddable":true,"href":"https:\/\/rafalk-elblag.pl\/index.php?rest_route=\/wp\/v2\/media\/5620"}],"wp:attachment":[{"href":"https:\/\/rafalk-elblag.pl\/index.php?rest_route=%2Fwp%2Fv2%2Fmedia&parent=5619"}],"wp:term":[{"taxonomy":"category","embeddable":true,"href":"https:\/\/rafalk-elblag.pl\/index.php?rest_route=%2Fwp%2Fv2%2Fcategories&post=5619"},{"taxonomy":"post_tag","embeddable":true,"href":"https:\/\/rafalk-elblag.pl\/index.php?rest_route=%2Fwp%2Fv2%2Ftags&post=5619"}],"curies":[{"name":"wp","href":"https:\/\/api.w.org\/{rel}","templated":true}]}}