{"id":5613,"date":"2024-10-11T17:46:29","date_gmt":"2024-10-11T17:46:29","guid":{"rendered":"https:\/\/rafalk-elblag.pl\/?p=5613"},"modified":"2024-10-12T13:24:49","modified_gmt":"2024-10-12T13:24:49","slug":"13-10-2024-xxviii-niedziela-zwykla","status":"publish","type":"post","link":"https:\/\/rafalk-elblag.pl\/?p=5613","title":{"rendered":"13.10.2024 XXVIII NIEDZIELA ZWYK\u0141A"},"content":{"rendered":"<p><strong>XXIV Dzie\u0144 Papieski. Polscy biskupi apeluj\u0105 o ochron\u0119 i szacunek dla \u017cycia. <br>&#8222;Przypominamy o niezbywalnej godno\u015bci ka\u017cdego cz\u0142owieka&#8221;<\/strong> <br>&nbsp;W tym roku, Dzie\u0144 Papieski obchodzony b\u0119dzie w Polsce i&nbsp; na ca\u0142ym \u015bwiecie 13 pa\u017adziernika pod has\u0142em\u2013\u201e\u015awi\u0119ty Jan Pawe\u0142 II. Ewangelia staro\u015bci i cierpienia\u201d. Jego organizatorem jest Fundacja Dzie\u0142o Nowego Tysi\u0105clecia. <br>W li\u015bcie pasterskim na Dzie\u0144 Papieski polscy biskupi zaznaczyli, \u017ce \u201ecierpienie samo w sobie jest z\u0142em i B\u00f3g nie pragnie go dla cz\u0142owieka\u201d, natomiast mo\u017ce ono \u201esta\u0107 si\u0119 dla cz\u0142owieka drog\u0105 do \u015bwi\u0119to\u015bci\u201d. <br>Zwr\u00f3cili uwag\u0119, \u017ce \u201eb\u00f3l i cierpienie stanowi\u0142y szczeg\u00f3lny rys \u017cycia i pos\u0142ugi Karola Wojty\u0142y\u201d. <br><em>Publiczne prze\u017cywanie choroby, a&nbsp;tak\u017ce staro\u015bci, sta\u0142y si\u0119 jednym z&nbsp;najbardziej zapami\u0119tanych symboli pontyfikatu Papie\u017ca&nbsp;Polaka<\/em>. Spotkania papie\u017ca z chorymi i cierpi\u0105cymi stanowi\u0142y \u201ewa\u017cn\u0105 cz\u0119\u015b\u0107 papieskiej pos\u0142ugi\u201d. Przyznali, \u017ce obok cierpienia fizycznego, istnieje tak\u017ce cierpienie psychiczne odczuwane w sferze emocjonalnej takie jak: samotno\u015b\u0107, brak akceptacji, l\u0119k, depresja, do\u015bwiadczenie hejtu oraz cierpienie duchowe\u2013 wyrzuty sumienia, brak poczucia sensu \u017cycia \u2013 okre\u015blane mianem b\u00f3lu&nbsp;istnienia.<\/p>\r\n<p>Biskupi zwr\u00f3cili uwag\u0119, \u017ce&nbsp;dla wierz\u0105cego cz\u0142owieka \u201ecierpienie, do\u015bwiadczenie z\u0142a, a&nbsp;r\u00f3wnocze\u015bnie milczenia i&nbsp;jakby nieobecno\u015bci Boga, stanowi czas pr\u00f3by i&nbsp;oczyszczenia, kt\u00f3re mo\u017cna nazwa\u0107 ciemn\u0105 noc\u0105&nbsp;wiary\u201d. <em>Jednocze\u015bnie staje si\u0119 przestrzeni\u0105 wypracowania cnoty wytrwa\u0142o\u015bci&nbsp;i&nbsp;nadziei<\/em>. <br>Za&nbsp;Janem Paw\u0142em II&nbsp;zaznaczyli, \u017ce&nbsp;\u201eszacunek i&nbsp;mi\u0142o\u015b\u0107 wobec ludzi w&nbsp;podesz\u0142ym wieku jest jedn\u0105 z&nbsp;najwa\u017cniejszych cech prawdziwie ludzkiej i&nbsp;dojrza\u0142ej cywilizacji\u201d.<\/p>\r\n<p><em>Z szacunkiem przyjmujemy postaw\u0119 dzieci, kt\u00f3re towarzysz\u0105 swoim rodzicom w podesz\u0142ym wieku, troszcz\u0105c si\u0119 nie tylko o ich potrzeby fizyczne i przynosz\u0105c ulg\u0119 w cierpieniu, ale nade wszystko po\u015bwi\u0119caj\u0105c im czas.<\/em><\/p>\r\n<p>Podzi\u0119kowali r\u00f3wnie\u017c lekarzom, piel\u0119gniarkom, pracownikom s\u0142u\u017cby zdrowia, a&nbsp;tak\u017ce kapelanom i&nbsp;wolontariuszom pos\u0142uguj\u0105cym w&nbsp;szpitalach, hospicjach i&nbsp;domach&nbsp;opieki. Zaapelowali do&nbsp;rz\u0105dz\u0105cych, organizacji spo\u0142ecznych i&nbsp;wszystkich ludzi, wierz\u0105cych i&nbsp;niewierz\u0105cych, \u201eo&nbsp;ochron\u0119 i&nbsp;szacunek dla ka\u017cdego \u017cycia od&nbsp;pocz\u0119cia do&nbsp;naturalnej&nbsp;\u015bmierci\u201d. <em>Stajemy si\u0119 g\u0142osem tych, kt\u00f3rzy w&nbsp;swoim cierpieniu nie mog\u0105 nawet wo\u0142a\u0107 o&nbsp;pomoc. Przypominamy o&nbsp;niezbywalnej godno\u015bci ka\u017cdego cz\u0142owieka i&nbsp;jego prawie&nbsp;do&nbsp;\u017cycia<\/em><\/p>\r\n<p><strong>XXIV Dzie\u0144&nbsp;Papieski<\/strong> Dzie\u0144 Papieski obchodzony jest w&nbsp;niedziel\u0119 poprzedzaj\u0105c\u0105 rocznic\u0119 wyboru kard. Karola Wojty\u0142y na&nbsp;papie\u017ca 16&nbsp;pa\u017adziernika 1978 r. Tego dnia, opr\u00f3cz og\u00f3lnopolskiej kwesty na&nbsp;ulicach i&nbsp;parafiach na&nbsp;fundusz stypendialny Fundacji Dzie\u0142o Nowego Tysi\u0105clecia (FDNT), dla niezamo\u017cnej, uzdolnionej m\u0142odzie\u017cy, w&nbsp;ca\u0142ym kraju odbywaj\u0105 si\u0119 dyskusje po\u015bwi\u0119cone Janowi Paw\u0142owi II&nbsp;i&nbsp;jego nauczaniu, prowadzone s\u0105&nbsp;modlitwy w&nbsp;\u0142\u0105czno\u015bci z&nbsp;papie\u017cem i&nbsp;koncerty&nbsp;mu&nbsp;po\u015bwi\u0119cone.<\/p>\r\n<p>Fundacja Dzie\u0142o Nowego Tysi\u0105clecia zosta\u0142a powo\u0142ana w&nbsp;2000 r. jako pok\u0142osie pielgrzymki Jana Paw\u0142a II&nbsp;do&nbsp;Polski w&nbsp;1999 r. Jej dzia\u0142alno\u015b\u0107 ma&nbsp;upami\u0119tnia\u0107 pontyfikat papie\u017ca poprzez promowanie jego nauczania i&nbsp;wspieranie przedsi\u0119wzi\u0119\u0107 spo\u0142ecznych, g\u0142\u00f3wnie w&nbsp;zakresie edukacji i&nbsp;na&nbsp;polu&nbsp;kultury.<\/p>\r\n<figure id=\"block-11bfdc70-3a14-4d5e-94a4-c45b2bb4a6cf\" class=\"wp-block-image\"><a href=\"http:\/\/rafalk-elblag.pl\/wp-content\/uploads\/2021\/08\/ogloszenia-parafialne-baner-01a.jpg\"><img decoding=\"async\" src=\"http:\/\/rafalk-elblag.pl\/wp-content\/uploads\/2021\/08\/ogloszenia-parafialne-baner-01a.jpg\" alt=\"Obrazek posiada pusty atrybut alt; plik o nazwie ogloszenia-parafialne-baner-01a.jpg\"><\/a><\/figure>\r\n<!-- \/wp:post-content -->\r\n\r\n<!-- wp:paragraph \/-->\r\n\r\n<!-- wp:heading {\"level\":1} -->\r\n<p><strong>&nbsp;<\/strong> <strong>OG\u0141OSZENIA PARAFIALNE&nbsp; 13.10.2024 r.<\/strong> <strong>&nbsp;<\/strong><strong>&nbsp; <\/strong><strong>&nbsp;XXVIII <\/strong><strong>NIEDZIELA ZWYK\u0141A<\/strong><\/p>\r\n<ol>\r\n<li><strong>PA\u0179DZIERNIK MIESI\u0104CEM R\u00d3\u017bA\u0143CA \u015aWI\u0118TEGO.<\/strong> Zapraszamy doros\u0142ych i m\u0142odzie\u017c na codzienne nabo\u017ce\u0144stwa r\u00f3\u017ca\u0144cowe przed Naj\u015bwi\u0119tszym Sakramentem o godz. 17:15. Dzieci zapraszamy w \u015brody i czwartki o godz. 16:30. Wierni, kt\u00f3rzy odmawiaj\u0105 cz\u0119\u015b\u0107 R\u00f3\u017ca\u0144ca (5 dziesi\u0105tek) w ko\u015bciele lub rodzinnie mog\u0105 uzyska\u0107<\/li>\r\n<li><strong>Dzisiaj obchodzimy XXIV Dzie\u0144 Papieski pod has\u0142em \u201eEWANGIELIA CIERPIENIA I STARO\u015aCI\u201d. <\/strong>Z tej okazji m\u0142odzie\u017c przed ko\u015bcio\u0142em b\u0119dzie zbiera\u0107 do puszek ofiary na stypendia w ramach Fundacji<em> Dzie\u0142o Nowego Tysi\u0105clecia.<\/em> <em>Dzi\u0119kujemy za zrozumienie i wsparcie<\/em>. <em><u>Mamy te\u017c mo\u017cliwo\u015b\u0107 od naszej m\u0142odzie\u017cy kupienia i skosztowania <strong>\u201epapieskiej krem\u00f3wki\u201d. ZACH\u0118CAMY.<\/strong><\/u><\/em><\/li>\r\n<li>Jutro 14 pa\u017adziernika obchodzimy <strong>DZIE\u0143 NAUCZYCIELA<\/strong>. Sk\u0142adamy wszystkim pedagogom, katechetom i pracownikom o\u015bwiaty najserdeczniejsze \u017cyczenia cierpliwo\u015bci i mi\u0142o\u015bci. Niech Pan B\u00f3g b\u0142ogos\u0142awi w pracy. <em>Zapraszamy w tym dniu uczni\u00f3w, nauczycieli i katechet\u00f3w na wsp\u00f3lny R\u00f3\u017caniec o godz. 17:15.<\/em><\/li>\r\n<li>We wtorek (15 pa\u017adziernika), obchodzony jest dzie\u0144 <strong>\u201eDZIECKA UTRACONEGO\u201d. <\/strong>Wszystkich rodzic\u00f3w i bliskich, kt\u00f3rzy prze\u017cyli tragedi\u0119 \u015bmierci w\u0142asnego dziecka przed lub wkr\u00f3tce po urodzenie zapraszamy tego dnia do ko\u015bcio\u0142a b\u0142. Franciszki Siedliskiej w Elbl\u0105gu, przy ul. Willowej 26 na wsp\u00f3ln\u0105 modlitw\u0119: o godz. 17:30 R\u00f3\u017caniec a o godz. 18:00 Msza \u015bw. w intencji ukojenia b\u00f3lu rodzic\u00f3w i bliskich po stracie dziecka. &nbsp;<\/li>\r\n<li>W \u015brod\u0119 16 pa\u017adziernika: <br>&#8211; o 16 godz. spotkanie kandydat\u00f3w do bierzmowania Rok I a o 19godz. Spotkanie kandydat\u00f3w do bierzmowania rok II <br>&#8211; dzie\u0144 spotkania Bractwa Szkaplerznego i Rodziny Szkaplerznej oraz dzie\u0144 modlitw za wstawiennictwem \u015bw. Jana Paw\u0142a II. <strong style=\"font-size: 16px;\">W tym dniu 46 lat temu ca\u0142a Polska <\/strong><span style=\"font-size: 16px;\">us\u0142ysza\u0142a s\u0142owa:<\/span><strong style=\"font-size: 16px;\"> <em>Habemus Papam<\/em> obwieszczaj\u0105ce wyb\u00f3r Kard. Karola Wojty\u0142y na Stolic\u0119 Piotrow\u0105<\/strong><span style=\"font-size: 16px;\">. <\/span><em style=\"font-size: 16px;\">&nbsp;Zapraszamy na wsp\u00f3lny R\u00f3\u017caniec \u015awi\u0119ty o godz. 17:15 i Msz\u0119 \u015bw.o godz. 18:00 &nbsp;z mo\u017cliwo\u015bci\u0105 przyj\u0119cia Szkaplerza \u015awi\u0119tego.<\/em><\/li>\r\n<\/ol>\r\n<ol start=\"6\">\r\n<li>W pi\u0105tek 18 pa\u017adziernika obchodzi\u0107 b\u0119dziemy liturgiczne \u015bwi\u0119to <strong>\u015aW. \u0141UKASZA \u2013 PATRONA PRACOWNIK\u00d3W S\u0141U\u017bBY ZDROWIA. <\/strong>Tego dnia ks. Biskup Elbl\u0105ski wraz z kapelanami elbl\u0105skich szpitali odprawi Msz\u0119 \u015bw. o godz. 18:00 w Katedrze \u015bw. Miko\u0142aja w intencji ca\u0142ej s\u0142u\u017cby zdrowia.<\/li>\r\n<li>Osoby modl\u0105ce si\u0119 za kap\u0142an\u00f3w i tworz\u0105ce <strong>Apostolat \u201eMargaretka\u201d<\/strong> zapraszamy za tydzie\u0144 (20 pa\u017adziernika) na wsp\u00f3lny R\u00f3\u017caniec o godz. 17:15 i na Msz\u0119 \u015bw. o godz. 18:00 <em>Po Eucharystii spotkanie na plebanii.<\/em> Jest to XV rocznica istnienia wsp\u00f3lnoty <strong>\u201eMARGARETKA\u201d<\/strong> przy naszej parafii.<\/li>\r\n<li>Wiele os\u00f3b do\u015bwiadcza cierpienia wobec swojego uzale\u017cnienia, b\u0105d\u017a uzale\u017cnienia najbli\u017cszych a tak\u017ce innych prze\u017cywanych problem\u00f3w. <strong>Stowarzyszenie KARAN zaprasza<\/strong> do wsp\u00f3lnej modlitwy w trzeci\u0105 niedziel\u0119 miesi\u0105ca. Chciejmy swoje cierpienia i trudy powierza\u0107 Wszechmog\u0105cemu Panu. Najbli\u017csza Msza \u015aw. w niedziel\u0119 20 pa\u017adziernika o godz. 16:00, w ko\u015bciele Bo\u017cego Cia\u0142a, ul. Robotnicza 29 w Elbl\u0105gu. <em>Po Eucharystii spotkanie przy herbacie.<\/em><\/li>\r\n<li><strong>Parafia \u015bw.<\/strong><strong> Rodziny w Elbl\u0105gu &#8211; ROKU JUBILEUSZOWYM 2025 <\/strong>organizuje samolotow\u0105 pielgrzymk\u0119 do W\u0142och (7 dni) w dniach od 7 maja do 13 maja 2025 roku. Na trasie takie miejsca jak: Rzym, Asy\u017c, San Giovanni Rotondo, Lanciano, Manopello. Koszt 5600 z\u0142 plus 175 Euro. Zapisy w kancelarii lub zakrystii lub tel. 737&nbsp;322&nbsp;448.<\/li>\r\n<li>Zach\u0119cam do nabywania nowego numeru <strong>\u201eGo\u015bcia Niedzielnego\u201d<\/strong> w cenie 10 z\u0142 oraz <strong>\u201eGO\u015a\u0106 EXTRA\u201d <\/strong>w cenie 14 z\u0142. w ca\u0142o\u015bci po\u015bwi\u0119conego b\u0142. Jerzemu POPIE\u0141USCE 40 lat&nbsp; temu zamordowanego.<\/li>\r\n<li>Pan powo\u0142a\u0142 do wieczno\u015bci: \u015bp. Andrzeja CISZAK lat 78 z ul. Korczaka<\/li>\r\n<\/ol>\r\n<p>&nbsp;&nbsp;&nbsp;&nbsp;&nbsp;&nbsp;&nbsp;&nbsp;&nbsp; <em>Wieczny odpoczynek racz mu da\u0107 Panie! A \u015bwiat\u0142o\u015b\u0107 wiekuista niechaj mu \u015bwieci.<\/em><\/p>\r\n<p style=\"line-height: 25.6px; text-align: center;\"><strong>Numer Konta Parafialnego<\/strong><\/p>\r\n<p style=\"line-height: 25.6px; text-align: center;\"><strong>PKO BP 72 1020 1752 0000 0102 0069 6047<\/strong><\/p>\r\n<p>&nbsp;<\/p>\r\n<!-- \/wp:heading -->\r\n\r\n<!-- wp:image -->\r\n<figure id=\"block-5f437b95-503a-4f29-91f7-75b7c74612d1\" class=\"wp-block-image\"><img decoding=\"async\" src=\"http:\/\/rafalk-elblag.pl\/wp-content\/uploads\/2020\/04\/baner-intencje-mszy.jpg\" alt=\"Obrazek posiada pusty atrybut alt; plik o nazwie baner-intencje-mszy.jpg\"><\/figure>\r\n<!-- \/wp:image -->\r\n\r\n<!-- wp:heading {\"level\":1} -->\r\n<h1 id=\"block-ebb85da5-2bf8-44c6-8a18-015b59726bae\" class=\"wp-block-heading\">Intencje mszalne<\/h1>\r\n<h2>XXVIII NIEDZIELA ZWYK\u0141A 13 pa\u017adziernika 2024 \/ Mk 10, 17-27<\/h2>\r\n<p>8.00 \u015bp. Leszek BIELSKI gr.13 <br>10.00 O dar m\u0105dro\u015bci i roztropno\u015bci w codzienno\u015bci dla Nikodema i jego rodziny, Agnieszki i ca\u0142ej rodziny zakonnej oraz Magdaleny i jej rodziny <br>10.00 Dzi\u0119kczynna w 10 rocznic\u0119 \u015blubu Emilii i Paw\u0142a TOMASZEWSKICH z pro\u015bb\u0105 o Bo\u017ce b\u0142ogos\u0142awie\u0144stwo i opiek\u0119 MB Szkaplerznej dla ca\u0142ej rodziny <br>12.00 Dzi\u0119kczynna w 50 rocznic\u0119 \u015blubu Teresy i Franciszka POGODA z pro\u015bb\u0105 o Bo\u017ce b\u0142ogos\u0142awie\u0144stwo i opiek\u0119 Matki Bo\u017cej dla z\u0142otych jubilat\u00f3w <br>15.00 \u015bp. Edmund GO\u0141Y\u0143SKI w 20 r. \u015bm. i zmar\u0142ych z rodziny <br>18.00 \u015ap. W\u0142odzimierz PURZY\u0143SKI w 3 r. \u015bm.<\/p>\r\n<h4>PONIEDZIA\u0141EK \/ 14 pa\u017adziernika 2024 \/ \u0141k 11, 29-32<\/h4>\r\n<p>8.00 \u015bp. Leszek BIELSKI gr.14 <br>18.00 \u015bp. Leszek SZADRACH w 16r.\u015bm. <br>18.00 \u015bp. Emilia HRY\u0143 w 7r.\u015bm. Stanis\u0142aw HRY\u0143 oraz za zmar\u0142ych HRY\u0143 i BUCZY\u0143KICH<\/p>\r\n<h4>WTOREK \/ 15 pa\u017adziernika 2024 \/ \u015aw. Teresy od Jezusa \/ \u0141k 11, 37-41<\/h4>\r\n<p>8.00 Za dusze w czy\u015b\u0107cu cierpi\u0105ce oraz \u015bp. Romana <br>18.00 \u015bp. Mieczys\u0142aw Zygmunt w 8 r.\u015bm. <br>18.00 \u015bp. Leszek BIELSKI gr.15<\/p>\r\n<h4>\u015aRODA \/ 16 pa\u017adziernika 2024 \/ \u015aw. Jadwigi \u015al\u0105skiej \/ \u0141k 11, 42-46<\/h4>\r\n<p>8.00 \u015bp. Leszek BIELSKI gr.16 <br>18.00 W intencji os\u00f3b nosz\u0105cych Szkaplerz \u015bwi\u0119ty oraz za Bractwo Szkaplerzane <br>18.00 O Bo\u017ce b\u0142ogos\u0142awie\u0144stwo i opiek\u0119 Matki Bo\u017cej Szkaple\u017cnej z okazji urodzin Teresy KR\u00d3L<\/p>\r\n<h4>CZWARTEK \/ 17 pa\u017adziernika 2024 \/ \u015aw. Ignacego Antioche\u0144skiego \/ \u0141k 11, 47-54<\/h4>\r\n<p>8.00 \u015bp. Leszek BIELSKI gr.17<br>18.00 \u015bp. Jadwiga <br>18.00 Dzi\u0119kczynna z okazji urodzin Klaudii z pro\u015bb\u0105 o Bo\u017ce b\u0142ogos\u0142awie\u0144stwo dary Ducha \u015awi\u0119tego i opiek\u0119 Matki Bo\u017cej<\/p>\r\n<h4>PI\u0104TEK \/ 18 pa\u017adziernika 2024 \/ \u015aw. \u0141ukasza Ewangelisty \/\u0141k 10, 1-9<\/h4>\r\n<p>8.00 \u015bp. Urszula PIETRZAK w 30 dzie\u0144 po pogrzebie <br>8.00 \u015bp. Janina MICHALSKA z okazji urodzin oraz zm. z rodz. MICHALSKICH Roman \u017bELAZNY oraz zm. z rodz. \u017bELAZNYCH <br>18.00 \u015bp. Leszek BIELSKI gr. 18 <br>18.00 \u015bp. Stefania(ona) DUCH w 26 r.\u015bm. HENRYK (m) GROSZYK w 35r.\u015bm.<\/p>\r\n<h4>SOBOTA \/ 19 pa\u017adziernika 2024 \/ \u0141k 12, 1-7<\/h4>\r\n<p>8.00 \u015bp. Leszek BIELSKI gr.19 <br>18.00 Dzi\u0119kczynna z okazji urodzin Przemys\u0142awa z pro\u015bb\u0105 o Bo\u017ce b\u0142ogos\u0142awie\u0144stwo dary Ducha \u015awi\u0119tego i opiek\u0119 Matki Bo\u017cej <br>18.00 Dzi\u0119kczynna w 50 rocznic\u0119 \u015blubu El\u017cbiety i Jana BA\u0141DYGA z pro\u015bb\u0105 o Bo\u017ce b\u0142ogos\u0142awie\u0144stwo i opiek\u0119 Matki Bo\u017cej dla z\u0142otych jubilat\u00f3w<\/p>\r\n<h3>XXIX NIEDZIELA ZWYK\u0141A 20 pa\u017adziernika 2024 \/ Mk 10, 35-45<\/h3>\r\n<p>8.00 \u015bp. Leszek BIELSKI gr.20 <br>8.00 \u015bp. Stefania(k) Miros\u0142aw i zm z rodz. NIKE, SZPAK, JASI\u0143SKICH, D\u0104BROWSKICH, Danut\u0119, RYCEWICZ, Iwon\u0119 i Ryszarda KA\u0179MIERCZAK <br>10.00 \u015bp. Marcin KUROSAD <br>10.00 \u015bp. Feliks LUSTYK w 30 dzie\u0144 po \u015bmierci <br>12.00 Za parafian <br>15.00 \u015bp. Irena Wile\u0144ska z okazji urodzin <br>18.00 \u015bp. Henryk (on) w 7 r.\u015bm. i zm. z rodz. HACIK i KIT\u00d3W &nbsp;<\/p>\r\n<h3><span style=\"font-size: 16px; font-weight: 400;\"> &nbsp;<\/span><\/h3>","protected":false},"excerpt":{"rendered":"<p>XXIV Dzie\u0144 Papieski. Polscy biskupi apeluj\u0105 o ochron\u0119 i szacunek dla \u017cycia. &#8222;Przypominamy o niezbywalnej godno\u015bci ka\u017cdego cz\u0142owieka&#8221; &nbsp;W tym roku, Dzie\u0144 Papieski obchodzony b\u0119dzie w Polsce i&nbsp; na ca\u0142ym \u015bwiecie 13 pa\u017adziernika pod has\u0142em\u2013\u201e\u015awi\u0119ty Jan Pawe\u0142 II. Ewangelia staro\u015bci i cierpienia\u201d. Jego organizatorem jest Fundacja Dzie\u0142o Nowego Tysi\u0105clecia. W li\u015bcie pasterskim na Dzie\u0144 Papieski [&hellip;]<\/p>\n","protected":false},"author":1,"featured_media":5614,"comment_status":"closed","ping_status":"closed","sticky":false,"template":"","format":"standard","meta":{"ngg_post_thumbnail":0,"footnotes":""},"categories":[11,8,4,3],"tags":[],"class_list":["post-5613","post","type-post","status-publish","format-standard","has-post-thumbnail","hentry","category-aktualnosci","category-blog","category-intencje","category-ogloszenia"],"_links":{"self":[{"href":"https:\/\/rafalk-elblag.pl\/index.php?rest_route=\/wp\/v2\/posts\/5613","targetHints":{"allow":["GET"]}}],"collection":[{"href":"https:\/\/rafalk-elblag.pl\/index.php?rest_route=\/wp\/v2\/posts"}],"about":[{"href":"https:\/\/rafalk-elblag.pl\/index.php?rest_route=\/wp\/v2\/types\/post"}],"author":[{"embeddable":true,"href":"https:\/\/rafalk-elblag.pl\/index.php?rest_route=\/wp\/v2\/users\/1"}],"replies":[{"embeddable":true,"href":"https:\/\/rafalk-elblag.pl\/index.php?rest_route=%2Fwp%2Fv2%2Fcomments&post=5613"}],"version-history":[{"count":4,"href":"https:\/\/rafalk-elblag.pl\/index.php?rest_route=\/wp\/v2\/posts\/5613\/revisions"}],"predecessor-version":[{"id":5618,"href":"https:\/\/rafalk-elblag.pl\/index.php?rest_route=\/wp\/v2\/posts\/5613\/revisions\/5618"}],"wp:featuredmedia":[{"embeddable":true,"href":"https:\/\/rafalk-elblag.pl\/index.php?rest_route=\/wp\/v2\/media\/5614"}],"wp:attachment":[{"href":"https:\/\/rafalk-elblag.pl\/index.php?rest_route=%2Fwp%2Fv2%2Fmedia&parent=5613"}],"wp:term":[{"taxonomy":"category","embeddable":true,"href":"https:\/\/rafalk-elblag.pl\/index.php?rest_route=%2Fwp%2Fv2%2Fcategories&post=5613"},{"taxonomy":"post_tag","embeddable":true,"href":"https:\/\/rafalk-elblag.pl\/index.php?rest_route=%2Fwp%2Fv2%2Ftags&post=5613"}],"curies":[{"name":"wp","href":"https:\/\/api.w.org\/{rel}","templated":true}]}}