{"id":5598,"date":"2024-10-04T20:35:34","date_gmt":"2024-10-04T20:35:34","guid":{"rendered":"https:\/\/rafalk-elblag.pl\/?p=5598"},"modified":"2024-10-12T13:26:40","modified_gmt":"2024-10-12T13:26:40","slug":"06-10-2024-r-xxvii-niedziela-zwykla","status":"publish","type":"post","link":"https:\/\/rafalk-elblag.pl\/?p=5598","title":{"rendered":"06.10.2024 r. XXVII NIEDZIELA ZWYK\u0141A"},"content":{"rendered":"<h1><a href=\"http:\/\/rafalk-elblag.pl\/wp-content\/uploads\/2024\/10\/Sing-Joyfully-12.13.10.2024.pdf\">Sing Joyfully! 12.13.10.2024<\/a><\/h1>\r\n<h1>Dlaczego Maryja regularnie przypomina o odmawianiu r\u00f3\u017ca\u0144ca, a nie o chodzeniu na msz\u0119?<\/h1>\r\n<p>Niekt\u00f3re \u017ar\u00f3d\u0142a podaj\u0105, \u017ce w ci\u0105gu wiek\u00f3w zg\u0142oszono ok. 21 tys. \u015bwiadectw o objawieniu si\u0119 Matki Bo\u017cej.&nbsp;<strong>Ko\u015bci\u00f3\u0142, po wnikliwych badaniach, uzna\u0142 70 z nich<\/strong>. Wed\u0142ug o. Ren\u00e9 Laurentina, s\u0142ynnego badacza objawie\u0144, przyj\u015bcia Maryi maj\u0105 zawsze ten sam cel: przypomnienie o istnieniu i obecno\u015bci Boga, nawo\u0142ywanie do nawr\u00f3cenia i odnowy wiary. Wszystkie \u0142\u0105czy te\u017c jeden fakt: Maryja zach\u0119ca do odmawiania&nbsp;<a href=\"https:\/\/pl.aleteia.org\/tag\/rozaniec\/\">r\u00f3\u017ca\u0144ca<\/a>.<\/p>\r\n<p><strong>Maryja sama trwa na modlitwie<\/strong><\/p>\r\n<p>\u201eNaj\u015bwi\u0119tsza Dziewica objawi\u0142a b\u0142. Alanowi, \u017ce po Naj\u015bwi\u0119tszej Ofierze mszy \u015bwi\u0119tej, kt\u00f3ra jest pierwsz\u0105 i najbardziej \u017cyw\u0105 pami\u0105tk\u0105 naszego Pana, nie ma praktyki wspanialszej i wyjednuj\u0105cej wi\u0119ksze \u0142aski od r\u00f3\u017ca\u0144ca \u015bwi\u0119tego, kt\u00f3ry jest jakby drugim upami\u0119tnieniem i przedstawieniem \u017cycia i m\u0119ki Chrystusa\u201d \u2013 pisa\u0142 \u015bw. Ludwik Maria Grignion de Montfort. \u201e<strong>R\u00f3\u017caniec jest ma\u0142\u0105 Ewangeli\u0105<\/strong>\u201d \u2013 wyja\u015bnia\u0142 \u015bw. ojciec Pio. Odmawianie r\u00f3\u017ca\u0144ca jest patrzeniem na \u015bwiat przez kolejne etapy \u017cycia Jezusa, w obecno\u015bci i z pomoc\u0105 Maryi.&nbsp;<\/p>\r\n<p><strong>Nie modlimy si\u0119 do Niej, modlimy si\u0119 z Ni\u0105<\/strong>, bo ona \u2013 Matka Boga i kr\u00f3lowa nieba i ziemi \u2013 wci\u0105\u017c si\u0119 modli, nieustannie trwa na modlitwie. Chwytaj\u0105c za r\u00f3\u017caniec, wchodzimy do Wieczernika, gdzie On jest.<\/p>\r\n<p><strong>Maryja m\u00f3wi do \u015bw. Dominika<\/strong> \u201eDrogi Dominiku \u2013 m\u00f3wi\u0142a Maryja w 1214 r. \u2013 czy wiesz, jakiej broni chce u\u017cy\u0107 b\u0142ogos\u0142awiona Tr\u00f3jca, aby zmieni\u0107 ten \u015bwiat? O, moja Pani \u2013 odpowiedzia\u0142 \u015bwi\u0119ty \u2013 lepiej wiesz ode mnie, bo Ty zawsze by\u0142a\u015b obok Jezusa Chrystusa g\u0142\u00f3wnym narz\u0119dziem naszego zbawienia&#8221;. Wtedy Dominik us\u0142ysza\u0142: \u201eChc\u0119, aby\u015b wiedzia\u0142, \u017ce tego rodzaju taranem pozostaje zawsze Psa\u0142terz Anielski, kt\u00f3ry jest kamieniem w\u0119gielnym Nowego Testamentu. Je\u015bli wi\u0119c chcesz zdoby\u0107 te zatwardzia\u0142e dusze i pozyska\u0107 je dla Boga, g\u0142o\u015b m\u00f3j Psa\u0142terz. O cokolwiek poprosisz przez r\u00f3\u017caniec, wszystko b\u0119dzie ci udzielone\u201d.<\/p>\r\n<p><strong>Maryja m\u00f3wi do Bernadety<\/strong> W Lourdes, w 1858 r., Maryja i Bernadeta Soubirous modl\u0105 si\u0119 razem. Gdy pierwszy raz dziewczynka widzi Pani\u0105, odruchowo wyjmuje r\u00f3\u017caniec i zaczyna si\u0119 modli\u0107. Kiedy ko\u0144czy kolejne&nbsp;<em>Zdrowa\u015b<\/em>&nbsp;i&nbsp;<em>Ojcze nasz<\/em>, spostrzega, \u017ce Maryja przesuwa w d\u0142oniach bia\u0142e paciorki r\u00f3\u017ca\u0144ca, a potem razem z ni\u0105 odmawia&nbsp;<em>Chwa\u0142a Ojcu<\/em>. Pierwsze dwa spotkania Bernadety z Matk\u0105 Bo\u017c\u0105 up\u0142ywaj\u0105 wy\u0142\u0105cznie na wsp\u00f3lnym odmawianiu r\u00f3\u017ca\u0144ca. Maryja nie namawia, Maryja pokazuje jak trwa\u0107 na modlitwie.<\/p>\r\n<p><strong>Maryja m\u00f3wi do Hiacynty, Franciszka i \u0141ucji<\/strong> W Fatimie ju\u017c w czasie pierwszego objawienia Matka Bo\u017ca prosi\u0142a: \u201e<strong>Odmawiajcie codziennie r\u00f3\u017caniec<\/strong>, aby uzyska\u0107 pok\u00f3j dla \u015bwiata i koniec wojny!\u201d. Podczas drugiego objawienia, 13 czerwca 1917 r., na pytanie dzieci, czego od nich oczekuje, odpowiedzia\u0142a: \u201eChc\u0119, \u017ceby\u015bcie codziennie odmawiali r\u00f3\u017caniec\u201d. Kiedy \u0141ucja prosi\u0142a Maryj\u0119 o konkretne \u0142aski, Matka zwraca\u0142a uwag\u0119, \u017ce \u017ceby je otrzyma\u0107, trzeba odmawia\u0107 r\u00f3\u017caniec. 13 pa\u017adziernika 1917 r., podczas ostatniego objawienia, oznajmi\u0142a: \u201e<strong>Jestem Matk\u0105 Bosk\u0105 R\u00f3\u017ca\u0144cow\u0105<\/strong>. Trzeba w dalszym ci\u0105gu codziennie odmawia\u0107 r\u00f3\u017caniec. Wojna si\u0119 sko\u0144czy i \u017co\u0142nierze powr\u00f3c\u0105 wkr\u00f3tce do domu\u201d.<\/p>\r\n<p><strong>Maryja m\u00f3wi w Gietrzwa\u0142dzie<\/strong> W Gietrzwa\u0142dzie przychodzi\u0142a od 27 czerwca do 16 wrze\u015bnia 1877 r. , pocz\u0105tkowo ka\u017cdego wieczoru, kiedy odmawiano r\u00f3\u017caniec. \u201eCzy chorzy b\u0119d\u0105 uzdrowieni?\u201d \u2013 pyta\u0142y Justyna Szafry\u0144ska i Barbara Samulowska, dziewczynki, kt\u00f3rym si\u0119 Maryja ukaza\u0142a. \u201eOdmawiajcie r\u00f3\u017caniec\u201d \u2013 us\u0142ysza\u0142y. \u201eCzy smutni b\u0119d\u0105 pocieszeni\u201d? \u201eOdmawiajcie r\u00f3\u017caniec\u201d \u2013 powiedzia\u0142a Maryja. \u201eOto tam p\u0142acze \u017cona i matka, bo m\u0105\u017c i ojciec oddaj\u0105 si\u0119 pija\u0144stwu, gdzie szuka\u0107 na to ratunku\u201d? \u201eOdmawiajcie r\u00f3\u017caniec\u201d. \u201eOto zamkni\u0119te ko\u015bcio\u0142y, wywieziono kap\u0142an\u00f3w\u2026\u201d. \u201eOdmawiajcie r\u00f3\u017caniec\u201d \u2013 zaleca\u0142a Maryja. \u201e\u017bycz\u0119 sobie, aby\u015bcie codziennie odmawiali r\u00f3\u017caniec\u201d \u2013 powtarza\u0142a wielokrotnie przez wszystkie dni objawie\u0144.<\/p>\r\n<figure id=\"block-11bfdc70-3a14-4d5e-94a4-c45b2bb4a6cf\" class=\"wp-block-image\"><a href=\"http:\/\/rafalk-elblag.pl\/wp-content\/uploads\/2021\/08\/ogloszenia-parafialne-baner-01a.jpg\"><img decoding=\"async\" src=\"http:\/\/rafalk-elblag.pl\/wp-content\/uploads\/2021\/08\/ogloszenia-parafialne-baner-01a.jpg\" alt=\"Obrazek posiada pusty atrybut alt; plik o nazwie ogloszenia-parafialne-baner-01a.jpg\"><\/a><\/figure>\r\n<!-- \/wp:post-content -->\r\n\r\n<!-- wp:paragraph \/-->\r\n\r\n<!-- wp:heading {\"level\":1} -->\r\n<p><strong>&nbsp;<\/strong> <strong>OG\u0141OSZENIA PARAFIALNE&nbsp; 6.10.2024 r.<\/strong> <strong>&nbsp;<\/strong><strong>&nbsp; <\/strong><strong>&nbsp;XXVII <\/strong><strong>NIEDZIELA ZWYK\u0141A<\/strong><\/p>\r\n<ol>\r\n<li><strong>PA\u0179DZIERNIK MIESI\u0104CEM R\u00d3\u017bA\u0143CA \u015aWI\u0118TEGO.<\/strong> Zapraszamy doros\u0142ych i m\u0142odzie\u017c na codzienne nabo\u017ce\u0144stwa r\u00f3\u017ca\u0144cowe przed Naj\u015bwi\u0119tszym Sakramentem o godz. 17:15. Dzieci zapraszamy w \u015brody i czwartki o godz. 16:30. Wierni, kt\u00f3rzy odmawiaj\u0105 cz\u0119\u015b\u0107 R\u00f3\u017ca\u0144ca (5 dziesi\u0105tek) w ko\u015bciele lub rodzinnie mog\u0105 uzyska\u0107 <strong>ODPUST ZUPE\u0141NY<\/strong>.<\/li>\r\n<li>W dniu dzisiejszym indywidualna ADORACJA NAJ\u015aWI\u0118TSZEGO SAKRAMENTU od godz. 16:00 do godz. 17:15.&nbsp; <em>Znajd\u017a czas, aby by\u0107 sam na sam z Twoim Panem.<\/em><\/li>\r\n<li>Dzisiejsze ofiary z\u0142o\u017cone na tac\u0119 przeznaczone s\u0105 na inwestycje i utrzymanie naszej parafii. <em>B\u00f3g zap\u0142a\u0107 za otwarto\u015b\u0107 serca.<\/em><\/li>\r\n<li><strong>W przysz\u0142\u0105 niedziel\u0119 13 pa\u017adziernika<\/strong>, b\u0119dziemy prze\u017cywa\u0107 XXIV Dzie\u0144 Papieski. M\u0142odzie\u017c naszej parafii b\u0119dzie po Mszach \u015awi\u0119tych rozprowadza\u0107 papieskie krem\u00f3wki.<\/li>\r\n<li>W poniedzia\u0142ek 7 pa\u017adziernika obchodzimy <strong>\u015aWI\u0118TO MATKI BO\u017bEJ R\u00d3\u017bANCOWEJ<\/strong>. Zapraszamy jutro wszystkich parafian do udzia\u0142u w modlitwie r\u00f3\u017ca\u0144cowej przed Naj\u015bwi\u0119tszym Sakramentem o godz. 17:15. W szczeg\u00f3lny spos\u00f3b zach\u0119cam osoby nale\u017c\u0105ce do \u017bYWEGO R\u00d3\u017bANCA, osoby pragn\u0105ce w\u0142\u0105czy\u0107 si\u0119 do tej wsp\u00f3lnoty oraz czcz\u0105cych R\u00f3\u017caniec \u015awi\u0119ty do prze\u017cywania tego \u015bwi\u0105tecznego dnia wed\u0142ug programu czuwania:<\/li>\r\n<\/ol>\r\n<ul>\r\n<li><em> 16:00 \u2013 AGAPA ( kawa i ciasto) w salce na plebanii<\/em><\/li>\r\n<li><em> 17:15 &#8211; wsp\u00f3lny R\u00f3\u017caniec Parafialny (tajemnice radosne)<\/em><\/li>\r\n<li><em> 18:00 \u2013 Msza \u015bw. w intencji czcicieli Matki Bo\u017cej R\u00f3\u017ca\u0144cowej<\/em><\/li>\r\n<li><em> 19:00 &#8211; wsp\u00f3lny R\u00f3\u017caniec (tajemnice chwalebne)<\/em><\/li>\r\n<li><em> 20:00 \u2013 Adoracja w ciszy<\/em><\/li>\r\n<li><em> 21:00 \u2013 zako\u0144czenie Apelem Jasnog\u00f3rskim <\/em><\/li>\r\n<\/ul>\r\n<ol start=\"6\">\r\n<li>W \u015arod\u0119 spotkanie kr\u0119gu Biblijnego.<\/li>\r\n<li><strong>W SOBOT\u0118 12 PA\u0179DZIERNIKA O GOD. 19:00 ZAPRASZAMY NA KONCERT \u201eSING JOYFULLY!\u201d \u2013 \u201e\u015apiewaj rado\u015bnie\u201d <\/strong>w wykonaniu po\u0142\u0105czonych ch\u00f3r\u00f3w: Sicut Avis ze Starogardu Gda\u0144skiego oraz Elbl\u0105skiego Ch\u00f3ru Kameralnego. Ch\u00f3rom przy fortepianie towarzyszy\u0107 b\u0119dzie Alicja Pa\u0142ka, a za pulpitem dyrygenckim stan\u0105 <strong>\u0141ukasz Kie\u0142pi\u0144ski i Mi\u0142osz Janiak.<\/strong><\/li>\r\n<\/ol>\r\n<p><em>W programie koncertu znajda si\u0119 utwory sakralne, w opracowaniu wsp\u00f3\u0142czesnych kompozytor\u00f3w ameryka\u0144skich na ch\u00f3r mieszany i fortepian.<\/em><\/p>\r\n<ol start=\"7\">\r\n<li>Mamy mo\u017cliwo\u015b\u0107 zamawiania i rezerwacji Mszy \u015bwi\u0119tej <strong>na ROK 2025<\/strong>. Informacj\u0119 t\u0119 podajemy dla tych wszystkich, kt\u00f3rzy pragn\u0105 zam\u00f3wi\u0107 intencj\u0119 mszaln\u0105 na wybrany przez siebie dzie\u0144. &nbsp;<u><\/u><\/li>\r\n<li>W ostatni\u0105 niedziel\u0119 do puszek dla powodzian zebrano 10&nbsp;465 z\u0142. Dzi\u0119kuj\u0119 za tak wielk\u0105 solidarno\u015b\u0107 z poszkodowanymi. &nbsp;&nbsp;<\/li>\r\n<li>Zach\u0119cam do nabywania nowego numeru <strong>\u201eGo\u015bcia Niedzielnego\u201d<\/strong> w cenie 10 z\u0142<strong>.<\/strong> W parafii mamy te\u017c dost\u0119pny po raz pierwszy dwumiesi\u0119cznik <strong>\u201eMISYJNE DROGI\u201d <\/strong>w cenie 7 z\u0142. Jest te\u017c wy\u0142o\u017cony<strong> BIULETYN PARAFIALNY<\/strong> na stolikach przy wej\u015bciu do ko\u015bcio\u0142a.<\/li>\r\n<li>Pan powo\u0142a\u0142 do wieczno\u015bci:<\/li>\r\n<\/ol>\r\n<p>\u015bp. Stanis\u0142awa(m) MALINOWSKIEGO lat 76 z ul. K\u0142oczowskiego &nbsp;&nbsp;&nbsp;&nbsp;&nbsp;&nbsp;&nbsp;&nbsp;&nbsp; <em>Wieczny odpoczynek racz mu da\u0107 Panie! A \u015bwiat\u0142o\u015b\u0107 wiekuista niechaj mu \u015bwieci.<\/em><\/p>\r\n<p style=\"line-height: 25.6px; text-align: center;\"><strong>Numer Konta Parafialnego<\/strong><\/p>\r\n<p style=\"line-height: 25.6px; text-align: center;\"><strong>PKO BP 72 1020 1752 0000 0102 0069 6047<\/strong><\/p>\r\n<p>&nbsp;<\/p>\r\n<!-- \/wp:heading -->\r\n\r\n<!-- wp:image -->\r\n<figure id=\"block-5f437b95-503a-4f29-91f7-75b7c74612d1\" class=\"wp-block-image\"><img decoding=\"async\" src=\"http:\/\/rafalk-elblag.pl\/wp-content\/uploads\/2020\/04\/baner-intencje-mszy.jpg\" alt=\"Obrazek posiada pusty atrybut alt; plik o nazwie baner-intencje-mszy.jpg\"><\/figure>\r\n<!-- \/wp:image -->\r\n\r\n<!-- wp:heading {\"level\":1} -->\r\n<h1 id=\"block-ebb85da5-2bf8-44c6-8a18-015b59726bae\" class=\"wp-block-heading\">Intencje mszalne<\/h1>\r\n<h3>XXVIINIEDZIELA ZWYK\u0141A 6 pa\u017adziernika 2024 \/ Mk 10, 2-16<\/h3>\r\n<p><strong>8.00<\/strong> O do\u015bwiadczenie Bo\u017cej Mi\u0142o\u015bci dla Karoliny, Oskara, Sebastiana i Natalii<br><strong>8.00<\/strong> \u015bp. Leszek BIELSKI gr.4 <br><strong>10.00<\/strong> \u015bp. rodzice MIKO\u0141AJEWSCY Regina 17r.\u015bm. Szczepan 22r.\u015bm. brat Zenon 53r.\u015bm. syn Pawe\u0142 7r.\u015bm. oraz zm. z rodzin MIKO\u0141AJEWSKICH ROSO\u0141OWSKICH i RYBICKICH <br><strong>12.00<\/strong> W intencji Parafian<br><strong>15.00<\/strong> \u015bp. Bogdan Kr\u00f3l w 9 r.\u015bm. i zm. z rodziny <br><strong>18.00<\/strong> \u015bp. Stefan KOWALCZYK, Mieczys\u0142aw KINACH, Jadwiga, Miko\u0142aj GORSZONOWSCY oraz zm. z tych rodzin<\/p>\r\n<h4>PONIEDZIA\u0141EK \/ 7 pa\u017adziernika 2024 \/ NMP R\u00f3\u017ca\u0144cowej \/ \u0141k 10, 25-37<\/h4>\r\n<p>8.00 \u015bp. Helena BUKOJEMSKA w 11r.\u015bm. <br>8.00 \u015bp. Leszek BIELSKI gr.7 <br>18.00 W intencji Wsp\u00f3lnoty \u017bywego R\u00f3\u017ca\u0144ca, za Zelator\u00f3w i wszystkie osoby modl\u0105ce si\u0119 na r\u00f3\u017ca\u0144cu<\/p>\r\n<h4>WTOREK \/ 8 pa\u017adziernika 2024 \/ \u0141k 10, 38-42<\/h4>\r\n<p>8.00 \u015bp. Leszek BIELSKI gr.8 <br>8.00 \u015bp. Zbigniew Sudo\u0142 w 30 dzie\u0144 po pogrzebie <br>18.00 \u015bp. Maria SIEMION w 20 r. \u015bm. <br>18.00 Dzi\u0119kczynna z okazji 90 urodzin Stefana(m) z pro\u015bb\u0105 o Bo\u017ce b\u0142ogos\u0142awie\u0144stwo i opiek\u0119 Matki Bo\u017cej dla ca\u0142ej rodziny<\/p>\r\n<h4>\u015aRODA \/ 9 pa\u017adziernika 2024 \/ \u0141k 11, 1-4<\/h4>\r\n<p>8.00 \u015bp. Marcinek WI\u015aNIEWSKI w 34 r. \u015bm. oraz zmar\u0142ych rodzic\u00f3w z obojga stron oraz za Karola WI\u015aNIEWSKIEGO \\<br>18.00 \u015bp. Leszek BIELSKI gr.9 <br>18.00 \u015bp. Jadwiga, Aleksander(m), Stefania, Antoni, J\u00f3zef(m) POLMA\u0143SKI i zm. z rodz.<\/p>\r\n<h4>CZWARTEK \/ 10 pa\u017adziernika 2024 \/ \u0141k 11, 5-13<\/h4>\r\n<p>8.00 \u015bp. Leszek BIELSKI gr.10 <br>18.00 \u015bp. Helena DUTKA w 1 r. \u015bm. i Franciszek DUTKA <br>18.00 \u015bp. Ludwik SIWEK w 38r.\u015bm. i zm. z rodz. SIWEK<\/p>\r\n<h4>PI\u0104TEK \/ 11 pa\u017adziernika 2024 \/ \u0141k 11, 15-26<\/h4>\r\n<p>8.00 \u015bp. Miros\u0142awa(K) WABI\u0143SKA w 30 dzie\u0144 po pogrzebie 8.00 \u015bp. Leszek BIELSKI gr. 11 18.00 \u015bp. Teresa MA\u0141KOWSKA z okazji Imienin 18.00 \u015bp. J\u00f3zef KWIATOSZ z okazji Urodzin oraz za zm. rodzice z obojga stron<\/p>\r\n<h4>SOBOTA \/ 12 pa\u017adziernika 2024 \/ \u0141k 11, 27-28<\/h4>\r\n<p>8.00 \u015bp. Leszek BIELSKI gr.12 <br>18.00 \u015bp. Tadeusz w 2 r. \u015bm. <br>18.00 \u015bp. Anna KO\u0141ECKA w 1r.\u015bm.<\/p>\r\n<h4>XXVIII NIEDZIELA ZWYK\u0141A 13 pa\u017adziernika 2024 \/ Mk 10, 17-27<\/h4>\r\n<p>8.00 \u015bp. Leszek BIELSKI gr.13 <br>10.00 Dzi\u0119kczynna w 10 rocznic\u0119 \u015blubu Emilii i Paw\u0142a TOMASZEWSKICH z pro\u015bb\u0105 o Bo\u017ce b\u0142ogos\u0142awie\u0144stwo i opiek\u0119 MB Szkaplerznej dla ca\u0142ej rodziny<br>10.00O dar m\u0105dro\u015bci i roztropno\u015bci w codzienno\u015bci dla Nikodema i jego rodziny, Agnieszki i ca\u0142ej rodziny zakonnej oraz Magdaleny i jej rodziny <br>12.00 Dzi\u0119kczynna w 50 rocznic\u0119 \u015blubu Teresy i Franciszka POGODA z pro\u015bb\u0105 o Bo\u017ce b\u0142ogos\u0142awie\u0144stwo i opiek\u0119 Matki Bo\u017cej dla z\u0142otych jubilat\u00f3w <br>15.00 \u015bp. Edmund GO\u0141Y\u0143SKI w 20 r. \u015bm. i zmar\u0142ych z rodziny <br>18.00 \u015ap. W\u0142odzimierz PURZY\u0143SKI w 3 r. \u015bm. &nbsp;<\/p>\r\n<p>Koncert:<\/p>\r\n<p><a href=\"http:\/\/rafalk-elblag.pl\/wp-content\/uploads\/2024\/10\/Sing-Joyfully-12.13.10.2024.pdf\">Sing Joyfully! 12.13.10.2024<\/a><\/p>","protected":false},"excerpt":{"rendered":"<p>Sing Joyfully! 12.13.10.2024 Dlaczego Maryja regularnie przypomina o odmawianiu r\u00f3\u017ca\u0144ca, a nie o chodzeniu na msz\u0119? Niekt\u00f3re \u017ar\u00f3d\u0142a podaj\u0105, \u017ce w ci\u0105gu wiek\u00f3w zg\u0142oszono ok. 21 tys. \u015bwiadectw o objawieniu si\u0119 Matki Bo\u017cej.&nbsp;Ko\u015bci\u00f3\u0142, po wnikliwych badaniach, uzna\u0142 70 z nich. Wed\u0142ug o. Ren\u00e9 Laurentina, s\u0142ynnego badacza objawie\u0144, przyj\u015bcia Maryi maj\u0105 zawsze ten sam cel: przypomnienie [&hellip;]<\/p>\n","protected":false},"author":1,"featured_media":5599,"comment_status":"closed","ping_status":"closed","sticky":false,"template":"","format":"standard","meta":{"ngg_post_thumbnail":0,"footnotes":""},"categories":[11,8,4],"tags":[],"class_list":["post-5598","post","type-post","status-publish","format-standard","has-post-thumbnail","hentry","category-aktualnosci","category-blog","category-intencje"],"_links":{"self":[{"href":"https:\/\/rafalk-elblag.pl\/index.php?rest_route=\/wp\/v2\/posts\/5598","targetHints":{"allow":["GET"]}}],"collection":[{"href":"https:\/\/rafalk-elblag.pl\/index.php?rest_route=\/wp\/v2\/posts"}],"about":[{"href":"https:\/\/rafalk-elblag.pl\/index.php?rest_route=\/wp\/v2\/types\/post"}],"author":[{"embeddable":true,"href":"https:\/\/rafalk-elblag.pl\/index.php?rest_route=\/wp\/v2\/users\/1"}],"replies":[{"embeddable":true,"href":"https:\/\/rafalk-elblag.pl\/index.php?rest_route=%2Fwp%2Fv2%2Fcomments&post=5598"}],"version-history":[{"count":6,"href":"https:\/\/rafalk-elblag.pl\/index.php?rest_route=\/wp\/v2\/posts\/5598\/revisions"}],"predecessor-version":[{"id":5611,"href":"https:\/\/rafalk-elblag.pl\/index.php?rest_route=\/wp\/v2\/posts\/5598\/revisions\/5611"}],"wp:featuredmedia":[{"embeddable":true,"href":"https:\/\/rafalk-elblag.pl\/index.php?rest_route=\/wp\/v2\/media\/5599"}],"wp:attachment":[{"href":"https:\/\/rafalk-elblag.pl\/index.php?rest_route=%2Fwp%2Fv2%2Fmedia&parent=5598"}],"wp:term":[{"taxonomy":"category","embeddable":true,"href":"https:\/\/rafalk-elblag.pl\/index.php?rest_route=%2Fwp%2Fv2%2Fcategories&post=5598"},{"taxonomy":"post_tag","embeddable":true,"href":"https:\/\/rafalk-elblag.pl\/index.php?rest_route=%2Fwp%2Fv2%2Ftags&post=5598"}],"curies":[{"name":"wp","href":"https:\/\/api.w.org\/{rel}","templated":true}]}}