{"id":5589,"date":"2024-09-26T18:54:06","date_gmt":"2024-09-26T18:54:06","guid":{"rendered":"https:\/\/rafalk-elblag.pl\/?p=5589"},"modified":"2024-09-28T07:59:13","modified_gmt":"2024-09-28T07:59:13","slug":"29-09-2024-r-xxvi-niedziela-zwykla","status":"publish","type":"post","link":"https:\/\/rafalk-elblag.pl\/?p=5589","title":{"rendered":"29.09.2024 r. XXVI NIEDZIELA ZWYK\u0141A"},"content":{"rendered":"<p><strong>Modlitwa do \u015bw. Micha\u0142a Archanio\u0142a. <br>Pot\u0119\u017cna bro\u0144 duchowa<\/strong><\/p>\r\n<p>Modlitwa za wstawiennictwem \u015bw. Micha\u0142a Archanio\u0142a to pot\u0119\u017cna bro\u0144 duchowa! Jego imi\u0119 najdoskonalej wyra\u017ca pokor\u0119 wobec Stworzyciela, a prorok Daniel stwierdza, \u017ce tylko on mo\u017ce skutecznie pom\u00f3c w walce z wrogiem, dlatego warto zaopatrzy\u0107 si\u0119 w duchow\u0105 amunicj\u0119. Modlitwa do \u015bw. Micha\u0142a Archanio\u0142a jest wa\u017cn\u0105 broni\u0105 w codziennej walce z duchowym z\u0142em. Warto wi\u0119c po ni\u0105 si\u0119ga\u0107 ka\u017cdego dnia i w ka\u017cdej potrzebie. Szczeg\u00f3lnie, gdy czujemy, \u017ce co\u015b nas przyt\u0142acza, \u017ce nie mo\u017cemy sobie poradzi\u0107 ze sob\u0105 samym. W codziennych zmaganiach duchowych, opr\u00f3cz modlitwy do \u015bw. Micha\u0142a Archanio\u0142a, warto korzysta\u0107 z r\u00f3\u017cnorodnych modlitw do anio\u0142\u00f3w, kt\u00f3re mog\u0105 stanowi\u0107 dodatkowe wsparcie.<\/p>\r\n<p><strong>Modlitwa poranna<br><\/strong> \u015awi\u0119ty Michale Archaniele, kt\u00f3ry w brzasku swego istnienia wybra\u0142e\u015b Boga i ca\u0142kowicie odda\u0142e\u015b si\u0119 spe\u0142nianiu Jego \u015bwi\u0119tej woli. Wstaw si\u0119 za mn\u0105 do Stw\u00f3rcy, abym dzisiaj, za Twoim przyk\u0142adem, na pocz\u0105tku nowego dnia, otwieraj\u0105c si\u0119 na dzia\u0142anie Ducha \u015awi\u0119tego, w ka\u017cdej chwili dawa\u0142 si\u0119 Bogu, wype\u0142niaj\u0105c z mi\u0142o\u015bci\u0105 Jego \u015bwi\u0119t\u0105 wol\u0119. Niech razem z Tob\u0105 wo\u0142am bez ustanku: Kt\u00f3\u017c jak B\u00f3g! Przez Chrystusa Pana naszego. Amen.<\/p>\r\n<p><strong>Modlitwa do \u015bw. Micha\u0142a Archanio\u0142a<\/strong> <br>\u015awi\u0119ty Michale Archaniele! Wspomagaj nas w walce, a przeciw niegodziwo\u015bci i zasadzkom z\u0142ego ducha b\u0105d\u017a nasz\u0105 obron\u0105. Oby&nbsp;go B\u00f3g pogromi\u0107 raczy\u0142, pokornie o to prosimy, a Ty, Wodzu niebieskich zast\u0119p\u00f3w, szatana i inne duchy z\u0142e, kt\u00f3re na zgub\u0119 dusz ludzkich po tym \u015bwiecie kr\u0105\u017c\u0105, moc\u0105 Bo\u017c\u0105 str\u0105\u0107 do piek\u0142a. Amen.<\/p>\r\n<p><strong>Akt po\u015bwi\u0119cenia si\u0119 \u015bw. Micha\u0142owi Archanio\u0142owi<\/strong> <br>O wielki Ksi\u0105\u017c\u0119 niebieski, najwierniejszy str\u00f3\u017cu Ko\u015bcio\u0142a, \u015bwi\u0119ty Michale Archaniele, oto ja, chocia\u017c bardzo niegodny Twego oblicza jednak ufaj\u0105c Twojej dobroci, powodowany pot\u0119\u017cnym wp\u0142ywem Twoich modlitw i licznymi twymi dobrodziejstwami, staj\u0119 przed Tob\u0105 w towarzystwie mego anio\u0142a str\u00f3\u017ca i w obecno\u015bci wszystkich anio\u0142\u00f3w niebieskich, kt\u00f3rych bior\u0119 za \u015bwiadk\u00f3w mego nabo\u017ce\u0144stwa ku Tobie, Ciebie dzi\u015b obieram za swego szczeg\u00f3lnego obro\u0144c\u0119 i or\u0119downika. Postanawiam sobie mocno czci\u0107 Ci\u0119 zawsze, b\u0105d\u017a przy mnie przez ca\u0142e \u017cycie moje, abym nigdy nie obrazi\u0142 Pana Boga my\u015bl\u0105, s\u0142owem lub uczynkiem. Bro\u0144 mnie przeciw wszystkim pokusom szata\u0144skim, g\u0142\u00f3wnie atakuj\u0105cym wiar\u0119 i czysto\u015b\u0107, a w godzin\u0119 \u015bmierci upro\u015b pok\u00f3j mej duszy i zaprowad\u017a mnie do ojczyzny wiecznej. Amen. <br>Modlitwa do \u015bw. Micha\u0142a Archanio\u0142a to codzienny spos\u00f3b, by nawi\u0105za\u0107 relacj\u0119 z jednym z najwi\u0119kszych Anio\u0142\u00f3w. To prawdziwy or\u0119downik w najtrudniejszych sprawach. Warto powierzy\u0107 mu siebie i wszystkie swoje s\u0142abo\u015bci. &nbsp;<\/p>\r\n<figure id=\"block-11bfdc70-3a14-4d5e-94a4-c45b2bb4a6cf\" class=\"wp-block-image\"><a href=\"http:\/\/rafalk-elblag.pl\/wp-content\/uploads\/2021\/08\/ogloszenia-parafialne-baner-01a.jpg\"><img decoding=\"async\" src=\"http:\/\/rafalk-elblag.pl\/wp-content\/uploads\/2021\/08\/ogloszenia-parafialne-baner-01a.jpg\" alt=\"Obrazek posiada pusty atrybut alt; plik o nazwie ogloszenia-parafialne-baner-01a.jpg\"><\/a><\/figure>\r\n<!-- \/wp:post-content -->\r\n\r\n<!-- wp:paragraph \/-->\r\n\r\n<!-- wp:heading {\"level\":1} -->\r\n<h1 id=\"block-6d42405b-4ab7-4d06-b960-74c4b8e7c4ea\" class=\"wp-block-heading\">Og\u0142oszenia parafialne 29.09.2024 r.<\/h1>\r\n<p><strong>&nbsp;<\/strong><strong>&nbsp; <\/strong><strong>&nbsp;<\/strong> <strong>&nbsp;<\/strong><strong>&nbsp; <\/strong><strong>&nbsp;XXVI <\/strong><strong>NIEDZIELA ZWYK\u0141A<\/strong> <strong>&nbsp;<\/strong><\/p>\r\n<ol>\r\n<li>Wolontariusze Caritas dzisiaj zbieraj\u0105 przed ko\u015bcio\u0142em ofiary dla os\u00f3b bole\u015bnie do\u015bwiadczonych skutkami powodzi. <strong>Niech nasza solidarno\u015b\u0107 w obliczu \u017cywio\u0142u pozwala wierzy\u0107, \u017ce nawet wielkie wody \u201enie zdo\u0142aj\u0105 ugasi\u0107 mi\u0142o\u015bci\u201d.<\/strong><\/li>\r\n<li>Dzi\u015b po Mszy \u015bw. o godz. 18:30 spotkanie z kandydatami do bierzmowania z ks. Piotrem<\/li>\r\n<li>Spotkanie dla rodzic\u00f3w dzieci klas IV przygotowuj\u0105cych si\u0119 do <strong>ROCZNICY PIERWSZEJ KOMUNII \u015aWI\u0118TEJ<\/strong> odb\u0119dzie si\u0119 w poniedzia\u0142ek 30 wrze\u015bnia br. o godz. 19:00 w ko\u015bciele.<strong> <em>Obecno\u015b\u0107 rodzic\u00f3w obowi\u0105zkowa.<\/em><\/strong><\/li>\r\n<li>Przed nami miesi\u0105c <strong>R\u00d3\u017bA\u0143CA \u015aWI\u0118TEGO. Zapraszamy parafian na nabo\u017ce\u0144stwa przed Naj\u015bwi\u0119tszym Sakramentem przez ca\u0142y miesi\u0105c o godz. 17:15. <\/strong>Dzieci w spos\u00f3b szczeg\u00f3lny zapraszamy w \u015brody i czwartki o godz. 16:30.<\/li>\r\n<li>W tym tygodniu przypada:<\/li>\r\n<\/ol>\r\n<ul>\r\n<li><strong>pierwszy czwartek miesi\u0105ca<\/strong> \u2013 Msza \u015bw. o godz. 18:00, a po niej na ADORACJA NA\u015aWI\u0118TSZEGO SAKRAMENTU tj. <strong>\u201eGODZINA \u015aWI\u0118TA\u201d.<\/strong> Zapraszamy wszystkie osoby modl\u0105ce si\u0119 za kap\u0142an\u00f3w a szczeg\u00f3lnie \u201eMARGARETKI\u201d.<\/li>\r\n<li><strong>pierwszy pi\u0105tek miesi\u0105ca<\/strong> \u2013 spowied\u017a dla dzieci od godz. 16:00 i Msza \u015bw. o godz. 16:30. Spowied\u017a dla m\u0142odzie\u017cy i doros\u0142ych od godz. 17:30 i Msza \u015bw. o godz. 18:00<\/li>\r\n<li><strong>pierwsza sobota miesi\u0105ca<\/strong> \u2013 zapraszamy wszystkich czcicieli Matki Bo\u017cej na nabo\u017ce\u0144stwo wynagradzaj\u0105ce o godz. 17:00, Msza \u015bw. wotywna o godz. 18:00<\/li>\r\n<\/ul>\r\n<ol start=\"6\">\r\n<li>W pierwszy pi\u0105tek miesi\u0105ca (4.10.) kap\u0142ani z Panem Jezusem udadz\u0105 si\u0119 do chorych od godz. 9:30. <em>Prosimy zg\u0142asza\u0107 chorych pragn\u0105cych rozpocz\u0105\u0107 praktyk\u0119 9 pierwszych pi\u0105tk\u00f3w miesi\u0105ca.<\/em><\/li>\r\n<li><strong>W tygodniu w liturgii ko\u015bcio\u0142a wspominamy:<\/strong><\/li>\r\n<\/ol>\r\n<ul>\r\n<li>w poniedzia\u0142ek \u015bw. Hieronima, kap\u0142ana i doktora ko\u015bcio\u0142a,<\/li>\r\n<li>we wtorek \u015bw. Teresy od Dzieci\u0105tka Jezus, dziewicy i doktora ko\u015bcio\u0142a,<\/li>\r\n<li>w pi\u0105tek \u015bw. Franciszka z Asy\u017cu,<\/li>\r\n<li>w sobot\u0119 \u015bw. Faustyny Kowalskiej, dziewicy.<\/li>\r\n<\/ul>\r\n<ol start=\"8\">\r\n<li><strong>Trwaj\u0105 zapisy do Sakramentu Bierzmowania m\u0142odzie\u017cy <\/strong>z klas VIII Szko\u0142y Podstawowej do ko\u0144ca wrze\u015bnia. <em>Zg\u0142oszenia przyjmuje ks. Piotr.<\/em><\/li>\r\n<li><strong>KANCELARIA PARAFIALNA:<\/strong> czynna w \u015brody od 16:00 do 17:30 oraz w pi\u0105tki &nbsp;&nbsp;&nbsp;&nbsp;&nbsp;&nbsp;&nbsp;&nbsp;&nbsp;&nbsp;&nbsp;&nbsp;&nbsp;&nbsp;&nbsp;po Mszy \u015bw. wieczorowej do godz. 19:30.<\/li>\r\n<li>Mamy ju\u017c mo\u017cliwo\u015b\u0107 zamawiania i rezerwacji Mszy \u015bwi\u0119tej <strong>na ROK 2025<\/strong>. Informacj\u0119 t\u0119 podajemy dla tych wszystkich, kt\u00f3rzy pragn\u0105 w konkretnym dniu zam\u00f3wi\u0107 intencj\u0119 mszaln\u0105. <u><\/u><\/li>\r\n<li>Zach\u0119cam do nabywania nowego numeru <strong>\u201eGo\u015bcia Niedzielnego\u201d<\/strong> w cenie 10 z\u0142<strong>.<\/strong> W parafii mamy te\u017c dost\u0119pny po raz pierwszy dwumiesi\u0119cznik <strong>\u201eMISYJNE DROGI\u201d <\/strong>w cenie 7 z\u0142. Jest te\u017c wy\u0142o\u017cony<strong> BIULETYN PARAFIALNY<\/strong> na stolikach przy wej\u015bciu do ko\u015bcio\u0142a.<\/li>\r\n<li>Pan powo\u0142a\u0142 do wieczno\u015bci: \u015bp. Lucjana DREZNERA lat 90 z ul. Sobieskiego<\/li>\r\n<\/ol>\r\n<p>&nbsp;&nbsp;&nbsp;&nbsp;&nbsp; &nbsp;&nbsp;&nbsp;&nbsp;&nbsp;&nbsp;&nbsp;&nbsp;&nbsp; <em>Wieczny odpoczynek racz mu da\u0107 Panie! A \u015bwiat\u0142o\u015b\u0107 wiekuista niechaj mu \u015bwieci.<\/em> &nbsp;<\/p>\r\n<p style=\"line-height: 25.6px; text-align: center;\"><strong>Numer Konta Parafialnego<\/strong><\/p>\r\n<p style=\"line-height: 25.6px; text-align: center;\"><strong>PKO BP 72 1020 1752 0000 0102 0069 6047<\/strong><\/p>\r\n<p>&nbsp;<\/p>\r\n<!-- \/wp:heading -->\r\n\r\n<!-- wp:image -->\r\n<figure id=\"block-5f437b95-503a-4f29-91f7-75b7c74612d1\" class=\"wp-block-image\"><img decoding=\"async\" src=\"http:\/\/rafalk-elblag.pl\/wp-content\/uploads\/2020\/04\/baner-intencje-mszy.jpg\" alt=\"Obrazek posiada pusty atrybut alt; plik o nazwie baner-intencje-mszy.jpg\"><\/figure>\r\n<!-- \/wp:image -->\r\n\r\n<!-- wp:heading {\"level\":1} -->\r\n<h1 id=\"block-ebb85da5-2bf8-44c6-8a18-015b59726bae\" class=\"wp-block-heading\">Intencje mszalne<\/h1>\r\n<h3>XXVI NIEDZIELA ZWYK\u0141A 29 wrze\u015bnia 2024 \/ Mk 9, 38-48<\/h3>\r\n<p><strong>8.00<\/strong> \u015bp. Sylwester BA\u0141DYGA w 5 r.\u015bm. i zm. Marianna(k), Feliks, Lucjan <br><strong>10.00<\/strong> \u015bp. Janusz JAROSI\u0143SKI gr.29 <br><strong>12.00<\/strong> Dzi\u0119kczynna w 50 r. \u015blubu Wies\u0142awa (k) i Edmund CYPRYS z pro\u015bb\u0105 o Bo\u017ce b\u0142ogos\u0142awie\u0144stwo i potrzebne \u0142aski dla z\u0142otych Jubilat\u00f3w <br><strong>15.00<\/strong> \u015bp. Joanna i Tomasz GALA, Irena, Marian, Ryszard, Anna z rodz. WIECHA, Stanis\u0142aw Teresa, Wanda z rodziny MALINOWSKICH <br><strong>18.00<\/strong> \u015bp. W\u0142adys\u0142awa, Wiktor, J\u00f3zef RUTKO i Franciszek, Leokadia, Jan MR\u00d3Z<\/p>\r\n<h4>PONIEDZIA\u0141EK \/ 30 wrze\u015bnia 2024 \/ \u015bw. Hieronima \/ \u0141k 9, 46-50<\/h4>\r\n<p><strong>8.00<\/strong> \u015bp. Lilianna SIEMI\u0104TKOWSKA w 30 dzie\u0144 po pogrzebie <br><strong>18.00<\/strong> W dniu 75 urodzin Edmunda KRAWCZYK z pro\u015bb\u0105 o zdrowie Bo\u017ce b\u0142ogos\u0142awie\u0144stwo opiek\u0119 Matki Bo\u017cej dla Jubilata <br><strong>18.00<\/strong> \u015bp. Janusz JAROSI\u0143SKI gr. 30<\/p>\r\n<h4>WTOREK \/ 1 pa\u017adziernika 2024 \/\u015bw. Teresy od Dzieci\u0105tka Jezus\/ \u0141k 9, 51-56<\/h4>\r\n<p><strong>8.00<\/strong> \u015bp. Leszek BIELSKI gr.1 <br><strong>18.00<\/strong> \u015bp. Eugeniusz Motyl 30 dzie\u0144 po pogrzebie <br><strong>18.00<\/strong> \u015bp. Lutos\u0142aw DUSZNIAK int. od s\u0105siad\u00f3w<\/p>\r\n<h4>\u015aRODA \/ 2 pa\u017adziernika 2024 \/ \u015awi\u0119tych Anio\u0142\u00f3w Str\u00f3\u017c\u00f3w\/ Mt 18, 1-5.10<\/h4>\r\n<p><strong>8.00<\/strong> Za dusze w czy\u015b\u0107cu cierpi\u0105ce <br><strong>18.00<\/strong> \u015bp. Leszek BIELSKI gr.2 <br><strong>18.00<\/strong> \u015bp. J\u00f3zef NIEMAS<\/p>\r\n<h4>CZWARTEK \/ 3 pa\u017adziernika 2024 \/ \u0141k 10, 1-12<\/h4>\r\n<p><strong>8.00<\/strong> \u015bp. Leszek BIELSKI gr.3 <br><strong>18.00<\/strong> O Bo\u017ce b\u0142ogos\u0142awie\u0144stwo i opiek\u0119 Matki Bo\u017cej w codziennym \u017cyciu dla Alicji, Marceliny, Henryka i ich rodzic\u00f3w oraz dla Arkadiusza i jego przyjaci\u00f3\u0142 <br><strong>18.00<\/strong> Za WSD w Elbl\u0105gu oraz za nowe powo\u0142ania kap\u0142a\u0144skie, zakonne i o \u015bwiat\u0142o Ducha \u015aw. dla odpowiedzialnych za formacj\u0119<\/p>\r\n<h4>PI\u0104TEK \/ 4 pa\u017adziernika 2024 \/ \u015bw. Franciszka z Asy\u017cu\/ \u0141k 10, 13-16<\/h4>\r\n<p><strong>8.00<\/strong> \u015bp. Franciszek RYNKIEWICZ z okazji imienin <br><strong>8.00<\/strong> \u015bp. Zenon KUCHTA w 30 dzie\u0144 po pogrzebie <br><strong>16.30<\/strong> W intencji czcicieli NSPJ oraz za chorych by w sercu Pana Jezusa szukali umocnienia<br><strong>18.00<\/strong> \u015bp. Leszek BIELSKI gr.4<\/p>\r\n<h4>SOBOTA \/ 5 pa\u017adziernika 2024 \/ \u015bw. Faustyny Kowalskiej \/ \u0141k 10, 17-24<\/h4>\r\n<p><strong>8.00<\/strong> \u015bp. Leszek BIELSKI gr.5 <br><strong>8.00<\/strong> \u015bp. Stefania(K) BRZEZI\u0143SKA <br><strong>18.00<\/strong> W 8r. \u015bwi\u0119ce\u0144 kap\u0142a\u0144skich Marcina Marciniaka o Bo\u017ce b\u0142ogos\u0142awie\u0144stwo i opiek\u0119 Matki Bo\u017cej&nbsp; intencja od Margaretki <br><strong>18.00<\/strong> \u017bywy r\u00f3\u017caniec<\/p>\r\n<h3>XXVIINIEDZIELA ZWYK\u0141A 6 pa\u017adziernika 2024 \/ Mk 10, 2-16<\/h3>\r\n<p><strong>8.00<\/strong> O do\u015bwiadczenie Bo\u017cej Mi\u0142o\u015bci dla Karoliny, Oskara, Sebastiana i Natalii <br><strong>8.00<\/strong> \u015bp. Leszek BIELSKI gr.4 <br><strong>10.00<\/strong> \u015bp. rodzice MIKO\u0141AJEWSCY Regina 17r.\u015bm. Szczepan 22r.\u015bm. brat Zenon 53r.\u015bm. syn Pawe\u0142 7r.\u015bm. oraz zm. z rodzin MIKO\u0141AJEWSKICH ROSO\u0141OWSKICH i RYBICKICH<br><strong>12.00<\/strong> W intencji Parafian <br><strong>15.00<\/strong> \u015bp. Bogdan Kr\u00f3l w 9 r.\u015bm. i zm. z rodziny <br><strong>18.00<\/strong> \u015bp. Stefan KOWALCZYK, Mieczys\u0142aw KINACH, Jadwiga, Miko\u0142aj GORSZONOWSCY oraz zm. z tych rodzin &nbsp;<\/p>","protected":false},"excerpt":{"rendered":"<p>Modlitwa do \u015bw. Micha\u0142a Archanio\u0142a. Pot\u0119\u017cna bro\u0144 duchowa Modlitwa za wstawiennictwem \u015bw. Micha\u0142a Archanio\u0142a to pot\u0119\u017cna bro\u0144 duchowa! Jego imi\u0119 najdoskonalej wyra\u017ca pokor\u0119 wobec Stworzyciela, a prorok Daniel stwierdza, \u017ce tylko on mo\u017ce skutecznie pom\u00f3c w walce z wrogiem, dlatego warto zaopatrzy\u0107 si\u0119 w duchow\u0105 amunicj\u0119. Modlitwa do \u015bw. Micha\u0142a Archanio\u0142a jest wa\u017cn\u0105 broni\u0105 w [&hellip;]<\/p>\n","protected":false},"author":1,"featured_media":5595,"comment_status":"closed","ping_status":"closed","sticky":false,"template":"","format":"standard","meta":{"ngg_post_thumbnail":0,"footnotes":""},"categories":[11,8,4,3],"tags":[],"class_list":["post-5589","post","type-post","status-publish","format-standard","has-post-thumbnail","hentry","category-aktualnosci","category-blog","category-intencje","category-ogloszenia"],"_links":{"self":[{"href":"https:\/\/rafalk-elblag.pl\/index.php?rest_route=\/wp\/v2\/posts\/5589","targetHints":{"allow":["GET"]}}],"collection":[{"href":"https:\/\/rafalk-elblag.pl\/index.php?rest_route=\/wp\/v2\/posts"}],"about":[{"href":"https:\/\/rafalk-elblag.pl\/index.php?rest_route=\/wp\/v2\/types\/post"}],"author":[{"embeddable":true,"href":"https:\/\/rafalk-elblag.pl\/index.php?rest_route=\/wp\/v2\/users\/1"}],"replies":[{"embeddable":true,"href":"https:\/\/rafalk-elblag.pl\/index.php?rest_route=%2Fwp%2Fv2%2Fcomments&post=5589"}],"version-history":[{"count":5,"href":"https:\/\/rafalk-elblag.pl\/index.php?rest_route=\/wp\/v2\/posts\/5589\/revisions"}],"predecessor-version":[{"id":5594,"href":"https:\/\/rafalk-elblag.pl\/index.php?rest_route=\/wp\/v2\/posts\/5589\/revisions\/5594"}],"wp:featuredmedia":[{"embeddable":true,"href":"https:\/\/rafalk-elblag.pl\/index.php?rest_route=\/wp\/v2\/media\/5595"}],"wp:attachment":[{"href":"https:\/\/rafalk-elblag.pl\/index.php?rest_route=%2Fwp%2Fv2%2Fmedia&parent=5589"}],"wp:term":[{"taxonomy":"category","embeddable":true,"href":"https:\/\/rafalk-elblag.pl\/index.php?rest_route=%2Fwp%2Fv2%2Fcategories&post=5589"},{"taxonomy":"post_tag","embeddable":true,"href":"https:\/\/rafalk-elblag.pl\/index.php?rest_route=%2Fwp%2Fv2%2Ftags&post=5589"}],"curies":[{"name":"wp","href":"https:\/\/api.w.org\/{rel}","templated":true}]}}