{"id":5579,"date":"2024-09-18T19:32:46","date_gmt":"2024-09-18T19:32:46","guid":{"rendered":"https:\/\/rafalk-elblag.pl\/?p=5579"},"modified":"2024-09-21T09:15:11","modified_gmt":"2024-09-21T09:15:11","slug":"22-09-2024-r-xxv-niedziela-zwykla","status":"publish","type":"post","link":"https:\/\/rafalk-elblag.pl\/?p=5579","title":{"rendered":"22.09.2024 r. XXV NIEDZIELA ZWYK\u0141A"},"content":{"rendered":"<p><strong>Jak si\u0119 Modli\u0107? \u2013 w pi\u0119ciu Krokach cd<\/strong> <em>Jak si\u0119 dobrze modli\u0107? Od czego zacz\u0105\u0107? Czy to trudne? Wystarczy 5 prostych krok\u00f3w.<\/em><\/p>\r\n<p><strong>Zdaj sobie spraw\u0119, \u017ce jest przy Tobie B\u00f3g.<\/strong> Modlitwa jest to czas sp\u0119dzany z Panem Bogiem. <strong>U\u015bwiadomienie sobie, \u017ce jest On teraz przy mnie i ze mn\u0105, <\/strong>i trwanie w tej \u015bwiadomo\u015bci, jest najwa\u017cniejsz\u0105 cz\u0119\u015bci\u0105 modlitwy. <strong><em>\u201cModlitwa jest wzniesieniem duszy do Boga lub pro\u015bb\u0105 skierowan\u0105 do Niego o stosowne dobra\u201d<\/em><\/strong><em> \u015aw. Jan Damasce\u0144ski.<\/em><\/p>\r\n<p>To, \u017ce B\u00f3g jest niewidzialny nie znaczy, \u017ce jest nierealny czy nieobecny. \u015aw. Pawe\u0142 jasno m\u00f3wi\u0142, \u017ce&nbsp;<em>\u201cw rzeczywisto\u015bci jest On niedaleko od ka\u017cdego z nas. Bo w Nim \u017cyjemy, poruszamy si\u0119 i jeste\u015bmy\u201d<\/em> (Dz 17,27-28).<\/p>\r\n<p>&nbsp;<strong><u>Trwaj w tej \u015bwiadomo\u015bci, przebywaj z Bogiem jak z przyjacielem, je\u015bli to czynisz, to ju\u017c si\u0119 modlisz.<\/u><\/strong><strong> Ta w\u0142a\u015bnie postawa jest sercem modlitwy<\/strong><strong>, wszystko inne jest dodatkiem.<\/strong> Podstawow\u0105 trudno\u015bci\u0105 z jak\u0105 b\u0119dziesz si\u0119 mierzy\u0142 b\u0119d\u0105 rozproszenia. Rozproszeniem na modlitwie jest wszystko to, co odrywa moje serce od Pana Boga. &nbsp;<\/p>\r\n<p><strong>Za ka\u017cdym razem, jak przyjdzie takie roztargnienie i zorientowa\u0142e\u015b si\u0119, \u017ce uwaga uciek\u0142a w inne miejsce, ze spokojem i bez irytacji wr\u00f3\u0107 do \u015bwiadomo\u015bci tego, \u017ce B\u00f3g jest przy tobie<\/strong>&nbsp;i tym samym do modlitwy.<\/p>\r\n<p><strong>Je\u015bli nie wiesz co m\u00f3wi\u0107, we\u017a do pomocy Pismo \u015awi\u0119te lub modlitewnik<\/strong> Cho\u0107 bycie z Bogiem, jak z przyjacielem, jest istot\u0105 modlitwy, mo\u017ce si\u0119 zdarzy\u0107, \u017ce nie b\u0119dziesz wiedzia\u0142 jak najlepiej wykorzysta\u0107 ten czas. M\u00f3wienie sercem do Boga, kt\u00f3ry jest \u017cyw\u0105 Osob\u0105 jest pot\u0119\u017cn\u0105 modlitw\u0105, jednak mo\u017ce by\u0107 tak, \u017ce nie b\u0119dziesz wiedzia\u0142 co dalej m\u00f3wi\u0107 i jak m\u00f3wi\u0107. W\u00f3wczas mo\u017cesz pos\u0142u\u017cy\u0107 si\u0119 Pismem \u015awi\u0119tym.<\/p>\r\n<p>Dobrym startem b\u0119dzie tutaj Ksi\u0119ga Psalm\u00f3w, zawieraj\u0105ca wiele pi\u0119knych tekst\u00f3w uwielbienia, pro\u015bby czy dzi\u0119kczynienia. Mo\u017cesz te\u017c skorzysta\u0107 z dobrego modlitewnika, kt\u00f3ry zawiera wiele gotowych modlitw. Przyzwoity modlitewnik zawsze zawiera du\u017co modlitw na wiele r\u00f3\u017cnych okazji np. o znalezienie pracy, zdrowie, b\u0142ogos\u0142awie\u0144stwo na drog\u0119, za rodzic\u00f3w itd.<\/p>\r\n<p>Trzeba jednak pami\u0119ta\u0107, \u017ce&nbsp;<strong>s\u0142owa zawsze s\u0105 czym\u015b wt\u00f3rnym, nigdy nie s\u0105 istot\u0105 modlitwy. S\u0142owa maj\u0105 wi\u0119c s\u0142u\u017cy\u0107 mojej obecno\u015bci przy Bogu, a nie j\u0105 zast\u0119powa\u0107.&nbsp; <\/strong>Je\u015bli moim sercem nie jestem przy Bogu, to tym bardziej nie b\u0119d\u0119 przy Nim w s\u0142owach, kt\u00f3re wypowiadam. S\u0142owa nadaj\u0105 kszta\u0142t mojej obecno\u015bci przy Bogu, s\u0105 sposobem mojego sp\u0119dzania czasu z Nim, po to s\u0105 w\u0142a\u015bnie wszystkie wypowiadane \u201cformu\u0142ki\u201d.<\/p>\r\n<p><strong>Ile czasu mam si\u0119 modli\u0107? <\/strong>Modlitwa dla duszy jest tym, czym pokarm dla cia\u0142a. Innej ilo\u015bci pokarmu potrzebuje niemowl\u0119, innej ma\u0142e dziecko, a jeszcze innej m\u0142odzieniec czy doros\u0142y cz\u0142owiek. Ro\u017cni si\u0119 tutaj nie tylko ilo\u015b\u0107, ale te\u017c i rodzaj \u2013 niemowl\u0119ciu nie damy mi\u0119sa, a z kolei doros\u0142y nie nasyci si\u0119 papk\u0105 dla niemowl\u0105t. Podobnie jest z rozwojem duszy, w zale\u017cno\u015bci od etapu rozwoju, inna jest potrzeba czasu przeznaczonego na modlitw\u0119. Dobrym znakiem jest stopniowe zwi\u0119kszanie czasu na modlitw\u0119.<\/p>\r\n<p><strong>Czy cz\u0119sto mam si\u0119 modli\u0107? <\/strong>Generalna zasada brzmi, \u017ce lepiej cz\u0119\u015bciej, a kr\u00f3cej ni\u017c rzadziej, a d\u0142u\u017cej.<strong>&nbsp;Lepszy jest skromny posi\u0142ek, ale kilka razy dziennie, ni\u017c wielka uczta raz w tygodniu.<\/strong>&nbsp;Najwa\u017cniejsze jest tutaj zacz\u0105\u0107, cho\u0107by od kr\u00f3tkiego czasu czy najprostszych modlitw, z czasem wejdzie to w krew, a w\u00f3wczas \u0142atwiej b\u0119dzie zwi\u0119ksza\u0107 ilo\u015b\u0107 czasu sp\u0119dzanego z Bogiem. Systematyczno\u015b\u0107 w modlitwie jest si\u0142\u0105 nap\u0119dow\u0105 rozwoju duchowego i wzrostu wiary czyli ca\u0142ej drogi ku Bogu.&nbsp;<strong>Kluczem na niej jednak nie s\u0105 wi\u0119c wielkie postanowienia, ale zaczynanie od tych drobnych, ale systematycznych.<\/strong> <strong>&nbsp;<\/strong><\/p>\r\n<figure id=\"block-11bfdc70-3a14-4d5e-94a4-c45b2bb4a6cf\" class=\"wp-block-image\"><a href=\"http:\/\/rafalk-elblag.pl\/wp-content\/uploads\/2021\/08\/ogloszenia-parafialne-baner-01a.jpg\"><img decoding=\"async\" src=\"http:\/\/rafalk-elblag.pl\/wp-content\/uploads\/2021\/08\/ogloszenia-parafialne-baner-01a.jpg\" alt=\"Obrazek posiada pusty atrybut alt; plik o nazwie ogloszenia-parafialne-baner-01a.jpg\"><\/a><\/figure>\r\n<!-- \/wp:post-content -->\r\n\r\n<!-- wp:paragraph \/-->\r\n\r\n<!-- wp:heading {\"level\":1} -->\r\n<h1 id=\"block-6d42405b-4ab7-4d06-b960-74c4b8e7c4ea\" class=\"wp-block-heading\">Og\u0142oszenia parafialne 22.09.2024 r.<\/h1>\r\n<p><strong>&nbsp;<\/strong><strong>&nbsp; <\/strong><strong>&nbsp;XXV <\/strong><strong>NIEDZIELA ZWYK\u0141A<\/strong><\/p>\r\n<ol>\r\n<li>&nbsp;W ka\u017cdy czwartek zapraszamy na<strong> Adoracj\u0119 Naj\u015bwi\u0119tszego Sakramentu w ciszy. <\/strong><em>Adoracja rozpoczyna si\u0119 po Mszy \u015bw. wieczornej i trwa do godziny 20:00. <\/em><\/li>\r\n<li>W tym tygodniu spotkania maj\u0105: we wtorek Odnowa w Duchu \u015awi\u0119tym (godz. 18:00), a w \u015brod\u0119 Kr\u0105g Biblijny (godz. 18:45), w sobot\u0119 (godz.10:00) S\u0142u\u017cba Liturgiczna O\u0142tarza(ministranci). &nbsp;<u><\/u>&nbsp;<\/li>\r\n<li><strong>Trwaj\u0105 zapisy do Sakramentu Bierzmowania m\u0142odzie\u017cy <\/strong>z klas VIII Szko\u0142y Podstawowej do ko\u0144ca wrze\u015bnia. <em>Zg\u0142oszenia przyjmuje ks. Piotr. Spotkanie organizacyjne w niedziele (29 wrze\u015bnia) po Mszy o 18:00<\/em><\/li>\r\n<li>W czwartek (26 wrze\u015bnia) w salce m\u0142odzie\u017cowej spotkanie z kandydatami do <strong>SAKRAMENTU BIERZMOWANIA<\/strong> przygotowuj\u0105cych si\u0119 ju\u017c drugi rok. Piotr oczekuje i zaprasza wszystkich kt\u00f3rzy pragn\u0105 kontynuowa\u0107 t\u0119 przygod\u0119 i sta\u0107 si\u0119 dojrza\u0142ymi chrze\u015bcijanami.<\/li>\r\n<li><strong>Apostolat Mi\u0142osierdzia Bo\u017cego<\/strong> oraz woluntariuszy <strong>Parafialnego Oddzia\u0142u Caritas<\/strong> zapraszamy w przysz\u0142\u0105 niedziel\u0119 na Msz\u0119 \u015bw. o godz. 15:00, a po Mszy \u015bw. na pierwsze powakacyjne spotkanie na plebanii.<\/li>\r\n<li>W ostatni\u0105 niedziel\u0119 wrze\u015bnia Wolontariusze Caritas b\u0119d\u0105 zbiera\u0107 przed ko\u015bcio\u0142em ofiary dla rzecz os\u00f3b poszkodowanych przez pow\u00f3d\u017a.<\/li>\r\n<li><strong style=\"font-size: 16px;\">PRZYPOMINAMY:<\/strong> <strong style=\"font-size: 16px;\">PARAFIALNY ODDZIA\u0141 CARITAS <\/strong><span style=\"font-size: 16px;\">naszej parafii znajduje si\u0119 przy ul. Myliusa 1A i czynny jest w pierwszy i trzeci czwartek miesi\u0105ca od 16:00 do godz. 17:00.<\/span><\/li>\r\n<li><strong>KANCELARIA PARAFIALNA:<\/strong>&nbsp;czynna w \u015brody od 16:00 do 17:30 oraz w pi\u0105tki po Mszy \u015bw. wieczorowej do godz. 19:30.<\/li>\r\n<li>W liturgii ko\u015bcio\u0142a w tym tygodniu, obchodzi\u0107 b\u0119dziemy:\r\n<ul>\r\n<li>w poniedzia\u0142ek 23 wrze\u015bnia &#8211; wspomnienie&nbsp;<strong>\u015aW. PIO Z PIETRELCINY<\/strong>, kap\u0142ana<\/li>\r\n<li>w pi\u0105tek 27 wrze\u015bnia \u2013 wspomnienie \u015bw. Wincentego a Paulo, kap\u0142ana<\/li>\r\n<li>w sobot\u0119 28 wrze\u015bnia &#8211; wspomnienie \u015bw. Wac\u0142awa, m\u0119czennika<\/li>\r\n<\/ul>\r\n<\/li>\r\n<li><strong style=\"font-size: 16px;\">Zapraszamy na Msze \u015bw. o godz. 8:00 oraz na godz. 18:00.<\/strong>&nbsp; Mamy ju\u017c mo\u017cliwo\u015b\u0107 zamawiania i rezerwacji Mszy \u015bwi\u0119tej&nbsp;<strong>na ROK 2025<\/strong>. Informacj\u0119 t\u0119 podajemy dla tych wszystkich, kt\u00f3rzy pragn\u0105 w konkretnym dniu zam\u00f3wi\u0107 intencj\u0119 mszaln\u0105.<\/li>\r\n<li>Zach\u0119cam do nabywania nowego numeru <strong>\u201eGo\u015bcia Niedzielnego\u201d<\/strong> w cenie 10 z\u0142 oraz dwumiesi\u0119cznika<strong> \u201eHISTORIA KO\u015aCIO\u0141A\u201d <\/strong>w cenie 12 z\u0142 Jest te\u017c wy\u0142o\u017cony<strong> BIULETYN PARAFIALNY<\/strong> na stolikach przy wej\u015bciu do ko\u015bcio\u0142a.<\/li>\r\n<li>Pan powo\u0142a\u0142 do wieczno\u015bci: \u015bp. Urszul\u0119 PIETRZAK lat 90 z ul. K\u0142oczowskiego, \u015bp. Feliks LUSTYK lat 84 z ul. Legion\u00f3w.&nbsp;&nbsp;&nbsp;&nbsp;&nbsp;&nbsp;&nbsp;&nbsp;&nbsp; <em>Wieczny odpoczynek racz jej da\u0107 Panie! A \u015bwiat\u0142o\u015b\u0107 wiekuista niechaj jej \u015bwieci.<\/em><\/li>\r\n<\/ol>\r\n<p style=\"line-height: 25.6px; text-align: center;\"><strong>Numer Konta Parafialnego<\/strong><\/p>\r\n<p style=\"line-height: 25.6px; text-align: center;\"><strong>PKO BP 72 1020 1752 0000 0102 0069 6047<\/strong><\/p>\r\n<p>&nbsp;<\/p>\r\n<!-- \/wp:heading -->\r\n\r\n<!-- wp:image -->\r\n<figure id=\"block-5f437b95-503a-4f29-91f7-75b7c74612d1\" class=\"wp-block-image\"><img decoding=\"async\" src=\"http:\/\/rafalk-elblag.pl\/wp-content\/uploads\/2020\/04\/baner-intencje-mszy.jpg\" alt=\"Obrazek posiada pusty atrybut alt; plik o nazwie baner-intencje-mszy.jpg\"><\/figure>\r\n<!-- \/wp:image -->\r\n\r\n<!-- wp:heading {\"level\":1} -->\r\n<h1 id=\"block-ebb85da5-2bf8-44c6-8a18-015b59726bae\" class=\"wp-block-heading\">Intencje mszalne 22.09.2024 r.<\/h1>\r\n<p><strong>Intencje Mszy \u015bw.<\/strong><\/p>\r\n<table width=\"716\">\r\n<tbody>\r\n<tr>\r\n<td colspan=\"2\" width=\"716\">\r\n<p><strong>XXVNIEDZIELA ZWYK\u0141A&nbsp; 22 wrze\u015bnia 2024 \/ <\/strong>Mk 9, 30-37<\/p>\r\n<\/td>\r\n<\/tr>\r\n<tr>\r\n<td width=\"73\">\r\n<p><strong>8.00<\/strong><\/p>\r\n<\/td>\r\n<td width=\"643\">\r\n<p>\u015bp. Zygmunt RADZISZEWSKI w 31 r.\u015bm.<\/p>\r\n<\/td>\r\n<\/tr>\r\n<tr>\r\n<td width=\"73\">\r\n<p><strong>10.00<\/strong><\/p>\r\n<\/td>\r\n<td width=\"643\">\r\n<p>Dzi\u0119kczynna z okazji urodzin <br>Mi\u0142osza z pro\u015bb\u0105 o Bo\u017ce B\u0142ogos\u0142awie\u0144stwo&nbsp; dary Ducha \u015aw. i Opiek\u0119 Matki Bo\u017cej Szkaplerznej<\/p>\r\n<\/td>\r\n<\/tr>\r\n<tr>\r\n<td width=\"73\">\r\n<p><strong>12.00 <\/strong><\/p>\r\n<\/td>\r\n<td width=\"643\">\r\n<p>\u015bp. Janusz JAROSI\u0143SKI gr.22<\/p>\r\n<\/td>\r\n<\/tr>\r\n<tr>\r\n<td width=\"73\">\r\n<p><strong>15.00<\/strong><\/p>\r\n<\/td>\r\n<td width=\"643\">\r\n<p>\u015bp. Maciej Bo\u017cek w 14 r.\u015bm.<\/p>\r\n<\/td>\r\n<\/tr>\r\n<tr>\r\n<td width=\"73\">\r\n<p><strong>18.00<\/strong><\/p>\r\n<\/td>\r\n<td width=\"643\">\r\n<p>W intencji Parafian<\/p>\r\n<\/td>\r\n<\/tr>\r\n<tr>\r\n<td colspan=\"2\" width=\"716\">\r\n<p><strong>PONIEDZIA\u0141EK \/ 23 wrze\u015bnia 2024<\/strong> \/ \u015bw. Pio z Pietrelciny &nbsp;\/ \u0141k 8, 16-18<\/p>\r\n<\/td>\r\n<\/tr>\r\n<tr>\r\n<td width=\"73\">\r\n<p><strong>8.00<\/strong><\/p>\r\n<\/td>\r\n<td width=\"643\">\r\n<p>\u015bp. Marcinek WI\u015aNIEWSKI w dniu urodzin ziemskich, za zmar\u0142ych z rodziny WI\u015aNIEWSKICH i FILAR<\/p>\r\n<\/td>\r\n<\/tr>\r\n<tr>\r\n<td width=\"73\">\r\n<p><strong>18.00<\/strong><\/p>\r\n<\/td>\r\n<td width=\"643\">\r\n<p>\u015ap. Barbara PETRYCKA w 22r.\u015bm. oraz rodzic\u00f3w z obojga stron Maria, Stanis\u0142aw, Maria, Franciszek oraz brat Alfred i bratow\u0105 Felicje<\/p>\r\n<\/td>\r\n<\/tr>\r\n<tr>\r\n<td width=\"73\">\r\n<p><strong>18.00<\/strong><\/p>\r\n<\/td>\r\n<td width=\"643\">\r\n<p>\u015bp. Janusz JAROSI\u0143SKI gr. 23<\/p>\r\n<\/td>\r\n<\/tr>\r\n<tr>\r\n<td colspan=\"2\" width=\"716\">\r\n<p><strong>WTOREK \/ 24 wrze\u015bnia 2024 <\/strong>&nbsp;\/ \u0141k 8, 19-21<\/p>\r\n<\/td>\r\n<\/tr>\r\n<tr>\r\n<td width=\"73\">\r\n<p><strong>8.00<\/strong><\/p>\r\n<\/td>\r\n<td width=\"643\">\r\n<p>\u015bp. Micha\u0142 \u017b\u00d3\u0141CIAK<\/p>\r\n<\/td>\r\n<\/tr>\r\n<tr>\r\n<td width=\"73\">\r\n<p><strong>18.00<\/strong><\/p>\r\n<\/td>\r\n<td width=\"643\">\r\n<p>\u015bp. Janusz JAROSI\u0143SKI gr.24<\/p>\r\n<\/td>\r\n<\/tr>\r\n<tr>\r\n<td width=\"73\">\r\n<p><strong>18.00<\/strong><\/p>\r\n<\/td>\r\n<td width=\"643\">\r\n<p>\u015bp. Szczepan \u017bY\u0141A w 7 r.\u015bm.<\/p>\r\n<\/td>\r\n<\/tr>\r\n<tr>\r\n<td colspan=\"2\" width=\"716\">\r\n<p><strong>\u015aRODA \/ 25 wrze\u015bnia 2024 <\/strong>\/ \u0141k 9, 1-6<\/p>\r\n<\/td>\r\n<\/tr>\r\n<tr>\r\n<td width=\"73\">\r\n<p><strong>8.00<\/strong><\/p>\r\n<\/td>\r\n<td width=\"643\">\r\n<p>\u015bp. Micha\u0142 \u017b\u00d3\u0141CIAK<\/p>\r\n<\/td>\r\n<\/tr>\r\n<tr>\r\n<td width=\"73\">\r\n<p><strong>18.00<\/strong><\/p>\r\n<\/td>\r\n<td width=\"643\">\r\n<p>\u015bp. Janusz JAROSI\u0143SKI gr.25<\/p>\r\n<\/td>\r\n<\/tr>\r\n<tr>\r\n<td width=\"73\">\r\n<p><strong>18.00<\/strong><\/p>\r\n<\/td>\r\n<td width=\"643\">\r\n<p>\u015ap. J\u00f3zef CZESZEJKO-SOCHACKI<\/p>\r\n<\/td>\r\n<\/tr>\r\n<tr>\r\n<td colspan=\"2\" width=\"716\">\r\n<p><strong>CZWARTEK \/ 26 wrze\u015bnia 2024<\/strong>&nbsp; \/ \u0141k 9, 7-9<\/p>\r\n<\/td>\r\n<\/tr>\r\n<tr>\r\n<td width=\"73\">\r\n<p><strong>8.00<\/strong><\/p>\r\n<\/td>\r\n<td width=\"643\">\r\n<p>\u015bp. Micha\u0142 \u017b\u00d3\u0141CIAK<\/p>\r\n<\/td>\r\n<\/tr>\r\n<tr>\r\n<td width=\"73\">\r\n<p><strong>18.00<\/strong><\/p>\r\n<\/td>\r\n<td width=\"643\">\r\n<p>\u015bp. Janusz JAROSI\u0143SKI gr.26<\/p>\r\n<\/td>\r\n<\/tr>\r\n<tr>\r\n<td width=\"73\">\r\n<p><strong>18.00<\/strong><\/p>\r\n<\/td>\r\n<td width=\"643\">\r\n<p>\u015bp. Danuta KONDRACKA w 5 miesi\u0105c po \u015bmierci &nbsp;<\/p>\r\n<\/td>\r\n<\/tr>\r\n<tr>\r\n<td colspan=\"2\" width=\"716\">\r\n<p><strong>PI\u0104TEK \/ 27 wrze\u015bnia 2024 <\/strong>\/ <em>\u015bw. Wincenty a Paulo &nbsp;<\/em>\/ \u0141k 9, 18-22<\/p>\r\n<\/td>\r\n<\/tr>\r\n<tr>\r\n<td width=\"73\">\r\n<p><strong>8.00<\/strong><\/p>\r\n<\/td>\r\n<td width=\"643\">\r\n<p><strong>\u015bp. Stanis\u0142awa (K) CIE\u015aLI\u0143SKA 21 rocznica \u015bmierci oraz \u015bp. Tadeusz, J\u00f3zef, Krystyna z rodziny CIE\u015aLI\u0143SKICH<\/strong><\/p>\r\n<\/td>\r\n<\/tr>\r\n<tr>\r\n<td width=\"73\">\r\n<p><strong>18.00<\/strong><\/p>\r\n<\/td>\r\n<td width=\"643\">\r\n<p>\u015bp. Janusz JAROSI\u0143SKI gr.27<\/p>\r\n<\/td>\r\n<\/tr>\r\n<tr>\r\n<td width=\"73\">\r\n<p><strong>18.00<\/strong><\/p>\r\n<\/td>\r\n<td width=\"643\">\r\n<p>Dzi\u0119kczynna za 18 lat \u017cycia z pro\u015bb\u0105 o \u0142ask\u0119 \u015bwi\u0119to\u015bci dla Gosi&nbsp;<\/p>\r\n<\/td>\r\n<\/tr>\r\n<tr>\r\n<td colspan=\"2\" width=\"716\">\r\n<p><strong>SOBOTA <\/strong>\/<strong> 28 wrze\u015bnia 2024<\/strong> \/ <em>\u015bw. Wac\u0142awa<\/em>&nbsp; \/ \u0141k 9, 43-45<\/p>\r\n<\/td>\r\n<\/tr>\r\n<tr>\r\n<td width=\"73\">\r\n<p><strong>8.00<\/strong><\/p>\r\n<\/td>\r\n<td width=\"643\">\r\n<p>Rez.<\/p>\r\n<\/td>\r\n<\/tr>\r\n<tr>\r\n<td width=\"73\">\r\n<p><strong>18.00<\/strong><\/p>\r\n<\/td>\r\n<td width=\"643\">\r\n<p>\u015bp. Janusz JAROSI\u0143SKI gr.28<\/p>\r\n<\/td>\r\n<\/tr>\r\n<tr>\r\n<td width=\"73\">\r\n<p><strong>18.00<\/strong><\/p>\r\n<\/td>\r\n<td width=\"643\">\r\n<p>\u015bp. Maria i Jan RUDOMINA, Tadeusz BIELSKI i zm. z rodziny<\/p>\r\n<\/td>\r\n<\/tr>\r\n<tr>\r\n<td colspan=\"2\" width=\"716\">\r\n<p><strong>XXVNIEDZIELA ZWYK\u0141A 29 wrze\u015bnia 2024 \/ <\/strong>Mk 9, 38-48<\/p>\r\n<\/td>\r\n<\/tr>\r\n<tr>\r\n<td width=\"73\">\r\n<p><strong>8.00<\/strong><\/p>\r\n<\/td>\r\n<td width=\"643\">\r\n<p>\u015bp. Sylwester BA\u0141DYGA w 5 r.\u015bm. i zm. Marianna(k), Feliks, Lucjan<\/p>\r\n<\/td>\r\n<\/tr>\r\n<tr>\r\n<td width=\"73\">\r\n<p><strong>10.00<\/strong><\/p>\r\n<\/td>\r\n<td width=\"643\">\r\n<p>\u015bp. Janusz JAROSI\u0143SKI gr.29<\/p>\r\n<\/td>\r\n<\/tr>\r\n<tr>\r\n<td width=\"73\">\r\n<p><strong>12.00<\/strong><\/p>\r\n<\/td>\r\n<td width=\"643\">\r\n<p>W intencji Parafian<\/p>\r\n<\/td>\r\n<\/tr>\r\n<tr>\r\n<td width=\"73\">\r\n<p><strong>12.00<\/strong><\/p>\r\n<\/td>\r\n<td width=\"643\">\r\n<p>Dzi\u0119kczynna w 50 r. \u015blubu Wies\u0142awa (k) i Edmund CYPRYS z pro\u015bb\u0105 o Bo\u017ce b\u0142ogos\u0142awie\u0144stwo i potrzebne \u0142aski dla z\u0142otych Jubilat\u00f3w<\/p>\r\n<\/td>\r\n<\/tr>\r\n<tr>\r\n<td width=\"73\">\r\n<p><strong>15.00<\/strong><\/p>\r\n<\/td>\r\n<td width=\"643\">\r\n<p>\u015bp. Joanna i Tomasz GALA, Irena, Marian, Ryszard, Anna z rodz. WIECHA, Stanis\u0142aw Teresa, Wanda z rodziny MALINOWSKICH<\/p>\r\n<\/td>\r\n<\/tr>\r\n<tr>\r\n<td width=\"73\">\r\n<p><strong>18.00<\/strong><\/p>\r\n<\/td>\r\n<td width=\"643\">\r\n<p>\u015ap. W\u0142adys\u0142awa, Wiktor, J\u00f3zef RUTKO i Franciszek, Leokadia, Jan MR\u00d3Z<\/p>\r\n<\/td>\r\n<\/tr>\r\n<\/tbody>\r\n<\/table>\r\n<p>&nbsp;<\/p>\r\n<p>&nbsp;<\/p>","protected":false},"excerpt":{"rendered":"<p>Jak si\u0119 Modli\u0107? \u2013 w pi\u0119ciu Krokach cd Jak si\u0119 dobrze modli\u0107? Od czego zacz\u0105\u0107? Czy to trudne? Wystarczy 5 prostych krok\u00f3w. Zdaj sobie spraw\u0119, \u017ce jest przy Tobie B\u00f3g. Modlitwa jest to czas sp\u0119dzany z Panem Bogiem. U\u015bwiadomienie sobie, \u017ce jest On teraz przy mnie i ze mn\u0105, i trwanie w tej \u015bwiadomo\u015bci, jest [&hellip;]<\/p>\n","protected":false},"author":1,"featured_media":5585,"comment_status":"closed","ping_status":"closed","sticky":false,"template":"","format":"standard","meta":{"ngg_post_thumbnail":0,"footnotes":""},"categories":[11,8,4,3],"tags":[],"class_list":["post-5579","post","type-post","status-publish","format-standard","has-post-thumbnail","hentry","category-aktualnosci","category-blog","category-intencje","category-ogloszenia"],"_links":{"self":[{"href":"https:\/\/rafalk-elblag.pl\/index.php?rest_route=\/wp\/v2\/posts\/5579","targetHints":{"allow":["GET"]}}],"collection":[{"href":"https:\/\/rafalk-elblag.pl\/index.php?rest_route=\/wp\/v2\/posts"}],"about":[{"href":"https:\/\/rafalk-elblag.pl\/index.php?rest_route=\/wp\/v2\/types\/post"}],"author":[{"embeddable":true,"href":"https:\/\/rafalk-elblag.pl\/index.php?rest_route=\/wp\/v2\/users\/1"}],"replies":[{"embeddable":true,"href":"https:\/\/rafalk-elblag.pl\/index.php?rest_route=%2Fwp%2Fv2%2Fcomments&post=5579"}],"version-history":[{"count":5,"href":"https:\/\/rafalk-elblag.pl\/index.php?rest_route=\/wp\/v2\/posts\/5579\/revisions"}],"predecessor-version":[{"id":5588,"href":"https:\/\/rafalk-elblag.pl\/index.php?rest_route=\/wp\/v2\/posts\/5579\/revisions\/5588"}],"wp:featuredmedia":[{"embeddable":true,"href":"https:\/\/rafalk-elblag.pl\/index.php?rest_route=\/wp\/v2\/media\/5585"}],"wp:attachment":[{"href":"https:\/\/rafalk-elblag.pl\/index.php?rest_route=%2Fwp%2Fv2%2Fmedia&parent=5579"}],"wp:term":[{"taxonomy":"category","embeddable":true,"href":"https:\/\/rafalk-elblag.pl\/index.php?rest_route=%2Fwp%2Fv2%2Fcategories&post=5579"},{"taxonomy":"post_tag","embeddable":true,"href":"https:\/\/rafalk-elblag.pl\/index.php?rest_route=%2Fwp%2Fv2%2Ftags&post=5579"}],"curies":[{"name":"wp","href":"https:\/\/api.w.org\/{rel}","templated":true}]}}