{"id":5568,"date":"2024-09-14T09:32:21","date_gmt":"2024-09-14T09:32:21","guid":{"rendered":"https:\/\/rafalk-elblag.pl\/?p=5568"},"modified":"2024-09-18T19:25:21","modified_gmt":"2024-09-18T19:25:21","slug":"xxiv-niedziela-zwykla","status":"publish","type":"post","link":"https:\/\/rafalk-elblag.pl\/?p=5568","title":{"rendered":"15.09.2024 R. XXIV NIEDZIELA ZWYK\u0141A"},"content":{"rendered":"<h1><strong>Jak si\u0119 Modli\u0107? \u2013 w pi\u0119ciu Krokach<\/strong><\/h1>\r\n<p><em>Jak samoch\u00f3d bez paliwa nie jest w stanie jecha\u0107, tak cz\u0142owiek bez modlitwy jest w stanie poznawa\u0107 Boga i zbli\u017ca\u0107 si\u0119 do Niego. <\/em><\/p>\r\n<h3><u>Podejmij decyzj\u0119 o modlitwie i b\u0105d\u017a jej wierny<\/u><\/h3>\r\n<p>Wbrew pozorom jest to jeden z najwa\u017cniejszych krok\u00f3w, wiele mo\u017cna m\u00f3wi\u0107 o modlitwie, ale je\u015bli nie podejmiesz stanowczej decyzji i nie b\u0119dziesz w niej konsekwentny, to sko\u0144czy si\u0119 jedynie na planach.&nbsp;<strong>Jedne z najwi\u0119kszych bitew duchowych jakie toczymy, jest w\u0142a\u015bnie ta o czas dla Pana Boga, czyli o modlitw\u0119<\/strong>. Je\u015bli masz czas to nie odk\u0142adaj modlitwy na p\u00f3\u017aniej, je\u015bli za\u015b czasu w danym momencie nie masz, to zaplanuj modlitw\u0119 wtedy, kiedy b\u0119dzie to mo\u017cliwe. Pami\u0119taj, \u017ce podczas modlitwy <a href=\"https:\/\/modlitwy24.pl\/po-co-sie-modlic\/\">otrzymujesz wielkie dobra<\/a>, nawet je\u015bli tego nie odczuwasz.&nbsp;<strong>Pan B\u00f3g nagrodzi ka\u017cd\u0105 sekund\u0119 z Nim sp\u0119dzon\u0105.<\/strong><\/p>\r\n<h3><u>Wybierz odpowiednie miejsce<\/u><\/h3>\r\n<p>&nbsp;&nbsp;&nbsp;&nbsp;&nbsp;&nbsp;&nbsp; Pami\u0119taj, \u017ce&nbsp;<strong>modlitwa to spotkanie z Panem Bogiem<\/strong>, to czas z Nim sp\u0119dzony.&nbsp;<strong>Miejsce wi\u0119c powinno by\u0107 przestrzeni\u0105, kt\u00f3ra w tym pomo\u017ce.<\/strong> Mo\u017cesz uda\u0107 si\u0119 do najbli\u017cszego ko\u015bcio\u0142a, znajdziesz tam cisz\u0119 i spok\u00f3j, kt\u00f3ry sprzyja modlitwie i \u0142atwiej unikniesz zewn\u0119trznych rozprosze\u0144. Minusem jest to, \u017ce trzeba podj\u0105\u0107 dodatkowy wysi\u0142ek udania si\u0119 do \u015bwi\u0105tyni. Najcz\u0119\u015bciej jednak nie ma tyle czasu, aby szuka\u0107 ciszy i spokoju w ko\u015bciele, kt\u00f3ry mo\u017ce by\u0107 po\u0142o\u017cony daleko od domu. W\u00f3wczas dobrze b\u0119dzie pomodli\u0107 si\u0119 w miejscu w kt\u00f3rym jeste\u015bmy, cz\u0119sto jest to dom w kt\u00f3rym mieszkamy. Wa\u017cne jest tutaj, aby&nbsp;<strong>poszuka\u0107 ciszy<\/strong>, zamkn\u0105\u0107 drzwi, wy\u0142\u0105czy\u0107 telewizor, telefon, radio, wszystko co rozprasza. <em>\u201cTy za\u015b, gdy chcesz si\u0119 modli\u0107, wejd\u017a do swej izdebki, zamknij drzwi i m\u00f3dl si\u0119 do Ojca twego, kt\u00f3ry jest w ukryciu. A Ojciec tw\u00f3j, kt\u00f3ry widzi w ukryciu, odda tobie\u201d (Mt 6,6)<\/em> Na modlitwie b\u0119dziesz zmaga\u0142 si\u0119 z rozproszeniami wewn\u0119trznymi, r\u00f3\u017cnymi my\u015blami, kt\u00f3re b\u0119d\u0105 odrywa\u0142y serce od obecno\u015bci przy Bogu, nie ma wi\u0119c sensu dodawa\u0107 rozproszenia zewn\u0119trzne przez to, \u017ce nie zadbali\u015bmy o cisz\u0119 na modlitwie. <strong>Dobrze jest te\u017c mie\u0107 sta\u0142e miejsce, w kt\u00f3rym si\u0119 modlimy<\/strong>, mo\u017cna zbudowa\u0107 w\u0142asny o\u0142tarzyk, kt\u00f3ry b\u0119dzie przypomina\u0142 o modlitwie i tworzy\u0142 dla niej dobr\u0105 przestrze\u0144. Oczywi\u015bcie modli\u0107 si\u0119 te\u017c mo\u017cemy w <a href=\"https:\/\/modlitwy24.pl\/sposoby-modlitwy\/\">r\u00f3\u017cnych innych sytuacjach<\/a>, bez zaw\u0119\u017cania czasu dla Boga jedynie do ko\u015bcio\u0142a i domowego zacisza.<\/p>\r\n<h3><u>Wybierz odpowiedni\u0105 postaw\u0119 cia\u0142a<\/u><\/h3>\r\n<p>Trzeba pami\u0119ta\u0107, \u017ce postawa ma s\u0142u\u017cy\u0107 mi, nie ja postawie. <strong>Postawa ma pomaga\u0107 mojemu sercu trwa\u0107 przy Panu Bogu, je\u015bli nie pomaga, a przeszkadza, trzeba po prostu j\u0105 zmieni\u0107. Wszystko zale\u017cy od sytuacji.<\/strong> Je\u015bli jestem w domu mam czas i spok\u00f3j, czy te\u017c jak jestem w kaplicy to mog\u0119 ukl\u0119kn\u0105\u0107, bo ta postawa pomaga mi stan\u0105\u0107 w pokorze przed Bogiem; gdy robi\u0119 d\u0142u\u017csz\u0105 medytacj\u0119 z Pismem \u015awi\u0119tym to raczej usi\u0105d\u0119, bo b\u00f3l kolan nie pomaga w rozwa\u017caniach; jestem na spacerze, to modl\u0119 si\u0119 sercem id\u0105c. Generalnie,&nbsp;<strong>przy wyborze postawy warto wraca\u0107 do tego, co jest celem modlitwy<\/strong> i wybiera\u0107 \u015brodki, kt\u00f3re temu celowi s\u0142u\u017c\u0105 i rezygnowa\u0107 z tych, kt\u00f3re mnie od niego oddalaj\u0105.<\/p>\r\n<figure id=\"block-11bfdc70-3a14-4d5e-94a4-c45b2bb4a6cf\" class=\"wp-block-image\"><a href=\"http:\/\/rafalk-elblag.pl\/wp-content\/uploads\/2021\/08\/ogloszenia-parafialne-baner-01a.jpg\"><img decoding=\"async\" src=\"http:\/\/rafalk-elblag.pl\/wp-content\/uploads\/2021\/08\/ogloszenia-parafialne-baner-01a.jpg\" alt=\"Obrazek posiada pusty atrybut alt; plik o nazwie ogloszenia-parafialne-baner-01a.jpg\"><\/a><\/figure>\r\n<!-- \/wp:post-content -->\r\n\r\n<!-- wp:paragraph \/-->\r\n\r\n<!-- wp:heading {\"level\":1} -->\r\n<h1 id=\"block-6d42405b-4ab7-4d06-b960-74c4b8e7c4ea\" class=\"wp-block-heading\">Og\u0142oszenia parafialne 15.09.2024 r.<\/h1>\r\n<p><strong>&nbsp;<\/strong><strong>&nbsp; <\/strong><strong>&nbsp;XXIV <\/strong><strong>NIEDZIELA ZWYK\u0141A<\/strong><\/p>\r\n<ol>\r\n<li><strong>Zapraszamy dzisiaj lider\u00f3w wsp\u00f3lnot przy naszej parafii na&nbsp; Msz\u0119 \u015bw. o godz. 15:00, kt\u00f3r\u0105 rozpoczniemy nowy rok duszpasterski i formacyjny. W czasie Mszy \u015bw. ka\u017cda wsp\u00f3lnota otrzyma \u015bwiec\u0119 \u2013 jako symbol \u015bwiat\u0142a Chrystusa, aby to \u015bwiat\u0142o roz\u015bwietla\u0142o drog\u0119 na kolejny rok s\u0142u\u017cby Bogu i ludziom. <\/strong><\/li>\r\n<\/ol>\r\n<p><strong><em>PO MSZY \u015aW. ZAPRASZAM NA SPOTKANIE NA PLEBANII.<\/em><\/strong><\/p>\r\n<ol start=\"2\">\r\n<li>W poniedzia\u0142ek 16 wrze\u015bnia br. dzie\u0144 spotkania i formacji dla<strong> RODZINY I BRACTWA SZKAPLERZNEGO<\/strong>. Serdecznie zapraszamy na Msz\u0119 \u015bw. o godz. 18:00 podczas kt\u00f3rej mo\u017cna przyj\u0105\u0107 szkaplerz \u015bwi\u0119ty a po niej na Nabo\u017ce\u0144stwo do Matki Bo\u017cej Szkaplerznej.<\/li>\r\n<li>W wtorek 17 wrze\u015bnia w ko\u015bciele pw. \u201eWszystkich \u015awi\u0119tych\u201d w Elbl\u0105gu dla Zwi\u0105zku Sybirak\u00f3w i Kombatant\u00f3w <strong>z okazji 85 rocznicy napa\u015bci sowieckiej na Polsk\u0119 o godz. 9:00 zostanie odprawiona Msza \u015bwi\u0119ta. <\/strong><em>Po niej dalsze uroczysto\u015bci przy Krzy\u017cu Katy\u0144skim na Cmentarzu Komunalnym przy Agrykola. Zapraszamy do wsp\u00f3lnej modlitwy.<\/em><\/li>\r\n<li>W ka\u017cdy czwartek zapraszamy na<strong> Adoracj\u0119 Naj\u015bwi\u0119tszego Sakramentu w ciszy. <\/strong><em>Adoracja rozpoczyna si\u0119 po Mszy \u015bw. wieczornej i trwa\u0142a do godziny 20:00. <\/em><\/li>\r\n<li><strong>Trwaj\u0105 zapisy do Sakramentu Bierzmowania m\u0142odzie\u017cy <\/strong>z klas VIII Szko\u0142y Podstawowej do ko\u0144ca wrze\u015bnia. <em>Zg\u0142oszenia przyjmuje ks. Piotr.<\/em><\/li>\r\n<li>Wiele os\u00f3b do\u015bwiadcza cierpienia wobec swojego uzale\u017cnienia, b\u0105d\u017a uzale\u017cnienia najbli\u017cszych a tak\u017ce innych prze\u017cywanych problem\u00f3w. Stowarzyszenie <strong>KARAN <\/strong>zaprasza do wsp\u00f3lnej modlitwy w trzeci\u0105 niedziel\u0119 miesi\u0105ca. <em>Chciejmy swoje cierpienia i trudy powierza\u0107 Wszechmog\u0105cemu Panu. Zapraszamy na Msz\u0119 \u015bw. w niedziel\u0119 15 wrze\u015bnia o godz. 16:00, w ko\u015bciele Bo\u017cego Cia\u0142a, ul. Robotnicza 29 w Elbl\u0105gu. Po Eucharystii spotkanie przy herbacie. <\/em><\/li>\r\n<li><strong>KANCELARIA PARAFIALNA:<\/strong> czynna w \u015brody od 16:00 do 17:30 oraz w pi\u0105tki po Mszy \u015bw. wieczorowej do godz. 19:30.<\/li>\r\n<li>W liturgii ko\u015bcio\u0142a w tym tygodniu, obchodzi\u0107 b\u0119dziemy:<\/li>\r\n<\/ol>\r\n<ul>\r\n<li>w \u015brod\u0119 18 wrze\u015bnia \u2013 \u015bwi\u0119to \u015bw. Stanis\u0142awa Kostki, Patrona Polski<\/li>\r\n<li>w sobot\u0119 21 wrze\u015bnia &#8211; \u015bwi\u0119to \u015bw. Mateusza Aposto\u0142a i Ewangelisty.<\/li>\r\n<\/ul>\r\n<ol start=\"9\">\r\n<li>Zach\u0119cam do nabywania nowego numeru <strong>\u201eGo\u015bcia Niedzielnego\u201d<\/strong> w cenie 10 z\u0142 oraz dwumiesi\u0119cznika<strong> \u201eHISTORIA KO\u015aCIO\u0141A\u201d <\/strong>w cenie 12 z\u0142 Jest te\u017c wy\u0142o\u017cony<strong> BIULETYN PARAFIALNY<\/strong> na stolikach przy wej\u015bciu do ko\u015bcio\u0142a.<\/li>\r\n<li>Pan powo\u0142a\u0142 do wieczno\u015bci: \u015bp. Miros\u0142aw\u0119(k)WABI\u0143SK\u0104 lat 65 z ul. Broniewskiego&nbsp; <em style=\"font-size: 16px;\">Wieczny odpoczynek racz jej da\u0107 Panie! A \u015bwiat\u0142o\u015b\u0107 wiekuista niechaj jej \u015bwieci.<\/em><\/li>\r\n<\/ol>\r\n<p style=\"line-height: 25.6px; text-align: center;\"><strong>Numer Konta Parafialnego<\/strong><\/p>\r\n<p style=\"line-height: 25.6px; text-align: center;\"><strong>PKO BP 72 1020 1752 0000 0102 0069 6047<\/strong><\/p>\r\n<p>&nbsp;<\/p>\r\n<!-- \/wp:heading -->\r\n\r\n<!-- wp:image -->\r\n<figure id=\"block-5f437b95-503a-4f29-91f7-75b7c74612d1\" class=\"wp-block-image\"><img decoding=\"async\" src=\"http:\/\/rafalk-elblag.pl\/wp-content\/uploads\/2020\/04\/baner-intencje-mszy.jpg\" alt=\"Obrazek posiada pusty atrybut alt; plik o nazwie baner-intencje-mszy.jpg\"><\/figure>\r\n<!-- \/wp:image -->\r\n\r\n<!-- wp:heading {\"level\":1} -->\r\n<h1 id=\"block-ebb85da5-2bf8-44c6-8a18-015b59726bae\" class=\"wp-block-heading\">Intencje mszalne 15.09.2024 r.<\/h1>\r\n<p><strong>XXIV NIEDZIELA ZWYK\u0141A 15 wrze\u015bnia 2024 \/ <\/strong>Mk 8, 27-35<\/p>\r\n<p><strong>8.00<\/strong> O Bo\u017ce b\u0142ogos\u0142awie\u0144stwo&nbsp; i opiek\u0119 MB dla wnuczek: Monika, Mariola, Katarzyna oraz dla wnuczka Roberta<\/p>\r\n<p><strong>10.00<\/strong> Za dusze w czy\u015b\u0107cu cierpi\u0105ce&nbsp; oraz za \u015bp. Romana (M)<\/p>\r\n<p><strong>12.00<\/strong> Dzi\u0119kczynna w 50 rocznic\u0119 \u015blubu&nbsp; Krystyna i Stanis\u0142awa z pro\u015bb\u0105 o Bo\u017ce b\u0142ogos\u0142awie\u0144stwo, opiek\u0119 Matki Bo\u017cej Szkaplerznej dla Z\u0142otych Jubilat\u00f3w<\/p>\r\n<p><strong>15.00<\/strong> Dzi\u0119kczynna w 65 lat \u017cycia Anny DUDA oraz za Ma\u0142gorzat\u0119 i Macieja w 5 rocz. \u015alubu z pro\u015bb\u0105 o Bo\u017ce b\u0142ogos\u0142awie\u0144stwo, potrzebne \u0142aski i opiek\u0119 Matki Bo\u017cej Szkaplerznej&nbsp;<\/p>\r\n<p><strong>15.00<\/strong> W intencji Parafian zw\u0142aszcza za wsp\u00f3lnoty kt\u00f3re inauguruj\u0105 nowy rok formacyjny<\/p>\r\n<p><strong>18.00<\/strong> \u015bp. Janusz JAROSI\u0143SKI gr.15<\/p>\r\n<p><strong>PONIEDZIA\u0141EK \/ 16 wrze\u015bnia 2024<\/strong> \/ \u015bw. Korneliusza &nbsp;\/ \u0141k 7, 1-10<\/p>\r\n<p><strong>8.00<\/strong> \u015bp. Janusz JAROSI\u0143SKI gr. 16<\/p>\r\n<p><strong>8.00<\/strong> \u015bp. Adam MALISZEWSKI w 30 dzie\u0144 po pogrzebie<\/p>\r\n<p><strong>18.00<\/strong> W intencji Rodziny Bractwa Szkaplerznego &nbsp;<\/p>\r\n<p><strong>WTOREK \/ 17 wrze\u015bnia 2024 <\/strong>\/\u015bw. Roberta Bellarmina \/ \u0141k 7, 11-17<\/p>\r\n<p><strong>8.00<\/strong> \u015bp. Micha\u0142 \u017b\u00d3\u0141CIAK<\/p>\r\n<p><strong>18.00<\/strong> \u015bp. Janusz JAROSI\u0143SKI gr.17<\/p>\r\n<p><strong>18.00<\/strong> \u015bp. Mieczys\u0142aw, W\u0142odzimierz i zm. z rodz. WILE\u0143SKICH i HANDUKIEWICZ<\/p>\r\n<p><strong>\u015aRODA \/ 18 wrze\u015bnia 2024 <\/strong>\/ \u015bw. Stanis\u0142awa Kostki \/ \u0141k 2, 41-52<\/p>\r\n<p><strong>8.00<\/strong> \u015bp. Micha\u0142 \u017b\u00d3\u0141CIAK<\/p>\r\n<p><strong>18.00<\/strong> \u015bp. Janusz JAROSI\u0143SKI gr.18<\/p>\r\n<p><strong>18.00<\/strong> Dzi\u0119kczynna w 25 rocznic\u0119 \u015blubu&nbsp; Renaty i S\u0142awomira&nbsp; z pro\u015bb\u0105 o Bo\u017ce b\u0142ogos\u0142awie\u0144stwo, opiek\u0119 Matki Bo\u017cej Szkaplerznej<\/p>\r\n<p><strong>CZWARTEK \/ 19 wrze\u015bnia 2024<\/strong> &nbsp;\/ <em>\u015bw. Januarego<\/em> \/ \u0141k 7, 36-50<\/p>\r\n<p><strong>8.00<\/strong> \u015bp. Micha\u0142 \u017b\u00d3\u0141CIAK<\/p>\r\n<p><strong>18.00<\/strong> \u015bp. Janusz JAROSI\u0143SKI gr.19<\/p>\r\n<p><strong>18.00<\/strong> \u015bp. Stefania BRZEZI\u0143SKA w 4 miesi\u0105c po pogrzebie<\/p>\r\n<p><strong>PI\u0104TEK \/ 20 wrze\u015bnia 2024 <\/strong>\/ <em>\u015bw. Andrzeja Kim Taegon i Towarzyszy &nbsp;<\/em>\/ \u0141k 8, 1-3<\/p>\r\n<p><strong>8.00<\/strong> \u015bp. Genowefa i Aleksander KACZY\u0143SCY w 6r.\u015bm. oraz za Jan SIDOROWICZ 1r<\/p>\r\n<p><strong>18.00<\/strong> \u015bp. Janusz JAROSI\u0143SKI gr.20<\/p>\r\n<p><strong>18.00<\/strong> \u015bp. Zofia w 2 r.\u015bm. &nbsp;<\/p>\r\n<p><strong>SOBOTA <\/strong>\/<strong> 21 wrze\u015bnia 2024<\/strong> \/ <em>\u015bw. Mateusza Aposto\u0142a<\/em>&nbsp; \/ Mt 9, 9-13<\/p>\r\n<p><strong>8.00<\/strong> Dzi\u0119kczynno b\u0142agalna za ks. Mateusza KAZIMIERCZAKA z okazji imienin z pro\u015bb\u0105 o Bo\u017ce b\u0142ogos\u0142awie\u0144stwo, dary Ducha \u015aw. i opiek\u0119 Matki Bo\u017cej &nbsp;intencja od Margeretek<\/p>\r\n<p><strong>8.00<\/strong> \u015bp. Micha\u0142 \u017b\u00d3\u0141CIAK<\/p>\r\n<p><strong>18.00<\/strong> \u015bp. Janusz JAROSI\u0143SKI gr.21<\/p>\r\n<p><strong>18.00<\/strong> \u015bp. W\u0142adys\u0142awa(K) Julian, Regina, Bogdan i zm. z obojga stron<\/p>\r\n<p><strong>XXVNIEDZIELA ZWYK\u0141A <\/strong><strong>22 wrze\u015bnia 2024 \/ <\/strong>Mk 9, 30-37<\/p>\r\n<p><strong>8.00<\/strong> \u015bp. Zygmunt RADZISZEWSKI w 31 r.\u015bm.<\/p>\r\n<p><strong>10.00<\/strong> Dzi\u0119kczynna z okazji urodzin Mi\u0142osza z pro\u015bb\u0105 o Bo\u017ce B\u0142og. dary Ducha \u015aw. i Opiek\u0119 Matki Bo\u017cej Szkaplerznej<\/p>\r\n<p><strong>12.00<\/strong>\u015bp. Janusz JAROSI\u0143SKI gr.22<\/p>\r\n<p><strong>15.00<\/strong> \u015bp. Maciej Bo\u017cek w 14 r.\u015bm.<\/p>\r\n<p><strong>18.00<\/strong> W intencji Parafian<\/p>","protected":false},"excerpt":{"rendered":"<p>Jak si\u0119 Modli\u0107? \u2013 w pi\u0119ciu Krokach Jak samoch\u00f3d bez paliwa nie jest w stanie jecha\u0107, tak cz\u0142owiek bez modlitwy jest w stanie poznawa\u0107 Boga i zbli\u017ca\u0107 si\u0119 do Niego. Podejmij decyzj\u0119 o modlitwie i b\u0105d\u017a jej wierny Wbrew pozorom jest to jeden z najwa\u017cniejszych krok\u00f3w, wiele mo\u017cna m\u00f3wi\u0107 o modlitwie, ale je\u015bli nie podejmiesz [&hellip;]<\/p>\n","protected":false},"author":1,"featured_media":5571,"comment_status":"closed","ping_status":"closed","sticky":false,"template":"","format":"standard","meta":{"ngg_post_thumbnail":0,"footnotes":""},"categories":[11,8,4,3],"tags":[],"class_list":["post-5568","post","type-post","status-publish","format-standard","has-post-thumbnail","hentry","category-aktualnosci","category-blog","category-intencje","category-ogloszenia"],"_links":{"self":[{"href":"https:\/\/rafalk-elblag.pl\/index.php?rest_route=\/wp\/v2\/posts\/5568","targetHints":{"allow":["GET"]}}],"collection":[{"href":"https:\/\/rafalk-elblag.pl\/index.php?rest_route=\/wp\/v2\/posts"}],"about":[{"href":"https:\/\/rafalk-elblag.pl\/index.php?rest_route=\/wp\/v2\/types\/post"}],"author":[{"embeddable":true,"href":"https:\/\/rafalk-elblag.pl\/index.php?rest_route=\/wp\/v2\/users\/1"}],"replies":[{"embeddable":true,"href":"https:\/\/rafalk-elblag.pl\/index.php?rest_route=%2Fwp%2Fv2%2Fcomments&post=5568"}],"version-history":[{"count":9,"href":"https:\/\/rafalk-elblag.pl\/index.php?rest_route=\/wp\/v2\/posts\/5568\/revisions"}],"predecessor-version":[{"id":5583,"href":"https:\/\/rafalk-elblag.pl\/index.php?rest_route=\/wp\/v2\/posts\/5568\/revisions\/5583"}],"wp:featuredmedia":[{"embeddable":true,"href":"https:\/\/rafalk-elblag.pl\/index.php?rest_route=\/wp\/v2\/media\/5571"}],"wp:attachment":[{"href":"https:\/\/rafalk-elblag.pl\/index.php?rest_route=%2Fwp%2Fv2%2Fmedia&parent=5568"}],"wp:term":[{"taxonomy":"category","embeddable":true,"href":"https:\/\/rafalk-elblag.pl\/index.php?rest_route=%2Fwp%2Fv2%2Fcategories&post=5568"},{"taxonomy":"post_tag","embeddable":true,"href":"https:\/\/rafalk-elblag.pl\/index.php?rest_route=%2Fwp%2Fv2%2Ftags&post=5568"}],"curies":[{"name":"wp","href":"https:\/\/api.w.org\/{rel}","templated":true}]}}