{"id":5561,"date":"2024-09-05T19:58:52","date_gmt":"2024-09-05T19:58:52","guid":{"rendered":"https:\/\/rafalk-elblag.pl\/?p=5561"},"modified":"2024-09-08T07:33:23","modified_gmt":"2024-09-08T07:33:23","slug":"08-08-2024-r-xxiii-niedziela-zwykla","status":"publish","type":"post","link":"https:\/\/rafalk-elblag.pl\/?p=5561","title":{"rendered":"08.08.2024 r. XXIII Niedziela Zwyk\u0142a"},"content":{"rendered":"<h3><strong>Po co si\u0119 Modli\u0107?<\/strong><\/h3>\r\n<p><em>Je\u015bli nie wiesz po co si\u0119 modli\u0107, to albo w og\u00f3le nie b\u0119dziesz si\u0119 modli\u0142, albo pr\u0119dzej czy p\u00f3\u017aniej porzucisz modlitw\u0119<\/em><em>.<\/em><\/p>\r\n<h3><strong>Rozwija si\u0119 zmys\u0142 wiary<\/strong><\/h3>\r\n<p>Id\u0105c za my\u015bl\u0105 \u015bw. Tomasza z Akwinu, dzi\u0119ki wierze dostrzegamy Bo\u017ce prowadzenie w tym, co do tej pory mog\u0142o wydawa\u0107 si\u0119 jakim\u015b przypadkowym zbiegiem okoliczno\u015bci.&nbsp;<strong>Dzi\u0119ki wierze zaczynamy widzie\u0107 sens tam, gdzie do tej pory tego sensu nie widzieli\u015bmy, a to wszystko w miar\u0119 rozwoju zmys\u0142u wiary.<\/strong>&nbsp;Wiara te\u017c wprowadza pok\u00f3j do naszego serca pomimo zmaga\u0144, kt\u00f3re prze\u017cywamy, poniewa\u017c widzimy je w pe\u0142niejszym \u015bwietle.<\/p>\r\n<h3><strong>Poprawia si\u0119 zdolno\u015b\u0107 rozeznawania, mi\u0119dzy tym co w danej sytuacji jest z\u0142e, dobre czy bardziej dobre <\/strong><\/h3>\r\n<p>Na modlitwie uczymy si\u0119 rozeznania, tego co Jezus by zrobi\u0142 w tej sytuacji.&nbsp;<strong>Nabieramy si\u0142 duchowych do p\u00f3j\u015bcia |w stron\u0119 dobra.<\/strong> Rozezna\u0107 dobro, kt\u00f3re nale\u017cy wykona\u0107 to jedno, ale czasem p\u00f3j\u015b\u0107 t\u0105 drog\u0105 jest o wiele trudniej. Dzi\u0119ki modlitwie nabieramy si\u0142 do wykonania dobra, kt\u00f3re rozeznali\u015bmy i unikni\u0119cia z\u0142a w kt\u00f3re cz\u0119sto z \u0142atwo\u015bci\u0105 si\u0119 pchamy.<\/p>\r\n<h3><strong>Zawsze wraca do nas jako dobro.<\/strong><\/h3>\r\n<p>\u015aw. Bonawentury mawia\u0142, \u017ce&nbsp;<em>\u201cczas, kt\u00f3ry po\u015bwi\u0119camy na modlitw\u0119, B\u00f3g zwr\u00f3ci nam z b\u0142ogos\u0142awie\u0144stwami w naszych czynach\u201d.<\/em> &nbsp;&nbsp;<strong>Im bardziej jestem hojny wobec Boga, tym bardziej B\u00f3g jest hojny wobec mnie.<\/strong> On nie mo\u017ce mnie nie obdarowa\u0107, gdy ja Go obdarowuj\u0119, gdy daj\u0119 Mu sw\u00f3j czas, musia\u0142by niejako zaprzeczy\u0107 samemu sobie, a tego nie mo\u017ce uczyni\u0107. Warto wi\u0119c korzysta\u0107 z tej pi\u0119knej cnoty Bo\u017cej sprawiedliwo\u015bci w\u0142a\u015bnie na modlitwie.<\/p>\r\n<h3><strong>Pomaga unikn\u0105\u0107 niepotrzebnych trudno\u015bci<\/strong><\/h3>\r\n<p>Wielu zmaga\u0144 w \u017cyciu codziennym nie unikniemy, przez wiele z nich rozwijamy si\u0119 duchowo i osobowo, ale s\u0105 te\u017c takie trudno\u015bci, kt\u00f3re mog\u0105 by\u0107 nam oszcz\u0119dzone. Cz\u0119sto modlitwa jest poprzedzona bitw\u0105, w kt\u00f3rej trzeba pokona\u0107 w\u0142asn\u0105 niech\u0119\u0107 i lenistwo. <strong>Je\u015bli jednak wygrasz bitw\u0119 o modlitw\u0119, B\u00f3g za Ciebie wygra o wiele powa\u017cniejsze zmaganie, kt\u00f3re jest przed tob\u0105, a kt\u00f3rego mo\u017ce nawet si\u0119 nie spodziewasz.<\/strong> Pami\u0119taj, B\u00f3g nie pozostawi bez nagrody \u017cadnej bitwy wygranej dla Niego. Ka\u017cda modlitwa wraca do nas jako dobro, nawet je\u015bli teraz tego nie widzimy. Co wi\u0119cej,&nbsp;<strong>kiedy zako\u0144czysz swoje \u017cycie na ziemi i staniesz przed Bogiem, zobaczysz ca\u0142e swoje \u017cycie. Zobaczysz w\u00f3wczas jak wiele dobra otrzyma\u0142e\u015b przez to, \u017ce si\u0119 modli\u0142e\u015b i jak wiele dobra mog\u0142e\u015b otrzyma\u0107 gdyby\u015b si\u0119 modli\u0142<\/strong>. Zobaczysz jak wiele z\u0142a zosta\u0142o zabrane z twojego \u017cycia czy twojej rodziny przez to, \u017ce si\u0119 modli\u0142e\u015b, ale te\u017c zobaczysz, jak wiele z\u0142a mog\u0142o by\u0107 zabrane, gdyby\u015b si\u0119 wi\u0119cej modli\u0142. <strong><em>Nic nie jest tak wa\u017cne jak modlitwa. Kiedy modlimy si\u0119, otwieraj\u0105 si\u0119 dla nas wszystkie skarbce niebieskie \u2013 \u015bw. Jan Chryzostom. <\/em><\/strong><strong>Generalnie nie sta\u0107 cz\u0142owieka na brak modlitwy. Wydaje si\u0119, \u017ce modl\u0105c si\u0119 tracisz czas, gdy tak naprawd\u0119 tylko go zyskujesz.<\/strong>&nbsp;Je\u015bli nie chcesz si\u0119 modli\u0107 bo ci szkoda czasu, to przyjd\u0105 trudno\u015bci, przez kt\u00f3re stracisz go jeszcze wi\u0119cej i to nie dlatego, \u017ce B\u00f3g nie chcia\u0142 pom\u00f3c, ale dlatego, \u017ce po t\u0105 pomoc nie przyszed\u0142e\u015b, bo aby co\u015b od kogo\u015b odebra\u0107, trzeba si\u0119 z tym kim\u015b spotka\u0107, a tym w\u0142a\u015bnie jest modlitwa! &nbsp;<\/p>\r\n<figure id=\"block-11bfdc70-3a14-4d5e-94a4-c45b2bb4a6cf\" class=\"wp-block-image\"><a href=\"http:\/\/rafalk-elblag.pl\/wp-content\/uploads\/2021\/08\/ogloszenia-parafialne-baner-01a.jpg\"><img decoding=\"async\" src=\"http:\/\/rafalk-elblag.pl\/wp-content\/uploads\/2021\/08\/ogloszenia-parafialne-baner-01a.jpg\" alt=\"Obrazek posiada pusty atrybut alt; plik o nazwie ogloszenia-parafialne-baner-01a.jpg\"><\/a><\/figure>\r\n<!-- \/wp:post-content -->\r\n\r\n<!-- wp:paragraph \/-->\r\n\r\n<!-- wp:heading {\"level\":1} -->\r\n<h1 id=\"block-6d42405b-4ab7-4d06-b960-74c4b8e7c4ea\" class=\"wp-block-heading\">Og\u0142oszenia parafialne 08.09.2024 r.<\/h1>\r\n<p><strong>&nbsp;<\/strong><strong>&nbsp; <\/strong><strong>&nbsp;XXIII <\/strong><strong>NIEDZIELA ZWYK\u0141A<\/strong><\/p>\r\n<ol>\r\n<li><strong>Drodzy Rodzice, Nauczyciele i&nbsp;Wychowawcy, dzisiejsz\u0105 niedziel\u0105 w naszej Ojczy\u017anie rozpoczynamy XIV Tydzie\u0144 Wychowania, kt\u00f3rego has\u0142o brzmi \u201eWYCHOWUJMY RAZEM\u201d. <\/strong><strong>Skuteczno\u015b\u0107 wychowania zale\u017cy w du\u017cej mierze od wsp\u00f3\u0142pracy os\u00f3b i instytucji zaanga\u017cowanych w ten proces. Jest to wyj\u0105tkowo wa\u017cne dzi\u015b \u2013 w zwi\u0105zku z wyzwaniami, jakie niesie z sob\u0105 \u017cycie dzieci i m\u0142odzie\u017cy w obecnym kontek\u015bcie&nbsp; kulturowym. Szczeg\u00f3ln\u0105 uwag\u0119 chcemy zwr\u00f3ci\u0107 na problem wsp\u00f3\u0142dzia\u0142ania rodziny, Ko\u015bcio\u0142a i szko\u0142y w dziele wychowania. <\/strong><strong><u>Zapras<\/u><\/strong><u>zamy m\u0142odzie\u017c naszej parafii oraz kandydat\u00f3w do Sakramentu Bierzmowania na Msz\u0119 \u015bw. niedzielne o godz. 18:00. <\/u>Wi\u0119cej na stronie: <a style=\"font-size: 16px;\" href=\"http:\/\/www.tydzie\u0144wychowania.pl\">www.tydzie\u0144wychowania.pl<\/a><\/li>\r\n<\/ol>\r\n<ol start=\"2\">\r\n<li>W poniedzia\u0142ek 9 wrze\u015bnia br. na plebanii odb\u0119d\u0105 si\u0119 spotkania rodzic\u00f3w dzieci przygotowuj\u0105cych si\u0119 w tym roku szkolnym do Pierwszej Spowiedzi i Komunii \u015awi\u0119tej wed\u0142ug nast\u0119puj\u0105cego porz\u0105dku:<\/li>\r\n<\/ol>\r\n<ul>\r\n<li><strong>o godz. 17:00 rodzice klas III a i&nbsp; III b <\/strong><\/li>\r\n<li><strong>o godz. 19:00 rodzice klas III c i III d <\/strong>oraz rodzice dzieci ucz\u0105cych si\u0119 w innych szko\u0142ach. <strong>OBECNO\u015a\u0106 RODZIC\u00d3W OBOWI\u0104ZKOWA.<\/strong><\/li>\r\n<\/ul>\r\n<ol start=\"3\">\r\n<li><strong>Za tydzie\u0144 tj. 15 wrze\u015bnia br. zapraszamy lider\u00f3w wsp\u00f3lnot przy naszej parafii na&nbsp; Msz\u0119 \u015bw. o godz. 15:00, kt\u00f3r\u0105 rozpoczniemy nowy rok duszpasterski i formacyjny. W czasie Mszy \u015bw. ka\u017cda wsp\u00f3lnota otrzyma \u015bwiec\u0119 \u2013 jako symbol \u015bwiat\u0142a Chrystusa, aby to \u015bwiat\u0142o roz\u015bwietla\u0142o drog\u0119 na kolejny rok s\u0142u\u017cby Bogu i ludziom. <\/strong><strong style=\"font-size: 16px;\">PO MSZY \u015aW. ZAPRASZAM NA SPOTKANIE NA PLEBANII.<\/strong><\/li>\r\n<\/ol>\r\n<ol start=\"4\">\r\n<li>W ka\u017cdy czwartek zapraszamy na<strong> Adoracj\u0119 Naj\u015bwi\u0119tszego Sakramentu w ciszy. <\/strong><em>Adoracja rozpoczyna si\u0119 po Mszy \u015bw. wieczornej i trwa\u0142a do godziny 20:00. <\/em><\/li>\r\n<li><strong>Wy\u017csze Seminarium Duchowne w Elbl\u0105gu <\/strong>czeka na pragn\u0105cych podj\u0105\u0107 w tym roku drog\u0119 przygotowania do kap\u0142a\u0144stwa lub studia teologiczne na Wydziale Teologii UWM w Olsztynie, kt\u00f3re kszta\u0142ci przysz\u0142ych nauczycieli religii oraz specjalist\u00f3w ds. rodziny.<\/li>\r\n<li><strong>KANCELARIA PARAFIALNA:<\/strong> czynna w \u015brody&nbsp; od 16:00 do 17:30 oraz w pi\u0105tki po Mszy \u015bw. wieczorowej do godz. 19:30.<\/li>\r\n<li>Mamy dzi\u015b mo\u017cliwo\u015b\u0107 nabycia kolejnego dwumiesi\u0119cznika<strong> \u201eHISTORIA KO\u015aCIO\u0141A\u201d.<\/strong><em> Polecamy go, ze wzgl\u0119du na w<\/em>yj\u0105tkow\u0105 tematyk\u0119:<em> Ko\u015bci\u00f3\u0142 wobec nazizmu, nazizm wobec ko\u015bcio\u0142a oraz wiele innych interesuj\u0105cych tekst\u00f3w, zar\u00f3wno o bohaterach i m\u0119czennikach, jak i o tych, kt\u00f3rzy wybrali zdrad\u0119 i kolaboracj\u0119 z nazistami<\/em>. Cena 12 z\u0142.<\/li>\r\n<li>Zach\u0119cam do nabywania nowego numeru \u201eGo\u015bcia Niedzielnego\u201d<strong> w cenie 10 z\u0142.<\/strong> Jest te\u017c wy\u0142o\u017cony<strong> BIULETYN PARAFIALNY<\/strong> na stolikach przy wej\u015bciu do ko\u015bcio\u0142a.<u> Zach\u0119camy do zabrania dla siebie i s\u0105siad\u00f3w<em>.<\/em><\/u><\/li>\r\n<li>\u201eWiele os\u00f3b do\u015bwiadcza cierpienia wobec swojego uzale\u017cnienia, b\u0105d\u017a uzale\u017cnienia najbli\u017cszych a tak\u017ce innych prze\u017cywanych problem\u00f3w. Stowarzyszenie KARAN zaprasza do wsp\u00f3lnej modlitwy w trzeci\u0105 niedziele miesi\u0105ca. Chciejmy swoje cierpienia i trudy powierza\u0107 Wszechmog\u0105cemu panu. Najbli\u017csza Msza \u015aw. w niedziel\u0119 15 wrze\u015bnia o godz. 16.00, w ko\u015bciele Bo\u017cego Cia\u0142a, ul. Robotnicza 29 w Elbl\u0105gu. Po Eucharystii spotkanie przy Herbacie.\u201d<\/li>\r\n<li>Pan powo\u0142a\u0142 do wieczno\u015bci: \u015bp. Zbigniewa SUDO\u0141 lat 69 z ul. K\u0142oczowskiego \u015bp. Zenona KUCHT\u0118 lat 70 z ul. Leszczy\u0144skiego <em>Wieczny odpoczynek racz im da\u0107 Panie! A \u015bwiat\u0142o\u015b\u0107 wiekuista niechaj im \u015bwieci.<\/em><\/li>\r\n<\/ol>\r\n<p style=\"line-height: 25.6px; text-align: center;\"><strong>Numer Konta Parafialnego<\/strong><\/p>\r\n<p style=\"line-height: 25.6px; text-align: center;\"><strong>PKO BP 72 1020 1752 0000 0102 0069 6047<\/strong><\/p>\r\n<p>&nbsp;<\/p>\r\n<!-- \/wp:heading -->\r\n\r\n<!-- wp:image -->\r\n<figure id=\"block-5f437b95-503a-4f29-91f7-75b7c74612d1\" class=\"wp-block-image\"><img decoding=\"async\" src=\"http:\/\/rafalk-elblag.pl\/wp-content\/uploads\/2020\/04\/baner-intencje-mszy.jpg\" alt=\"Obrazek posiada pusty atrybut alt; plik o nazwie baner-intencje-mszy.jpg\"><\/figure>\r\n<!-- \/wp:image -->\r\n\r\n<!-- wp:heading {\"level\":1} -->\r\n<h1 id=\"block-ebb85da5-2bf8-44c6-8a18-015b59726bae\" class=\"wp-block-heading\">Intencje mszalne 08.09.2024 r.<\/h1>\r\n<!-- \/wp:heading -->\r\n\r\n<!-- wp:paragraph -->\r\n<p><strong>XXIII NIEDZIELA ZWYK\u0141A 8 wrze\u015bnia 2024 \/ Mk 7, 31-37<\/strong><\/p>\r\n<p style=\"line-height: 25.6px;\"><strong>8.00<\/strong>&nbsp;\u015bp. Jan Bronis\u0142awa [K] W\u0142adys\u0142aw i Stanis\u0142aw KOWALSCY <br><strong>10.00<\/strong>&nbsp;\u015bp. Janusz JAROSI\u0143SKI gr.8 <br><strong>10.00&nbsp;<\/strong>O \u017cywe dzia\u0142anie Ducha \u015aw. w codzienno\u015bci dla Nikodema, Magdaleny i ich rodzin oraz dla Agnieszki i ca\u0142ej rodziny zakonnej <br><strong>12.00<\/strong>&nbsp;W intencji Parafian <br><strong>12.00<\/strong>&nbsp;Dzi\u0119kczynna w 50 rocznic\u0119 \u015blubu Teresy i Mieczys\u0142awa WALA z pro\u015bb\u0105 o Bo\u017ce b\u0142ogos\u0142awie\u0144stwo, opiek\u0119 Matki Bo\u017cej Szkaplerznej dla Z\u0142otych Jubilat\u00f3w <br><strong>15.00<\/strong>&nbsp;\u015bp. Andrzej w rocznic\u0119 \u015bmierci i zmar\u0142ych z rodziny BI\u0143KOWSKICH <br><strong>18.00<\/strong> \u015bp. Jan CHOJNICKI w 1r. \u015bmierci<\/p>\r\n<p style=\"line-height: 25.6px;\"><strong>PONIEDZIA\u0141EK \/ 9 wrze\u015bnia 2024 \/ Narodzenie NMP \/ Mt 1, 18-23<\/strong> <br><strong>8.00<\/strong> Dzi\u0119kczynna w 18 urodziny Ewy z pro\u015bb\u0105 o Bo\u017ce b\u0142. i potrzebne \u0142aski na dalsze lata \u017cycia <br><strong>18.00<\/strong> \u015bp. Janusz JAROSI\u0143SKI gr. 9 <br><strong>18.00<\/strong> Dzi\u0119kczynna w 50 urodziny Mai z pro\u015bb\u0105 o Bo\u017ce b\u0142. i potrzebne \u0142aski<\/p>\r\n<p style=\"line-height: 25.6px;\"><strong>WTOREK \/ 10 wrze\u015bnia 2024 \/ \u0141k 6, 12-19<br><\/strong> <strong>8.00<\/strong> \u015bp. Micha\u0142 \u017b\u00d3\u0141CIAK <br><strong>8.00<\/strong> \u015bp. Jerzy KARPI\u0143SKI w 30 dzie\u0144 po pogrzebie <br><strong>18.00<\/strong> \u015bp. Janusz JAROSI\u0143SKI gr.10 <br><strong>18.00<\/strong> \u015bp. J\u00f3zef WYLOCI\u0143SKI w 2 rocz. \u015amierci i zmar\u0142ych rodzic\u00f3w z obojga stron<\/p>\r\n<p style=\"line-height: 25.6px;\"><strong>\u015aRODA \/ 11 wrze\u015bnia 2024 \/ \u0141k 6, 20-26<\/strong> <br><strong>8.00<\/strong> \u015bp. Micha\u0142 \u017b\u00d3\u0141CIAK <br><strong>18.00<\/strong> \u015bp. Janusz JAROSI\u0143SKI gr.11 <br><strong>18.00<\/strong> \u015bp. Lotus\u0142aw DUSZMIAK 30 dzie\u0144 po pogrzebie<\/p>\r\n<p style=\"line-height: 25.6px;\"><strong>CZWARTEK \/ 12 wrze\u015bnia 2024 \/ Naj\u015bwi\u0119tszego Imienia Maryi \/ \u0141k 6, 27-38<\/strong> <br><strong>8.00<\/strong> \u015bp. Micha\u0142 \u017b\u00d3\u0141CIAK<br><strong>8.00<\/strong> \u015ap. Zbigniew KUBIAK w 30 dzie\u0144 po pogrzebie <br><strong>18.00<\/strong> \u015bp. Janusz JAROSI\u0143SKI gr.12 <br><strong>18.00<\/strong> \u015bp. Adam GRZANOWSKI w 1 rocz. \u015amierci<\/p>\r\n<p style=\"line-height: 25.6px;\"><strong>PI\u0104TEK \/ 13 wrze\u015bnia 2024 \/ \u015bw. Jana Chryzostoma \/ \u0141k 6, 39-42<\/strong> <br><strong>8.00<\/strong> \u015bp. Micha\u0142 \u017b\u00d3\u0141CIAK <br><strong>18.00<\/strong> \u015bp. Janusz JAROSI\u0143SKI gr.13 <br><strong>18.00<\/strong> \u015bp. Anna i Marek KOPANIA, Janusz LEWANDOWSKI, El\u017cbieta i Leon SURDYKOWSCY<\/p>\r\n<p style=\"line-height: 25.6px;\"><strong>SOBOTA \/ 14 wrze\u015bnia 2024 \/ Podwy\u017cszenia Krzy\u017ca \u015awi\u0119tego \/ J 3, 13-17<\/strong> <br><strong>8.00<\/strong> \u015bp. Franciszka (K) i Eugeniusz TOLZDORF <br><strong>18.00<\/strong> \u015bp. Janusz JAROSI\u0143SKI gr.14 <br><strong>18.00<\/strong> \u015bp. Miros\u0142aw KOWALSKI i zmarli rodzice Karol i Franciszka (K)<\/p>\r\n<p style=\"line-height: 25.6px;\"><strong>XXIV NIEDZIELA ZWYK\u0141A <\/strong>15 wrze\u015bnia 2024 \/ Mk 8, 27-35 <br><strong>8.00<\/strong> O Bo\u017ce b\u0142ogos\u0142awie\u0144stwo i opiek\u0119 MB dla wnuczek: Monika, Mariola, Katarzyna oraz dla wnuczka Roberta <br><strong>10.00<\/strong> Za dusze w czy\u015b\u0107cu cierpi\u0105ce oraz za \u015bp. Romana (M)<br><strong>12.00<\/strong> W intencji Parafian <br><strong>12.00<\/strong> Dzi\u0119kczynna w 50 rocznic\u0119 \u015blubu Katarzyny i Stanis\u0142awa z pro\u015bb\u0105 o Bo\u017ce b\u0142ogos\u0142awie\u0144stwo, opiek\u0119 Matki Bo\u017cej Szkaplerznej dla Z\u0142otych Jubilat\u00f3w <br><strong>15.00<\/strong> Dzi\u0119kczynna w 65 lat \u017cycia Anny DUDA oraz za Ma\u0142gorzat\u0119 i Macieja w 5 rocz. \u015alubu z pro\u015bb\u0105 o Bo\u017ce b\u0142ogos\u0142awie\u0144stwo, potrzebne \u0142aski i opiek\u0119 Matki Bo\u017cej Szkaplerznej <br><strong>18.00<\/strong> \u015bp. Janusz JAROSI\u0143SKI gr.15<\/p>\r\n<p>&nbsp; &nbsp;&nbsp;<\/p>","protected":false},"excerpt":{"rendered":"<p>Po co si\u0119 Modli\u0107? Je\u015bli nie wiesz po co si\u0119 modli\u0107, to albo w og\u00f3le nie b\u0119dziesz si\u0119 modli\u0142, albo pr\u0119dzej czy p\u00f3\u017aniej porzucisz modlitw\u0119. Rozwija si\u0119 zmys\u0142 wiary Id\u0105c za my\u015bl\u0105 \u015bw. Tomasza z Akwinu, dzi\u0119ki wierze dostrzegamy Bo\u017ce prowadzenie w tym, co do tej pory mog\u0142o wydawa\u0107 si\u0119 jakim\u015b przypadkowym zbiegiem okoliczno\u015bci.&nbsp;Dzi\u0119ki wierze [&hellip;]<\/p>\n","protected":false},"author":1,"featured_media":5564,"comment_status":"closed","ping_status":"closed","sticky":false,"template":"","format":"standard","meta":{"ngg_post_thumbnail":0,"footnotes":""},"categories":[11,8,4,3],"tags":[],"class_list":["post-5561","post","type-post","status-publish","format-standard","has-post-thumbnail","hentry","category-aktualnosci","category-blog","category-intencje","category-ogloszenia"],"_links":{"self":[{"href":"https:\/\/rafalk-elblag.pl\/index.php?rest_route=\/wp\/v2\/posts\/5561","targetHints":{"allow":["GET"]}}],"collection":[{"href":"https:\/\/rafalk-elblag.pl\/index.php?rest_route=\/wp\/v2\/posts"}],"about":[{"href":"https:\/\/rafalk-elblag.pl\/index.php?rest_route=\/wp\/v2\/types\/post"}],"author":[{"embeddable":true,"href":"https:\/\/rafalk-elblag.pl\/index.php?rest_route=\/wp\/v2\/users\/1"}],"replies":[{"embeddable":true,"href":"https:\/\/rafalk-elblag.pl\/index.php?rest_route=%2Fwp%2Fv2%2Fcomments&post=5561"}],"version-history":[{"count":4,"href":"https:\/\/rafalk-elblag.pl\/index.php?rest_route=\/wp\/v2\/posts\/5561\/revisions"}],"predecessor-version":[{"id":5566,"href":"https:\/\/rafalk-elblag.pl\/index.php?rest_route=\/wp\/v2\/posts\/5561\/revisions\/5566"}],"wp:featuredmedia":[{"embeddable":true,"href":"https:\/\/rafalk-elblag.pl\/index.php?rest_route=\/wp\/v2\/media\/5564"}],"wp:attachment":[{"href":"https:\/\/rafalk-elblag.pl\/index.php?rest_route=%2Fwp%2Fv2%2Fmedia&parent=5561"}],"wp:term":[{"taxonomy":"category","embeddable":true,"href":"https:\/\/rafalk-elblag.pl\/index.php?rest_route=%2Fwp%2Fv2%2Fcategories&post=5561"},{"taxonomy":"post_tag","embeddable":true,"href":"https:\/\/rafalk-elblag.pl\/index.php?rest_route=%2Fwp%2Fv2%2Ftags&post=5561"}],"curies":[{"name":"wp","href":"https:\/\/api.w.org\/{rel}","templated":true}]}}