{"id":5533,"date":"2024-08-30T18:20:33","date_gmt":"2024-08-30T18:20:33","guid":{"rendered":"https:\/\/rafalk-elblag.pl\/?p=5533"},"modified":"2024-08-30T18:23:15","modified_gmt":"2024-08-30T18:23:15","slug":"1-09-2024-r-xxii-niedziela-zwykla","status":"publish","type":"post","link":"https:\/\/rafalk-elblag.pl\/?p=5533","title":{"rendered":"01.09.2024 r. XXII NIEDZIELA ZWYK\u0141A"},"content":{"rendered":"<h3>Po co si\u0119 Modli\u0107?<\/h3>\r\n<p>Pytanie o sens modlitwy jest jednym z wa\u017cniejszych w \u017cyciu modlitwy. Dlaczego wi\u0119c warto si\u0119 modli\u0107? Oto kilka wa\u017cnych powod\u00f3w, kt\u00f3re warto wzi\u0105\u0107 do serca.<\/p>\r\n<h3>Poznajemy Boga osobowego i zbli\u017camy si\u0119 do Niego<\/h3>\r\n<p>W my\u015bl zasady, kto z kim przystaje, takim si\u0119 staje. \u015aw. Ojciec Pio mawia\u0142, \u017ce w ksi\u0105\u017ckach szukamy Boga, ale dopiero na modlitwie Go odnajdujemy. Wiedzie\u0107 du\u017co o kim\u015b nie oznacza zna\u0107 kogo\u015b. A nie ma innej mo\u017cliwo\u015bci poznania kogo\u015b, jak tylko sp\u0119dzanie z t\u0105 osob\u0105 czasu, a przecie\u017c modlitwa to bycie z Bogiem. Warto pami\u0119ta\u0107, \u017ce cz\u0142owiek zosta\u0142 stworzony, aby Boga poznawa\u0107, kocha\u0107, a po \u015bmierci by\u0107 z Nim na wieki w niebie. Bez modlitwy, czyli czasu sp\u0119dzanego z Bogiem nie ma mo\u017cliwo\u015bci poznawania Go, jak dla samochodu nie ma mo\u017cliwo\u015bci jazdy bez paliwa.&nbsp;Dobra modlitwa zbli\u017ca do Boga, a im bli\u017cej Boga, tym wi\u0119kszy pok\u00f3j w sercu, bo tym bli\u017cej celu, dla jakiego zosta\u0142em stworzony.<\/p>\r\n<h3>Stajemy si\u0119 mniej dost\u0119pni dla z\u0142ego ducha, a bardziej dost\u0119pni dla Boga<\/h3>\r\n<p>Wybieraj\u0105c dobro i modlitw\u0119 zbli\u017camy si\u0119 do Boga i jednocze\u015bnie oddalamy od nieprzyjaciela. Modlitwa pozwala na wi\u0119kszy wp\u0142yw anio\u0142\u00f3w na nasze \u017cycie, a mniejszy demon\u00f3w. Innymi s\u0142owy \u2013 umo\u017cliwia szersze dzia\u0142anie anio\u0142om w naszym \u017cyciu i utrudnia dzia\u0142ania demonom.<\/p>\r\n<h3>Lecz\u0105 si\u0119 nasze zranienia.<\/h3>\r\n<p>Id\u0105c przez \u017cycie nie unikniemy zranie\u0144, czy to otrzymanych czy zadanych przez nas innym. Dzi\u0119ki modlitwie one szybciej si\u0119 goj\u0105 przez co maj\u0105 mniejszy negatywny wp\u0142yw na nasze codzienne \u017cycie. Modlitwa pomaga te\u017c rozezna\u0107 co zrobi\u0107, aby uleczy\u0107 te najci\u0119\u017csze rany, kt\u00f3re cz\u0119sto uniemo\u017cliwiaj\u0105 \u017cycie w pe\u0142ni.<\/p>\r\n<h3>Wzmacnia si\u0142y duchowe, jest \u017ar\u00f3d\u0142em wewn\u0119trznej harmonii<\/h3>\r\n<p>Cz\u0142owiek to organizm zar\u00f3wno fizyczny, jak i duchowy. Je\u015bli swoje cia\u0142o \u017ale karmisz, to ono s\u0142abnie, podobnie jest z dusz\u0105. Je\u015bli nie masz czasu na modlitw\u0119, staje si\u0119 ona coraz s\u0142absza, a to ma wp\u0142yw na to, jak funkcjonujesz w codzienno\u015bci. Gdy duch jest s\u0142aby, trudniej przychodzi wybieranie dobra i unikanie z\u0142a, s\u0142abnie te\u017c zdolno\u015b\u0107 rozeznawania mi\u0119dzy nimi. Bez modlitwy ci\u0119\u017cej si\u0119 walczy z pokusami i staj\u0105 si\u0119 one bardziej intensywne, jak i trudniejsze do rozpoznania. Generalnie, je\u015bli duch jest mocny, g\u00f3ruje nad cia\u0142em i jego pop\u0119dami, je\u015bli za\u015b duch s\u0142abnie, cia\u0142o zaczyna g\u00f3rowa\u0107 nad duchem.<\/p>\r\n<h3>Owoce modlitwy przychodz\u0105 stopniowo, powoli i cz\u0119sto<\/h3>\r\n<p>w spos\u00f3b nie\u015bwiadomy dla modl\u0105cego si\u0119. Niestety, brak natychmiastowych efekt\u00f3w modlitwy jest to cz\u0119sto wykorzystywany przez nieprzyjaciela, kt\u00f3ry lubuje si\u0119 w podawaniu takich my\u015bli jak \u201czostaw t\u0119 modlitw\u0119, nic to nie daje, szkoda cennego czasu\u201d. Jednak osoby, kt\u00f3re dobrze i wytrwale si\u0119 modl\u0105, zmieniaj\u0105 si\u0119, cho\u0107 cz\u0119sto sami tego nie widz\u0105. To, \u017ce czego\u015b nie widzimy, nie znaczy, \u017ce tego nie ma. Je\u015bli sercem na modlitwie trwam przy Bogu, to owoce na pewno przyjd\u0105. Dobra modlitwa porusza Bo\u017ce serce i zawsze sk\u0142ania je do spe\u0142niania naszych pr\u00f3\u015bb \u2013 \u015bw. o. Pio. Cz\u0119\u015b\u0107 II za tydzie\u0144.<br><br><br><\/p>\r\n<figure id=\"block-11bfdc70-3a14-4d5e-94a4-c45b2bb4a6cf\" class=\"wp-block-image\"><a href=\"http:\/\/rafalk-elblag.pl\/wp-content\/uploads\/2021\/08\/ogloszenia-parafialne-baner-01a.jpg\"><img decoding=\"async\" src=\"http:\/\/rafalk-elblag.pl\/wp-content\/uploads\/2021\/08\/ogloszenia-parafialne-baner-01a.jpg\" alt=\"Obrazek posiada pusty atrybut alt; plik o nazwie ogloszenia-parafialne-baner-01a.jpg\"><\/a><\/figure>\r\n<!-- \/wp:post-content -->\r\n\r\n<!-- wp:paragraph \/-->\r\n\r\n<!-- wp:heading {\"level\":1} -->\r\n<h1 id=\"block-6d42405b-4ab7-4d06-b960-74c4b8e7c4ea\" class=\"wp-block-heading\">Og\u0142oszenia parafialne 01.09.2024 r.<\/h1>\r\n<ol>\r\n<li>Dzisiaj przypada 85 rocznica wybuchu II Wojny \u015awiatowej. Pami\u0119tajmy w modlitwie o wszystkich, kt\u00f3rzy oddali \u017cycie w obronie Ojczyzny oraz pro\u015bmy o pok\u00f3j na \u015bwiecie.<\/li>\r\n<li>W pierwsz\u0105 niedziel\u0119 miesi\u0105ca(1 wrze\u015bnia) zapraszamy na <strong>Adoracj\u0119 Naj\u015bwi\u0119tszego Sakramentu <\/strong>od godz. 16:00 do 18:00. <em style=\"font-size: 16px;\"><u>Chciejmy szczeg\u00f3lnie modli\u0107 za dzieci i m\u0142odzie\u017c naszej parafii.<\/u><\/em><\/li>\r\n<li>Ofiary z\u0142o\u017cone dzisiaj na tac\u0119 przeznaczone na inwestycje w naszej parafii. <em>Dzi\u0119kuj\u0119 za zrozumienie i z\u0142o\u017cone ofiary na tac\u0119 czy poprzez konto parafialne.<\/em><\/li>\r\n<li><strong>UWAGA!<\/strong> Od wrze\u015bnia powracamy do Mszy \u015bwi\u0119tej niedzielnej o godzinie 15:00, kt\u00f3ra rozpoczyna si\u0119 Koronk\u0105 do Mi\u0142osierdzia Bo\u017cego. <em>Dzi\u0119kuj\u0119 osobom z Apostolatu Bo\u017cego Mi\u0142osierdzia za prowadzenie Koronki w czasie wakacji.<\/em><\/li>\r\n<li><strong>Msza \u015bw. inauguruj\u0105ca kolejny rok szkolny i katechetyczny 2024\/2025 odprawiona zostanie <\/strong>dla Szko\u0142y Podstawowej nr 11 w pierwszy pi\u0105tek; <strong>6<em> wrze\u015bnia o godz. 16:30 dla klas 0 \u2013 VI, a o godz. 18:00 klas VII \u2013 VIII<\/em><\/strong> oraz dla wszystkich przygotowuj\u0105cych si\u0119 do SAKRAMENTU BIERZMOWANIA. Zapraszamy do wsp\u00f3lnej modlitwy uczni\u00f3w, rodzic\u00f3w &nbsp;i nauczycieli. <em>SKORZYSTAJMY Z \u0141ASK SAKRAMENT\u00d3W \u015aWI\u0118TYCH.<\/em> &nbsp;<strong style=\"font-size: 16px;\">Od jutra zach\u0119camy dzieci i m\u0142odzie\u017c do spowiedzi \u015bwi\u0119tej od godz. 17:30.<\/strong><\/li>\r\n<li>B\u0142ogos\u0142awie\u0144stwo dzieci klas I z po\u015bwi\u0119ceniem przybor\u00f3w szkolnych odb\u0119dzie si\u0119 za tydzie\u0144 tj. 8 wrze\u015bnia br. podczas Mszy \u015bw. o godz. 10:00. <em style=\"font-size: 16px;\">ZAPRASZAMY DZIECI Z RODZICAMI.<\/em><\/li>\r\n<li><strong>Rozpoczyna si\u0119 Nowy Rok Szkolny i Katechetyczny.<\/strong> Zatroszczmy si\u0119 o dobre wychowanie m\u0142odego pokolenia. Postarajmy si\u0119 znale\u017a\u0107 czas dla naszych dzieci i zadbajmy o ich udzia\u0142 w lekcjach religii. <strong><em>Przypominamy ponadto, \u017ce przygotowanie do przyj\u0119cia sakrament\u00f3w \u015bwi\u0119tych tj. do pierwszej Spowiedzi i Komunii \u015awi\u0119tej oraz do Sakramentu Bierzmowania odbywa si\u0119 r\u00f3wnie\u017c w Ko\u015bciele<\/em><\/strong><\/li>\r\n<li><strong>W TYM TYGODNIU KOLEJNY ROK PRACY FORMACYJNEJ INAUGURUJE: &#8211; ODNOWA W DUCHU \u015aWI\u0118TYM <\/strong>we wtorek 3 wrze\u015bnie o godz. 18:00 Msz\u0105 \u015bw. a po zapraszamy wszystkich ch\u0119tnych na Adoracj\u0119 w ko\u015bciele&nbsp; <strong>&#8211; KR\u0104G BIBLIJNY<\/strong> w \u015brod\u0119 4 wrze\u015bnia o godz. 18.45. Zapraszamy osoby pragn\u0105ce bardziej pochyli\u0107 si\u0119 nad Ksi\u0119g\u0105 \u017bycia <strong>&#8211; WSP\u00d3LNOTA KRWI CHRYSTUSA<\/strong> w \u015brod\u0119 4 wrze\u015bnia na plebanii o godz. 18:45 <strong>&#8211; PARAFIALNY ODDZIA\u0141 CARITAS &#8211; <\/strong>w I i III czwartek miesi\u0105ca w godzinach od 16:00 do 17:00 przy ul. Myliusa 1A. Z<em>apraszamy osoby potrzebuj\u0105ce pomocy <\/em><strong>&#8211; Apostolat Margaretka &#8211; <\/strong>czwartek 5 wrze\u015bnia br. o godz. 18:00 Msz\u0105 \u015bw. i ADORACJA <strong>&#8211; S\u0141U\u017bBA LITURGICZNA O\u0141TARZA<\/strong> tj. aspiranci (kandydaci) ministranci, lektorzy, ceremoniarze zapraszamy w sobot\u0119 7 wrze\u015bnia o godz. 10:00<\/li>\r\n<li>W tym tygodniu przypada pierwszy czwartek, pi\u0105tek i sobota miesi\u0105ca. <strong>&#8211; w pierwszy czwartek<\/strong> b\u0119dziemy modli\u0107 si\u0119 wsp\u00f3lnie za Ojca \u015awi\u0119tego Franciszka i ca\u0142y Ko\u015bci\u00f3\u0142. <strong><em>Zapraszamy na Msz\u0119 \u015bw. o godz. 18:00, po kt\u00f3rej w powy\u017cszych intencjach odb\u0119dzie si\u0119 ADORACJA przed Naj\u015bwi\u0119tszym Sakramentem. <\/em><\/strong><strong>&#8211; w pierwszy pi\u0105tek<\/strong> &#8211; Msza \u015bw. o godz. 16:30 oraz godz. 18:00 <strong>&#8211; w pierwsza sobot\u0119 &#8211;<\/strong>&nbsp;zapraszamy na Nabo\u017ce\u0144stwo Wynagradzaj\u0105ce Niepokalanemu Sercu Maryi o godz. 17:00<\/li>\r\n<li>Po przerwie wakacyjnej w I pi\u0105tek miesi\u0105ca z Panem Jezusem kap\u0142ani udadz\u0105 si\u0119 do chorych od godz. 9:30. <em>Prosimy zg\u0142asza\u0107 do kap\u0142an\u00f3w chorych pragn\u0105cych rozpocz\u0105\u0107 praktyk\u0119 dziewi\u0119ciu pierwszych pi\u0105tk\u00f3w.<\/em><\/li>\r\n<li>Nasza parafia tradycyjnie organizuje <strong>pielgrzymk\u0119 autokarow\u0105 do SANKTUARIUM MATKI BO\u017bEJ GIETRZWA\u0141DZKIEJ na obchody 147 Rocznicy Objawie\u0144.<\/strong> <em>Wyjazd 8 wrze\u015bnia (niedziela) o godz. 7:30. <strong>Koszt 50 z\u0142. <\/strong>Zapisy w zakrystii<strong>.<\/strong><\/em><\/li>\r\n<li>Zach\u0119cam do nabywania nowego numeru \u201eGo\u015bcia Niedzielnego\u201d<strong> w cenie 10 z\u0142.<\/strong> Jest te\u017c wy\u0142o\u017cony<strong> BIULETYN PARAFIALNY<\/strong> na stolikach przy wej\u015bciu do ko\u015bcio\u0142a.<u> Zach\u0119camy do zabrania dla siebie i s\u0105siad\u00f3w<em>.<br><br><\/em><\/u><\/li>\r\n<\/ol>\r\n<!-- \/wp:heading -->\r\n\r\n<!-- wp:image -->\r\n<figure id=\"block-5f437b95-503a-4f29-91f7-75b7c74612d1\" class=\"wp-block-image\"><br><img decoding=\"async\" src=\"http:\/\/rafalk-elblag.pl\/wp-content\/uploads\/2020\/04\/baner-intencje-mszy.jpg\" alt=\"Obrazek posiada pusty atrybut alt; plik o nazwie baner-intencje-mszy.jpg\"><\/figure>\r\n<!-- \/wp:image -->\r\n\r\n<!-- wp:heading {\"level\":1} -->\r\n<h1 id=\"block-ebb85da5-2bf8-44c6-8a18-015b59726bae\" class=\"wp-block-heading\">Intencje mszalne 01.09.2024 r.<\/h1>\r\n<!-- \/wp:heading -->\r\n\r\n<!-- wp:paragraph -->\r\n<p><strong>XXII NIEDZIELA \/1 wrze\u015bnia 2024\/ Mk 7,1-8a. 14-15. 21-23<\/strong><br><strong>8.00<\/strong> O do\u015bwiadczenie Bo\u017cej mi\u0142o\u015bci dla Karoliny i Oskara, Sebastiana i Natalii <br><strong>10.00<\/strong> \u015bp. Urszula GWOZDOWSKA, \u015bp. Zofia Krupi\u0144ska<br><strong>12.00<\/strong> W intencji Parafian<br><strong>15.00<\/strong> \u015bp. Jolanta Karman z okazji urodzin i za zmar\u0142ych z rodziny KARMAN<br><strong>15.00<\/strong> \u015bp. Janusz JAROSI\u0143SKI gr.1<br><strong>18.00<\/strong> Dzi\u0119kczynna w 20-t\u0105 rocznic\u0119 urodzin Jakuba i za Wiktori\u0119 z pro\u015bb\u0105 o Bo\u017ce b\u0142ogos\u0142awie\u0144stwo i opiek\u0119 Matki Bo\u017cej oraz dla rodzic\u00f3w Ewy i Arkadiusza<\/p>\r\n<p><strong>PONIEDZIA\u0141EK \/ 2 wrze\u015bnia 2024 \/ \u0141k 4, 16-30<\/strong><br><strong>8.00<\/strong> \u015bp. Janusz JAROSI\u0143SKI gr. 2<br><strong>18.00<\/strong> O \u0142ask\u0119 zdrowia dla Wies\u0142awy i Sebastiana<br><strong>18.00<\/strong> \u015bp. Stefania [K] i Aleksy AMBRO\u017bEJCZYK oraz Stefania i Florian MYSZK<\/p>\r\n<p><strong>WTOREK \/ 3 wrze\u015bnia 2024 \/ \u015bw. Grzegorza Wielkiego \/ \u0141k 4,31-37<\/strong><br><strong>8.00<\/strong> O potrzebne \u0142aski i obecno\u015b\u0107 Boga w \u017cyciu wnuczki Uli w 18 urodziny o wyzwolenie od z\u0142a i s\u0142uszne decyzje zgodne z wol\u0105 Bo\u017c\u0105<br><strong>18.00<\/strong> \u015bp. Janusz JAROSI\u0143SKI gr.3<br>18.00 Za dusze w czy\u015b\u0107cu cierpi\u0105ce<\/p>\r\n<p><strong>\u015aRODA \/ 4 wrze\u015bnia 2024 \/ b\u0142. Marii Stelli \/ \u0141k 4, 38-44<\/strong><br><strong>8.00<\/strong> \u015bp. Micha\u0142 \u017b\u00d3\u0141CIAK<br><strong>18.00<\/strong> \u015bp. Janusz JAROSI\u0143SKI gr.4<br><strong>18.00<\/strong> \u015ap. Stanis\u0142aw STARZY\u0143SKI w 7 rocznic\u0119 \u015bmierci i zmar\u0142ych z rodziny<\/p>\r\n<p><strong>CZWARTEK \/ 5 wrze\u015bnia 2024 \/ I czwartek miesi\u0105ca \/ \u015bw. Matki Teresy z Kalkuty \/ \u0141k 5,1-11<\/strong><br><strong>8.00<\/strong> Dzi\u0119kczynna w 70 r. urodzin Izabelli z pro\u015bb\u0105 o dalsze Bo\u017ce b\u0142ogos\u0142awie\u0144stwo i potrzebne \u0142aski <br><strong>8.00<\/strong> \u015bp. Janusz JAROSI\u0143SKI gr.5<br><strong>18.00<\/strong> O nowe i liczne powo\u0142ania kap\u0142a\u0144skie i zakonne z naszej parafii <br><strong>18.00<\/strong> \u015bp. Stanis\u0142awa [k] MOCHOL w 9 miesi\u0105c po \u015bmierci<\/p>\r\n<p><strong>PI\u0104TEK \/ 6 wrze\u015bnia 2024 \/ I pi\u0105tek miesi\u0105ca \/ \u0141k 5, 33-39<\/strong><br><strong>8.00<\/strong> \u015bp. Janusz JAROSI\u0143SKI gr.6<br><strong>16.30<\/strong> W intencji czcicieli Naj\u015bwi\u0119tszego Serca Pana Jezusa oraz dzieci kt\u00f3re podj\u0119\u0142y praktyk\u0119 dziewi\u0119ciu I pi\u0105tk\u00f3w miesi\u0105ca<br><strong>18.00<\/strong> \u015bp. Edward KORZENIOWSKI w 23 rocznic\u0119 \u015bmierci<\/p>\r\n<p><strong>SOBOTA \/ 7 wrze\u015bnia 2024 \/ I sobota miesi\u0105ca \/ \u0141k 6, 1-5<\/strong><br><strong>8.00<\/strong> \u015bp. Janusz JAROSI\u0143SKI gr.7<br><strong>8.00<\/strong> \u015bp. Regina, Franciszek, Lech z rodziny HIPSZ<br><strong>18.00<\/strong> W INTENCJACH \u017bYWEGO R\u00d3\u017bANCA<br><strong>18.00<\/strong> \u015bp. Jadwiga K\u0118DZIERSKA w 30 rocznic\u0119 \u015bmierci oraz za zmar\u0142ych z rodziny HERMAN i K\u0118DZIERSKICH<\/p>\r\n<p><strong>XXIII NIEDZIELA ZWYK\u0141A 8 wrze\u015bnia 2024 \/ Mk 7, 31-37<\/strong><br><strong>8.00<\/strong> \u015bp. Jan Bronis\u0142awa [K] W\u0142adys\u0142aw i Stanis\u0142aw KOWALSCY <br><strong>10.00<\/strong> \u015bp. Janusz JAROSI\u0143SKI gr.8<br><strong>12.00<\/strong> W intencji Parafian<br><strong>12.00<\/strong> Dzi\u0119kczynna w 50 rocznic\u0119 \u015blubu Teresy i Mieczys\u0142awa WALA z pro\u015bb\u0105 o Bo\u017ce b\u0142ogos\u0142awie\u0144stwo, opiek\u0119 Matki Bo\u017cej Szkaplerznej dla Z\u0142otych Jubilat\u00f3w<br><strong>15.00<\/strong> \u015bp. Andrzej w rocznic\u0119 \u015bmierci i zmar\u0142ych z rodziny BI\u0143KOWSKICH<br><strong>18.00<\/strong> \u015bp. Jan CHOJNICKI w 1r. \u015bmierci<\/p>","protected":false},"excerpt":{"rendered":"<p>Po co si\u0119 Modli\u0107? Pytanie o sens modlitwy jest jednym z wa\u017cniejszych w \u017cyciu modlitwy. Dlaczego wi\u0119c warto si\u0119 modli\u0107? Oto kilka wa\u017cnych powod\u00f3w, kt\u00f3re warto wzi\u0105\u0107 do serca. Poznajemy Boga osobowego i zbli\u017camy si\u0119 do Niego W my\u015bl zasady, kto z kim przystaje, takim si\u0119 staje. \u015aw. Ojciec Pio mawia\u0142, \u017ce w ksi\u0105\u017ckach szukamy [&hellip;]<\/p>\n","protected":false},"author":1,"featured_media":5536,"comment_status":"closed","ping_status":"closed","sticky":false,"template":"","format":"standard","meta":{"ngg_post_thumbnail":0,"footnotes":""},"categories":[11,8,4,3],"tags":[],"class_list":["post-5533","post","type-post","status-publish","format-standard","has-post-thumbnail","hentry","category-aktualnosci","category-blog","category-intencje","category-ogloszenia"],"_links":{"self":[{"href":"https:\/\/rafalk-elblag.pl\/index.php?rest_route=\/wp\/v2\/posts\/5533","targetHints":{"allow":["GET"]}}],"collection":[{"href":"https:\/\/rafalk-elblag.pl\/index.php?rest_route=\/wp\/v2\/posts"}],"about":[{"href":"https:\/\/rafalk-elblag.pl\/index.php?rest_route=\/wp\/v2\/types\/post"}],"author":[{"embeddable":true,"href":"https:\/\/rafalk-elblag.pl\/index.php?rest_route=\/wp\/v2\/users\/1"}],"replies":[{"embeddable":true,"href":"https:\/\/rafalk-elblag.pl\/index.php?rest_route=%2Fwp%2Fv2%2Fcomments&post=5533"}],"version-history":[{"count":6,"href":"https:\/\/rafalk-elblag.pl\/index.php?rest_route=\/wp\/v2\/posts\/5533\/revisions"}],"predecessor-version":[{"id":5541,"href":"https:\/\/rafalk-elblag.pl\/index.php?rest_route=\/wp\/v2\/posts\/5533\/revisions\/5541"}],"wp:featuredmedia":[{"embeddable":true,"href":"https:\/\/rafalk-elblag.pl\/index.php?rest_route=\/wp\/v2\/media\/5536"}],"wp:attachment":[{"href":"https:\/\/rafalk-elblag.pl\/index.php?rest_route=%2Fwp%2Fv2%2Fmedia&parent=5533"}],"wp:term":[{"taxonomy":"category","embeddable":true,"href":"https:\/\/rafalk-elblag.pl\/index.php?rest_route=%2Fwp%2Fv2%2Fcategories&post=5533"},{"taxonomy":"post_tag","embeddable":true,"href":"https:\/\/rafalk-elblag.pl\/index.php?rest_route=%2Fwp%2Fv2%2Ftags&post=5533"}],"curies":[{"name":"wp","href":"https:\/\/api.w.org\/{rel}","templated":true}]}}