{"id":5526,"date":"2024-08-25T12:13:16","date_gmt":"2024-08-25T12:13:16","guid":{"rendered":"https:\/\/rafalk-elblag.pl\/?p=5526"},"modified":"2024-08-25T12:13:16","modified_gmt":"2024-08-25T12:13:16","slug":"xxi-niedziela-zwykla-25-08-2024-r","status":"publish","type":"post","link":"https:\/\/rafalk-elblag.pl\/?p=5526","title":{"rendered":"XXI Niedziela Zwyk\u0142a &#8211; 25.08.2024 r."},"content":{"rendered":"\n<ol class=\"wp-block-list\">\n<li><strong><u>PAMI\u0118TAJMY \u2013 SIERPIE\u0143 MIESI\u0104CEM ABSTYNENCJI<\/u><\/strong>. <br><em>Pod ch\u00f3rem wy\u0142o\u017cona jest KSI\u0118GA ABSTYNENCJI. Zach\u0119camy do wpisywania si\u0119 by&nbsp;w ten spos\u00f3b podj\u0105\u0107 APEL KO\u015aCIO\u0141A.&nbsp;<\/em><\/li>\n\n\n\n<li>Przed ko\u015bcio\u0142em diakon Amadeusz zbiera ofiary do puszki na utrzymanie naszego <strong>WY\u017bSZEGO SEMINARIUM DUCHOWNEGO<\/strong> w Elbl\u0105gu. <em>M\u00f3dlmy si\u0119 o nowe powo\u0142ania do kap\u0142a\u0144stwa i \u017cycia zakonnego.<\/em><\/li>\n\n\n\n<li><strong><em><\/em><\/strong><strong>Witamy w naszej wsp\u00f3lnocie parafialnej nowych wikariuszy, ks. mgr lic. Marcina RUSIECKIEGO, kt\u00f3ry od 1 lipca br. oraz ks. mgr Piotra KUCZEWSKIEGO , kt\u00f3ry od 24 sierpnia br. <\/strong>dekretem Biskupa Elbl\u0105skiego rozpocz\u0119li pos\u0142ug\u0119 w naszej parafii. <em>Otoczmy modlitw\u0105 obu kap\u0142an\u00f3w, by ich pos\u0142uga przynios\u0142a b\u0142ogos\u0142awione owoce.<\/em><\/li>\n\n\n\n<li>Za tydzie\u0144 przypada 85 rocznica wybuchu II Wojny \u015awiatowej. Pami\u0119tajmy w modlitwie&nbsp;o wszystkich, kt\u00f3rzy oddali \u017cycie w obronie Ojczyzny oraz pro\u015bmy o pok\u00f3j na \u015bwiecie.<\/li>\n\n\n\n<li><strong><\/strong><strong>UWAGA!<\/strong> Od wrze\u015bnia powracamy do Mszy \u015bwi\u0119tej niedzielnej o godzinie 15:00, kt\u00f3ra rozpoczyna si\u0119 Koronk\u0105 do Mi\u0142osierdzia Bo\u017cego. <em>Dzi\u0119kuj\u0119 osobom z Apostolatu Bo\u017cego Mi\u0142osierdzia za prowadzenie Koronki w czasie wakacji.<\/em><\/li>\n\n\n\n<li><strong><em><\/em><\/strong><strong>ZAPRASZAMY !!! <\/strong>W ka\u017cdy czwartek na <strong>ADORACJ\u0118 NAJ\u015aWI\u0118TSZEGO SAKRAMENTU <\/strong>w ciszy. <em>Adoracja rozpoczyna si\u0119 po Mszy \u015bw. wieczornej i trwa\u0142a do godziny 20:00.<\/em><\/li>\n\n\n\n<li><strong><em><\/em><\/strong>Dnia 4 wrze\u015bnia br. wyrusza<strong> X \u017bU\u0141AWSKA PIELGRZYMKA PIESZA <\/strong>od Wis\u0142y (Mikoszewa) do GIETRZWA\u0141DU na uroczysto\u015bci ODPUSTOWE&nbsp; dnia 8 wrze\u015bnia. <em>Wi\u0119cej informacji na tablicy og\u0142osze\u0144.<\/em> <em><\/em><\/li>\n\n\n\n<li><strong><em><\/em><\/strong>Nasza parafia tradycyjnie organizuje <strong>pielgrzymk\u0119 autokarow\u0105 do SANKTUARIUM MATKI BO\u017bEJ GIETRZWA\u0141DZKIEJ na obchody 147 Rocznicy Objawie\u0144.<\/strong> <em>Wyjazd 8 wrze\u015bnia (niedziela) o godz. 7:30. <strong>Koszt 50 z\u0142. <\/strong>Zapisy w zakrystii<strong>.<\/strong><\/em><strong><em><\/em><\/strong><\/li>\n\n\n\n<li><strong><em><\/em><\/strong>Spowied\u017a \u015bwi\u0119ta w tygodniu: rano od godz. 7:45, oraz wieczorem od godz. 17:30 <em>Zapraszamy do korzystania z sakramentu pokuty i pojednania.<\/em><\/li>\n\n\n\n<li><strong>&nbsp;Kancelaria parafialna, przez ca\u0142y okres wakacji, czynna jest <u>w \u015brody i pi\u0105tki&nbsp; po Mszy \u015bw. wieczorowej do godz. 19:30.<\/u><\/strong><\/li>\n\n\n\n<li>&nbsp;Wszystkim parafianom i go\u015bciom \u017cyczymy udanego wypoczynku&nbsp;b\u0142ogos\u0142awie\u0144stwa Bo\u017cego oraz opieki Matki Bo\u017cej Szkaplerznej.<\/li>\n\n\n\n<li><strong><\/strong>&nbsp;Zach\u0119cam do nabywania nowego numeru \u201eGo\u015bcia Niedzielnego\u201d <strong>z dodatkiem<\/strong> <strong>\u201eGo\u015bcia Elbl\u0105skiego\u201d<\/strong>.<\/li>\n\n\n\n<li><strong><\/strong><strong>&nbsp;<\/strong>Za tydzie\u0144 ofiary z\u0142o\u017cone na tac\u0119 przeznaczone na inwestycje parafialne. <em>Dzi\u0119kuj\u0119 za zrozumienie i z\u0142o\u017cone ofiary.<\/em><\/li>\n\n\n\n<li>&nbsp;Pan powo\u0142a\u0142 do wieczno\u015bci:<br>\u015bp. Liliann\u0119 SIEMI\u0118TKOWSK\u0104 lat 67 z ul. Sobieskiego<br>\u015bp. Eugeniusza MOTYL lat 79 z ul. Broniewskiego<br><em>Wieczny odpoczynek racz im da\u0107 Panie! A \u015bwiat\u0142o\u015b\u0107 wiekuista niechaj im \u015bwieci<\/em><\/li>\n<\/ol>\n\n\n\n<p><strong>Intencje Mszy \u015awi\u0119tej<\/strong><\/p>\n\n\n\n<p><strong>XXI NIEDZIELA ZWYK\u0141A \/ 25 sierpnia 2024 r.<\/strong> J 6, 54-69<br>8.00 \u015ap. J\u00f3zef(m) BARTO\u015a w 45 rocz. \u015bmierci, \u015bp. Stanis\u0142aw CYREK w 3 rocz., \u015bp. Helena CYREK, \u015bp. Jerzy JARGI\u0141O w 2 rocz. \u015bmierci<br>10.00 \u015ap. Tadeusz w 4 rocznic\u0119 \u015bmierci<br>10.00 Dzi\u0119kczynna za dwuletni\u0105 pos\u0142ug\u0119 w naszej parafii ks. Sylwestra \u017bBIKOWSKIEGO<br>12.00 Za parafian<br>12.00 Dzi\u0119kczynna w 45 rocz. \u015blubu Zofii i Stanis\u0142awa G\u0104SIOR z pro\u015bba o Bo\u017ce b\u0142ogos\u0142aw. i potrzebne \u0142aski dla Jubilat\u00f3w oraz o szcz\u0119\u015bliwy zabieg dla Stanis\u0142awa<br>18.00 \u015bp. Anna DARCZUK w 4 rocznic\u0119 \u015bmierci i \u015bp. Piotra DARCZUK<br>18.00 W intencji wynagradzaj\u0105cej Naj\u015bwi\u0119tszemu Sercu Pana Jezusa i Niepokalanemu Sercu Naj\u015bwi\u0119tszej Maryi Panny za grzechy Narodu Polskiego (3)<\/p>\n\n\n\n<p><strong>PONIEDZIA\u0141EK \/ 26 sierpnia 2024 r.<\/strong><br><strong>Uroczysto\u015b\u0107 Naj\u015bwi\u0119tszej Maryi Panny Cz\u0119stochowskiej<\/strong> J 2, 1-11<br>8.00 W intencji wynagradzaj\u0105cej Naj\u015bwi\u0119tszemu Sercu Pana Jezusa i Niepokalanemu Sercu Naj\u015bwi\u0119tszej Maryi Panny za grzechy Narodu Polskiego (4)<br>8.00 \u015bp. Eugenia(k) RZ\u0104D i zmarli rodzice Jan i Aniela oraz za zmar\u0142e rodze\u0144stwo<br>18.00 O Bo\u017ce b\u0142ogos\u0142awie\u0144stwo, opiek\u0119 Matki Bo\u017cej dla Mi\u0142osza z okazji pierwszej rocznicy urodzin oraz dla jego rodzic\u00f3w<\/p>\n\n\n\n<p><strong>WTOREK \/ 27 sierpnia 2024 r.<br>Wspomnienie \u015bw. Moniki<\/strong> Mt 23,23-26<br>8.00 W intencji wynagradzaj\u0105cej Naj\u015bwi\u0119tszemu Sercu Pana Jezusa i Niepokalanemu Sercu Naj\u015bwi\u0119tszej Maryi Panny za grzechy Narodu Polskiego (5)<br>8.00 O do\u015bwiadczenie Bo\u017cej mi\u0142o\u015bci i opiek\u0119 Matki Bo\u017cej w codziennym \u017cyciu dla Alicji, Henryka i ich rodzic\u00f3w oraz dla Arkadiusza i jego przyjaci\u00f3\u0142<br>18.00 \u015ap. Jerzy CIESIELSKI oraz zmar\u0142ych z rodziny<\/p>\n\n\n\n<p><strong>\u015aRODA \/ 28 sierpnia 2024 r.<br>Wspomnienie \u015bw. Augustyna, biskupa i doktora ko\u015bcio\u0142a<\/strong> Mt 23,27-32<br>8.00 W intencji wynagradzaj\u0105cej Naj\u015bwi\u0119tszemu Sercu Pana Jezusa i Niepokalanemu Sercu Naj\u015bwi\u0119tszej Maryi Panny za grzechy Narodu Polskiego (6)<br>18.00 \u015bp. Eugeniusz DEMBI\u0143SKI w 7 rocznic\u0119 \u015bmierci<\/p>\n\n\n\n<p><strong>CZWARTEK \/ 29 sierpnia 2024 r.<br>Wspomnienie M\u0119cze\u0144stwa \u015bw. Jana Chrzciciela<\/strong> Mk 6,17-29<br>8.00 W intencji wynagradzaj\u0105cej Naj\u015bwi\u0119tszemu Sercu Pana Jezusa i Niepokalanemu Sercu Naj\u015bwi\u0119tszej Maryi Panny za grzechy Narodu Polskiego (7)<br>18.00 Dzi\u0119kczynna za dar \u017cycia 8 lat z pro\u015bb\u0105 o \u0142ask\u0119 \u015bwi\u0119to\u015bci dla Jakuba<\/p>\n\n\n\n<p><strong>PI\u0104TEK \/ 30 sierpnia 2024 r.<\/strong> Mt 25,1-13<br>8.00 W intencji wynagradzaj\u0105cej Naj\u015bwi\u0119tszemu Sercu Pana Jezusa i Niepokalanemu Sercu Naj\u015bwi\u0119tszej Maryi Panny za grzechy Narodu Polskiego (8)<br>18.00 \u015bp. Danuta KONDRACKA w 4 miesi\u0105c po pogrzebie<br>18.00 \u015bp. Urszula WERNEROWICZ w 30 dzie\u0144 po pogrzebie<\/p>\n\n\n\n<p><strong>SOBOTA \/ 31 sierpnia 2024 r.<\/strong> Mt 25,14-30<br>8.00 W intencji wynagradzaj\u0105cej Naj\u015bwi\u0119tszemu Sercu Pana Jezusa i Niepokalanemu Sercu Naj\u015bwi\u0119tszej Maryi Panny za grzechy Narodu Polskiego (9)<br>18.00 \u015bp. Kazimierz, Jadwiga, Norbert<\/p>\n","protected":false},"excerpt":{"rendered":"<p>Intencje Mszy \u015awi\u0119tej XXI NIEDZIELA ZWYK\u0141A \/ 25 sierpnia 2024 r. J 6, 54-698.00 \u015ap. J\u00f3zef(m) BARTO\u015a w 45 rocz. \u015bmierci, \u015bp. Stanis\u0142aw CYREK w 3 rocz., \u015bp. Helena CYREK, \u015bp. Jerzy JARGI\u0141O w 2 rocz. \u015bmierci10.00 \u015ap. Tadeusz w 4 rocznic\u0119 \u015bmierci10.00 Dzi\u0119kczynna za dwuletni\u0105 pos\u0142ug\u0119 w naszej parafii ks. Sylwestra \u017bBIKOWSKIEGO12.00 Za parafian12.00 [&hellip;]<\/p>\n","protected":false},"author":1,"featured_media":5527,"comment_status":"closed","ping_status":"closed","sticky":false,"template":"","format":"standard","meta":{"ngg_post_thumbnail":0,"footnotes":""},"categories":[11,8,4,3],"tags":[],"class_list":["post-5526","post","type-post","status-publish","format-standard","has-post-thumbnail","hentry","category-aktualnosci","category-blog","category-intencje","category-ogloszenia"],"_links":{"self":[{"href":"https:\/\/rafalk-elblag.pl\/index.php?rest_route=\/wp\/v2\/posts\/5526","targetHints":{"allow":["GET"]}}],"collection":[{"href":"https:\/\/rafalk-elblag.pl\/index.php?rest_route=\/wp\/v2\/posts"}],"about":[{"href":"https:\/\/rafalk-elblag.pl\/index.php?rest_route=\/wp\/v2\/types\/post"}],"author":[{"embeddable":true,"href":"https:\/\/rafalk-elblag.pl\/index.php?rest_route=\/wp\/v2\/users\/1"}],"replies":[{"embeddable":true,"href":"https:\/\/rafalk-elblag.pl\/index.php?rest_route=%2Fwp%2Fv2%2Fcomments&post=5526"}],"version-history":[{"count":2,"href":"https:\/\/rafalk-elblag.pl\/index.php?rest_route=\/wp\/v2\/posts\/5526\/revisions"}],"predecessor-version":[{"id":5531,"href":"https:\/\/rafalk-elblag.pl\/index.php?rest_route=\/wp\/v2\/posts\/5526\/revisions\/5531"}],"wp:featuredmedia":[{"embeddable":true,"href":"https:\/\/rafalk-elblag.pl\/index.php?rest_route=\/wp\/v2\/media\/5527"}],"wp:attachment":[{"href":"https:\/\/rafalk-elblag.pl\/index.php?rest_route=%2Fwp%2Fv2%2Fmedia&parent=5526"}],"wp:term":[{"taxonomy":"category","embeddable":true,"href":"https:\/\/rafalk-elblag.pl\/index.php?rest_route=%2Fwp%2Fv2%2Fcategories&post=5526"},{"taxonomy":"post_tag","embeddable":true,"href":"https:\/\/rafalk-elblag.pl\/index.php?rest_route=%2Fwp%2Fv2%2Ftags&post=5526"}],"curies":[{"name":"wp","href":"https:\/\/api.w.org\/{rel}","templated":true}]}}