{"id":5521,"date":"2024-08-11T08:26:15","date_gmt":"2024-08-11T08:26:15","guid":{"rendered":"https:\/\/rafalk-elblag.pl\/?p=5521"},"modified":"2024-08-19T08:40:59","modified_gmt":"2024-08-19T08:40:59","slug":"xix-niedziela-zwykla-11-08-2024","status":"publish","type":"post","link":"https:\/\/rafalk-elblag.pl\/?p=5521","title":{"rendered":"XIX NIEDZIELA ZWYK\u0141A 11.08.2024"},"content":{"rendered":"\n<p><strong>OG\u0141OSZENIA PARAFIALNE\u00a0 11.08.2024 r.<\/strong><\/p>\n\n\n\n<ol class=\"wp-block-list\">\n<li><strong><u>PAMI\u0118TAJMY \u2013 SIERPIE\u0143 MIESI\u0104CEM ABSTYNENCJI<\/u><\/strong>. Przez pami\u0119\u0107\u00a0o wielkich dzie\u0142ach, kt\u00f3re B\u00f3g dokona\u0142 w naszym narodzie w tym miesi\u0105cu, powstrzymajmy si\u0119 od spo\u017cywania napoj\u00f3w alkoholowych. <em>Pod ch\u00f3rem wy\u0142o\u017cona jest KSI\u0118GA ABSTYNENCJI. Zach\u0119camy do wpisywania si\u0119 by\u00a0w ten spos\u00f3b podj\u0105\u0107 APEL KO\u015aCIO\u0141A.\u00a0<\/em><\/li>\n\n\n\n<li><strong>Przy naszej parafii dzia\u0142a grupa rodzinna Al-Anon (\u201e\u015amieszki\u201d), <\/strong>kt\u00f3ra zaprasza zainteresowanych problemem picia bliskiej osoby. <em>Grupa spotyka si\u0119 w ka\u017cdy czwartek na plebanii o godz. 17:00.<\/em><\/li>\n\n\n\n<li><strong>Dzisiaj 11 sierpnia 2024 roku, XXXII Elbl\u0105ska Pielgrzymka Piesza wchodzi na Jasn\u0105 G\u00f3r\u0119.<\/strong> Zapraszamy parafian na Msz\u0119 \u015bwi\u0119t\u0105 o godz. 18:00 i <strong>Apel Jasnog\u00f3rski.<\/strong> Duchowo b\u0119dziemy si\u0119 \u0142\u0105czy\u0107 z pielgrzymami, trwaj\u0105cymi na modlitwie w Kaplicy Cudownego Obrazu.<\/li>\n\n\n\n<li><strong>W czwartek 15 sierpnia prze\u017cywa\u0107 b\u0119dziemy UROCZYSTO\u015a\u0106 WNIEBOWZI\u0118CIA NAJ\u015aWI\u0118TSZEJ MARYI PANNY<\/strong>. <strong>Msze \u015bwi\u0119te jak w niedziel\u0119, tj. 8:00, 10:00, 12:00 i 18:00<em>.<\/em><\/strong> <em>Przypominamy, \u017ce tego dnia jest po\u015bwi\u0119cenie zi\u00f3\u0142, kwiat\u00f3w i owoc\u00f3w.<\/em><\/li>\n\n\n\n<li>W pi\u0105tek 16 dzie\u0144 miesi\u0105ca &#8211; spotkanie i modlitwy <strong>Rodziny Karmelita\u0144skiej\u00a0i Bractwa Szkaplerza \u015awi\u0119tego.<\/strong> Zapraszam na Msze \u015awi\u0119t\u0105 o godz. 18:00 z mo\u017cliwo\u015bci\u0105 przyj\u0119cia szkaplerza karmelita\u0144skiego oraz na nabo\u017ce\u0144stwo po Mszy \u015bwi\u0119tej.<\/li>\n\n\n\n<li>W tym tygodniu w liturgii Ko\u015bcio\u0142a wspominamy: <strong>w \u015brod\u0119 \u015bw. Maksymiliana Marii Kolbego, kap\u0142ana i m\u0119czennika<\/strong>,  <strong>w sobot\u0119 \u015bw. Jacka, kap\u0142ana \u2013 imieniny Jego Ekscelencji ks. dr Jacka Jezierskiego \u2013 Biskupa Elbl\u0105skiego.<\/strong> <strong><em>Pami\u0119tajmy w modlitwie o czcigodnym solenizanc<\/em>ie. <\/strong><em><u>Zapraszamy do udzia\u0142u w Mszach \u015bw. o godz. 8:00 lub o godz. 18:00<\/u>.<\/em><\/li>\n\n\n\n<li>Zapraszamy do wzi\u0119cia udzia\u0142u w UROCZYSTO\u015aCIACH ODPUSTOWYCH w <strong>Sanktuarium \u015awi\u0119tej Rodziny w Ryjewie<\/strong> dnia 18 sierpnia br. Wi\u0119cej informacji na plakacie.<\/li>\n\n\n\n<li>Za tydzie\u0144 (18 sierpnia) ostatnie spotkanie przed pielgrzymk\u0105 do Hiszpanii\u00a0i Francji w dniach od 17 do 23 wrze\u015bnia br. Zapraszamy na godz. 16:00 do parafii \u015awi\u0119tej Rodziny na Zawadzie.<\/li>\n\n\n\n<li><strong>Wszystkim parafianom i go\u015bciom \u017cyczymy udanego wypoczynku\u00a0b\u0142ogos\u0142awie\u0144stwa Bo\u017cego oraz opieki Matki Bo\u017cej Szkaplerznej.<\/strong><\/li>\n\n\n\n<li>Zach\u0119cam do nabywania nowego numeru \u201eGo\u015bcia Niedzielnego\u201d <strong>w cenie 10 z\u0142.<\/strong> <strong>z dodatkiem<\/strong> <strong>\u201eGo\u015bcia Elbl\u0105skiego\u201d<\/strong>.<\/li>\n\n\n\n<li>Pan powo\u0142a\u0142 do wieczno\u015bci :<\/li>\n<\/ol>\n\n\n\n<p>&nbsp;&nbsp;&nbsp;&nbsp;&nbsp;&nbsp;&nbsp;&nbsp;&nbsp;&nbsp;&nbsp;&nbsp;&nbsp;&nbsp;&nbsp;&nbsp;&nbsp;&nbsp;&nbsp;&nbsp;&nbsp;&nbsp;&nbsp;&nbsp;&nbsp;&nbsp;&nbsp;&nbsp;&nbsp; \u015bp. Adama MALISZEWSKIEGO lat 71 z ul. Korczaka<\/p>\n\n\n\n<p>&nbsp;&nbsp;&nbsp;&nbsp;&nbsp;&nbsp;&nbsp;&nbsp;&nbsp;&nbsp;&nbsp;&nbsp;&nbsp;&nbsp;&nbsp;&nbsp;&nbsp;&nbsp;&nbsp;&nbsp;&nbsp;&nbsp;&nbsp;&nbsp;&nbsp;&nbsp;&nbsp; \u015bp. Zbigniewa KUBIAK lat 74 z ul. Brzechwy<\/p>\n\n\n\n<p>&nbsp;&nbsp;&nbsp;&nbsp;&nbsp;&nbsp;&nbsp;&nbsp;&nbsp;&nbsp;&nbsp;&nbsp;&nbsp;&nbsp;&nbsp;&nbsp;&nbsp;&nbsp;&nbsp;&nbsp;&nbsp;&nbsp;&nbsp;&nbsp;&nbsp;&nbsp;&nbsp; \u015bp. Jerzego KARPI\u0143SKIEGO lat 74 z ul. K\u0142oczowskiego<\/p>\n\n\n\n<p>\u00a0\u00a0\u00a0\u00a0\u00a0\u00a0\u00a0\u00a0\u00a0\u00a0\u00a0\u00a0\u00a0\u00a0 <em>Wieczny odpoczynek racz mu da\u0107 Panie! A \u015bwiat\u0142o\u015b\u0107 wiekuista niechaj mu \u015bwieci<\/em><\/p>\n\n\n\n<p><\/p>\n\n\n\n<p><\/p>\n\n\n\n<figure class=\"wp-block-table\"><table class=\"has-fixed-layout\"><tbody><tr><td colspan=\"2\"><strong>PONIEDZIA\u0141EK \/ 12 sierpnia 2024 r.<\/strong><\/td><td>Mt 17,22-27<\/td><\/tr><tr><td>8.00<\/td><td colspan=\"2\">\u015bp. Bogdan GRZYMA\u0141A w 4 rocznic\u0119 \u015bmierci<\/td><\/tr><tr><td>18.00<\/td><td colspan=\"2\">\u015bp. Tadeusz CZ\u0118\u015aCIK w 16 rocz. \u015bmierci, sp. Eugenia, Henryk, Andrzej GRABOWSCY<\/td><\/tr><tr><td colspan=\"2\"><strong>WTOREK \/ 13 sierpnia 2024 r.<\/strong><strong><\/strong><\/td><td>Mt 18,1-5<\/td><\/tr><tr><td>8.00<\/td><td colspan=\"2\">\u015bp. Mieczys\u0142aw PELLOWSKI w 1 rocznic\u0119 \u015bmierci<\/td><\/tr><tr><td>18.00<\/td><td colspan=\"2\">O zdrowie i b\u0142ogos\u0142awie\u0144stwo Bo\u017ce, opiek\u0119 Matki Bo\u017cej dla Jolanty i Piotra i ich rodzin<\/td><\/tr><tr><td colspan=\"2\"><strong>\u015aRODA \/ 14 sierpnia 2024 r.<\/strong> <strong>\u015aw. Maksymiliana Marii Kolbego, kap\u0142ana i m\u0119czennika<\/strong> <strong>Patrona Diecezji Elbl\u0105skiej<\/strong><em><\/em><\/td><td>Mt 18,15-20<\/td><\/tr><tr><td>8.00<\/td><td colspan=\"2\">\u015bp. Helena, W\u0142adys\u0142aw, Janina, Mieczys\u0142aw, W\u0142adys\u0142aw, Wies\u0142aw, Jan, Waleria(k)\u00a0z rodziny \u017b\u0141OBKOWSKICH<\/td><\/tr><tr><td>18.00<\/td><td colspan=\"2\">\u015ap. Zdzis\u0142awa(k) W\u0104SOWSKA w 9 rocz. \u015bmierci, \u015bp. Stanis\u0142aw(m), W\u0142adys\u0142aw i Dariusz z rodziny W\u0105sowskich<\/td><\/tr><tr><td>18.00<\/td><td colspan=\"2\">Dzi\u0119kczynna w 14 rocz. \u015blubu Joanny i Krzysztofa G\u0104SIOR z pro\u015bb\u0105 o Bo\u017ce b\u0142ogos\u0142awie\u0144stwo i opiek\u0119 M.B. Szkaplerznej dla ca\u0142ej rodziny<\/td><\/tr><tr><td colspan=\"2\"><strong>&nbsp; CZWARTEK \/ 15 sierpnia 2024 r.<\/strong><strong><\/strong> <strong><em>Uroczysto\u015b\u0107 Wniebowzi\u0119cia Naj\u015bwi\u0119tszej Maryi Panny<\/em><\/strong><em><\/em><\/td><td>\u0141k 1,39-56<\/td><\/tr><tr><td>8.00<\/td><td colspan=\"2\">\u015bp. Tadeusz, Julianna GRZE\u015aKIEWICZ<\/td><\/tr><tr><td>10.00<\/td><td colspan=\"2\">Za dusze w czy\u015b\u0107cu cierpi\u0105ce oraz za \u015bp. Romana<\/td><\/tr><tr><td><strong>12.00<\/strong><\/td><td colspan=\"2\"><strong>W intencji ca\u0142ej parafii<\/strong><\/td><\/tr><tr><td>18.00<\/td><td colspan=\"2\">\u015bp. Kazimiera(k) D\u0104BKOWSKA w 12 rocz. \u015bmierci i zmar\u0142ych z rodziny<\/td><\/tr><tr><td colspan=\"2\"><strong>PI\u0104TEK \/ 16 sierpnia 2024 r.<\/strong> <em>Spotkanie Rodziny i Bractwa Szkaplerznego<\/em><strong><\/strong><\/td><td>Mt 19,3-12<\/td><\/tr><tr><td>8.00<\/td><td colspan=\"2\">\u015bp. J\u00f3zefa(k), Boles\u0142aw, Janina, Krystyna, Wies\u0142awa(k), Ryszard z rodziny RADKOWSKICH \u015bp. Helena, Boles\u0142aw, Waldemar z rodziny STASI\u0143SKICH<\/td><\/tr><tr><td>18.00<\/td><td colspan=\"2\">W intencji ca\u0142ej Rodziny i Bractwa Szkaplerznego<\/td><\/tr><tr><td colspan=\"2\"><strong>SOBOTA \/ 17 sierpnia 2024 r. <\/strong><em>\u015bw. Jacka, kap\u0142ana<\/em><strong><\/strong><\/td><td>Mt 19,13-15<\/td><\/tr><tr><td>8.00<\/td><td colspan=\"2\">\u015bp. Stefania(k) BRZEZI\u0143SKA w 3 miesi\u0105c po pogrzebie<\/td><\/tr><tr><td>18.00<\/td><td colspan=\"2\">\u015bp. Helena MAJKOWSKA, Henryk SULECKI, J\u00f3zef SULECKI, Andrzej Sulecki<\/td><\/tr><tr><td colspan=\"2\"><strong>XX NIEDZIELA ZWYK\u0141A \/ 18 sierpnia 2024 r.<\/strong><strong><\/strong><\/td><td>J &nbsp;6, 51-58<sub><\/sub><\/td><\/tr><tr><td><strong>8.00<\/strong><\/td><td colspan=\"2\">\u015bp. Ignacy CZESZEJKO \u2013 SOCHACKI, \u015bp. J\u00f3zef CZESZEJKO &#8211; SOCHACKI<\/td><\/tr><tr><td><strong>10.00<\/strong><\/td><td colspan=\"2\">Dzi\u0119kczynna w 16 rocz. \u015blubu El\u017cbiety i Marka MALINOWSKICH z pro\u015bb\u0105 o Bo\u017ce b\u0142ogos\u0142awie\u0144stwo i opiek\u0119 Matki Bo\u017cej<\/td><\/tr><tr><td><strong>12.00<\/strong><\/td><td colspan=\"2\">Dzi\u0119kczynna w 40 rocz. \u015blubu GAWRO\u0143SKICH Marii i Miros\u0142awa z pro\u015bb\u0105 o Bo\u017ce b\u0142ogos\u0142awie\u0144stwo, opiek\u0119 Matki Bo\u017cej i potrzebne \u0142aski dla RUBINOWYCH JUBILAT\u00d3W<\/td><\/tr><tr><td><strong>18.00<\/strong><\/td><td colspan=\"2\">\u015bp. Ks. Franciszek BOKUNIEWICZ w 21 rocznic\u0119 \u015bmierci<\/td><\/tr><\/tbody><\/table><\/figure>\n","protected":false},"excerpt":{"rendered":"<p>OG\u0141OSZENIA PARAFIALNE\u00a0 11.08.2024 r. &nbsp;&nbsp;&nbsp;&nbsp;&nbsp;&nbsp;&nbsp;&nbsp;&nbsp;&nbsp;&nbsp;&nbsp;&nbsp;&nbsp;&nbsp;&nbsp;&nbsp;&nbsp;&nbsp;&nbsp;&nbsp;&nbsp;&nbsp;&nbsp;&nbsp;&nbsp;&nbsp;&nbsp;&nbsp; \u015bp. Adama MALISZEWSKIEGO lat 71 z ul. Korczaka &nbsp;&nbsp;&nbsp;&nbsp;&nbsp;&nbsp;&nbsp;&nbsp;&nbsp;&nbsp;&nbsp;&nbsp;&nbsp;&nbsp;&nbsp;&nbsp;&nbsp;&nbsp;&nbsp;&nbsp;&nbsp;&nbsp;&nbsp;&nbsp;&nbsp;&nbsp;&nbsp; \u015bp. Zbigniewa KUBIAK lat 74 z ul. Brzechwy &nbsp;&nbsp;&nbsp;&nbsp;&nbsp;&nbsp;&nbsp;&nbsp;&nbsp;&nbsp;&nbsp;&nbsp;&nbsp;&nbsp;&nbsp;&nbsp;&nbsp;&nbsp;&nbsp;&nbsp;&nbsp;&nbsp;&nbsp;&nbsp;&nbsp;&nbsp;&nbsp; \u015bp. Jerzego KARPI\u0143SKIEGO lat 74 z ul. K\u0142oczowskiego \u00a0\u00a0\u00a0\u00a0\u00a0\u00a0\u00a0\u00a0\u00a0\u00a0\u00a0\u00a0\u00a0\u00a0 Wieczny odpoczynek racz mu da\u0107 Panie! A \u015bwiat\u0142o\u015b\u0107 wiekuista niechaj mu \u015bwieci PONIEDZIA\u0141EK \/ 12 sierpnia 2024 r. Mt 17,22-27 8.00 \u015bp. Bogdan [&hellip;]<\/p>\n","protected":false},"author":1,"featured_media":5522,"comment_status":"closed","ping_status":"closed","sticky":false,"template":"","format":"standard","meta":{"ngg_post_thumbnail":0,"footnotes":""},"categories":[11,8,4,3],"tags":[],"class_list":["post-5521","post","type-post","status-publish","format-standard","has-post-thumbnail","hentry","category-aktualnosci","category-blog","category-intencje","category-ogloszenia"],"_links":{"self":[{"href":"https:\/\/rafalk-elblag.pl\/index.php?rest_route=\/wp\/v2\/posts\/5521","targetHints":{"allow":["GET"]}}],"collection":[{"href":"https:\/\/rafalk-elblag.pl\/index.php?rest_route=\/wp\/v2\/posts"}],"about":[{"href":"https:\/\/rafalk-elblag.pl\/index.php?rest_route=\/wp\/v2\/types\/post"}],"author":[{"embeddable":true,"href":"https:\/\/rafalk-elblag.pl\/index.php?rest_route=\/wp\/v2\/users\/1"}],"replies":[{"embeddable":true,"href":"https:\/\/rafalk-elblag.pl\/index.php?rest_route=%2Fwp%2Fv2%2Fcomments&post=5521"}],"version-history":[{"count":1,"href":"https:\/\/rafalk-elblag.pl\/index.php?rest_route=\/wp\/v2\/posts\/5521\/revisions"}],"predecessor-version":[{"id":5523,"href":"https:\/\/rafalk-elblag.pl\/index.php?rest_route=\/wp\/v2\/posts\/5521\/revisions\/5523"}],"wp:featuredmedia":[{"embeddable":true,"href":"https:\/\/rafalk-elblag.pl\/index.php?rest_route=\/wp\/v2\/media\/5522"}],"wp:attachment":[{"href":"https:\/\/rafalk-elblag.pl\/index.php?rest_route=%2Fwp%2Fv2%2Fmedia&parent=5521"}],"wp:term":[{"taxonomy":"category","embeddable":true,"href":"https:\/\/rafalk-elblag.pl\/index.php?rest_route=%2Fwp%2Fv2%2Fcategories&post=5521"},{"taxonomy":"post_tag","embeddable":true,"href":"https:\/\/rafalk-elblag.pl\/index.php?rest_route=%2Fwp%2Fv2%2Ftags&post=5521"}],"curies":[{"name":"wp","href":"https:\/\/api.w.org\/{rel}","templated":true}]}}