{"id":5514,"date":"2024-08-19T08:05:29","date_gmt":"2024-08-19T08:05:29","guid":{"rendered":"https:\/\/rafalk-elblag.pl\/?p=5514"},"modified":"2024-08-19T08:05:29","modified_gmt":"2024-08-19T08:05:29","slug":"xx-niedziela-zwykla-18-08-2024-r","status":"publish","type":"post","link":"https:\/\/rafalk-elblag.pl\/?p=5514","title":{"rendered":"XX Niedziela Zwyk\u0142a &#8211; 18.08.2024 r."},"content":{"rendered":"\n<p><strong>OG\u0141OSZENIA PARAFIALNE\u00a0 18.08.2024 r.<\/strong><\/p>\n\n\n\n<ol class=\"wp-block-list\">\n<li><strong><u>PAMI\u0118TAJMY \u2013 SIERPIE\u0143 MIESI\u0104CEM ABSTYNENCJI<\/u><\/strong>.  <em>Pod ch\u00f3rem wy\u0142o\u017cona jest KSI\u0118GA ABSTYNENCJI. Zach\u0119camy do wpisywania si\u0119 by\u00a0w ten spos\u00f3b podj\u0105\u0107 APEL KO\u015aCIO\u0141A.\u00a0<\/em><\/li>\n\n\n\n<li>Zapraszamy 18 sierpnia br. do wzi\u0119cia udzia\u0142u w UROCZYSTO\u015aCIACH ODPUSTOWYCH\u00a0 w <strong>Sanktuarium \u015awi\u0119tej Rodziny w Ryjewie.<\/strong> <em>Wi\u0119cej informacji na plakacie.<\/em><\/li>\n\n\n\n<li>Dzisiaj w parafii \u015awi\u0119tej Rodziny na Zawadzie, ostatnie spotkanie przed pielgrzymk\u0105 do Hiszpanii i Francji w dniach od 17 do 23 wrze\u015bnia br. Zapraszamy na godz. 16:00.<\/li>\n\n\n\n<li><strong>We wtorek (20 sierpnia) przypada XII rocznica NAWIEDZENIA NASZEJ PARAFII PRZEZ\u00a0 MATK\u0118 BO\u017b\u0104 W\u00a0 JASNOG\u00d3RSKIEM WIZERUNKU. <\/strong>Niech ta rocznica Nawiedzenia rozpala nadal nasze serca i przynosi b\u0142ogos\u0142awione owoce w \u017cyciu ka\u017cdego z nas i ca\u0142ej naszej wsp\u00f3lnoty parafialnej. <em>\u201eMaryjo, kt\u00f3ra\u015b uwierzy\u0142a, prowad\u017a nas do Jezusa.\u201d<\/em><\/li>\n\n\n\n<li><strong>Za tydzie\u0144 (25 sierpnia) na Mszy \u015bw. o godz. 10:00 b\u0119dziemy dzi\u0119kowa\u0107 ksi\u0119dzu Sylwestrowi, kt\u00f3ry po 2 latach pos\u0142ugi w naszej parafii z dniem 1 wrze\u015bnia b\u0119dzie pracowa\u0142 w Mor\u0105gu. <\/strong><em>Niech ta Msza \u015bwi\u0119ta b\u0119dzie wyrazem naszej wdzi\u0119czno\u015bci za pos\u0142ug\u0119 kap\u0142a\u0144sk\u0105 ks. Sylwestra po\u015br\u00f3d nas. Serdecznie zapraszamy!<\/em><\/li>\n\n\n\n<li>W niedziel\u0119 25 sierpnia br. b\u0119d\u0105 zbierane ofiary do puszek na utrzymanie naszego <strong>WY\u017bSZEGO SEMINARIUM DUCHOWNEGO<\/strong> w Elbl\u0105gu. <em>M\u00f3dlmy si\u0119 o nowe powo\u0142ania do kap\u0142a\u0144stwa i \u017cycia zakonnego.<\/em><\/li>\n\n\n\n<li>Nasza parafia tradycyjnie organizuje <strong>pielgrzymk\u0119 autokarow\u0105 do SANKTUARIUM MATKI BO\u017bEJ GIETRZWA\u0141DZKIEJ na obchody 147 Rocznicy Objawie\u0144.<\/strong>\u00a0<em>Wyjazd 8 wrze\u015bnia (niedziela) o godz. 7:30. <strong>Koszt 50 z\u0142. <\/strong>Zapisy w zakrystii<strong>.<\/strong><\/em><\/li>\n\n\n\n<li>Spowied\u017a \u015bwi\u0119ta w tygodniu: rano od godz. 7:45, oraz wieczorem od godz. 17:30 <em>Zapraszamy do korzystania z sakramentu pokuty i pojednania.<\/em><\/li>\n\n\n\n<li>W tym tygodniu w liturgii Ko\u015bcio\u0142a wspominamy: <br>&#8211; we wtorek<strong> wspomnienie \u015bw. Bernarda, opata i doktora ko\u015bcio\u0142a<\/strong><br>&#8211; w czwartek<strong>\u00a0 wspomnienie Naj\u015bwi\u0119tszej Maryi Panny Kr\u00f3lowej<\/strong><br>&#8211; w sobot\u0119<strong> \u015awi\u0119to Bart\u0142omieja, Aposto\u0142a<\/strong><br><em><u>Zapraszamy do udzia\u0142u w Mszach \u015bw. o godz. 8:00 lub o godz. 18:00<\/u>.\u00a0<\/em><\/li>\n\n\n\n<li><strong>Kancelaria parafialna, przez ca\u0142y okres wakacji, czynna jest <u>w \u015brody i pi\u0105tki\u00a0po Mszy \u015bw. wieczorowej do godziny 19:30.<\/u>\u00a0 <em>Zapraszamy.<\/em><\/strong><\/li>\n\n\n\n<li><strong><\/strong><strong>&nbsp;Wszystkim parafianom i go\u015bciom \u017cyczymy udanego wypoczynku&nbsp;&nbsp;&nbsp;&nbsp;&nbsp;&nbsp;&nbsp;&nbsp;&nbsp;&nbsp;&nbsp;&nbsp;&nbsp;&nbsp;&nbsp;&nbsp;&nbsp;&nbsp;&nbsp;&nbsp;&nbsp;&nbsp;&nbsp;&nbsp;&nbsp;&nbsp;&nbsp;&nbsp;&nbsp;&nbsp;&nbsp;&nbsp;&nbsp;&nbsp;&nbsp;&nbsp;&nbsp;&nbsp;&nbsp;&nbsp;&nbsp;&nbsp;&nbsp;&nbsp; b\u0142ogos\u0142awie\u0144stwa Bo\u017cego oraz opieki Matki Bo\u017cej Szkaplerznej.<\/strong><\/li>\n\n\n\n<li>\u00a0Zach\u0119cam do nabywania nowego numeru \u201eGo\u015bcia Niedzielnego\u201d <strong>z dodatkiem<\/strong> <strong>\u201eGo\u015bcia Elbl\u0105skiego\u201d<\/strong>.<\/li>\n<\/ol>\n\n\n\n<p><\/p>\n\n\n\n<p><strong>Intencje Mszy \u015awi\u0119tej<\/strong><\/p>\n\n\n\n<figure class=\"wp-block-table\"><table class=\"has-fixed-layout\"><tbody><tr><td colspan=\"4\"><strong>XX NIEDZIELA ZWYK\u0141A \/ 18 sierpnia 2024 r.<\/strong><strong><\/strong><\/td><td>J&nbsp; 6, 51-58<sub><\/sub><\/td><td>&nbsp;<\/td><\/tr><tr><td colspan=\"2\"><strong>8.00<\/strong><\/td><td colspan=\"3\">\u015bp. Ignacy CZESZEJKO \u2013 SOCHACKI, \u015bp. J\u00f3zef CZESZEJKO &#8211; SOCHACKI<\/td><td>&nbsp;<\/td><\/tr><tr><td colspan=\"2\"><strong>10.00<\/strong><\/td><td colspan=\"3\">Dzi\u0119kczynna w 16 rocz. \u015blubu El\u017cbiety i Marka MALINOWSKICH z pro\u015bb\u0105 o Bo\u017ce b\u0142ogos\u0142awie\u0144stwo i opiek\u0119 Matki Bo\u017cej<\/td><td>&nbsp;<\/td><\/tr><tr><td colspan=\"2\"><strong>12.00<\/strong><\/td><td colspan=\"3\">Dzi\u0119kczynna w 40 rocz. \u015blubu Marii i Miros\u0142awa GAWRO\u0143SKICH \u00a0z pro\u015bb\u0105 o Bo\u017ce b\u0142ogos\u0142awie\u0144stwo, opiek\u0119 Matki Bo\u017cej i potrzebne \u0142aski dla RUBINOWYCH JUBILAT\u00d3W<\/td><td>&nbsp;<\/td><\/tr><tr><td colspan=\"2\"><strong>18.00<\/strong><\/td><td colspan=\"3\">\u015bp. Ks. Franciszek BOKUNIEWICZ w 21 rocznic\u0119 \u015bmierci<\/td><td>&nbsp;<\/td><\/tr><tr><td colspan=\"3\"><strong>PONIEDZIA\u0141EK \/ 19 sierpnia 2024 r.<\/strong><\/td><td colspan=\"3\">Mt 19,16-22<\/td><\/tr><tr><td>8.00<\/td><td colspan=\"5\">Za parafian<\/td><\/tr><tr><td>18.00<\/td><td colspan=\"5\">\u015bp. Rajmund DULJAN&nbsp; w 3 rocznic\u0119 \u015bmierci<\/td><\/tr><tr><td>18.00<\/td><td colspan=\"5\">\u015bp. J\u00f3zefa(k) i Micha\u0142 JACKIEWICZ<\/td><\/tr><tr><td colspan=\"3\"><strong>WTOREK \/ 20 sierpnia 2024 r.<\/strong><strong><\/strong> <strong>wspomnienie \u015bw. Bernarda, opata i doktora ko\u015bcio\u0142a<\/strong><strong><\/strong><\/td><td colspan=\"3\">Mt 19,23-30<\/td><\/tr><tr><td>8.00<\/td><td colspan=\"5\">\u015bp. Janina BA\u0143KOWSKA&nbsp; w 30 dzie\u0144 po pogrzebie<\/td><\/tr><tr><td>18.00<\/td><td colspan=\"5\">\u015bp. Apolonia(k), Stanis\u0142aw, Hieronima(k), Jan, Lucjan, Elma(k), Pawe\u0142 z rodziny BORYSZEWSKICH<\/td><\/tr><tr><td colspan=\"3\"><strong>\u015aRODA \/ 21 sierpnia 2024 r.<\/strong> <strong>wspomnienie \u015bw. Piusa X, papie\u017ca<\/strong><\/td><td colspan=\"3\">Mt 20,1-16<\/td><\/tr><tr><td>8.00<\/td><td colspan=\"5\">\u015bp. Marianna LIS w 2 rocznic\u0119 \u015bmierci i za zmar\u0142ych z rodziny<\/td><\/tr><tr><td>18.00<\/td><td colspan=\"5\">Dzi\u0119kczynna w 15 rocz. \u015blubu Agnieszki i Wojciecha PAJ\u0104K z pro\u015bb\u0105 o Bo\u017ce b\u0142ogos\u0142awie\u0144stwo i opiek\u0119 M.B. Szkaplerznej dla ca\u0142ej rodziny a szczeg\u00f3lnie dla c\u00f3rki Zofii i syna \u0141ukasza<\/td><\/tr><tr><td colspan=\"3\"><strong>&nbsp; CZWARTEK \/ 22 sierpnia 2024 r.<\/strong><strong><\/strong> <strong><em>wspomnienie Naj\u015bwi\u0119tszej Maryi Panny Kr\u00f3lowej<\/em><\/strong><em><\/em><\/td><td colspan=\"3\">Mt 22,1-14<\/td><\/tr><tr><td>8.00<\/td><td colspan=\"5\">\u015bp. Bronis\u0142awa(k) w 24 rocz. \u015bmierci, \u015bp. Stanis\u0142aw(m) i zmar\u0142ych z rodzin WALA i OSOWSKICH<\/td><\/tr><tr><td>18.00<\/td><td colspan=\"5\">\u015bp. Dariusz MORZY w 3 rocznic\u0119 \u015bmierci<\/td><\/tr><tr><td colspan=\"3\"><strong>PI\u0104TEK \/ 23 sierpnia 2024 r.<\/strong><\/td><td colspan=\"3\">Mt 22,34-40<\/td><\/tr><tr><td>8.00<\/td><td colspan=\"5\">W intencji wynagradzaj\u0105cej Naj\u015bwi\u0119tszemu Sercu Pana Jezusa i Niepokalanemu Sercu Naj\u015bwi\u0119tszej Maryi Panny za grzechy Narodu Polskiego <strong>(1)<\/strong><\/td><\/tr><tr><td>18.00<\/td><td colspan=\"5\">\u015bp. Tadeusz MALINOWSKI w 12 rocznice \u015bmierci<\/td><\/tr><tr><td colspan=\"3\"><strong>SOBOTA \/ 24 sierpnia 2024 r.<\/strong> <strong>\u015awi\u0119to \u015bw. Bart\u0142omieja , Aposto\u0142a<\/strong><\/td><td colspan=\"3\">Mt 23,1-12<\/td><\/tr><tr><td>8.00<\/td><td colspan=\"5\">W intencji wynagradzaj\u0105cej Naj\u015bwi\u0119tszemu Sercu Pana Jezusa i Niepokalanemu Sercu Naj\u015bwi\u0119tszej Maryi Panny za grzechy Narodu Polskiego<strong> (2)<\/strong><\/td><\/tr><tr><td>18.00<\/td><td colspan=\"5\">\u015bp. Julia KATA w 10 rocznice \u015bmierci i Helena APANOWICZ w 8 rocznic\u0119<\/td><\/tr><\/tbody><\/table><\/figure>\n","protected":false},"excerpt":{"rendered":"<p>OG\u0141OSZENIA PARAFIALNE\u00a0 18.08.2024 r. Intencje Mszy \u015awi\u0119tej XX NIEDZIELA ZWYK\u0141A \/ 18 sierpnia 2024 r. J&nbsp; 6, 51-58 &nbsp; 8.00 \u015bp. Ignacy CZESZEJKO \u2013 SOCHACKI, \u015bp. J\u00f3zef CZESZEJKO &#8211; SOCHACKI &nbsp; 10.00 Dzi\u0119kczynna w 16 rocz. \u015blubu El\u017cbiety i Marka MALINOWSKICH z pro\u015bb\u0105 o Bo\u017ce b\u0142ogos\u0142awie\u0144stwo i opiek\u0119 Matki Bo\u017cej &nbsp; 12.00 Dzi\u0119kczynna w 40 [&hellip;]<\/p>\n","protected":false},"author":1,"featured_media":5515,"comment_status":"closed","ping_status":"closed","sticky":false,"template":"","format":"standard","meta":{"ngg_post_thumbnail":0,"footnotes":""},"categories":[11,8,4,3],"tags":[],"class_list":["post-5514","post","type-post","status-publish","format-standard","has-post-thumbnail","hentry","category-aktualnosci","category-blog","category-intencje","category-ogloszenia"],"_links":{"self":[{"href":"https:\/\/rafalk-elblag.pl\/index.php?rest_route=\/wp\/v2\/posts\/5514","targetHints":{"allow":["GET"]}}],"collection":[{"href":"https:\/\/rafalk-elblag.pl\/index.php?rest_route=\/wp\/v2\/posts"}],"about":[{"href":"https:\/\/rafalk-elblag.pl\/index.php?rest_route=\/wp\/v2\/types\/post"}],"author":[{"embeddable":true,"href":"https:\/\/rafalk-elblag.pl\/index.php?rest_route=\/wp\/v2\/users\/1"}],"replies":[{"embeddable":true,"href":"https:\/\/rafalk-elblag.pl\/index.php?rest_route=%2Fwp%2Fv2%2Fcomments&post=5514"}],"version-history":[{"count":1,"href":"https:\/\/rafalk-elblag.pl\/index.php?rest_route=\/wp\/v2\/posts\/5514\/revisions"}],"predecessor-version":[{"id":5516,"href":"https:\/\/rafalk-elblag.pl\/index.php?rest_route=\/wp\/v2\/posts\/5514\/revisions\/5516"}],"wp:featuredmedia":[{"embeddable":true,"href":"https:\/\/rafalk-elblag.pl\/index.php?rest_route=\/wp\/v2\/media\/5515"}],"wp:attachment":[{"href":"https:\/\/rafalk-elblag.pl\/index.php?rest_route=%2Fwp%2Fv2%2Fmedia&parent=5514"}],"wp:term":[{"taxonomy":"category","embeddable":true,"href":"https:\/\/rafalk-elblag.pl\/index.php?rest_route=%2Fwp%2Fv2%2Fcategories&post=5514"},{"taxonomy":"post_tag","embeddable":true,"href":"https:\/\/rafalk-elblag.pl\/index.php?rest_route=%2Fwp%2Fv2%2Ftags&post=5514"}],"curies":[{"name":"wp","href":"https:\/\/api.w.org\/{rel}","templated":true}]}}