{"id":5510,"date":"2024-07-27T20:15:03","date_gmt":"2024-07-27T20:15:03","guid":{"rendered":"https:\/\/rafalk-elblag.pl\/?p=5510"},"modified":"2024-07-27T20:15:03","modified_gmt":"2024-07-27T20:15:03","slug":"28-07-2024-r-xvii-niedziela-zwykla","status":"publish","type":"post","link":"https:\/\/rafalk-elblag.pl\/?p=5510","title":{"rendered":"28.07.2024 r., XVII NIEDZIELA ZWYK\u0141A"},"content":{"rendered":"\n<h1 class=\"wp-block-heading\" id=\"block-6d42405b-4ab7-4d06-b960-74c4b8e7c4ea\">Og\u0142oszenia parafialne 28.07.2024 r.<\/h1>\n\n\n\n<ol class=\"wp-block-list\">\n<li><strong><\/strong><strong><u>W czwartek rozpoczynamy miesi\u0105c abstynencji<\/u><\/strong>. Przez pami\u0119\u0107 o wielkich dzie\u0142ach, kt\u00f3re B\u00f3g dokona\u0142 w naszym narodzie w tym miesi\u0105cu, a tak\u017ce odpowiadaj\u0105c na Apel Ko\u015bcio\u0142a, powstrzymajmy si\u0119 od spo\u017cywania napoj\u00f3w alkoholowych.&nbsp;&nbsp;&nbsp;&nbsp;&nbsp;&nbsp;<\/li>\n\n\n\n<li><strong>Przy naszej parafii dzia\u0142a grupa rodzinna Al-Anon (\u201e\u015amieszki\u201d), <\/strong>kt\u00f3ra zaprasza zainteresowanych problemem nadu\u017cywania alkoholu bliskiej osoby. <em>Grupa spotyka si\u0119 w ka\u017cdy czwartek na plebanii o godz. 17:00 (wej\u015bcie od szczytu plebanii), natomiast w pierwsze czwartki miesi\u0105ca jest spotkanie otwarte dla zainteresowanych t\u0105 wsp\u00f3lnot\u0105.<\/em><\/li>\n\n\n\n<li><strong>Dzisiaj z Elbl\u0105ga wyruszy\u0142a XXXII Pielgrzymka Piesza na Jasn\u0105 G\u00f3r\u0119. Trwaj\u0105c w jedno\u015bci modlitewnej z pielgrzymami zmierzaj\u0105cymi do Cz\u0119stochowy <\/strong>zach\u0119camy do udzia\u0142u (w czasie trwania pielgrzymki) w Mszach \u015bw. wieczornych zako\u0144czonych DZIESI\u0104TK\u0104 R\u00d3\u017bA\u0143CA I APELEM JASNOG\u00d3RSKIM.<\/li>\n\n\n\n<li>W tym tygodniu przypada pierwszy czwartek, pi\u0105tek i sobota miesi\u0105ca sierpnia.<br><strong>w pierwszy czwartek (1 sierpnia)<\/strong>\u00a0modli\u0107 si\u0119 b\u0119dziemy o \u015bwi\u0119to\u015b\u0107 kap\u0142an\u00f3w, nowe powo\u0142ania kap\u0142a\u0144skie oraz za Seminarium Elbl\u0105skie. Zapraszamy po Mszy \u015bw. wieczornej na\u00a0<strong>adoracj\u0119<\/strong> Naj\u015bwi\u0119tszego Sakramentu w powy\u017cszych intencjach.<br><strong>w pierwszy pi\u0105tek (2 sierpnia)<\/strong>\u00a0spowied\u017a od godz. 7:45 i 17:30.<br><strong>w pierwsz\u0105 sobot\u0119 (3 sierpnia) nabo\u017ce\u0144stwo o godz. 17:00.<\/strong><\/li>\n\n\n\n<li><strong>W tygodniu przypada:<\/strong><br>w poniedzia\u0142ek \u2013 wspomnienie \u015bw. Marty, Marii i \u0141azarza<br>w \u015brod\u0119 &#8211; wspomnienie \u015bw. Ignacego z Loyoli, prezbitera<br>w czwartek &#8211; wspomnienie \u015bw. Alfonsa Marii Liguoriego, biskupa i doktora Ko\u015bcio\u0142a<\/li>\n\n\n\n<li><strong>Kancelaria parafialna, przez ca\u0142y okres wakacji, czynna jest <u>w \u015brody i pi\u0105tki po Mszy \u015bw. wieczornej do godziny 19:30.<\/u> \u00a0<em>Zapraszamy.<\/em><\/strong><\/li>\n\n\n\n<li><strong><\/strong><strong>Dzi\u0119kujemy za stosowny ubi\u00f3r w ko\u015bciele w okresie wakacji. <\/strong>Msza \u015bw. jest uroczyst\u0105 celebracj\u0105, kt\u00f3ra domaga si\u0119 swego pi\u0119kna, szacunku i najwy\u017cszej kultury.<\/li>\n\n\n\n<li><strong><\/strong><strong>Wszystkim parafianom i go\u015bciom \u017cyczymy udanego wypoczynku, b\u0142ogos\u0142awie\u0144stwa Bo\u017cego oraz opieki Matki Bo\u017cej Szkaplerznej.<\/strong><\/li>\n\n\n\n<li>Miesi\u0105c lipiec by\u0142 po\u015bwi\u0119cony kontemplacji Naj\u015bwi\u0119tszej Krwi Chrystusa.<br><em>Dzi\u0119kuj\u0119 Wsp\u00f3lnocie Krwi Chrystusa za prowadzenie modlitw przed wieczorn\u0105 Msz\u0105 \u015aw.<\/em>\u00a0\u00a0<\/li>\n<\/ol>\n\n\n\n<figure class=\"wp-block-image\" id=\"block-5f437b95-503a-4f29-91f7-75b7c74612d1\"><img decoding=\"async\" src=\"http:\/\/rafalk-elblag.pl\/wp-content\/uploads\/2020\/04\/baner-intencje-mszy.jpg\" alt=\"Obrazek posiada pusty atrybut alt; plik o nazwie baner-intencje-mszy.jpg\"\/><\/figure>\n\n\n\n<h1 class=\"wp-block-heading\" id=\"block-ebb85da5-2bf8-44c6-8a18-015b59726bae\">Intencje mszalne 28.07.2024 r.<\/h1>\n\n\n\n<p><strong>PONIEDZIA\u0141EK \/ 29 lipca 2024 \/ \u015bw. Marty, Marii i \u0141azarza<\/strong> \/ J 11,19-27<br>8.00 \u015bp. Antonina Kurowska (w 30 dzie\u0144 po pogrzebie)<br>18.00 \u015bp. Ryszard Dembler (w 7 rocznic\u0119 \u015bmierci), Tomasz Dembler (w 3 rocznic\u0119 \u015bmierci) i zmarli rodzice<\/p>\n\n\n\n<p><strong>WTOREK \/ 30 lipca 2024<\/strong> \/ Mt 13,36-43<br>8.00 Dzi\u0119kczynna w 7 rocznic\u0119 \u015blubu Katarzyny i Damiana, z pro\u015bb\u0105 o Bo\u017ce b\u0142. i potrzebne \u0142aski<br>18.00 Dzi\u0119kczynna z okazji rocznicy \u015blubu Joanny i Bartosza, z pro\u015bb\u0105 o Bo\u017ce b\u0142., potrzebne \u0142aski dla ca\u0142ej rodziny oraz o szcz\u0119\u015bliwe rozwi\u0105zanie dla Joanny<\/p>\n\n\n\n<p><strong>\u015aRODA \/ 31 lipca 2024 \/ \u015bw. Ignacego z Loyoli<\/strong> \/ Mt 13,44-46<br>8.00 \u015bp. Michalina Wo\u017aniak (intencja od II R\u00f3\u017cy R\u00f3\u017ca\u0144cowej)<br>18.00 \u015bp. Jolanta Romanowska (w 8 rocznic\u0119 \u015bmierci)<\/p>\n\n\n\n<p><strong>CZWARTEK \/ 1 sierpnia 2024 \/ \u015bw. Alfonsa Marii de Liguoriego<\/strong> \/ Mt 13,47-53<br>8.00 Dzi\u0119kczynna z okazji 50 rocznicy \u015blubu Danuty i W\u0142adys\u0142awa Ma\u0144kut, z pro\u015bb\u0105 o potrzebne \u0142aski dla nich i ich dzieci i wnuk\u00f3w<br>18.00 W intencji powo\u0142a\u0144<\/p>\n\n\n\n<p>P<strong>I\u0104TEK \/ 2 sierpnia 2024 \/ <em>I pi\u0105tek miesi\u0105ca<\/em><\/strong> \/ Mt 13,54-58<br>8.00 \u015bp. Irena Smolik (intencja od II R\u00f3\u017cy R\u00f3\u017ca\u0144cowej)<br>18.00 \u015bp. Teresa Wojniak (w 1 rocznic\u0119 \u015bmierci), Wies\u0142aw Wojniak<\/p>\n\n\n\n<p><strong>SOBOTA \/ 3 sierpnia 2024 \/ <em>I sobota miesi\u0105ca<\/em><\/strong> \/ Mt 14,1-12<br>8.00 \u015bp. Ludwika Ochma\u0144ska (w 30 dzie\u0144 po pogrzebie)<br>18.00 Za ca\u0142\u0105 parafi\u0119 \u015bw. Rafa\u0142a Kalinowskiego i Matki Bo\u017cej Szkaplerznej, dla wszystkich rodzin o opiek\u0119 Matki Bo\u017cej R\u00f3\u017ca\u0144cowej i Bo\u017ce b\u0142. a szczeg\u00f3lnie za rodziny pogr\u0105\u017cone w alkoholizmie aby dost\u0105pi\u0142y uzdrowienia z na\u0142ogu.<br>Za ks. Wojciecha Zwolickiego z okazji dnia proboszcz\u00f3w o wszystkie dary Ducha \u015awi\u0119tego w dalszej drodze kap\u0142a\u0144skiej (intencja od XI R\u00f3\u017cy Matki Bo\u017cej Nadziei)<\/p>\n\n\n\n<p><strong>XVIII NIEDZIELA ZWYK\u0141A \/ 4 sierpnia 2024<\/strong> \/ J 6,24-35<br>8.00 O do\u015bwiadczenie Bo\u017cej mi\u0142o\u015bci dla Karoliny i Oskara, Sebastiana i Natalii<br>10.00 \u015bp. Irena Wi\u015bniewska (9 rocznica \u015bmierci)<br>12.00 W intencji Parafian<br>18.00 Dzi\u0119kczynna za prze\u017cyte lata i otrzymane \u0142aski, z pro\u015bb\u0105 o dalsz\u0105 opiek\u0119 Matki Bo\u017cej dla: Iwony i Marcina Sieradz (19 rocznica \u015blubu), Anety i Grzegorza Zielka (20 rocznica \u015blubu), Agnieszki i Tomasza Gr\u0105dzik (22 rocznica \u015blubu), Jadwigi i Lecha Gr\u0105dzik (46 rocznica \u015blubu)<\/p>\n","protected":false},"excerpt":{"rendered":"<p>Og\u0142oszenia parafialne 28.07.2024 r. Intencje mszalne 28.07.2024 r. PONIEDZIA\u0141EK \/ 29 lipca 2024 \/ \u015bw. Marty, Marii i \u0141azarza \/ J 11,19-278.00 \u015bp. Antonina Kurowska (w 30 dzie\u0144 po pogrzebie)18.00 \u015bp. Ryszard Dembler (w 7 rocznic\u0119 \u015bmierci), Tomasz Dembler (w 3 rocznic\u0119 \u015bmierci) i zmarli rodzice WTOREK \/ 30 lipca 2024 \/ Mt 13,36-438.00 Dzi\u0119kczynna [&hellip;]<\/p>\n","protected":false},"author":1,"featured_media":5511,"comment_status":"closed","ping_status":"closed","sticky":false,"template":"","format":"standard","meta":{"ngg_post_thumbnail":0,"footnotes":""},"categories":[11,8,4,3],"tags":[],"class_list":["post-5510","post","type-post","status-publish","format-standard","has-post-thumbnail","hentry","category-aktualnosci","category-blog","category-intencje","category-ogloszenia"],"_links":{"self":[{"href":"https:\/\/rafalk-elblag.pl\/index.php?rest_route=\/wp\/v2\/posts\/5510","targetHints":{"allow":["GET"]}}],"collection":[{"href":"https:\/\/rafalk-elblag.pl\/index.php?rest_route=\/wp\/v2\/posts"}],"about":[{"href":"https:\/\/rafalk-elblag.pl\/index.php?rest_route=\/wp\/v2\/types\/post"}],"author":[{"embeddable":true,"href":"https:\/\/rafalk-elblag.pl\/index.php?rest_route=\/wp\/v2\/users\/1"}],"replies":[{"embeddable":true,"href":"https:\/\/rafalk-elblag.pl\/index.php?rest_route=%2Fwp%2Fv2%2Fcomments&post=5510"}],"version-history":[{"count":1,"href":"https:\/\/rafalk-elblag.pl\/index.php?rest_route=\/wp\/v2\/posts\/5510\/revisions"}],"predecessor-version":[{"id":5512,"href":"https:\/\/rafalk-elblag.pl\/index.php?rest_route=\/wp\/v2\/posts\/5510\/revisions\/5512"}],"wp:featuredmedia":[{"embeddable":true,"href":"https:\/\/rafalk-elblag.pl\/index.php?rest_route=\/wp\/v2\/media\/5511"}],"wp:attachment":[{"href":"https:\/\/rafalk-elblag.pl\/index.php?rest_route=%2Fwp%2Fv2%2Fmedia&parent=5510"}],"wp:term":[{"taxonomy":"category","embeddable":true,"href":"https:\/\/rafalk-elblag.pl\/index.php?rest_route=%2Fwp%2Fv2%2Fcategories&post=5510"},{"taxonomy":"post_tag","embeddable":true,"href":"https:\/\/rafalk-elblag.pl\/index.php?rest_route=%2Fwp%2Fv2%2Ftags&post=5510"}],"curies":[{"name":"wp","href":"https:\/\/api.w.org\/{rel}","templated":true}]}}