{"id":5506,"date":"2024-07-20T14:19:29","date_gmt":"2024-07-20T14:19:29","guid":{"rendered":"https:\/\/rafalk-elblag.pl\/?p=5506"},"modified":"2024-07-20T14:19:29","modified_gmt":"2024-07-20T14:19:29","slug":"21-07-2024-r-xvi-niedziela-zwykla","status":"publish","type":"post","link":"https:\/\/rafalk-elblag.pl\/?p=5506","title":{"rendered":"21.07.2024 r., XVI NIEDZIELA ZWYK\u0141A"},"content":{"rendered":"\n<h1 class=\"wp-block-heading\" id=\"block-6d42405b-4ab7-4d06-b960-74c4b8e7c4ea\">Og\u0142oszenia parafialne 21.07.2024 r.<\/h1>\n\n\n\n<ol class=\"wp-block-list\">\n<li>Wszystkich, kt\u00f3rzy w tym roku pragn\u0105 wybra\u0107 si\u0119 na XXXII Elbl\u0105sk\u0105 Pielgrzymk\u0119 Piesz\u0105 na Jasn\u0105 G\u00f3r\u0119 w dniach 28 lipca \u2013 11 sierpnia z grup\u0105 KATEDRA \u2013 P\u00d3\u0141NOC \u2013 ELBL\u0104G zapraszamy na ostatnie spotkania 22 lipca (poniedzia\u0142ek) o godz. 19:00 w salce na plebanii w parafii \u015bw. Miko\u0142aja,\u00a0ul. Mostowa.<strong><em> Dzisiaj Diakon Amadeusz BABIEL g\u0142osi S\u0142owo Bo\u017ce oraz zach\u0119ca na pielgrzymkowy szlak. Przed ko\u015bcio\u0142em zbierane s\u0105 ofiary do puszek na organizacj\u0119 pieszej pielgrzymki do Cz\u0119stochowy.<\/em><\/strong><br><strong><em>Za zrozumienie i z\u0142o\u017cone ofiary dzi\u0119kujemy.<\/em><\/strong><\/li>\n\n\n\n<li>W zwi\u0105zku z pielgrzymk\u0105 na Jasn\u0105 G\u00f3r\u0119 ju\u017c tradycyjnie przy wej\u015bciu do ko\u015bcio\u0142a wystawione jest pude\u0142ko na intencje modlitewne, kt\u00f3re zabior\u0105 w Waszym imieniu pielgrzymi w\u0119druj\u0105cy na Jasn\u0105 G\u00f3r\u0119.\u00a0\u00a0\u00a0\u00a0\u00a0\u00a0\u00a0\u00a0\u00a0\u00a0 <\/li>\n\n\n\n<li><strong>Dzi\u0119kujemy Panu Bogu za kolejny wspania\u0142y dzie\u0144, po\u015bwi\u0119cony Naj\u015bwi\u0119tszej Maryi Pannie z G\u00f3ry Karmel (16 lipca), by\u0142o to nasze radosne prze\u017cywanie ODPUSTU PARAFIALNEGO. <em>B\u00f3g zap\u0142a\u0107 za liczny udzia\u0142 i za pomoc w przygotowaniu powy\u017cszej uroczysto\u015bci. Dzi\u0119kuj\u0119.<\/em><\/strong><\/li>\n\n\n\n<li><strong><\/strong><strong>UWAGA KIEROWCY<\/strong> \u2013 w czwartek 25 lipca przypada liturgiczne wspomnienie \u015bw. Krzysztofa \u2013 patrona kierowc\u00f3w. <strong>Po Mszy \u015bw. o godz. 8:00 i 18:00 odb\u0119dzie si\u0119<\/strong> <strong>po\u015bwi\u0119cenie pojazd\u00f3w<\/strong>. <em>Ofiary zebrane przy tej okazji zostan\u0105 przekazane jak co roku na \u015brodki transportu dla misjonarzy.<strong><\/strong><\/em><\/li>\n\n\n\n<li><strong><\/strong>Pami\u0119tajmy, \u017ce 26 lipca to dzie\u0144 wdzi\u0119czno\u015bci rodzicom, dziadkom i emerytom. Pro\u015bmy, by \u015bwi\u0119ci Anna i Joachim patronowie tego dnia wypraszali dla nich potrzebne \u0142aski.<strong><em><\/em><\/strong><\/li>\n\n\n\n<li><strong>W tygodniu przypada: <\/strong><br>poniedzia\u0142ek &#8211; wspomnienie \u015bw. Marii Magdaleny<br>wtorek &#8211; \u015bwi\u0119to \u015bw. Brygidy, zakonnicy, patronki Europy<br>\u015broda &#8211; wspomnienie \u015bw. Kingi, dziewicy<br>czwartek &#8211; \u015bwi\u0119to Jakuba, Aposto\u0142a i \u015bw. Krzysztofa \u2013 patrona kierowc\u00f3w<br>pi\u0105tek &#8211; wspomnienie \u015bw. Joachima i Anny<\/li>\n\n\n\n<li><strong>Kancelaria parafialna<\/strong>, przez ca\u0142y okres wakacji, czynna jest w \u015brody i pi\u0105tki po\u00a0Mszy \u015bw. wieczorowej do godziny 19:30. Zapraszamy.<\/li>\n\n\n\n<li><strong><\/strong><strong>Dzi\u0119kujemy za stosowny ubi\u00f3r w ko\u015bciele w okresie wakacji. <em><\/em><\/strong><\/li>\n\n\n\n<li><strong><\/strong>M\u00f3dlmy si\u0119 za dzieci, m\u0142odzie\u017c i wszystkich wypoczywaj\u0105cych na wakacjach. Pro\u015bmy&nbsp; o Bo\u017ce b\u0142ogos\u0142awie\u0144stwo i bezpieczny wypoczynek.<strong><em><\/em><\/strong><\/li>\n\n\n\n<li><strong><\/strong>Wszystkim Jubilatom i Solenizantom tego tygodnia \u017cyczymy wszelkiego dobra w \u017cyciu i b\u0142ogos\u0142awie\u0144stwa Bo\u017cego.<strong><em><\/em><\/strong><\/li>\n\n\n\n<li><strong><\/strong>Zach\u0119cam do nabywania \u201eGo\u015bcia Niedzielnego\u201d&nbsp; <strong>z dodatkiem<\/strong> <strong>\u201eGo\u015b\u0107 Elbl\u0105ski\u201d.<em><\/em><\/strong><\/li>\n\n\n\n<li><strong><\/strong>W minionym tygodniu po\u017cegnali\u015bmy: \u015bp. Urszul\u0119 Wernerowicz, lat 73.&nbsp;&nbsp;&nbsp;&nbsp;&nbsp;&nbsp;&nbsp;&nbsp;&nbsp;&nbsp;&nbsp;&nbsp;&nbsp;&nbsp;&nbsp;&nbsp;&nbsp;&nbsp; <strong><em><\/em><\/strong><\/li>\n<\/ol>\n\n\n\n<figure class=\"wp-block-image\" id=\"block-5f437b95-503a-4f29-91f7-75b7c74612d1\"><img decoding=\"async\" src=\"http:\/\/rafalk-elblag.pl\/wp-content\/uploads\/2020\/04\/baner-intencje-mszy.jpg\" alt=\"Obrazek posiada pusty atrybut alt; plik o nazwie baner-intencje-mszy.jpg\"\/><\/figure>\n\n\n\n<h1 class=\"wp-block-heading\" id=\"block-ebb85da5-2bf8-44c6-8a18-015b59726bae\">Intencje mszalne 21.07.2024 r.<\/h1>\n\n\n\n<p><strong>PONIEDZIA\u0141EK \/ 22 lipca 2024<\/strong> \/ \u015bw. Marii Magdaleny \/ J 20,1.11-18<br>8.00 \u015bp. Aniela i Tomasz B\u0142ach, Ryszard Majewski<br>18.00 Dzi\u0119kczynna z okazji 19 urodzin Joanny, z pro\u015bb\u0105 o pomy\u015blne zdanie egzamin\u00f3w zawodowych i potrzebne \u0142aski na dalsze lata \u017cycia<\/p>\n\n\n\n<p><strong>WTOREK \/ 23 lipca 2024 <\/strong>\/ \u015bw. Brygidy \/ J 15,1-8<br>8.00 Dzi\u0119kczynna z okazji urodzin Micha\u0142a Bukojemskiego, z pro\u015bb\u0105 o Bo\u017ce b\u0142. i potrzebna \u0142aski<br>18.00 \u015bp. J\u00f3zef i J\u00f3zefa [k] Suleccy, Ryszard Sulecki, Edmund Cirocki<\/p>\n\n\n\n<p><strong>\u015aRODA \/ 24 lipca 2024<\/strong> \/ \u015bw. Kingi \/ Mt 13,1-9<br>8.00 \u015bp. J\u00f3zef Czeszejko-Sochacki<br>18.00 Z okazji imienin ks. Krzysztofa Lewandowskiego, z pro\u015bb\u0105 o zdrowie, Bo\u017ce b\u0142. i opiek\u0119 Matki Bo\u017cej Szkaplerznej (intencja od Margaretki)<\/p>\n\n\n\n<p><strong>CZWARTEK \/ 25 lipca 2024<\/strong> \/ \u015bw. Jakuba Aposto\u0142a \/ Mt 20,20-28<br>8.00 W intencji Panu Bogu wiadomej<br>18.00 \u015bp. Jerzy, Anna, Stefan, Ewa i Stanis\u0142aw<\/p>\n\n\n\n<p><strong>PI\u0104TEK \/ 26 lipca 2024<\/strong> \/ \u015bw. Joachima i Anny \/ Mt 13,18-23<br>8.00 \u015bp. Anna i Edmund Kwas<br>18.00 Dzi\u0119kczynna z okazji imienin Anny, z pro\u015bb\u0105 o Bo\u017ce b\u0142., potrzebne \u0142aski, dary Ducha \u015awi\u0119tego oraz opiek\u0119 Matki Bo\u017cej Szkaplerznej<\/p>\n\n\n\n<p><strong>SOBOTA \/ 27 lipca 2024 <\/strong>\/ Mt 13,24-30<br>8.00 Dzi\u0119kczynna z okazji 70 urodzin Anny, z pro\u015bb\u0105 o potrzebne \u0142aski i opiek\u0119 Matki Bo\u017cej oraz dary Ducha \u015awi\u0119tego na dalsze lata \u017cycia (intencja od Wsp\u00f3lnoty Odnowy \u201eKana Galilejska\u201d)<br>18.00 Dzi\u0119kczynna za otrzymane \u0142aski, z pro\u015bb\u0105 o dalsz\u0105 opiek\u0119 Matki Bo\u017cej i o Bo\u017ce b\u0142. dla Barbary i Piotra Ku\u015bniewskich oraz dzieci i wnucz\u0105t<\/p>\n\n\n\n<p><strong>XVII NIEDZIELA ZWYK\u0141A \/ 28 lipca 2024<\/strong> \/ J 6,1-15<br>8.00 \u015bp. Halina Zadroga, Jerzy, Waldemar, Magdalena i Jan Kieza<br>10.00 \u015bp. Jerzy Tubilewicz (33 rocznica \u015bmierci) i zmarli z rodziny Tubilewicz<br>12.00 W intencji Parafian<br>18.00 \u015bp. Bogus\u0142awa Regus, Stanis\u0142awa i Kazimierz Jurka<\/p>\n","protected":false},"excerpt":{"rendered":"<p>Og\u0142oszenia parafialne 21.07.2024 r. Intencje mszalne 21.07.2024 r. PONIEDZIA\u0141EK \/ 22 lipca 2024 \/ \u015bw. Marii Magdaleny \/ J 20,1.11-188.00 \u015bp. Aniela i Tomasz B\u0142ach, Ryszard Majewski18.00 Dzi\u0119kczynna z okazji 19 urodzin Joanny, z pro\u015bb\u0105 o pomy\u015blne zdanie egzamin\u00f3w zawodowych i potrzebne \u0142aski na dalsze lata \u017cycia WTOREK \/ 23 lipca 2024 \/ \u015bw. Brygidy [&hellip;]<\/p>\n","protected":false},"author":1,"featured_media":5508,"comment_status":"closed","ping_status":"closed","sticky":false,"template":"","format":"standard","meta":{"ngg_post_thumbnail":0,"footnotes":""},"categories":[11,8,4,3],"tags":[],"class_list":["post-5506","post","type-post","status-publish","format-standard","has-post-thumbnail","hentry","category-aktualnosci","category-blog","category-intencje","category-ogloszenia"],"_links":{"self":[{"href":"https:\/\/rafalk-elblag.pl\/index.php?rest_route=\/wp\/v2\/posts\/5506","targetHints":{"allow":["GET"]}}],"collection":[{"href":"https:\/\/rafalk-elblag.pl\/index.php?rest_route=\/wp\/v2\/posts"}],"about":[{"href":"https:\/\/rafalk-elblag.pl\/index.php?rest_route=\/wp\/v2\/types\/post"}],"author":[{"embeddable":true,"href":"https:\/\/rafalk-elblag.pl\/index.php?rest_route=\/wp\/v2\/users\/1"}],"replies":[{"embeddable":true,"href":"https:\/\/rafalk-elblag.pl\/index.php?rest_route=%2Fwp%2Fv2%2Fcomments&post=5506"}],"version-history":[{"count":1,"href":"https:\/\/rafalk-elblag.pl\/index.php?rest_route=\/wp\/v2\/posts\/5506\/revisions"}],"predecessor-version":[{"id":5509,"href":"https:\/\/rafalk-elblag.pl\/index.php?rest_route=\/wp\/v2\/posts\/5506\/revisions\/5509"}],"wp:featuredmedia":[{"embeddable":true,"href":"https:\/\/rafalk-elblag.pl\/index.php?rest_route=\/wp\/v2\/media\/5508"}],"wp:attachment":[{"href":"https:\/\/rafalk-elblag.pl\/index.php?rest_route=%2Fwp%2Fv2%2Fmedia&parent=5506"}],"wp:term":[{"taxonomy":"category","embeddable":true,"href":"https:\/\/rafalk-elblag.pl\/index.php?rest_route=%2Fwp%2Fv2%2Fcategories&post=5506"},{"taxonomy":"post_tag","embeddable":true,"href":"https:\/\/rafalk-elblag.pl\/index.php?rest_route=%2Fwp%2Fv2%2Ftags&post=5506"}],"curies":[{"name":"wp","href":"https:\/\/api.w.org\/{rel}","templated":true}]}}