{"id":5502,"date":"2024-07-13T21:20:29","date_gmt":"2024-07-13T21:20:29","guid":{"rendered":"https:\/\/rafalk-elblag.pl\/?p=5502"},"modified":"2024-07-13T21:20:29","modified_gmt":"2024-07-13T21:20:29","slug":"14-07-2024-r-xv-niedziela-zwykla","status":"publish","type":"post","link":"https:\/\/rafalk-elblag.pl\/?p=5502","title":{"rendered":"14.07.2024 r., XV NIEDZIELA ZWYK\u0141A"},"content":{"rendered":"\n<h1 class=\"wp-block-heading\" id=\"block-6d42405b-4ab7-4d06-b960-74c4b8e7c4ea\">Og\u0142oszenia parafialne 14.07.2024 r.<\/h1>\n\n\n\n<ol class=\"wp-block-list\">\n<li><strong><\/strong>W naszej wsp\u00f3lnocie witamy Ojca Karmelit\u0119 Mariusza Gomoliszek, kt\u00f3ry b\u0119dzie nas przygotowa\u0142 duchowo do naszych UROCZYSTO\u015aCI ODPUSTOWYCH &#8211; 16 lipca. Otoczmy Go modlitw\u0105 prosz\u0105c Ducha \u015awi\u0119tego, aby ten czas \u0142aski jakim s\u0105 nasze uroczysto\u015bci przyni\u00f3s\u0142 b\u0142ogos\u0142awione owoce dla nas wszystkich. &nbsp;&nbsp;&nbsp;&nbsp;&nbsp;<strong><em><\/em><\/strong><\/li>\n\n\n\n<li><strong>UROCZYSTA MSZA \u015aW. ODPUSTOWA zostanie odprawiona 16 LIPCA 2024 ROKU\u00a0 o godz. 18:00, kt\u00f3rej przewodniczy\u0107 b\u0119dzie zaproszony go\u015b\u0107 Ojciec Karmelita Mariusz GOMOLISZEK. Wszystkich pragn\u0105cych \u015bwi\u0119towa\u0107\u00a0i dzi\u0119kowa\u0107 za dar SZKAPLERZA \u015aWI\u0118TEGO, b\u0105d\u017a przyj\u0105\u0107 ten szczeg\u00f3lny dar Maryi zapraszamy do ko\u015bcio\u0142a we wtorek 16 lipca od godz. 17:15. <\/strong><\/li>\n\n\n\n<li><strong><\/strong><strong><em><u>Jutro na godz. 10:00 zapraszam m\u0119\u017cczyzn ch\u0119tnych do pomocy przy postawieniu namiotu przed ko\u015bcio\u0142em na czas uroczysto\u015bci szkaplerznych.<\/u><\/em><\/strong><strong><em><u><\/u><\/em><\/strong><\/li>\n\n\n\n<li><strong><\/strong><strong>Trwa Nowenna przed \u015awi\u0119tem Matki Bo\u017cej Szkaplerznej (16 lipca). <\/strong>Zapraszamy wszystkich, a szczeg\u00f3lnie tych, kt\u00f3rzy przyj\u0119li szkaplerz karmelita\u0144ski i tworz\u0105 Rodzin\u0119 Karmelita\u0144sk\u0105 i Bractwo Szkaplerzne.<\/li>\n\n\n\n<li><strong><\/strong>Osoby, kt\u00f3re chcia\u0142yby w\u0142\u0105czy\u0107 si\u0119 w przygotowanie UROCZYSTO\u015aCI SZKAPLERZNEJ, mog\u0105 to uczyni\u0107 poprzez przyniesienie ciast do wsp\u00f3lnego sto\u0142u. B\u0119d\u0119 wdzi\u0119czny za dostarczenie wypiek\u00f3w do salki parafialnej (wej\u015bcie boczne) w dniu odpustutj. we wtorek 16 lipca &#8211; od godziny 16:00 do 17:00. Dzi\u0119kuje bardzo.<\/li>\n\n\n\n<li><strong><\/strong><strong>UWAGA OSOBY NOSZACE SZKAPLERZ !!!<\/strong> W zakrystii mo\u017cna odebra\u0107 deklaracje o ch\u0119ci przyst\u0105pienia do <strong>BRACTWA SZKAPLERZNEGO,<\/strong> kt\u00f3re nale\u017cy wype\u0142ni\u0107 i przynie\u015b\u0107 do zakrystii.<\/li>\n\n\n\n<li><strong>Lipiec jest miesi\u0105cem po\u015bwi\u0119conym kontemplacji Naj\u015bwi\u0119tszej Krwi Chrystusa. <\/strong>Krew Chrystusa jest niezbitym dowodem mi\u0142o\u015bci Niebieskiego Ojca do ka\u017cdego cz\u0142owieka bez wyj\u0105tku. <em>Zach\u0119cam Wsp\u00f3lnot\u0119 Krwi Chrystusa do prowadzenia modlitw przed Msz\u0105 \u015bw. wieczorow\u0105 o godz. 17:30.<\/em><\/li>\n\n\n\n<li><strong><\/strong><strong>Dzi\u0119kujemy za stosowny ubi\u00f3r w ko\u015bciele w okresie wakacji. <\/strong>Msza \u015bw. jest uroczyst\u0105 celebracj\u0105, kt\u00f3ra domaga si\u0119 swego pi\u0119kna, szacunku i najwy\u017cszej kultury.<\/li>\n\n\n\n<li><strong>Kancelaria parafialna w czasie wakacji, czynna b\u0119dzie w \u015brody i pi\u0105tki po Mszy \u015bw. wieczorowej.<\/strong><\/li>\n\n\n\n<li><strong><\/strong>Zach\u0119cam do nabywania \u201eGo\u015bcia Niedzielnego\u201d&nbsp; <strong>z dodatkiem<\/strong> <strong>\u201eGo\u015b\u0107 Elbl\u0105ski\u201d.<\/strong>&nbsp;&nbsp;&nbsp;&nbsp;&nbsp;&nbsp;&nbsp;&nbsp;&nbsp;&nbsp;&nbsp;&nbsp;&nbsp;&nbsp;&nbsp;&nbsp;&nbsp;&nbsp;&nbsp; <strong><em><\/em><\/strong><\/li>\n\n\n\n<li>W ostatnim tygodniu odeszli do wieczno\u015bci: \u015bp. Lech PUTKOWSKI lat 74 z ul. Tuwima, \u015bp. Janina BA\u0143KOWSKA lat 86 z ul. K\u0142oczowskiego\u00a0<\/li>\n<\/ol>\n\n\n\n<figure class=\"wp-block-image\" id=\"block-5f437b95-503a-4f29-91f7-75b7c74612d1\"><img decoding=\"async\" src=\"http:\/\/rafalk-elblag.pl\/wp-content\/uploads\/2020\/04\/baner-intencje-mszy.jpg\" alt=\"Obrazek posiada pusty atrybut alt; plik o nazwie baner-intencje-mszy.jpg\"\/><\/figure>\n\n\n\n<h1 class=\"wp-block-heading\" id=\"block-ebb85da5-2bf8-44c6-8a18-015b59726bae\">Intencje mszalne 14.07.2024 r.<\/h1>\n\n\n\n<p><strong>PONIEDZIA\u0141EK \/ 15 lipca 2024 \/ \u015bw. Bonawentury<\/strong> \/ Mt 10,34-11,1<br>8.00 Za dusze w czy\u015b\u0107cu cierpi\u0105ce oraz za \u015bp. Romana<br>8.00 O wolno\u015b\u0107 dla uwi\u0119zionego ks. Micha\u0142a Olszewskiego oraz dla pa\u0144 Karoliny i Urszuli<br>18.00 \u015bp. Eugeniusz Jesionowski (w 1 rocznic\u0119 \u015bmierci)<br>18.00 Za Bractwo, Rad\u0119 Szkaplerzn\u0105 o \u015bwiat\u0142o Ducha \u015awi\u0119tego oraz o opiek\u0119 Matki Bo\u017cej Szkaplerznej<\/p>\n\n\n\n<p><strong>WTOREK \/ 16 lipca 2024 \/ Uroczysto\u015b\u0107 Naj\u015bwi\u0119tszej Maryi Panny z G\u00f3ry Karmel<\/strong><br>8.00 \u015bp. Tomasz Warzecha (w 2 rocznic\u0119 \u015bmierci)<br>18.00 W intencji Bractwa Szkaplerznego<br>18.00 W intencji Parafian<\/p>\n\n\n\n<p><strong>\u015aRODA \/ 17 lipca 2024<\/strong> \/ Mt 11,25-27<br>8.00 \u015bp. Marian Piwnikiewicz (w 2 rocznic\u0119 \u015bmierci)<br>18.00 Dzi\u0119kczynna w 30 rocznic\u0119 \u015blubu Doroty i Bart\u0142omieja Kadziewicz, z pro\u015bb\u0105 o Bo\u017ce b\u0142., potrzebne \u0142aski dla Per\u0142owych Jubilat\u00f3w<br>18.00 \u015bp. Stefania [k] Brzezi\u0144ska (w 2 miesi\u0105c po pogrzebie)<\/p>\n\n\n\n<p><strong>CZWARTEK \/ 18 lipca 2024<\/strong> \/ Mt 11,28-30<br>8.00 \u015bp. Anna Bednarczyk (w 30 dzie\u0144 po pogrzebie)<br>18.00 \u015bp. Barbara i Ryszard Czarneccy, Anna i Bogus\u0142aw Olszewscy<\/p>\n\n\n\n<p><strong>PI\u0104TEK \/ 19 lipca 2024<\/strong> \/ Mt 12,1-8<br>8.00 \u015bp. Tadeusz i zmarli z rodziny Pipczy\u0144skich<br>18.00 Dzi\u0119kczynna za 30 lat pos\u0142ugi kap\u0142a\u0144skiej ks. Wojciecha, z pro\u015bb\u0105 o Bo\u017ce b\u0142., dary Ducha \u015awi\u0119tego oraz opiek\u0119 Matki Bo\u017cej na dalsze lata<\/p>\n\n\n\n<p><strong>SOBOTA \/ 20 lipca 2024<\/strong> \/ Mt 12,14-21<br>8.00 \u015bp. Ireneusz Jagielski i zmarli rodzice<br>18.00 \u015bp. Mariusz Piotrowski (w 1 rocznic\u0119 \u015bmierci) oraz za Stefani\u0119 Piotrowsk\u0105 i zmar\u0142ych z rodzin: Piotrowskich, Kiznt\u00f3w<\/p>\n\n\n\n<p><strong>XVI NIEDZIELA ZWYK\u0141A \/ 21 lipca 2024<\/strong> \/ Mk 6,30-34<br>8.00 \u015bp. Jadwiga Mi\u0142kowska (w 7 rocznic\u0119 \u015bmierci), Henryk Mi\u0142kowski, Renata Kruszewska<br>10.00 <em>rezerwacja<\/em><br>12.00 W intencji Parafian<br>18.00 \u015bp. Zofia Krupi\u0144ska i zmarli z rodziny Wolak<\/p>\n","protected":false},"excerpt":{"rendered":"<p>Og\u0142oszenia parafialne 14.07.2024 r. Intencje mszalne 14.07.2024 r. PONIEDZIA\u0141EK \/ 15 lipca 2024 \/ \u015bw. Bonawentury \/ Mt 10,34-11,18.00 Za dusze w czy\u015b\u0107cu cierpi\u0105ce oraz za \u015bp. Romana8.00 O wolno\u015b\u0107 dla uwi\u0119zionego ks. Micha\u0142a Olszewskiego oraz dla pa\u0144 Karoliny i Urszuli18.00 \u015bp. Eugeniusz Jesionowski (w 1 rocznic\u0119 \u015bmierci)18.00 Za Bractwo, Rad\u0119 Szkaplerzn\u0105 o \u015bwiat\u0142o Ducha [&hellip;]<\/p>\n","protected":false},"author":1,"featured_media":5503,"comment_status":"closed","ping_status":"closed","sticky":false,"template":"","format":"standard","meta":{"ngg_post_thumbnail":0,"footnotes":""},"categories":[11,8,4,3],"tags":[],"class_list":["post-5502","post","type-post","status-publish","format-standard","has-post-thumbnail","hentry","category-aktualnosci","category-blog","category-intencje","category-ogloszenia"],"_links":{"self":[{"href":"https:\/\/rafalk-elblag.pl\/index.php?rest_route=\/wp\/v2\/posts\/5502","targetHints":{"allow":["GET"]}}],"collection":[{"href":"https:\/\/rafalk-elblag.pl\/index.php?rest_route=\/wp\/v2\/posts"}],"about":[{"href":"https:\/\/rafalk-elblag.pl\/index.php?rest_route=\/wp\/v2\/types\/post"}],"author":[{"embeddable":true,"href":"https:\/\/rafalk-elblag.pl\/index.php?rest_route=\/wp\/v2\/users\/1"}],"replies":[{"embeddable":true,"href":"https:\/\/rafalk-elblag.pl\/index.php?rest_route=%2Fwp%2Fv2%2Fcomments&post=5502"}],"version-history":[{"count":1,"href":"https:\/\/rafalk-elblag.pl\/index.php?rest_route=\/wp\/v2\/posts\/5502\/revisions"}],"predecessor-version":[{"id":5504,"href":"https:\/\/rafalk-elblag.pl\/index.php?rest_route=\/wp\/v2\/posts\/5502\/revisions\/5504"}],"wp:featuredmedia":[{"embeddable":true,"href":"https:\/\/rafalk-elblag.pl\/index.php?rest_route=\/wp\/v2\/media\/5503"}],"wp:attachment":[{"href":"https:\/\/rafalk-elblag.pl\/index.php?rest_route=%2Fwp%2Fv2%2Fmedia&parent=5502"}],"wp:term":[{"taxonomy":"category","embeddable":true,"href":"https:\/\/rafalk-elblag.pl\/index.php?rest_route=%2Fwp%2Fv2%2Fcategories&post=5502"},{"taxonomy":"post_tag","embeddable":true,"href":"https:\/\/rafalk-elblag.pl\/index.php?rest_route=%2Fwp%2Fv2%2Ftags&post=5502"}],"curies":[{"name":"wp","href":"https:\/\/api.w.org\/{rel}","templated":true}]}}