{"id":5494,"date":"2024-07-06T19:32:33","date_gmt":"2024-07-06T19:32:33","guid":{"rendered":"https:\/\/rafalk-elblag.pl\/?p=5494"},"modified":"2024-07-06T19:32:33","modified_gmt":"2024-07-06T19:32:33","slug":"07-07-2024-r-xiv-niedziela-zwykla","status":"publish","type":"post","link":"https:\/\/rafalk-elblag.pl\/?p=5494","title":{"rendered":"07.07.2024 r., XIV NIEDZIELA ZWYK\u0141A"},"content":{"rendered":"\n<h1 class=\"wp-block-heading\" id=\"block-6d42405b-4ab7-4d06-b960-74c4b8e7c4ea\">Og\u0142oszenia parafialne 07.07.2024 r.<\/h1>\n\n\n\n<ol class=\"wp-block-list\">\n<li><strong><\/strong><em>W zwi\u0105zku z pielgrzymk\u0105 na Jasn\u0105 G\u00f3r\u0119 ju\u017c tradycyjnie przy wej\u015bciu do ko\u015bcio\u0142a wystawione jest pude\u0142ko na intencje modlitewne, kt\u00f3re zabior\u0105 w Waszym imieniu pielgrzymi w\u0119druj\u0105cy na Jasn\u0105 G\u00f3r\u0119. Zach\u0119camy do wypisywania swoich intencji.<strong><\/strong><\/em><\/li>\n\n\n\n<li>Zapraszamy dzi\u015b w I Niedziel\u0119 miesi\u0105ca na <strong>Adoracj\u0119 Naj\u015bwi\u0119tszego Sakramentu\u00a0od godz. 15:00 do godz. 18:00. <\/strong>Adoracj\u0119 r<em>ozpoczniemy<\/em><em> Koronk\u0105 do Bo\u017cego Mi\u0142osierdzia.<\/em><\/li>\n\n\n\n<li>Dzisiejsze ofiary sk\u0142adane na tac\u0119 przeznaczone s\u0105 na inwestycje w naszej parafii. <em>B\u00f3g zap\u0142a\u0107 za zrozumienie<\/em><em> i z\u0142o\u017cone ofiary.<\/em><\/li>\n\n\n\n<li><strong><\/strong>Od dzisiaj tj. 7 lipca do 15 lipca (poniedzia\u0142ek) po Mszy \u015bwi\u0119tej wieczorowej odmawiana b\u0119dzie <strong>Nowenna przed \u015awi\u0119tem Matki Bo\u017cej Szkaplerznej (16 lipca). <\/strong>Zapraszamy wszystkich, a szczeg\u00f3lnie tych, kt\u00f3rzy przyj\u0119li szkaplerz karmelita\u0144ski i tworz\u0105 Rodzin\u0119 Karmelita\u0144sk\u0105 i Bractwo Szkaplerzne.<\/li>\n\n\n\n<li><strong><\/strong>Osoby, kt\u00f3re chcia\u0142yby w\u0142\u0105czy\u0107 si\u0119 w przygotowanie UROCZYSTO\u015aCI SZKAPLERZNEJ, mog\u0105 to uczyni\u0107 poprzez przyniesienie ciast do wsp\u00f3lnego sto\u0142u. B\u0119d\u0119 wdzi\u0119czny za dostarczenie wypiek\u00f3w do salki parafialnej (wej\u015bcie boczne) w dniu odpustutj. we wtorek 16 lipca &#8211; od godziny 16:00 do 17:00. Dzi\u0119kuje bardzo.<\/li>\n\n\n\n<li><strong>UWAGA OSOBY NOSZACE SZKAPLERZ !!!<\/strong> W zakrystii mo\u017cna odebra\u0107 deklaracje o ch\u0119ci przyst\u0105pienia do Bractwa Szkaplerznego, kt\u00f3re nale\u017cy wype\u0142ni\u0107\u00a0i przynie\u015b\u0107 do zakrystii.<\/li>\n\n\n\n<li><strong>W ramach bezpo\u015bredniego przygotowania do ODPUSTU <\/strong><strong>Matki Bo\u017cej Szkaplerznej \u2013 patronki naszego ko\u015bcio\u0142a <\/strong>od soboty 13 lipca br. b\u0119dziemy mogli uczestniczy\u0107 w specjalnych naukach podczas Mszy \u015bw. o godz. 18:00 i przez ca\u0142\u0105 niedziel\u0119. <strong>Poprowadzi je Ojciec Karmelita Mariusz GOMOLISZEK. <\/strong><\/li>\n\n\n\n<li><strong>UROCZYSTA MSZA \u015aW. ODPUSTOWA zostanie odprawiona 16 LIPCA 2024 ROKU \u00a0o godz. 18:00, kt\u00f3rej przewodniczy\u0107 b\u0119dzie zaproszony go\u015b\u0107. Wszystkich pragn\u0105cych \u015bwi\u0119towa\u0107 i dzi\u0119kowa\u0107 za dar SZKAPLERZA \u015aWI\u0118TEGO, b\u0105d\u017a przyj\u0105\u0107 ten szczeg\u00f3lny dar Maryi zapraszamy do ko\u015bcio\u0142a we wtorek 16 lipca od godz. 17:15. <\/strong><\/li>\n\n\n\n<li><strong>Lipiec jest miesi\u0105cem po\u015bwi\u0119conym kontemplacji Naj\u015bwi\u0119tszej Krwi Chrystusa.\u00a0<\/strong>Krew Chrystusa jest niezbitym dowodem mi\u0142o\u015bci Niebieskiego Ojca do ka\u017cdego cz\u0142owieka bez wyj\u0105tku. <em>Zach\u0119cam Wsp\u00f3lnot\u0119 Krwi Chrystusa do prowadzenia modlitw przed Msz\u0105 \u015bw. wieczorow\u0105 o godz. 17:30.<\/em><\/li>\n\n\n\n<li><strong><\/strong><strong>Dzi\u0119kujemy za stosowny ubi\u00f3r w ko\u015bciele w okresie wakacji. <\/strong>Msza \u015bw. jest uroczyst\u0105 celebracj\u0105, kt\u00f3ra domaga si\u0119 swego pi\u0119kna, szacunku i najwy\u017cszej kultury.<\/li>\n\n\n\n<li><strong><\/strong><strong>Kancelaria parafialna, przez ca\u0142y okres wakacji, czynna b\u0119dzie w \u015brody i pi\u0105tki<br>po&nbsp;&nbsp; Mszy \u015bw. wieczorowej.<em><\/em><\/strong><\/li>\n\n\n\n<li><strong><\/strong>Zach\u0119cam do nabywania \u201eGo\u015bcia Niedzielnego\u201d&nbsp; <strong>z dodatkiem<\/strong> <strong>\u201eGo\u015b\u0107 Elbl\u0105ski\u201d.<\/strong>&nbsp;&nbsp;&nbsp;&nbsp;&nbsp;&nbsp;&nbsp;&nbsp;&nbsp;&nbsp;&nbsp;&nbsp;&nbsp;&nbsp;&nbsp;&nbsp;&nbsp;&nbsp;&nbsp; <strong><em><\/em><\/strong><\/li>\n\n\n\n<li>Pan powo\u0142a\u0142 do wieczno\u015bci: \u015bp. El\u017cbiet\u0119 WO\u0141YNIEC lat 75 z ul. Korczaka, \u015bp. Karolin\u0119 PAWOWICZ lat 84 z ul. Leszczy\u0144skiego<\/li>\n<\/ol>\n\n\n\n<figure class=\"wp-block-image\" id=\"block-5f437b95-503a-4f29-91f7-75b7c74612d1\"><img decoding=\"async\" src=\"http:\/\/rafalk-elblag.pl\/wp-content\/uploads\/2020\/04\/baner-intencje-mszy.jpg\" alt=\"Obrazek posiada pusty atrybut alt; plik o nazwie baner-intencje-mszy.jpg\"\/><\/figure>\n\n\n\n<h1 class=\"wp-block-heading\" id=\"block-ebb85da5-2bf8-44c6-8a18-015b59726bae\">Intencje mszalne 07.07.2024 r.<\/h1>\n\n\n\n<p><strong>PONIEDZIA\u0141EK \/ 8 lipca 2024 \/ \u015bw. Jana z Dukli<\/strong> \/ Mt 9,18-26<br>8.00 \u015bp. Helena, Franciszek, Jerzy Ro\u017centalscy<br>18.00 \u015bp. Franciszek, rodzice, rodze\u0144stwo Ba\u0142dyga<\/p>\n\n\n\n<p><strong>WTOREK \/ 9 lipca 2024 <\/strong>\/ Mt 9,32-37<br>8.00 \u015bp. Zdzis\u0142aw Paj\u0105k (w 15 rocznic\u0119 \u015bmierci)<br>18.00 \u015bp. Jadwiga Kreft (w 2 rocznic\u0119 \u015bmierci) i zmarli z rodziny: Ryszard, Gertruda, Stefan, Mieczys\u0142aw i Zbigniew<\/p>\n\n\n\n<p><strong>\u015aRODA \/ 10 lipca 2024 <\/strong>\/ Mt 10,1-7<br>8.00 O szcz\u0119\u015bliw\u0105 operacj\u0119 dla Gra\u017cyny oraz o \u015bwiat\u0142o Ducha \u015awi\u0119tego dla lekarzy<br>18.00 rezerwacja<\/p>\n\n\n\n<p><strong>CZWARTEK \/ 11 lipca 2024 \/ \u015bw. Benedykta<\/strong> \/ Mt 19,27-29<br>8.00 \u015bp. Wiktoria \u017bendarska (w 10 rocznic\u0119 \u015bmierci) oraz zmarli z rodziny<br>18.00 rezerwacja<\/p>\n\n\n\n<p><strong>PI\u0104TEK \/ 12 lipca 2024 \/ \u015bw. Brunona z Kwerfurtu<\/strong> \/ Mt 10,16-23<br>8.00 \u015bp. Helena i Wiktor Stankiewicz, Krzysztof, Mieczys\u0142aw, Ryszard, Zofia, Kazimierz z rodziny Zaborowskich, Wiktor Hernatkiewicz<br>18.00 Dzi\u0119kczynna z okazji 10 rocznicy \u015blubu Oli i Piotra, z pro\u015bb\u0105 o Bo\u017ce b\u0142. i potrzebne \u0142aski<\/p>\n\n\n\n<p><strong>SOBOTA \/ 13 lipca 2024 \/ \u015bw. Andrzeja \u015awierada i Benedykta<\/strong> \/ Mt 10,24-33<br>8.00 \u015bp. Anna Nadolska (10 rocznica \u015bmierci), J\u00f3zef M\u0142ynarski, Marianna, Zbigniew, S\u0142awomir, Danuta M\u0142ynarscy<br>18.00 \u015bp. Katarzyna Wojenkowska (w 6 rocznic\u0119 \u015bmierci)<br>18.00 \u015bp. Henryk Czapiewski (w 3 rocznic\u0119 \u015bmierci) oraz za zmar\u0142ych z rodziny Falkowskich i Czapiewskich<\/p>\n\n\n\n<p><strong>XIV NIEDZIELA ZWYK\u0141A \/ 14 lipca 2024<\/strong> \/ Mk 6,7-13<br>8.00 \u015bp. Aleksandra Radziszewska (w 18 rocznic\u0119 \u015bmierci)<br>10.00 O dar m\u0105dro\u015bci i roztropno\u015bci w codzienno\u015bci dla Nikodema i jego rodziny, Agnieszki i ca\u0142ej rodziny zakonnej oraz Magdaleny i jej rodziny<br>12.00 W intencji Parafian<br>18.00 \u015bp. Teofil i Jadwiga<\/p>\n","protected":false},"excerpt":{"rendered":"<p>Og\u0142oszenia parafialne 07.07.2024 r. Intencje mszalne 07.07.2024 r. PONIEDZIA\u0141EK \/ 8 lipca 2024 \/ \u015bw. Jana z Dukli \/ Mt 9,18-268.00 \u015bp. Helena, Franciszek, Jerzy Ro\u017centalscy18.00 \u015bp. Franciszek, rodzice, rodze\u0144stwo Ba\u0142dyga WTOREK \/ 9 lipca 2024 \/ Mt 9,32-378.00 \u015bp. Zdzis\u0142aw Paj\u0105k (w 15 rocznic\u0119 \u015bmierci)18.00 \u015bp. Jadwiga Kreft (w 2 rocznic\u0119 \u015bmierci) i zmarli [&hellip;]<\/p>\n","protected":false},"author":1,"featured_media":5495,"comment_status":"closed","ping_status":"closed","sticky":false,"template":"","format":"standard","meta":{"ngg_post_thumbnail":0,"footnotes":""},"categories":[11,8,4,3],"tags":[],"class_list":["post-5494","post","type-post","status-publish","format-standard","has-post-thumbnail","hentry","category-aktualnosci","category-blog","category-intencje","category-ogloszenia"],"_links":{"self":[{"href":"https:\/\/rafalk-elblag.pl\/index.php?rest_route=\/wp\/v2\/posts\/5494","targetHints":{"allow":["GET"]}}],"collection":[{"href":"https:\/\/rafalk-elblag.pl\/index.php?rest_route=\/wp\/v2\/posts"}],"about":[{"href":"https:\/\/rafalk-elblag.pl\/index.php?rest_route=\/wp\/v2\/types\/post"}],"author":[{"embeddable":true,"href":"https:\/\/rafalk-elblag.pl\/index.php?rest_route=\/wp\/v2\/users\/1"}],"replies":[{"embeddable":true,"href":"https:\/\/rafalk-elblag.pl\/index.php?rest_route=%2Fwp%2Fv2%2Fcomments&post=5494"}],"version-history":[{"count":1,"href":"https:\/\/rafalk-elblag.pl\/index.php?rest_route=\/wp\/v2\/posts\/5494\/revisions"}],"predecessor-version":[{"id":5496,"href":"https:\/\/rafalk-elblag.pl\/index.php?rest_route=\/wp\/v2\/posts\/5494\/revisions\/5496"}],"wp:featuredmedia":[{"embeddable":true,"href":"https:\/\/rafalk-elblag.pl\/index.php?rest_route=\/wp\/v2\/media\/5495"}],"wp:attachment":[{"href":"https:\/\/rafalk-elblag.pl\/index.php?rest_route=%2Fwp%2Fv2%2Fmedia&parent=5494"}],"wp:term":[{"taxonomy":"category","embeddable":true,"href":"https:\/\/rafalk-elblag.pl\/index.php?rest_route=%2Fwp%2Fv2%2Fcategories&post=5494"},{"taxonomy":"post_tag","embeddable":true,"href":"https:\/\/rafalk-elblag.pl\/index.php?rest_route=%2Fwp%2Fv2%2Ftags&post=5494"}],"curies":[{"name":"wp","href":"https:\/\/api.w.org\/{rel}","templated":true}]}}