{"id":5489,"date":"2024-06-29T16:04:42","date_gmt":"2024-06-29T16:04:42","guid":{"rendered":"https:\/\/rafalk-elblag.pl\/?p=5489"},"modified":"2024-06-29T16:13:50","modified_gmt":"2024-06-29T16:13:50","slug":"30-06-2024-r-xiii-niedziela-zwykla","status":"publish","type":"post","link":"https:\/\/rafalk-elblag.pl\/?p=5489","title":{"rendered":"30.06.2024 r., XIII NIEDZIELA ZWYK\u0141A"},"content":{"rendered":"\n<p><strong>Stanowisko Konferencji Episkopatu Polski w sprawie zmian w organizacji lekcji religii w szko\u0142ach podejmowanych przez Ministerstwo Edukacji Narodowej<\/strong><\/p>\n\n\n\n<p>Nauczanie religii w polskiej szkole stanowi wielkie dobro dla dzisiejszego m\u0142odego cz\u0142owieka, kt\u00f3re wymaga wsp\u00f3lnej troski ze strony rodziny, Ko\u015bcio\u0142a i pa\u0144stwa. (\u2026) W Polsce lekcja religii, wyrzucona przez w\u0142adze komunistyczne po II wojnie \u015bwiatowej, powr\u00f3ci\u0142a do szk\u00f3\u0142 publicznych w 1990 roku, kiedy rozpocz\u0119\u0142y si\u0119 procesy demokratyzacji \u017cycia w naszej Ojczy\u017anie.<\/p>\n\n\n\n<p>Wyra\u017camy sprzeciw wobec ostatnich decyzji Ministerstwa Edukacji Narodowej odnosz\u0105cych si\u0119 do organizacji lekcji religii w szkole. Apelujemy o uwzgl\u0119dnienie woli rodzic\u00f3w, kt\u00f3rzy w zdecydowanej wi\u0119kszo\u015bci posy\u0142aj\u0105 swoje dzieci i m\u0142odzie\u017c na lekcje religii. W skali ca\u0142ego naszego kraju jest to prawie osiemdziesi\u0105t procent rodzic\u00f3w. Oni maj\u0105 prawo do lekcji religii na terenie szko\u0142y publicznej, gdy\u017c wynika to z podstawowych praw i wolno\u015bci cz\u0142owieka, zagwarantowanych w Konstytucji Rzeczypospolitej Polskiej i Konkordacie mi\u0119dzy Stolic\u0105 Apostolsk\u0105 i Rzecz\u0105pospolit\u0105 Polsk\u0105.<\/p>\n\n\n\n<p>Przypominamy, \u017ce wszelkie zmiany odno\u015bnie do organizacji lekcji religii w szkole publicznej winny dokonywa\u0107 si\u0119 zawsze zgodnie z obowi\u0105zuj\u0105cym prawem i w porozumieniu z Ko\u015bcio\u0142ami oraz zwi\u0105zkami wyznaniowymi. W rozmowach podejmowanych z Ministerstwem Edukacji Narodowej konieczne jest wypracowanie wsp\u00f3lnego porozumienia wymaganego przez prawo. Porozumienie zak\u0142ada zawsze zgod\u0119 na wsp\u00f3lnie wypracowane stanowisko.<\/p>\n\n\n\n<p>Zach\u0119camy wszystkich wiernych, aby podejmowa\u0107 dzia\u0142ania ukazuj\u0105ce warto\u015b\u0107 lekcji religii w szkole. Szczeg\u00f3lnie prosimy katolickich rodzic\u00f3w, aby odwa\u017cnie zabierali g\u0142os w tej sprawie. Apelujemy tak\u017ce do medi\u00f3w katolickich, ruch\u00f3w i wsp\u00f3lnot religijnych, aby podejmowali podobne dzia\u0142ania.<\/p>\n\n\n\n<p>Nale\u017cy zauwa\u017cy\u0107, \u017ce nauczanie religii katolickiej i innych wyzna\u0144 wspiera wychowawcz\u0105 rol\u0119 szko\u0142y. Nauczanie religii w szkole stanowi integraln\u0105 cz\u0119\u015b\u0107 wychowania cz\u0142owieka w jego sferze intelektualnej, moralnej i duchowej. Tre\u015bci przekazywane na lekcji religii ucz\u0105 budowania relacji osobowych, wra\u017cliwo\u015bci serca, postawy braterstwa, wzajemnego szacunku i dialogu z przedstawicielami r\u00f3\u017cnych nacji, religii i \u015bwiatopogl\u0105d\u00f3w, kszta\u0142tuj\u0105 postawy oparte na sprawiedliwo\u015bci i solidarno\u015bci spo\u0142ecznej, wskazuj\u0105 na wielk\u0105 godno\u015b\u0107 ka\u017cdego cz\u0142owieka, konieczno\u015b\u0107 niesienia pomocy potrzebuj\u0105cym i dbanie o dobro wsp\u00f3lne. Wychowuj\u0105 do troski o stworzony \u015bwiat i jego pi\u0119kno. Lekcja religii wspiera rodzin\u0119 i szko\u0142\u0119 w r\u00f3\u017cnych kryzysach psychicznych do\u015bwiadczanych przez uczni\u00f3w, jest dla nich pomoc\u0105 w przeciwdzia\u0142aniu przemocy, agresji i profilaktyce uzale\u017cnie\u0144.<\/p>\n\n\n\n<p>Lekcja religii ma te\u017c bardzo wa\u017cne znaczenie kulturowe. Przekaz wiedzy na temat chrze\u015bcija\u0144stwa jest konieczny do rozumienia europejskiej i polskiej kultury a tak\u017ce kultury wielu kraj\u00f3w na wszystkich kontynentach. \u015awiadectwo ponad 1050-letniej tradycji chrze\u015bcija\u0144stwa w Polsce pokazuje, jak wiara kszta\u0142towa\u0142a nasze dzieje i pozwala\u0142a narodowi przetrwa\u0107 najtragiczniejsze wydarzenia historii. Trzeba m\u00f3wi\u0107 o zbudowanych na wierze wielkich dzie\u0142ach naszych rodak\u00f3w, wieszcz\u00f3w i bohater\u00f3w, uczonych i \u015bwi\u0119tych, ludzi nauki, kultury i sztuki.<\/p>\n\n\n\n<p>Dzi\u0119kujemy wszystkim nauczycielom religii za ich ofiarn\u0105 i pe\u0142n\u0105 po\u015bwi\u0119cenia prac\u0119 w szkole. Drodzy nauczyciele religii, chcemy Wam powiedzie\u0107, \u017ce jeste\u015bmy z Wami! Podzielamy Wasze troski i obawy. Nie zapominamy o Was w rozmowach z w\u0142adzami pa\u0144stwowymi. Dzi\u0119kujemy wszystkim osobom zaanga\u017cowanym w dzie\u0142o lekcji religii w szkole. Dzi\u0119kujemy w\u0142adzom o\u015bwiatowym i dyrekcjom szk\u00f3\u0142, duszpasterzom, rodzicom i wszystkim, kt\u00f3rzy podejmuj\u0105 odpowiedzialnie trud wychowania m\u0142odego pokolenia.<\/p>\n\n\n\n<p>Podpisali pasterze Ko\u015bcio\u0142a katolickiego w Polsce obecni na 398. Zebraniu Plenarnym Konferencji Episkopatu Polski.<\/p>\n\n\n\n<p>Warszawa, 12 czerwca 2024 roku<\/p>\n\n\n\n<figure class=\"wp-block-image\" id=\"block-11bfdc70-3a14-4d5e-94a4-c45b2bb4a6cf\"><a href=\"http:\/\/rafalk-elblag.pl\/wp-content\/uploads\/2021\/08\/ogloszenia-parafialne-baner-01a.jpg\"><img decoding=\"async\" src=\"http:\/\/rafalk-elblag.pl\/wp-content\/uploads\/2021\/08\/ogloszenia-parafialne-baner-01a.jpg\" alt=\"Obrazek posiada pusty atrybut alt; plik o nazwie ogloszenia-parafialne-baner-01a.jpg\"\/><\/a><\/figure>\n\n\n\n<p><\/p>\n\n\n\n<h1 class=\"wp-block-heading\" id=\"block-6d42405b-4ab7-4d06-b960-74c4b8e7c4ea\">Og\u0142oszenia parafialne 30.06.2024 r.<\/h1>\n\n\n\n<ol class=\"wp-block-list\">\n<li><em>Zach\u0119camy do wzi\u0119cia udzia\u0142u <strong>w <\/strong><\/em><strong>XXXII Elbl\u0105skiej Pielgrzymce Pieszej na Jasn\u0105 G\u00f3r\u0119<\/strong> z grup\u0105 KATEDRA \u2013 P\u00d3\u0141NOC\u00a0 ELBL\u0104G. Jak co roku pielgrzymi wyrusz\u0105 28 lipca z elbl\u0105skiej katedry, by 11 sierpnia dotrze\u0107 do Jasnej G\u00f3ry. \u00a0<em>Wi\u0119cej informacji na plakacie.<\/em><\/li>\n\n\n\n<li><strong><\/strong><em>W zwi\u0105zku z pielgrzymk\u0105 na Jasn\u0105 G\u00f3r\u0119 ju\u017c tradycyjnie przy wej\u015bciu do ko\u015bcio\u0142a wystawione jest pude\u0142ko na intencje modlitewne, kt\u00f3re zabior\u0105 w Waszym imieniu pielgrzymi w\u0119druj\u0105cy na Jasn\u0105 G\u00f3r\u0119. Zach\u0119camy do wypisywania swoich intencji.<strong><\/strong><\/em><\/li>\n\n\n\n<li>Serdecznie zapraszamy do wzi\u0119cia udzia\u0142u w <strong>XV ROWEROWEJ PIELGRZYMCE<\/strong> z Elbl\u0105ga na Jasn\u0105 G\u00f3r\u0119, pod has\u0142em: \u201eON SAM PRZYCHODZI ABY WAS ZBAWI\u0106\u201d, w terminie 5 \u2013 11 sierpnia 2024. <em>Szczeg\u00f3\u0142y o spotkaniu organizacyjnym i kontaktowe umieszczono na plakacie i w Internecie.<\/em><\/li>\n\n\n\n<li><strong><\/strong><strong>Decyzj\u0105 Biskupa Elbl\u0105skiego do naszej parafii od 1 lipca zosta\u0142 skierowany ks. mgr lic. Marcin Rusiecki z parafii \u015awi\u0119tej Rodziny w Elbl\u0105gu. Drugi kap\u0142an skierowany przez Biskupa Elbl\u0105skiego do pos\u0142ugi w naszej parafii od 24 sierpnia to ks. mgr Piotr Kuczewski z diecezji Koszali\u0144sko \u2013 Ko\u0142obrzeskiej. <\/strong><em>Obu kap\u0142an\u00f3w otoczmy modlitw\u0105 by ich pos\u0142uga przynios\u0142a b\u0142ogos\u0142awione owoce.<\/em><\/li>\n\n\n\n<li>W tym tygodniu przypada pierwszy czwartek, pi\u0105tek i sobota\u00a0 miesi\u0105ca. <br><strong>w pierwszy czwartek miesi\u0105ca <\/strong>po Mszy \u015bw. o godz. 18:00 zapraszamy na Godzin\u0119 \u015awi\u0119t\u0105 by modli\u0107 si\u0119 w intencji powo\u0142a\u0144 z naszej parafii oraz o \u015bwi\u0119to\u015b\u0107 dla kap\u0142an\u00f3w,<br><strong>w pierwszy pi\u0105tek miesi\u0105ca <\/strong>spowied\u017a i Adoracja Naj\u015bwi\u0119tszego Sakramentu od godz. 17:30. Zapraszamy wszystkich czcicieli Serca Pana Jezusa na Msz\u0119 \u015aw. Wotywn\u0105 ku czci Naj\u015bwi\u0119tszego Serca Pana Jezusa o godz. 18:00.<br><strong>w pierwsz\u0105 sobot\u0119 <\/strong>zapraszamy na <strong>NABO\u017bE\u0143STWO WYNAGRADZAJ\u0104CE SERCU MARYI <\/strong>o godz. 17:00 w ramach nabo\u017ce\u0144stwa pierwszych pi\u0119ciu sob\u00f3t o kt\u00f3re prosi\u0142a Matka Bo\u017ca w FATIMIE.<\/li>\n\n\n\n<li><strong><\/strong>Od 7 lipca (niedziela) do 15 lipca (poniedzia\u0142ek) po Mszy \u015bwi\u0119tej wieczorowej odmawiana b\u0119dzie <strong>Nowenna przed \u015awi\u0119tem Matki Bo\u017cej Szkaplerznej (16 lipca). <\/strong>Zapraszamy wszystkich, a szczeg\u00f3lnie tych, kt\u00f3rzy przyj\u0119li szkaplerz karmelita\u0144ski i tworz\u0105 Rodzin\u0119 Karmelita\u0144sk\u0105 i Bractwo Szkaplerzne.<\/li>\n\n\n\n<li><strong>UWAGA OSOBY NOSZACE SZKAPLERZ !!!<\/strong> W zakrystii mo\u017cna odebra\u0107 deklaracj\u0119 o ch\u0119ci przyst\u0105pienia do Bractwa Szkaplerznego, kt\u00f3r\u0105 nale\u017cy wype\u0142ni\u0107 i przynie\u015b\u0107 do zakrystii.<\/li>\n\n\n\n<li><strong>Lipiec jest miesi\u0105cem po\u015bwi\u0119conym kontemplacji Naj\u015bwi\u0119tszej Krwi Chrystusa. <\/strong>Krew Chrystusa jest niezbitym dowodem mi\u0142o\u015bci Niebieskiego Ojca do ka\u017cdego cz\u0142owieka bez wyj\u0105tku. <em>Zach\u0119cam Wsp\u00f3lnot\u0119 Krwi Chrystusa do prowadzenia modlitw przed Msz\u0105 \u015bw. wieczorow\u0105 o godz. 17:30.<\/em><\/li>\n\n\n\n<li><strong><\/strong>W przysz\u0142\u0105 niedziel\u0119 (7 lipca) taca inwestycyjna. <em>B\u00f3g zap\u0142a\u0107 za <\/em><em>&nbsp;z\u0142o\u017cone ofiary na ten cel.<\/em><\/li>\n\n\n\n<li><strong><\/strong><strong>Dzi\u0119kujemy za stosowny ubi\u00f3r w ko\u015bciele w okresie wakacji. <\/strong>Msza \u015bw. jest uroczyst\u0105 celebracj\u0105, kt\u00f3ra domaga si\u0119 swego pi\u0119kna, szacunku i najwy\u017cszej kultury.<\/li>\n\n\n\n<li><strong>Kancelaria parafialna, przez ca\u0142y okres wakacji, czynna b\u0119dzie w \u015brody i pi\u0105tki po Mszy \u015bw. wieczorowej.<\/strong><\/li>\n\n\n\n<li>Zach\u0119cam do nabywania \u201eGo\u015bcia Niedzielnego\u201d\u00a0 <strong>z dodatkiem<\/strong> <strong>\u201eGo\u015b\u0107 Elbl\u0105ski\u201d<\/strong>\u00a0a\u00a0 w nim wydarzenia z diecezji.\u00a0 <\/li>\n\n\n\n<li><strong><em>Kochani \u2013 nast\u0119pny numer Biuletynu Parafialnego uka\u017ce si\u0119 we wrze\u015bniu<\/em><\/strong>.<\/li>\n\n\n\n<li>Pan powo\u0142a\u0142 do wieczno\u015bci: \u015bp. W\u0142adys\u0142aw\u0119(k) ZIELSK\u0104 lat 93 z ul. Broniewskiego, \u015bp. Waldemara GRELA lat 72 z ul. Leszczy\u0144skiego<\/li>\n<\/ol>\n\n\n\n<figure class=\"wp-block-image\" id=\"block-5f437b95-503a-4f29-91f7-75b7c74612d1\"><img decoding=\"async\" src=\"http:\/\/rafalk-elblag.pl\/wp-content\/uploads\/2020\/04\/baner-intencje-mszy.jpg\" alt=\"Obrazek posiada pusty atrybut alt; plik o nazwie baner-intencje-mszy.jpg\"\/><\/figure>\n\n\n\n<h1 class=\"wp-block-heading\" id=\"block-ebb85da5-2bf8-44c6-8a18-015b59726bae\">Intencje mszalne 23.06.2024 r.<\/h1>\n\n\n\n<p><strong>PONIEDZIA\u0141EK \/ 1 lipca 2024<\/strong> \/ Mt 8,23-27<br>8.00 Dzi\u0119kczynna z okazji 33 urodzin ks. Grzegorza, z pro\u015bb\u0105 o Bo\u017ce b\u0142., potrzebne \u0142aski i opiek\u0119 Matki Bo\u017cej Szkaplerznej na dalsze lata pos\u0142ugi kap\u0142a\u0144skiej<br>18.00 Dzi\u0119kczynna w 22 rocznic\u0119 pos\u0142ugi w Parafii pw. \u015bw. Rafa\u0142a Kalinowskiego ks. Proboszcza Wojciecha Zwolickiego, z pro\u015bb\u0105 o wszelkie potrzebne \u0142aski i dary Ducha \u015awi\u0119tego oraz opiek\u0119 Matki Bo\u017cej Szkaplerznej<br>18.00 \u015bp. Halina Krawczyk (z okazji ziemskich imienin), Marian Krawczyk<\/p>\n\n\n\n<p><strong>WTOREK \/ 2 lipca 2024<\/strong> \/ Mt 8,18-22<br>8.00 Dzi\u0119kczynna za Mariann\u0119 Spodarek w 86 urodziny, z pro\u015bb\u0105 o potrzebne \u0142aski Ducha \u015awi\u0119tego i opiek\u0119 Matki Bo\u017cej dla ca\u0142ej rodziny<br>18.00 \u015bp. Halina Korzeniowska (4 rocznica \u015bmierci)<\/p>\n\n\n\n<p><strong>\u015aRODA \/ 3 lipca 2024 \/ \u015bw. Tomasza Aposto\u0142a<\/strong> \/ J 20,24-29<br>8.00 \u015bp. Marcin Kurosad (1 rocznica \u015bmierci)<br>18.00 Dzi\u0119kczynna z okazji 60 urodzin Beaty, z pro\u015bb\u0105 o Bo\u017ce b\u0142., potrzebne \u0142aski i opiek\u0119 Matki Bo\u017cej Szkaplerznej<\/p>\n\n\n\n<p><strong>CZWARTEK \/ 4 lipca 2024 \/ <em>I czwartek miesi\u0105ca<\/em><\/strong> \/ Mt 9,1-8<br>8.00 \u015bp. Tadeusz Grabowski (w 20 rocznic\u0119 \u015bmierci) oraz zmarli z rodziny Grabowskich i Dudek<br>18.00 O potrzebne \u0142aski dla powo\u0142anych do s\u0142u\u017cby Bo\u017ce w Ko\u015bciele oraz o nowe powo\u0142ania kap\u0142a\u0144skie, misyjne i zakonne<\/p>\n\n\n\n<p><strong>PI\u0104TEK \/ 5 lipca 2024 \/ <em>I pi\u0105tek miesi\u0105ca<\/em><\/strong> \/ Mt 9,9-13<br>8.00 \u015bp. Stanis\u0142awa [k] Mochol (w 7 rocznic\u0119 \u015bmierci)<br>18.00 W intencji czcicieli Naj\u015bwi\u0119tszego Serca Pana Jezusa<\/p>\n\n\n\n<p><strong>SOBOTA \/ 6 lipca 2024 \/ b\u0142. Marii Teresy Led\u00f3chowskiej<\/strong> \/ Mt 9,14-17<br>8.00 Za dusze w czy\u015b\u0107cu cierpi\u0105ce<br>18.00 rezerwacja<\/p>\n\n\n\n<p><strong>XIII NIEDZIELA ZWYK\u0141A \/ 7 lipca 2024<\/strong> \/ Mk 6,1-6<br>8.00 O do\u015bwiadczenie Bo\u017cej mi\u0142o\u015bci dla Karoliny i Oskara, Sebastiana i Natalii<br>10.00 \u015bp. Wiktoria Janicka (w 7 rocznic\u0119 \u015bmierci), Bronis\u0142aw Janicki, Wiktoria, Jan, Halina z rodziny Szcz\u0119snych, Marta, Antoni, Tomasz, J\u00f3zef z rodziny Janickich, Hermenegilda Molga<br>12.00 W intencji Parafian<br>18.00 \u015bp. Halina i Zdzis\u0142aw Urba\u0144scy<\/p>\n","protected":false},"excerpt":{"rendered":"<p>Stanowisko Konferencji Episkopatu Polski w sprawie zmian w organizacji lekcji religii w szko\u0142ach podejmowanych przez Ministerstwo Edukacji Narodowej Nauczanie religii w polskiej szkole stanowi wielkie dobro dla dzisiejszego m\u0142odego cz\u0142owieka, kt\u00f3re wymaga wsp\u00f3lnej troski ze strony rodziny, Ko\u015bcio\u0142a i pa\u0144stwa. (\u2026) W Polsce lekcja religii, wyrzucona przez w\u0142adze komunistyczne po II wojnie \u015bwiatowej, powr\u00f3ci\u0142a do [&hellip;]<\/p>\n","protected":false},"author":1,"featured_media":5492,"comment_status":"closed","ping_status":"closed","sticky":false,"template":"","format":"standard","meta":{"ngg_post_thumbnail":0,"footnotes":""},"categories":[11,8,4,3],"tags":[],"class_list":["post-5489","post","type-post","status-publish","format-standard","has-post-thumbnail","hentry","category-aktualnosci","category-blog","category-intencje","category-ogloszenia"],"_links":{"self":[{"href":"https:\/\/rafalk-elblag.pl\/index.php?rest_route=\/wp\/v2\/posts\/5489","targetHints":{"allow":["GET"]}}],"collection":[{"href":"https:\/\/rafalk-elblag.pl\/index.php?rest_route=\/wp\/v2\/posts"}],"about":[{"href":"https:\/\/rafalk-elblag.pl\/index.php?rest_route=\/wp\/v2\/types\/post"}],"author":[{"embeddable":true,"href":"https:\/\/rafalk-elblag.pl\/index.php?rest_route=\/wp\/v2\/users\/1"}],"replies":[{"embeddable":true,"href":"https:\/\/rafalk-elblag.pl\/index.php?rest_route=%2Fwp%2Fv2%2Fcomments&post=5489"}],"version-history":[{"count":1,"href":"https:\/\/rafalk-elblag.pl\/index.php?rest_route=\/wp\/v2\/posts\/5489\/revisions"}],"predecessor-version":[{"id":5491,"href":"https:\/\/rafalk-elblag.pl\/index.php?rest_route=\/wp\/v2\/posts\/5489\/revisions\/5491"}],"wp:featuredmedia":[{"embeddable":true,"href":"https:\/\/rafalk-elblag.pl\/index.php?rest_route=\/wp\/v2\/media\/5492"}],"wp:attachment":[{"href":"https:\/\/rafalk-elblag.pl\/index.php?rest_route=%2Fwp%2Fv2%2Fmedia&parent=5489"}],"wp:term":[{"taxonomy":"category","embeddable":true,"href":"https:\/\/rafalk-elblag.pl\/index.php?rest_route=%2Fwp%2Fv2%2Fcategories&post=5489"},{"taxonomy":"post_tag","embeddable":true,"href":"https:\/\/rafalk-elblag.pl\/index.php?rest_route=%2Fwp%2Fv2%2Ftags&post=5489"}],"curies":[{"name":"wp","href":"https:\/\/api.w.org\/{rel}","templated":true}]}}