{"id":5486,"date":"2024-06-23T14:37:51","date_gmt":"2024-06-23T14:37:51","guid":{"rendered":"https:\/\/rafalk-elblag.pl\/?p=5486"},"modified":"2024-06-23T14:37:51","modified_gmt":"2024-06-23T14:37:51","slug":"23-06-2024-r-xii-niedziela-zwykla","status":"publish","type":"post","link":"https:\/\/rafalk-elblag.pl\/?p=5486","title":{"rendered":"23.06.2024 r., XII NIEDZIELA ZWYK\u0141A"},"content":{"rendered":"\n<h2 class=\"wp-block-heading\" id=\"block-de4dbcd2-5192-419e-9a16-24c75cd43305\"><strong>Filary Ko\u015bcio\u0142a \u2013 \u015bw. Piotr i \u015bw. Pawe\u0142<\/strong><\/h2>\n\n\n\n<p>W dniu 29 czerwca Ko\u015bci\u00f3\u0142 powszechny obchodzi uroczysto\u015b\u0107 \u015awi\u0119tych Aposto\u0142\u00f3w Piotra i Paw\u0142a. Pierwszego z nich Jezus nazwa\u0142 \u201eOpok\u0105\u201d \u2013 ska\u0142\u0105, drugiego za\u015b powo\u0142a\u0142 na Aposto\u0142a Narod\u00f3w. Obaj ponie\u015bli \u015bmier\u0107 m\u0119cze\u0144sk\u0105 w Rzymie podczas prze\u015bladowa\u0144 chrze\u015bcijan, rozpocz\u0119tych na rozkaz cesarza Nerona. Przed watyka\u0144sk\u0105 bazylik\u0105 ku czci pierwszego z nich znajduj\u0105 si\u0119 ich pos\u0105gi: \u015bw. Piotr trzyma na nim w r\u0119kach klucze, \u015bw. Pawe\u0142 \u2013 miecz.<\/p>\n\n\n\n<p><strong>Po\u0142\u0105czy\u0142 ich Chrystus, cho\u0107 pochodzili z r\u00f3\u017cnych \u015brodowisk.<\/strong> Chocia\u017c obaj byli aposto\u0142ami, to w zupe\u0142nie r\u00f3\u017cnym znaczeniu: Piotr \u2013 rybak, Pawe\u0142 \u2013 wykszta\u0142cony, \u015bwiadomy obywatel Rzymu.<\/p>\n\n\n\n<p>Piotr, wybrany nad Jeziorem Galilejskim, pod\u0105\u017ca\u0142 za Jezusem w czasie Jego ziemskiej dzia\u0142alno\u015bci. Pawe\u0142, nawr\u00f3cony pod Damaszkiem za spraw\u0105 wyj\u0105tkowego objawienia Mistrza. Piotr \u2013 buduj\u0105cy Ko\u015bci\u00f3\u0142 bliski, Pawe\u0142 \u2013 \u015bmia\u0142o wychodz\u0105cy z Ewangeli\u0105 po granice \u00f3wczesnego \u015bwiata.<\/p>\n\n\n\n<p>Obaj zamykani w wi\u0119zieniach, obaj prze\u015bladowani. Obu tak samo zacz\u0105\u0142 dotyka\u0107 b\u00f3l prze\u015bladowa\u0144, splendor ponoszenia cierpie\u0144 takich, jakie ponosi\u0142 ich Mistrz. Z r\u00f3\u017cnych \u015bwiat\u00f3w dotarli do Rzymu, gdzie zgin\u0119li za Chrystusa. Piotr-Opoka, Pawe\u0142-Ewangelizator.<\/p>\n\n\n\n<p>Obaj opowiedzieli si\u0119 za Jezusem i otrzymali nowe imiona. Szymon sta\u0142 si\u0119 Piotrem \u2013 Kefasem (\u201eska\u0142\u0105\u201d), na kt\u00f3rej Chrystus zbudowa\u0142 Ko\u015bci\u00f3\u0142. Szawe\u0142 za\u015b po nawr\u00f3ceniu przyj\u0105\u0142 imi\u0119 Pawe\u0142 \u2013 Paulus, czyli ma\u0142y, okazuj\u0105c w ten spos\u00f3b swoj\u0105 pokor\u0119. Piotr pozna\u0142 Jezusa i by\u0142 Jego najbardziej zaufanym uczniem, Pawe\u0142 nie spotka\u0142 Go osobi\u015bcie \u2013 gdy Jezus naucza\u0142, on by\u0142 dopiero nastolatkiem.<\/p>\n\n\n\n<p>Wed\u0142ug dawnych poda\u0144 obaj Aposto\u0142owie mieli ponie\u015b\u0107 \u015bmier\u0107 m\u0119cze\u0144sk\u0105 tego samego dnia. \u015aw. Pawe\u0142 zgin\u0105\u0142 w 67 r. Tradycja zachowa\u0142a w pami\u0119ci miejsce jego m\u0119cze\u0144stwa: za Bram\u0105 Ostyjsk\u0105. Jako obywatela rzymskiego nie mo\u017cna go by\u0142o ukrzy\u017cowa\u0107 ani zabi\u0107 w granicach Wiecznego Miasta, dlatego \u015bci\u0119to go mieczem za jego murami. \u015aw. Piotr poni\u00f3s\u0142 \u015bmier\u0107 m\u0119cze\u0144sk\u0105 na krzy\u017cu oko\u0142o 64 r. za panowania cesarza Nerona. Najstarsze \u017ar\u00f3d\u0142a tradycji wskazywa\u0142y jako miejsce jego m\u0119cze\u0144stwa ogrody cesarskie, kt\u00f3re rodzina Augusta Oktawiana za\u0142o\u017cy\u0142a na brzegu Tybru pod nazw\u0105 \u201ePole Watyka\u0144skie\u201d.<\/p>\n\n\n\n<p>Do pierwszego oficjalnego spotkania Paw\u0142a, ju\u017c jako chrze\u015bcijanina, z Piotrem dosz\u0142o w Jerozolimie po nawr\u00f3ceniu Paw\u0142a i powo\u0142aniu go na Aposto\u0142a przez Chrystusa (Dz 9,1\u201419), kiedy Pawe\u0142 wr\u00f3ci\u0142 z Arabii. Piotr by\u0142 bowiem pierwszym i najwa\u017cniejszym \u015bwiadkiem zmartwychwsta\u0142ego Chrystusa (por. 1 Kor 15,5; \u0141k 24,34). Dlatego Paw\u0142owi tak bardzo zale\u017ca\u0142o na tym spotkaniu. \u0141ukasz w Dz 9,26\u201430 pisze o trudno\u015bciach, jakie Pawe\u0142, nowy wyznawca Chrystusa, znany w Jerozolimie jako najwi\u0119kszy wr\u00f3g Ko\u015bcio\u0142a, musia\u0142 pokona\u0107, by spotka\u0107 si\u0119 z Piotrem.<\/p>\n\n\n\n<p>Do kolejnego spotkania Paw\u0142a z Piotrem w Jerozolimie dosz\u0142o oko\u0142o roku 50. po Chr., w zwi\u0105zku z Soborem Apostolskim. Mia\u0142a na nim zosta\u0107 rozstrzygni\u0119ta sprawa szerszej ewangelizacji pogan i zwolnienia ich od przestrzegania zwyczaj\u00f3w \u017cydowskich. Ju\u017c po Soborze Jerozolimskim, oko\u0142o 50 r. po Chr., mia\u0142o miejsce kolejne spotkanie tym razem w Antiochii Syryjskiej.<\/p>\n\n\n\n<p>Czy dosz\u0142o do spotkania Paw\u0142a z Piotrem w Rzymie \u2014 tego na pewno nie wiemy, chocia\u017c teoretycznie istnieje taka mo\u017cliwo\u015b\u0107.<\/p>\n\n\n\n<p>Ich drogi \u017cyciowe by\u0142y zupe\u0142nie r\u00f3\u017cne: Piotr uczy nas, jak podnosi\u0107 si\u0119 po ka\u017cdym upadku i nie w\u0105tpi\u0107 w mi\u0142o\u015b\u0107 Boga. Przyk\u0142ad \u017cycia Paw\u0142a pokazuje, \u017ce B\u00f3g w jednej chwili mo\u017ce odmieni\u0107 zupe\u0142nie ka\u017cdego cz\u0142owieka i uczyni\u0107 z niego \u015bwiadka Dobrej Nowiny. Ich drogi rzadko si\u0119 \u0142\u0105czy\u0142y, relacje nie by\u0142y tak proste, jak mog\u0142oby si\u0119 wydawa\u0107, ale <strong>ich mi\u0142o\u015b\u0107 do Jezusa i Jego Ko\u015bcio\u0142a obu zaprowadzi\u0142a do \u015bwi\u0119to\u015bci.<\/strong><strong> <\/strong><strong>Aposto\u0142\u00f3w \u0142\u0105czy tak\u017ce to, \u017ce chocia\u017c obdarzeni r\u00f3\u017cnymi cechami, darami i talentami, chocia\u017c r\u00f3\u017cne by\u0142y ich drogi do Jezusa, budowali jeden Ko\u015bci\u00f3\u0142 Chrystusa.<\/strong><strong><\/strong><\/p>\n\n\n\n<p>Wpatrujmy si\u0119 w przyk\u0142ad \u017cycia \u015awi\u0119tych Aposto\u0142\u00f3w Piotra i Paw\u0142a, kt\u00f3rzy maj\u0105c \u015bwiadomo\u015b\u0107 swojej s\u0142abo\u015bci i ograniczono\u015bci, potrafili w pe\u0142ni zaufa\u0107 Bogu i na Nim budowa\u0107 swoje \u017cycie.<\/p>\n\n\n\n<figure class=\"wp-block-image\" id=\"block-11bfdc70-3a14-4d5e-94a4-c45b2bb4a6cf\"><a href=\"http:\/\/rafalk-elblag.pl\/wp-content\/uploads\/2021\/08\/ogloszenia-parafialne-baner-01a.jpg\"><img decoding=\"async\" src=\"http:\/\/rafalk-elblag.pl\/wp-content\/uploads\/2021\/08\/ogloszenia-parafialne-baner-01a.jpg\" alt=\"Obrazek posiada pusty atrybut alt; plik o nazwie ogloszenia-parafialne-baner-01a.jpg\"\/><\/a><\/figure>\n\n\n\n<p><\/p>\n\n\n\n<h1 class=\"wp-block-heading\" id=\"block-6d42405b-4ab7-4d06-b960-74c4b8e7c4ea\">Og\u0142oszenia parafialne 23.06.2024 r.<\/h1>\n\n\n\n<ol class=\"wp-block-list\">\n<li><strong><\/strong><strong>Przez ca\u0142y czerwiec po Mszy \u015bw. o godz. 18:00 odprawiane jest Nabo\u017ce\u0144stwo ku czci Naj\u015bwi\u0119tszego Serca Pana Jezusa. <em>Zach\u0119camy do wsp\u00f3lnego udzia\u0142u w tym nabo\u017ce\u0144stwie przed Naj\u015bwi\u0119tszym Sakramentem.<\/em><\/strong><em>&nbsp; <u><\/u><\/em><\/li>\n\n\n\n<li><strong><\/strong><strong>Dzisiaj obchodzimy DZIE\u0143 OJCA<\/strong>. Pami\u0119tajmy o naszych ojcach w modlitwie, prosz\u0105c: dla \u017cyj\u0105cych <em>o Bo\u017ce b\u0142ogos\u0142awie\u0144stwo i opiek\u0119 \u015bw. J\u00f3zefa a dla zmar\u0142ych o \u0142ask\u0119 nieba.&nbsp; <u><\/u><\/em><\/li>\n\n\n\n<li>W sobot\u0119 (29 czerwca) przypada Uroczysto\u015b\u0107 \u015awi\u0119tych Aposto\u0142\u00f3w Piotra i Paw\u0142a. <em><u>Taca z tego dnia przeznaczona jest na potrzeby Stolicy Apostolskiej.<\/u><\/em> W tym dniu imieniny obchodzi nasz wieloletni Organista &#8211; pan Piotr Zbierzchowski. Pami\u0119tajmy w modlitwie o naszym Solenizancie.<\/li>\n\n\n\n<li><em>Zach\u0119camy do wzi\u0119cia udzia\u0142u <strong>w <\/strong><\/em><strong>XXXII Elbl\u0105skiej Pielgrzymce Pieszej na Jasn\u0105 G\u00f3r\u0119<\/strong> z grup\u0105 KATEDRA \u2013 P\u00d3\u0141NOC\u00a0 ELBL\u0104G. Jak co roku pielgrzymi wyrusz\u0105 28 lipca z elbl\u0105skiej katedry, by 11 sierpnia dotrze\u0107 do Jasnej G\u00f3ry. Tegorocznemu pielgrzymowaniu towarzyszy\u0107 b\u0119dzie has\u0142o: <strong>\u201eOBDARZ NAS POKOJEM<\/strong>\u201d. <em>Wi\u0119cej informacji znajdziemy na plakacie.<\/em><\/li>\n\n\n\n<li><strong><\/strong>W zwi\u0105zku z pielgrzymk\u0105 na Jasn\u0105 G\u00f3r\u0119 ju\u017c tradycyjnie przy wej\u015bciu do ko\u015bcio\u0142a wystawione jest pude\u0142ko na intencje modlitewne, kt\u00f3re zabior\u0105 w Waszym imieniu pielgrzymi w\u0119druj\u0105cy na Jasn\u0105 G\u00f3r\u0119. <em>Zach\u0119camy do wypisywania swoich intencji.<\/em><strong><\/strong><\/li>\n\n\n\n<li>Serdecznie zapraszamy do wzi\u0119cia udzia\u0142u w <strong>XV ROWEROWEJ PIELGRZYMCE<\/strong> z Elbl\u0105ga na Jasn\u0105 G\u00f3r\u0119, pod has\u0142em: \u201eON SAM PRZYCHODZI ABY WAS ZBAWI\u0106\u201d, w terminie 5 \u2013 11 sierpnia 2024. <em>Szczeg\u00f3\u0142y o spotkaniu organizacyjnym i kontaktowe umieszczono na plakacie i w Internecie.<\/em><\/li>\n\n\n\n<li><strong><\/strong><strong>30 czerwca br. ks. Mateusz Ka\u017amierczak ko\u0144czy pos\u0142ug\u0119 w naszej parafii i zostaje skierowany do pos\u0142ugi w Parafii pw. \u015bw. Rodziny w Elbl\u0105gu. 31 sierpnia br. pos\u0142ug\u0119 w naszej parafii ko\u0144czy ks. Sylwester \u017bbikowsk<em>i <\/em>i rozpoczyna pos\u0142ug\u0119 w Parafii pw. Tr\u00f3jcy Przenaj\u015bwi\u0119tszej w Mor\u0105gu.<\/strong>&nbsp; <em>Dzi\u0119kujmy za czas sp\u0119dzony w naszej wsp\u00f3lnocie parafialnej i otoczmy tych kap\u0142an\u00f3w swoj\u0105 modlitw\u0105<strong>.<\/strong><\/em><\/li>\n\n\n\n<li><strong><\/strong>Centrum Nowej Ewangelizacji w Elbl\u0105gu organizuje w dniach 28 \u2013 30 czerwca 2024&nbsp;roku wydarzenie ewangelizacyjne pn.: <strong>\u201eSTREFA MOCY\u201d. <\/strong>Jego pomys\u0142odawc\u0105 i g\u0142\u00f3wnym realizatorem jest ma\u0142\u017ce\u0144stwo Sylwia i Witold Wilk. <strong><em>Na program spotka\u0144, kt\u00f3re maj\u0105 si\u0119 odby\u0107 na placu katedralnym w Elbl\u0105gu od 15:00 do godz. 22:00<\/em><\/strong> <em>z\u0142o\u017c\u0105 si\u0119: konferencje, \u015bwiadectwa, koncerty i modlitwa. B\u0119dzie tam r\u00f3wnie\u017c przestrze\u0144 na pos\u0142ug\u0119 spowiednicz\u0105 oraz adoracj\u0119 Naj\u015bwi\u0119tszego Sakramentu.<\/em>&nbsp;Biskup Elbl\u0105ski obj\u0105\u0142 to wydarzenie swym patronatem i pasterskim b\u0142ogos\u0142awie\u0144stwem. Wi\u0119cej informacji na plakatach i stronach internetowych. <strong><em><u>Zapraszamy.<\/u><\/em><\/strong><strong><em><\/em><\/strong><\/li>\n\n\n\n<li><strong><\/strong><strong>Kancelaria parafialna, przez ca\u0142y okres wakacji, czynna b\u0119dzie w \u015brody i pi\u0105tki<br>po&nbsp;&nbsp; Mszy \u015bw. wieczorowej.<em><\/em><\/strong><\/li>\n\n\n\n<li>Za tydzie\u0144 Wolontariusze Caritas zbiera\u0107 b\u0119d\u0105 przed ko\u015bcio\u0142em ofiary dla najubo\u017cszych\u00a0i potrzebuj\u0105cych z naszej parafii<em>.\u00a0 Parafialny Oddzia\u0142 Caritas naszej parafii znajduje si\u0119 przy ul. Myliusa 1A i jest czynny w I i III czwartek miesi\u0105ca od 16:00 do 17:00.<\/em><\/li>\n\n\n\n<li><strong><\/strong>Zach\u0119cam do nabywania \u201eGo\u015bcia Niedzielnego\u201d&nbsp; <strong>z dodatkiem<\/strong> <strong>\u201eGo\u015b\u0107 Elbl\u0105ski\u201d<\/strong> a&nbsp; w nim wydarzenia z diecezji.&nbsp; <strong><em><\/em><\/strong><\/li>\n\n\n\n<li><strong><\/strong><em>Dzieciom i m\u0142odzie\u017cy \u017cyczymy udanych i bezpiecznych wakacji, polecaj\u0105c ich opiece Anio\u0142\u00f3w Str\u00f3\u017c\u00f3w. Jednocze\u015bnie przypominamy o obowi\u0105zku uczestniczenia we Mszy \u015bw. w niedziel\u0119 i uroczysto\u015bci, r\u00f3wnie\u017c w wakacje. Szcz\u0119\u015b\u0107 Wam Bo\u017ce.<strong><\/strong><\/em><\/li>\n\n\n\n<li>Pan powo\u0142a\u0142 do wieczno\u015bci: \u015bp. Iren\u0119 SMOLIK lat 80 z ul. Brzechwy, \u015bp. Ludwik\u0119(k) OCHMA\u0143SK\u0104 lat 71 z ul. Brzechwy<\/li>\n<\/ol>\n\n\n\n<figure class=\"wp-block-image\" id=\"block-5f437b95-503a-4f29-91f7-75b7c74612d1\"><img decoding=\"async\" src=\"http:\/\/rafalk-elblag.pl\/wp-content\/uploads\/2020\/04\/baner-intencje-mszy.jpg\" alt=\"Obrazek posiada pusty atrybut alt; plik o nazwie baner-intencje-mszy.jpg\"\/><\/figure>\n\n\n\n<h1 class=\"wp-block-heading\" id=\"block-ebb85da5-2bf8-44c6-8a18-015b59726bae\">Intencje mszalne 23.06.2024 r.<\/h1>\n\n\n\n<p><strong>PONIEDZIA\u0141EK \/ 24 czerwca 2024 \/ Uroczysto\u015b\u0107 Narodzenia \u015bw. Jana Chrzciciela<\/strong> \/ \u0141k 1, 57-66<br>8.00 \u015bp. Zofia Rynkowska-Hipsz (w 5 rocznic\u0119 \u015bmierci)<br>18.00 \u015bp. Janina i Stanis\u0142aw Kuchta<\/p>\n\n\n\n<p><strong>WTOREK \/ 25 czerwca 2024 \/ b\u0142. Doroty z M\u0105t\u00f3w<\/strong> \/ Mt 7,6.12-14<br>8.00 \u015bp. Stanis\u0142awa [k] Filar (w 10 rocznic\u0119 \u015bmierci) oraz zmarli z rodziny Wi\u015bniewskich, Filar i Kubackich<br>18.00 \u015bp. Stanis\u0142awa [k] (w rocznic\u0119 \u015bmierci) i zmarli z rodziny Adamowicz<\/p>\n\n\n\n<p><strong>\u015aRODA \/ 26 czerwca 2024<\/strong> \/ Mt 7,15-20<br>8.00 \u015bp. Stefania [k] Brzezi\u0144ska (intencja od Joanny i Piotra Fularz z dzie\u0107mi)<br>18.00 Dzi\u0119kczynna za 59 lat \u017cycia ks. Arkadiusza, z pro\u015bb\u0105 o dary Ducha \u015awi\u0119tego, obfito\u015b\u0107 \u0142ask Bo\u017cych oraz o opiek\u0119 Matki Bo\u017cej na ka\u017cdy kolejny dzie\u0144 \u017cycia<\/p>\n\n\n\n<p><strong>CZWARTEK \/ 27 czerwca 2024 \/ Naj\u015bwi\u0119tszej Maryi Panny Nieustaj\u0105cej Pomocy<\/strong> \/ Mt 7,21-29<br>8.00 \u015bp. Gra\u017cyna Dalidowicz (w 2 rocznic\u0119 \u015bmierci), Cezary, Janina, Mieczys\u0142aw, Lucjan, Bogdan i Jan<br>18.00 \u015bp. Robert Misiewicz (w 30 dzie\u0144 po pogrzebie)<br>18.00 \u015bp. Maria i Jan Rudomina, Tadeusz Bielski i zmarli z rodziny<\/p>\n\n\n\n<p><strong>PI\u0104TEK \/ 28 czerwca 2024 \/ \u015bw. Ireneusza<\/strong> \/ Mt 8,1-4<br>8.00 Dzi\u0119kczynna w 50 rocznic\u0119 urodzin Arkadiusza, z pro\u015bb\u0105 o wszelkie potrzebne \u0142aski oraz o opiek\u0119 Matki Bo\u017cej Szkaplerznej na dalsze lata \u017cycia<br>18.00 \u015bp. Regina Kacprzak (w 30 dzie\u0144 po pogrzebie)<br>18.00 \u015bp. Rodzice z obojga stron: Marianna i W\u0142adys\u0142aw Le\u015bniak, Irena i Jan Wysoccy<\/p>\n\n\n\n<p><strong>SOBOTA \/ 29 czerwca 2024 \/ Uroczysto\u015b\u0107 \u015bw. Aposto\u0142\u00f3w Piotra i Paw\u0142a<\/strong> \/ Mt 16,13-19<br>8.00 rezerwacja<br>18.00 \u015bp. Jan Przeradzki (w 70 rocznic\u0119 \u015bmierci) i zmarli z rodzin Przeradzkich i Fija\u0142kowskich<\/p>\n\n\n\n<p><strong>XIII NIEDZIELA ZWYK\u0141A \/ 30 czerwca 2024<\/strong> \/ Mk 5,21-43<br>8.00 O \u0142ask\u0119 nawr\u00f3cenia dla Sebastiana w dniu urodzin oraz o nadziej\u0119, wiar\u0119 i mi\u0142o\u015b\u0107 na dalsze lata \u017cycia<br>10.00 \u015bp. Zygfryd Dobrzeniecki (9 rocznica \u015bmierci) i zmarli z rodziny Dobrzenieckich<br>12.00 W intencji Parafian<br>18.00 Dzi\u0119kczynna w 50 rocznic\u0119 \u015blubu Doroty i Antoniego \u0141ukaszewskich, z pro\u015bb\u0105 o Bo\u017ce b\u0142., potrzebne \u0142aski dla Z\u0142otych Jubilat\u00f3w<\/p>\n","protected":false},"excerpt":{"rendered":"<p>Filary Ko\u015bcio\u0142a \u2013 \u015bw. Piotr i \u015bw. Pawe\u0142 W dniu 29 czerwca Ko\u015bci\u00f3\u0142 powszechny obchodzi uroczysto\u015b\u0107 \u015awi\u0119tych Aposto\u0142\u00f3w Piotra i Paw\u0142a. Pierwszego z nich Jezus nazwa\u0142 \u201eOpok\u0105\u201d \u2013 ska\u0142\u0105, drugiego za\u015b powo\u0142a\u0142 na Aposto\u0142a Narod\u00f3w. Obaj ponie\u015bli \u015bmier\u0107 m\u0119cze\u0144sk\u0105 w Rzymie podczas prze\u015bladowa\u0144 chrze\u015bcijan, rozpocz\u0119tych na rozkaz cesarza Nerona. Przed watyka\u0144sk\u0105 bazylik\u0105 ku czci pierwszego [&hellip;]<\/p>\n","protected":false},"author":1,"featured_media":5487,"comment_status":"closed","ping_status":"closed","sticky":false,"template":"","format":"standard","meta":{"ngg_post_thumbnail":0,"footnotes":""},"categories":[11,8,4,3],"tags":[],"class_list":["post-5486","post","type-post","status-publish","format-standard","has-post-thumbnail","hentry","category-aktualnosci","category-blog","category-intencje","category-ogloszenia"],"_links":{"self":[{"href":"https:\/\/rafalk-elblag.pl\/index.php?rest_route=\/wp\/v2\/posts\/5486","targetHints":{"allow":["GET"]}}],"collection":[{"href":"https:\/\/rafalk-elblag.pl\/index.php?rest_route=\/wp\/v2\/posts"}],"about":[{"href":"https:\/\/rafalk-elblag.pl\/index.php?rest_route=\/wp\/v2\/types\/post"}],"author":[{"embeddable":true,"href":"https:\/\/rafalk-elblag.pl\/index.php?rest_route=\/wp\/v2\/users\/1"}],"replies":[{"embeddable":true,"href":"https:\/\/rafalk-elblag.pl\/index.php?rest_route=%2Fwp%2Fv2%2Fcomments&post=5486"}],"version-history":[{"count":1,"href":"https:\/\/rafalk-elblag.pl\/index.php?rest_route=\/wp\/v2\/posts\/5486\/revisions"}],"predecessor-version":[{"id":5488,"href":"https:\/\/rafalk-elblag.pl\/index.php?rest_route=\/wp\/v2\/posts\/5486\/revisions\/5488"}],"wp:featuredmedia":[{"embeddable":true,"href":"https:\/\/rafalk-elblag.pl\/index.php?rest_route=\/wp\/v2\/media\/5487"}],"wp:attachment":[{"href":"https:\/\/rafalk-elblag.pl\/index.php?rest_route=%2Fwp%2Fv2%2Fmedia&parent=5486"}],"wp:term":[{"taxonomy":"category","embeddable":true,"href":"https:\/\/rafalk-elblag.pl\/index.php?rest_route=%2Fwp%2Fv2%2Fcategories&post=5486"},{"taxonomy":"post_tag","embeddable":true,"href":"https:\/\/rafalk-elblag.pl\/index.php?rest_route=%2Fwp%2Fv2%2Ftags&post=5486"}],"curies":[{"name":"wp","href":"https:\/\/api.w.org\/{rel}","templated":true}]}}