{"id":5481,"date":"2024-06-14T21:03:19","date_gmt":"2024-06-14T21:03:19","guid":{"rendered":"https:\/\/rafalk-elblag.pl\/?p=5481"},"modified":"2024-06-14T21:03:19","modified_gmt":"2024-06-14T21:03:19","slug":"16-06-2024-r-xi-niedziela-zwykla","status":"publish","type":"post","link":"https:\/\/rafalk-elblag.pl\/?p=5481","title":{"rendered":"16.06.2024 r., XI NIEDZIELA ZWYK\u0141A"},"content":{"rendered":"\n<h2 class=\"wp-block-heading\" id=\"block-de4dbcd2-5192-419e-9a16-24c75cd43305\"><strong>Mnisi o surowej regule<\/strong><\/h2>\n\n\n\n<p>Do zakon\u00f3w o najsurowszej regule nale\u017c\u0105 trapi\u015bci, kartuzi oraz kameduli. Z wymienionych zakon\u00f3w w Polsce istniej\u0105 do dzisiaj jedynie kameduli, kt\u00f3rych klasztory znajduj\u0105 si\u0119 na Bielanach pod Krakowem i w Bieniszewie ko\u0142o Konina.<\/p>\n\n\n\n<p>Zakon sk\u0142ada si\u0119 z&nbsp;kap\u0142an\u00f3w&nbsp;\u2013 ch\u00f3rzyst\u00f3w, kt\u00f3rzy s\u0105 obowi\u0105zani do wsp\u00f3lnego odmawiania brewiarza i&nbsp;braci mieszkaj\u0105cych wsp\u00f3lnie. Kap\u0142ani \u2013 ch\u00f3rzy\u015bci mieszkaj\u0105 ka\u017cdy w oddzielnym domku \u2013 pustelni. W domku jest cela mnicha, kapliczka, w kt\u00f3rej w chorobie lub staro\u015bci mog\u0105 odprawia\u0107 Msze \u015bw. oraz pomieszczenie na narz\u0119dzia ogrodnicze czy zebrane warzywa. Przy ka\u017cdym bowiem domku jest ma\u0142y ogr\u00f3dek warzywny, kt\u00f3ry uprawia ka\u017cdy pustelnik sam.<\/p>\n\n\n\n<p>Za\u0142o\u017cycielem zakonu kamedu\u0142\u00f3w jest&nbsp;\u015bw. Romuald, urodzi\u0142 si\u0119 w 954 roku. Maj\u0105c 20 lat wst\u0105pi\u0142 do benedyktyn\u00f3w. Przez kilka lat pe\u0142ni\u0142 nawet urz\u0105d Przeora Klasztoru, ale t\u0119skni\u0142 za \u015bcis\u0142ym \u017cyciem pustelniczym. Po kilku latach zrezygnowa\u0142 z powierzonej mu funkcji Przeora, opu\u015bci\u0142 Klasztor i wyrusza\u0142 pieszo do puszczy le\u017c\u0105cej w pobli\u017cu Wenecji i tam pod okiem pustelnika Maryna odda\u0142 si\u0119 kontemplacji i wsp\u00f3lnie z nim odmawia\u0142 brewiarz. Wnet do\u0142\u0105czyli do nich tak\u017ce inni mnisi&#8230;. I tak powstawa\u0142a wsp\u00f3lnota Romualda, kt\u00f3ra w 1027 roku da\u0142a pocz\u0105tek nowemu Zakonowi Kamedu\u0142\u00f3w.<\/p>\n\n\n\n<p>\u017bycie kamedu\u0142\u00f3w, kr\u00f3tko mo\u017cna przedstawi\u0107 jako \u017cycie w samotno\u015bci, milczeniu, gdzie dominuje \u015bcis\u0142y post, praca fizyczna, wsp\u00f3lna liturgia. W duchowo\u015bci kamedulskiej bardzo wa\u017cny jest obowi\u0105zek przebywania w celi czyli eremie. Cela jest mistrzyni\u0105 \u017cycia duchowego kamedu\u0142y. Opuszcza\u0107 j\u0105 mo\u017cna tylko na Eucharysti\u0119, liturgi\u0119 godzin i wyznaczone zaj\u0119cia np. na prac\u0119 w ogr\u00f3dku. Kamedu\u0142a ma obowi\u0105zek zachowania milczenia i u\u017cywa\u0107 s\u0142\u00f3w tylko po to by chwali\u0107 Boga b\u0105d\u017a pom\u00f3c bli\u017aniemu. W sprawach koniecznych mog\u0105 oni rozmawia\u0107 ze sob\u0105, ale na uboczu, kr\u00f3tko, p\u00f3\u0142g\u0142osem.<\/p>\n\n\n\n<p>Wi\u0119kszo\u015b\u0107 dnia up\u0142ywa na modlitwie i rozmy\u015blaniu. Mnisi wstaj\u0105 o w p\u00f3\u0142 do &nbsp;czwartej rano na pierwsze bicie dzwonu. Na drugie bicie dzwonu gromadz\u0105 si\u0119 w ko\u015bciele na Liturgi\u0119 Godzin, kt\u00f3r\u0105 odmawiaj\u0105 bardzo wolno, bez po\u015bpiechu. Posi\u0142ki jadaj\u0105 samotnie w swoich celach \u2013 eremach. Par\u0119 godzin pracuj\u0105 fizycznie w milczeniu. Praca jest rozdzielana wed\u0142ug potrzeb klasztoru: dy\u017cur przy furcie, pranie, gotowanie,&nbsp;sprz\u0105tanie. Na koniec dnia modl\u0105 si\u0119 za umar\u0142ych.<\/p>\n\n\n\n<p>Kameduli nie korzystaj\u0105 z radia ani telewizji. Starym zwyczajem zachowuj\u0105 bezmi\u0119sn\u0105 diet\u0119, a pi\u0105tki w Adwencie i w Wielkim Po\u015bcie spo\u017cywaj\u0105 tylko jarzyny. 5 razy w roku mog\u0105 wsp\u00f3lnie wyj\u015b\u0107 na przechadzk\u0119 poza teren eremu. Chocia\u017c \u017cyj\u0105 w samotno\u015bci, nigdy jednak w pojedynk\u0119, lecz po kilku, zjednoczeni w jednym postanowieniu, zawsze wsparci pomoc\u0105 i pociech\u0105 braci, \u017cyj\u0105 w \u015bwi\u0119tej samotno\u015bci jak w domu Pana, tak \u017ce ka\u017cdy z nich odnosi korzy\u015b\u0107 w\u0142a\u015bciw\u0105 dla \u017cycia we wsp\u00f3lnocie<\/p>\n\n\n\n<p><strong>Mnich nie stoi bli\u017cej Boga ni\u017c pozostali ludzie, lecz on Boga stawia przed wszystkim innym i zbiera wszystko, cokolwiek znajduje si\u0119 w nim i wok\u00f3\u0142 niego, aby to wszystko Bogu ofiarowa\u0107.<\/strong> B\u0119d\u0105c na pustyni, mnich \u017cyje zarazem w sercu miasta i \u015bwiata. Nie stwarza obco\u015bci pomi\u0119dzy sob\u0105 a innymi, \u017cyje cz\u0119sto podobnie jak oni, ale pami\u0119ta, i\u017c nie odwracaj\u0105c twarzy od ziemi, musi mie\u0107 twarz zwr\u00f3con\u0105 ku niebu.<\/p>\n\n\n\n<p>Ko\u015bci\u00f3\u0142 zawsze ceni\u0142 zakony kontemplacyjne i traktowa\u0142 je jako drogocenny skarb, dany mu przez Boga. Dzi\u015b klauzurowe mniszki i misi \u201es\u0105 jak serce, kt\u00f3re pompuje krew, to znaczy mi\u0142o\u015b\u0107 Chrystusa, do ca\u0142ego organizmu Ko\u015bcio\u0142a powszechnego. W ten spos\u00f3b ich mi\u0142o\u015b\u0107 dociera do wszystkich misji i wszystkich misjonarzy, kt\u00f3rzy s\u0105 r\u0119kami, kt\u00f3re chrzcz\u0105 lub ramionami, kt\u00f3re przyjmuj\u0105 biednych i cierpi\u0105cych. Je\u015bli serce nie pompuje krwi, organizm umiera\u201d \u2013 zauwa\u017ca o. Ryszard Szmydki OMI, podsekretarz Kongregacji ds. Ewangelizacji Narod\u00f3w.&nbsp;Poprzez codzienn\u0105 modlitw\u0119 i ofiar\u0119 ludzie \u017cyj\u0105cy za klauzur\u0105 uosabiaj\u0105 pulsuj\u0105ce serce, z kt\u00f3rego pochodzi wszystko.<\/p>\n\n\n\n<figure class=\"wp-block-image\" id=\"block-11bfdc70-3a14-4d5e-94a4-c45b2bb4a6cf\"><a href=\"http:\/\/rafalk-elblag.pl\/wp-content\/uploads\/2021\/08\/ogloszenia-parafialne-baner-01a.jpg\"><img decoding=\"async\" src=\"http:\/\/rafalk-elblag.pl\/wp-content\/uploads\/2021\/08\/ogloszenia-parafialne-baner-01a.jpg\" alt=\"Obrazek posiada pusty atrybut alt; plik o nazwie ogloszenia-parafialne-baner-01a.jpg\"\/><\/a><\/figure>\n\n\n\n<p><\/p>\n\n\n\n<h1 class=\"wp-block-heading\" id=\"block-6d42405b-4ab7-4d06-b960-74c4b8e7c4ea\">Og\u0142oszenia parafialne 16.06.2024 r.<\/h1>\n\n\n\n<ol class=\"wp-block-list\">\n<li><strong><\/strong><strong>Przez ca\u0142y czerwiec po Mszy \u015bw. o godz. 18:00 odprawiane s\u0105 Nabo\u017ce\u0144stwo ku czci Naj\u015bwi\u0119tszego Serca Pana Jezusa. Zapraszamy do wsp\u00f3lnego odmawiania Litanii przed Naj\u015bwi\u0119tszym Sakramentem.<\/strong>&nbsp; <em><u><\/u><\/em><\/li>\n\n\n\n<li>Dzisiaj 16 dzie\u0144 miesi\u0105ca &#8211; dzie\u0144 modlitw za <strong>Rodzin\u0119 i<\/strong> <strong>Bractwo Szkaplerzne, <\/strong>a tak\u017ce za osoby nosz\u0105ce Szkaplerz \u015awi\u0119ty. Zapraszamy wszystkich nale\u017c\u0105cych i pragn\u0105cych w\u0142\u0105czy\u0107 si\u0119 do tej wsp\u00f3lnoty na Msz\u0119 \u015bw. o godz. 18:00 z mo\u017cliwo\u015bci\u0105 przyj\u0119cia szkaplerza \u015bwi\u0119tego i nabo\u017ce\u0144stwo przed Naj\u015bwi\u0119tszym Sakramentem.<br><strong><u>Po zako\u0144czonych modlitwach spotkanie Rady Szkaplerznej na plebanii.<\/u><\/strong><\/li>\n\n\n\n<li>Ofiary zbierane dzisiaj do puszek przeznaczone b\u0119d\u0105 na organizacj\u0119 UROCZYSTO\u015aCI ODPUSTOWYCH KU CZCI MATKI BO\u017bEJ SZKAPLERZNEJ patronki naszego ko\u015bcio\u0142a. tj. na 16 lipca br. (wtorek). <em>Za zrozumienie i z\u0142o\u017cone ofiary sk\u0142adam &#8211; B\u00f3g zap\u0142a\u0107.<\/em><\/li>\n\n\n\n<li>Dnia 17 czerwca 2024 (poniedzia\u0142ek) o godz. 18:00 zapraszamy na Msz\u0119 \u015bw.\u00a0z <strong>MODLITW\u0104 O UZDROWIENIE<\/strong> do naszej \u015bwi\u0105tyni. Po Mszy \u015bwi\u0119tej wystawienie Naj\u015bwi\u0119tszego Sakramentu i adoracja po\u0142\u0105czona z modlitw\u0105 o uzdrowienie. <em><u>Przyjd\u017a Pan Jezus czeka na Ciebie.<\/u><\/em><\/li>\n\n\n\n<li><strong>Uroczyste zako\u0144czenie ROKU SZKOLNEGO 2023\/2024: <\/strong>dla Szko\u0142y Podstawowe nr 11 <strong>w czwartek 20 czerwca br. na Mszy \u015bw. o godz. 8:00<\/strong>. Zapraszamy dzieci, m\u0142odzie\u017c, nauczycieli i parafian do udzia\u0142u we wsp\u00f3lnej modlitwie, zako\u0144czonej b\u0142ogos\u0142awie\u0144stwem na wakacje. <strong><em>Zach\u0119camy dzieci i m\u0142odzie\u017c do skorzystania z sakramentu Spowiedzi \u015bwi\u0119tej w ci\u0105gu tygodnia i Komunii \u015bw., aby w ten spos\u00f3b podzi\u0119kowa\u0107 za wszystkie dobra otrzymane w roku szkolnym<\/em>.<\/strong><\/li>\n\n\n\n<li><em>Dzieciom i m\u0142odzie\u017cy \u017cyczymy udanych i bezpiecznych wakacji, polecaj\u0105c ich opiece Anio\u0142\u00f3w Str\u00f3\u017c\u00f3w. Szcz\u0119\u015b\u0107 Wam Bo\u017ce.<\/em><strong><\/strong><\/li>\n\n\n\n<li><em>Zach\u0119camy do wzi\u0119cia udzia\u0142u <strong>w <\/strong><\/em><strong>XXXII Elbl\u0105skiej Pielgrzymce Pieszej na Jasn\u0105 G\u00f3r\u0119<\/strong> z grup\u0105 KATEDRA \u2013 P\u00d3\u0141NOC&nbsp; ELBL\u0104G. Jak co roku pielgrzymi wyrusz\u0105 28 lipca z elbl\u0105skiej katedry, by 11 sierpnia dotrze\u0107 do Jasnej G\u00f3ry. Tegorocznemu pielgrzymowaniu towarzyszy\u0107 b\u0119dzie has\u0142o: <strong>\u201eOBDARZ NAS POKOJEM<\/strong>\u201d. Pierwsze spotkanie organizacyjne odb\u0119dzie si\u0119 16 czerwca czyli dzisiaj o godz. 19:00 w salce na plebanii przy parafii \u015bw. Miko\u0142aja w Elbl\u0105gu. <em>Wi\u0119cej informacji znajdziemy na plakacie.<\/em>&nbsp; <em><u>&nbsp;<\/u><\/em><strong><\/strong><\/li>\n\n\n\n<li><strong>Za tydzie\u0144 23 czerwca b\u0119dziemy obchodzi\u0107 DZIE\u0143 OJCA<\/strong>. Pami\u0119tajmy w modlitwie o naszych ojcach: <em>pro\u015bmy dla \u017cywych o Bo\u017ce b\u0142ogos\u0142awie\u0144stwo i opiek\u0119 \u015bw. J\u00f3zefa a dla zmar\u0142ych o \u0142ask\u0119 nieba.<\/em><\/li>\n\n\n\n<li><strong><\/strong>Wy\u017csze Seminarium Duchowne Diecezji Elbl\u0105skiej zaprasza m\u0142odzie\u017c m\u0119sk\u0105 szk\u00f3\u0142 \u015brednich i student\u00f3w na <strong>REKOLEKCJE POWO\u0141ANIOWE,<\/strong> kt\u00f3re odb\u0119d\u0105 si\u0119 w dniach od 22 do 26 czerwca 2023 roku. <em>Wi\u0119cej informacji na stronie internetowej: www.wsdelblag.pl. Zg\u0142oszenia na adres email: <\/em><a href=\"mailto:kolopowolaniowe@gmail.com\"><em>kolopowolaniowe@gmail.com<\/em><\/a><em>. <strong><\/strong><\/em><\/li>\n\n\n\n<li>Serdecznie zapraszamy do wzi\u0119cia udzia\u0142u w <strong>XV ROWEROWEJ PIELGRZYMCE<\/strong> z Elbl\u0105ga na Jasn\u0105 G\u00f3r\u0119, pod has\u0142em: \u201eON SAM PRZYCHODZI ABY WAS ZBAWI\u0106\u201d, w terminie 5 \u2013 11 sierpnia 2024. <em>Szczeg\u00f3\u0142y o spotkaniu organizacyjnym i kontaktowe umieszczono na plakacie i w Internecie.<\/em><\/li>\n\n\n\n<li>Zach\u0119cam do nabywania \u201eGo\u015bcia Niedzielnego\u201d\u00a0 <strong>z dodatkiem<\/strong> <strong>\u201eGo\u015b\u0107 Elbl\u0105ski\u201d<\/strong> a \u00a0w nim wydarzenia z diecezji.\u00a0 Jest r\u00f3wnie\u017c do nabycia \u201eGo\u015b\u0107 Niedzielny. Historia Ko\u015bcio\u0142a\u201d<\/li>\n\n\n\n<li>Wszystkim Jubilatom i Solenizantom tego tygodnia \u017cyczymy wszelkiego dobra w \u017cyciu i b\u0142ogos\u0142awie\u0144stwa Bo\u017cego.<\/li>\n\n\n\n<li>Pan powo\u0142a\u0142 do wieczno\u015bci \u015bp. Antonin\u0119(k) KUROWSK\u0104 lat 74 z ul. K\u0142oczowskiego<\/li>\n<\/ol>\n\n\n\n<figure class=\"wp-block-image\" id=\"block-5f437b95-503a-4f29-91f7-75b7c74612d1\"><img decoding=\"async\" src=\"http:\/\/rafalk-elblag.pl\/wp-content\/uploads\/2020\/04\/baner-intencje-mszy.jpg\" alt=\"Obrazek posiada pusty atrybut alt; plik o nazwie baner-intencje-mszy.jpg\"\/><\/figure>\n\n\n\n<h1 class=\"wp-block-heading\" id=\"block-ebb85da5-2bf8-44c6-8a18-015b59726bae\">Intencje mszalne 16.06.2024 r.<\/h1>\n\n\n\n<p><strong>PONIEDZIA\u0141EK \/ 17 czerwca 2024 \/ \u015bw. Brata Alberta<\/strong> \/ Mt 5,38-42<br>8.00 O nawr\u00f3cenie biednych grzesznik\u00f3w<br>18.00 \u015bp. Stefania Brzezi\u0144ska (w 30 dzie\u0144 po pogrzebie)<br>18.00 \u015bp. Krystyna Olejniczak (z okazji rocznicy \u015bmierci)<\/p>\n\n\n\n<p><strong>WTOREK \/ 18 czerwca 2024<\/strong> \/ Mt 5,43-48<br>8.00 \u015bp. Maria Tonga (w 16 rocznic\u0119 \u015bmierci) oraz \u015bp. Jan Tonga i zmarli z rodziny<br>18.00 \u015bp. Anna Daczkowska (6 miesi\u0105c po pogrzebie, intencja od kole\u017canki Basi)<br>18.00 \u015bp. Danuta Kondracka<\/p>\n\n\n\n<p><strong>\u015aRODA \/ 19 czerwca 2024<\/strong> \/ Mt 6,1-6.16-18<br>8.00 O Bo\u017ce b\u0142., opiek\u0119 Matki Bo\u017cej i potrzebne \u0142aski w \u017cyciu kap\u0142a\u0144skim dla ks. Jerzego<br>18.00 \u015bp. Irena Bara\u0144ska (3 rocznica \u015bmierci)<br>18.00 Dzi\u0119kczynna w 20 rocznic\u0119 \u015blubu Jacka i Anny G\u00f3rskich, z pro\u015bb\u0105 o Bo\u017ce b\u0142. i potrzebne \u0142aski dla Jubilat\u00f3w<\/p>\n\n\n\n<p><strong>CZWARTEK \/ 20 czerwca 2024<\/strong> \/ Mt 6,7-15<br>8.00 Dzi\u0119kczynna w 8 rocznic\u0119 \u015bwi\u0119ce\u0144 kap\u0142a\u0144skich ks. Sylwestra, z pro\u015bb\u0105 o dary Ducha \u015awi\u0119tego, potrzebne \u0142aski i opiek\u0119 Matki Bo\u017cej Szkaplerznej<br>8.00 Za uczni\u00f3w, nauczycieli i pracownik\u00f3w SP 11 o Bo\u017ce b\u0142. i potrzebne \u0142aski na czas wakacji<br>18.00 \u015bp. Franciszek Ba\u0142dyga (w 2 rocznic\u0119 \u015bmierci)<br>18.00 \u015bp. Jolanta Zalewska (intencja od kole\u017canek i koleg\u00f3w z Zak\u0142ad\u00f3w Mi\u0119snych)<\/p>\n\n\n\n<p><strong>PI\u0104TEK \/ 21 czerwca 2024 \/ \u015bw. Alojzego Gonzagi<\/strong> \/ Mt 6,19-23<br>8.00 Dzi\u0119kczynna w dniu urodzin Jolanty Nawrockiej z pro\u015bb\u0105 o Bo\u017ce prowadzenie i opiek\u0119 Matki Bo\u017cej<br>18.00 \u015bp. Genowefa (w rocznic\u0119 \u015bmierci) i zmarli z rodziny Bi\u0144kowskich<br>18.00 Dzi\u0119kczynna w 30 rocznic\u0119 \u015blubu Gra\u017cyny i Grzegorza, z pro\u015bb\u0105 o dalsze Bo\u017ce b\u0142. i potrzebne \u0142aski<\/p>\n\n\n\n<p><strong>SOBOTA \/ 22 czerwca 2024<\/strong> \/ Mt 6,24-34<br>8.00 \u015bp. Miros\u0142aw Sowi\u0144ski (w 3 rocznic\u0119 \u015bmierci)<br>18.00 \u015bp. Karolina (w 3 rocznic\u0119 \u015bmierci) i zmarli z rodziny Karman<br>18.00 \u015bp. Genowefa Wojsznis (w 30 rocznic\u0119 \u015bmierci)<\/p>\n\n\n\n<p><strong>XII NIEDZIELA ZWYK\u0141A \/ 23 czerwca 2024<\/strong> \/ Mk 4,35-41<br>8.00 \u015bp. rodzice: Jan i Janina Pastuszka oraz zmarli bracia: Zbigniew, Tadeusz, Wojciech i zmarli z rodziny<br>10.00 Dzi\u0119kczynna w 15 rocznic\u0119 \u015blubu Magdaleny i Paw\u0142a \u0141uckich, z pro\u015bb\u0105 o Bo\u017ce b\u0142. dla Kryszta\u0142owych Jubilat\u00f3w<br>12.00 W intencji Parafian<br>18.00 \u015bp. Janina, Leopold, Krzysztof z rodziny B\u0105k<\/p>\n","protected":false},"excerpt":{"rendered":"<p>Mnisi o surowej regule Do zakon\u00f3w o najsurowszej regule nale\u017c\u0105 trapi\u015bci, kartuzi oraz kameduli. Z wymienionych zakon\u00f3w w Polsce istniej\u0105 do dzisiaj jedynie kameduli, kt\u00f3rych klasztory znajduj\u0105 si\u0119 na Bielanach pod Krakowem i w Bieniszewie ko\u0142o Konina. Zakon sk\u0142ada si\u0119 z&nbsp;kap\u0142an\u00f3w&nbsp;\u2013 ch\u00f3rzyst\u00f3w, kt\u00f3rzy s\u0105 obowi\u0105zani do wsp\u00f3lnego odmawiania brewiarza i&nbsp;braci mieszkaj\u0105cych wsp\u00f3lnie. Kap\u0142ani \u2013 ch\u00f3rzy\u015bci [&hellip;]<\/p>\n","protected":false},"author":1,"featured_media":5482,"comment_status":"closed","ping_status":"closed","sticky":false,"template":"","format":"standard","meta":{"ngg_post_thumbnail":0,"footnotes":""},"categories":[11,8,4,3],"tags":[],"class_list":["post-5481","post","type-post","status-publish","format-standard","has-post-thumbnail","hentry","category-aktualnosci","category-blog","category-intencje","category-ogloszenia"],"_links":{"self":[{"href":"https:\/\/rafalk-elblag.pl\/index.php?rest_route=\/wp\/v2\/posts\/5481","targetHints":{"allow":["GET"]}}],"collection":[{"href":"https:\/\/rafalk-elblag.pl\/index.php?rest_route=\/wp\/v2\/posts"}],"about":[{"href":"https:\/\/rafalk-elblag.pl\/index.php?rest_route=\/wp\/v2\/types\/post"}],"author":[{"embeddable":true,"href":"https:\/\/rafalk-elblag.pl\/index.php?rest_route=\/wp\/v2\/users\/1"}],"replies":[{"embeddable":true,"href":"https:\/\/rafalk-elblag.pl\/index.php?rest_route=%2Fwp%2Fv2%2Fcomments&post=5481"}],"version-history":[{"count":2,"href":"https:\/\/rafalk-elblag.pl\/index.php?rest_route=\/wp\/v2\/posts\/5481\/revisions"}],"predecessor-version":[{"id":5485,"href":"https:\/\/rafalk-elblag.pl\/index.php?rest_route=\/wp\/v2\/posts\/5481\/revisions\/5485"}],"wp:featuredmedia":[{"embeddable":true,"href":"https:\/\/rafalk-elblag.pl\/index.php?rest_route=\/wp\/v2\/media\/5482"}],"wp:attachment":[{"href":"https:\/\/rafalk-elblag.pl\/index.php?rest_route=%2Fwp%2Fv2%2Fmedia&parent=5481"}],"wp:term":[{"taxonomy":"category","embeddable":true,"href":"https:\/\/rafalk-elblag.pl\/index.php?rest_route=%2Fwp%2Fv2%2Fcategories&post=5481"},{"taxonomy":"post_tag","embeddable":true,"href":"https:\/\/rafalk-elblag.pl\/index.php?rest_route=%2Fwp%2Fv2%2Ftags&post=5481"}],"curies":[{"name":"wp","href":"https:\/\/api.w.org\/{rel}","templated":true}]}}