{"id":5477,"date":"2024-06-09T12:16:23","date_gmt":"2024-06-09T12:16:23","guid":{"rendered":"http:\/\/rafalk-elblag.pl\/?p=5477"},"modified":"2024-06-09T12:16:23","modified_gmt":"2024-06-09T12:16:23","slug":"09-06-2024-r-x-niedziela-zwykla","status":"publish","type":"post","link":"https:\/\/rafalk-elblag.pl\/?p=5477","title":{"rendered":"09.06.2024 r., X NIEDZIELA ZWYK\u0141A"},"content":{"rendered":"\n<h2 class=\"wp-block-heading\" id=\"block-de4dbcd2-5192-419e-9a16-24c75cd43305\">Modlitwa o uzdrowienie<\/h2>\n\n\n\n<p>Gor\u0105ce pragnienie szcz\u0119\u015bcia, g\u0142\u0119boko zakorzenione w sercu cz\u0142owieka, \u0142\u0105czy si\u0119 \u015bci\u015ble z d\u0105\u017ceniem do uwolnienia od choroby i do zrozumienia jej sensu, gdy si\u0119 jej do\u015bwiadcza. Jest to ludzkie do\u015bwiadczenie, kt\u00f3re znajduje w Ko\u015bciele szczeg\u00f3lny odd\u017awi\u0119k, poniewa\u017c w taki czy inny spos\u00f3b dotyczy wszystkich.<\/p>\n\n\n\n<p>W\u0142a\u015bnie przez niego choroba jest rozumiana jako \u015brodek zjednoczenia z Chrystusem i wewn\u0119trznego oczyszczenia, za\u015b ze strony tych, kt\u00f3rzy opiekuj\u0105 si\u0119 chor\u0105 osob\u0105, jako okazja do czynienia mi\u0142osierdzia. Ponadto choroba tak\u017ce, jak i inne cierpienia ludzkie, stanowi uprzywilejowany moment modlitwy: czy to jako pro\u015bba o \u0142ask\u0119, aby przyj\u0105\u0107 chorob\u0119 w \u015bwietle wiary i zgodzi\u0107 si\u0119 z wol\u0105 Bo\u017c\u0105, czy r\u00f3wnie\u017c jako b\u0142aganie o otrzymanie uzdrowienia.<\/p>\n\n\n\n<p>Je\u015bli prawd\u0105 jest, \u017ce cierpienie ma sens jako kara w\u00f3wczas, kiedy jest zwi\u0105zana z win\u0105 \u2013 to natomiast nie jest prawd\u0105, \u017ce ka\u017cde cierpienie jest nast\u0119pstwem winy i posiada charakter kary. Posta\u0107 sprawiedliwego Hioba jest szczeg\u00f3lnym na to dowodem w Starym Testamencie. Je\u015bli godzi si\u0119 do\u015bwiadczy\u0107 Hioba cierpieniem, to \u2013 aby wykaza\u0107 jego sprawiedliwo\u015b\u0107. Cierpienie ma charakter pr\u00f3by.<\/p>\n\n\n\n<p>W dzia\u0142alno\u015bci publicznej Jezusa, jego spotkania z chorymi nie s\u0105 sporadyczne, lecz ci\u0105g\u0142e. Uzdrawia On wiele os\u00f3b w spos\u00f3b cudowny. Tote\u017c cudowne uzdrowienia charakteryzuj\u0105 ca\u0142\u0105 jego dzia\u0142alno\u015b\u0107 (Mt 9,35; por. 4,23).<\/p>\n\n\n\n<p>Uzdrowienia s\u0105 znakami Jego mesja\u0144skiej misji (por. \u0141k 7,20-23). Ukazuj\u0105 one zwyci\u0119stwo kr\u00f3lestwa Bo\u017cego nad wszelkimi formami z\u0142a i staj\u0105 si\u0119 symbolami uleczenia ca\u0142ego cz\u0142owieka, cia\u0142a i duszy. W rzeczywisto\u015bci s\u0142u\u017c\u0105 udowodnieniu, \u017ce Jezus ma w\u0142adz\u0119 odpuszczania grzech\u00f3w (por. Mk 2,1-12), s\u0105 znakami zbawczych d\u00f3br, jak uzdrowienie chromego przy sadzawce Betesda (por. J 5,2-9.19-21) i \u015blepego od urodzenia (por. J 9).<\/p>\n\n\n\n<p>Ko\u015bci\u00f3\u0142 traktuje chorych nie tylko jako przedmiot swej mi\u0142osiernej troski, lecz tak\u017ce rozpoznaj\u0105c w nich wezwanie do czynnego prze\u017cywania ludzkiego i chrze\u015bcija\u0144skiego powo\u0142ania i do udzia\u0142y we wzrastaniu kr\u00f3lestwa Bo\u017cego w nowy, jeszcze cenniejszy spos\u00f3b. S\u0142owa \u015bw. Paw\u0142a aposto\u0142a, kt\u00f3re powinny sta\u0107 si\u0119 programem ich \u017cycia, s\u0105 \u015bwiat\u0142em pozwalaj\u0105cym dostrzec, \u017ce sytuacja, w kt\u00f3rej si\u0119 znale\u017ali jest tak\u017ce \u0142ask\u0105. \u015aw. Pawe\u0142 pisze \u017ce w swoim ciele dope\u0142nia udr\u0119k Chrystusa dla Ko\u015bcio\u0142a (Kol 1,24). W\u0142a\u015bnie to odkrycie doprowadzi\u0142o Aposto\u0142a do rado\u015bci gdy napisa\u0142 mieszka\u0144com Kolos\u00f3w, \u017ce raduje si\u0119 teraz cierpi\u0105c za nich (Kol 1,24). Jest to rado\u015b\u0107 paschalna, owoc Ducha \u015awi\u0119tego. Podobnie jak \u015bw. Pawe\u0142, r\u00f3wnie\u017c wielu chorych mo\u017ce \u017cy\u0107 do\u015bwiadczaj\u0105c ucisku z rado\u015bci\u0105 Ducha \u015awi\u0119tego (1 Tes 1,6) i by\u0107 \u015bwiadkami Chrystusowego Zmartwychwstania.<\/p>\n\n\n\n<p>W czasie historii Ko\u015bcio\u0142a nie brakowa\u0142o \u015bwi\u0119tych cudotw\u00f3rc\u00f3w, kt\u00f3rzy dokonywali cudownych uzdrowie\u0144. Fenomen ten, jak wiadomo, nie ogranicza\u0142 si\u0119 do czas\u00f3w apostolskich.<\/p>\n\n\n\n<p>O uzdrowieniach zwi\u0105zanych z miejscami modlitwy (sanktuaria, przy relikwiach m\u0119czennik\u00f3w lub innych \u015bwi\u0119tych itd.), mamy liczne \u015bwiadectwa w d\u0142ugich dziejach Ko\u015bcio\u0142a. One przyczyni\u0142y si\u0119 do upowszechnienia w staro\u017cytno\u015bci i \u015bredniowieczu pielgrzymek do niekt\u00f3rych sanktuari\u00f3w. R\u00f3wnie\u017c dzisiaj ma miejsce to samo zjawisko, na przyk\u0142ad ju\u017c od ponad stu lat w sanktuarium w Lourdes.<\/p>\n\n\n\n<p>Pragnienie chorego, aby otrzyma\u0107 uzdrowienie jest czym\u015b dobrym i g\u0142\u0119boko ludzkim, szczeg\u00f3lnie kiedy wyra\u017ca si\u0119 ono w ufnej modlitwie zwr\u00f3conej do Boga i zak\u0142ada przyj\u0119cie woli Bo\u017cej. Podczas publicznej dzia\u0142alno\u015bci Jezusa, wielu chorych zwraca si\u0119 do Niego, czy to osobi\u015bcie, czy za po\u015brednictwem swoich przyjaci\u00f3\u0142 lub krewnych, prosz\u0105c o przywr\u00f3cenie zdrowia.<\/p>\n\n\n\n<p>Nie tylko godna pochwa\u0142y jest modlitwa pojedynczych wiernych, kt\u00f3rzy prosz\u0105 o uzdrowienie w\u0142asne lub drugich, lecz tak\u017ce ca\u0142y Ko\u015bci\u00f3\u0142 w liturgii prosi Pana o zdrowie dla chorych. Przede wszystkim posiada on sakrament specjalnie przeznaczony do umocnienia os\u00f3b dotkni\u0119tych chorob\u0105 \u2013 namaszczenie chorych. Oczywi\u015bcie modlitwa nie wyklucza \u2013 a raczej wr\u0119cz przeciwnie \u2013 dodaje odwagi do u\u017cycia \u015brodk\u00f3w naturalnych potrzebnych do utrzymania lub przywr\u00f3cenia zdrowia, jak r\u00f3wnie\u017c zach\u0119ca syn\u00f3w i c\u00f3rki Ko\u015bcio\u0142a do troski o chorych i do niesienia im ulgi na ciele i duchu, staraj\u0105c si\u0119 przezwyci\u0119\u017cy\u0107 chorob\u0119.<\/p>\n\n\n\n<figure class=\"wp-block-image\" id=\"block-11bfdc70-3a14-4d5e-94a4-c45b2bb4a6cf\"><a href=\"http:\/\/rafalk-elblag.pl\/wp-content\/uploads\/2021\/08\/ogloszenia-parafialne-baner-01a.jpg\"><img decoding=\"async\" src=\"http:\/\/rafalk-elblag.pl\/wp-content\/uploads\/2021\/08\/ogloszenia-parafialne-baner-01a.jpg\" alt=\"Obrazek posiada pusty atrybut alt; plik o nazwie ogloszenia-parafialne-baner-01a.jpg\"\/><\/a><\/figure>\n\n\n\n<p><\/p>\n\n\n\n<h1 class=\"wp-block-heading\" id=\"block-6d42405b-4ab7-4d06-b960-74c4b8e7c4ea\">Og\u0142oszenia parafialne 09.06.2024 r.<\/h1>\n\n\n\n<ol class=\"wp-block-list\">\n<li><strong>Przez ca\u0142y czerwiec po Mszy \u015bw. o godz. 18:00 odprawiane b\u0119dzie Nabo\u017ce\u0144stwo ku czci Naj\u015bwi\u0119tszego Serca Pana Jezusa. Zapraszamy do wsp\u00f3lnego odmawiania Litanii przed Naj\u015bwi\u0119tszym Sakramentem.<\/strong>\u00a0 <\/li>\n\n\n\n<li><strong>Zapraszamy na Msz\u0119 \u015bw. o godzinie 18.00 we wtorek 11 czerwca, kt\u00f3ra zostanie odprawiona z okazji 30 rocznicy \u015bwi\u0119ce\u0144 kap\u0142a\u0144skich Proboszcza ks. kan. Wojciecha Zwolickiego. <em>Nasz\u0105 obecno\u015bci\u0105 i modlitw\u0105 wyra\u017amy wdzi\u0119czno\u015b\u0107 ks. Proboszczowi za trosk\u0119 duchow\u0105 i materialn\u0105 o nasz\u0105 parafi\u0119. <\/em><\/strong><\/li>\n\n\n\n<li><strong><\/strong>Dzisiaj na Sumie Parafialnej o godz. 12:00 dzieci klas IV prze\u017cywa\u0107 b\u0119d\u0105 Rocznic\u0119 Pierwszej Komunii \u015awi\u0119tej. <em>Prosimy o modlitw\u0119 w intencji dzieci i ich rodzic\u00f3w.<\/em><\/li>\n\n\n\n<li>Za tydzie\u0144 16 dzie\u0144 miesi\u0105ca (niedziela) &#8211; dzie\u0144 modlitw za <strong>Bractwo Szkaplerzne, <\/strong>a tak\u017ce za osoby nosz\u0105ce Szkaplerz \u015awi\u0119ty. Zapraszamy wszystkich nale\u017c\u0105cych i pragn\u0105cych w\u0142\u0105czy\u0107 si\u0119 do tej wsp\u00f3lnoty na Msz\u0119 \u015bw. o godz. 18:00 z mo\u017cliwo\u015bci\u0105 przyj\u0119cia szkaplerza \u015bwi\u0119tego i nabo\u017ce\u0144stwo przed Naj\u015bwi\u0119tszym Sakramentem.<br><strong><u>Po zako\u0144czonych modlitwach spotkanie Rady Szkaplerznej na plebanii.<\/u><\/strong><\/li>\n\n\n\n<li>W przysz\u0142\u0105 niedziel\u0119 (16 czerwca) ofiary zbierane do puszek przeznaczone b\u0119d\u0105 na organizacj\u0119 UROCZYSTO\u015aCI ODPUSTOWYCH KU CZCI MATKI BO\u017bEJ SZKAPLERZNEJ patronki naszego ko\u015bcio\u0142a. tj. 16 lipca br. (wtorek). <em>Za zrozumienie i z\u0142o\u017cone ofiary sk\u0142adam &#8211; B\u00f3g zap\u0142a\u0107.<\/em><\/li>\n\n\n\n<li>Ostanie spotkanie Kr\u0119gu Biblijnego przed wakacjami b\u0119dzie w \u015brod\u0119 12 czerwca o godzinie 18.45 w sali na plebanii.<\/li>\n\n\n\n<li>Dnia 17 czerwca 2024 (poniedzia\u0142ek) o godz. 18:00 zapraszamy na Msz\u0119 \u015bw.\u00a0z <strong>MODLITW\u0104 O UZDROWIENIE<\/strong> do naszej \u015bwi\u0105tyni. Po Mszy \u015bwi\u0119tej wystawienie Naj\u015bwi\u0119tszego Sakramentu i adoracja po\u0142\u0105czona z modlitw\u0105 o uzdrowienie. <em>Przyjd\u017a Pan Jezus czeka na Ciebie.<\/em><\/li>\n\n\n\n<li><strong>Informujemy, <\/strong>\u017ce miesi\u0105cach: czerwiec, lipiec i sierpie\u0144 Msza \u015bw. w niedziel\u0119\u00a0o godz.10:00 \u2013 z udzia\u0142em dzieci &#8211; b\u0119dzie nag\u0142o\u015bniana na zewn\u0105trz. <em>W spos\u00f3b szczeg\u00f3lny zapraszamy na t\u0105 Msz\u0119 \u015bw. rodziny z ma\u0142ymi dzie\u0107mi.<\/em><\/li>\n\n\n\n<li><strong>Przez czerwiec, lipiec i sierpie\u0144 nie b\u0119dzie Mszy \u015bw. niedzielnej o godz. 15:00.<\/strong> Koronka do Bo\u017cego Mi\u0142osierdzia pozostaje bez zmian, czyli w ka\u017cd\u0105 Niedziel\u0119 o godz. 15:00. <em>Zapraszamy.<\/em><\/li>\n\n\n\n<li><strong><\/strong>Wy\u017csze Seminarium Duchowne Diecezji Elbl\u0105skiej zaprasza m\u0142odzie\u017c m\u0119sk\u0105 szk\u00f3\u0142 \u015brednich i student\u00f3w na rekolekcje powo\u0142aniowe w dniach od 22 do 26 czerwca 2024 roku. Wi\u0119cej informacji na stronie internetowej seminarium (<a href=\"http:\/\/www.wsdelblag.pl\">www.wsdelblag.pl<\/a>).&nbsp; Koszt rekolekcji 100 z\u0142.<strong><em><\/em><\/strong><\/li>\n\n\n\n<li>Zach\u0119cam do nabywania \u201eGo\u015bcia Niedzielnego\u201d\u00a0 <strong>z dodatkiem<\/strong> <strong>\u201eGo\u015b\u0107 Elbl\u0105ski\u201d<\/strong> a \u00a0w nim wydarzenia z diecezji.\u00a0<\/li>\n\n\n\n<li>Wszystkim Jubilatom i Solenizantom tego tygodnia \u017cyczymy wszelkiego dobra\u00a0w \u017cyciu i b\u0142ogos\u0142awie\u0144stwa Bo\u017cego.<\/li>\n\n\n\n<li><strong><\/strong>Pan powo\u0142a\u0142 do wieczno\u015bci: \u015bp. Ann\u0119 BEDNARCZYK lat 93 z ul. Sobieskiego<\/li>\n<\/ol>\n\n\n\n<figure class=\"wp-block-image\" id=\"block-5f437b95-503a-4f29-91f7-75b7c74612d1\"><img decoding=\"async\" src=\"http:\/\/rafalk-elblag.pl\/wp-content\/uploads\/2020\/04\/baner-intencje-mszy.jpg\" alt=\"Obrazek posiada pusty atrybut alt; plik o nazwie baner-intencje-mszy.jpg\"\/><\/figure>\n\n\n\n<h1 class=\"wp-block-heading\" id=\"block-ebb85da5-2bf8-44c6-8a18-015b59726bae\">Intencje mszalne 09.06.2024 r.<\/h1>\n\n\n\n<p><strong>PONIEDZIA\u0141EK \/ 10 czerwca 2024<\/strong> \/ Mt 5,1-12<br>8.00 \u015bp. Jan Wr\u00f3blewski (w 3 rocznic\u0119 \u015bmierci)<br>18.00 \u015bp. Marek Pacho (w 1 rocznic\u0119 \u015bmierci)<\/p>\n\n\n\n<p><strong>WTOREK \/ 11 czerwca 2024 \/ \u015bw. Barnaby<\/strong> \/ Mt 5,13-16<br>8.00 \u015bp. Halina Bugajska (4 rocznica \u015bmierci), Stanis\u0142aw Bugajski<br>18.00 Dzi\u0119kczynna w 30 rocznic\u0119 \u015bwi\u0119ce\u0144 kap\u0142a\u0144skich ks. Wojciecha Zwolickiego, z pro\u015bb\u0105 o Bo\u017ce b\u0142., dary Ducha \u015awi\u0119tego, potrzebne \u0142aski i opiek\u0119 Matki Bo\u017cej Szkaplerznej (intencja od Apostolatu Margaretka oraz od Wsp\u00f3lnoty \u201eKana Galilejska\u201d<\/p>\n\n\n\n<p><strong>\u015aRODA \/ 12 czerwca 2024 \/ b\u0142. W\u0142adys\u0142awa Demskiego i Towarzyszy<\/strong> \/ Mt 5,17-19<br>8.00 \u015bp. Leszek Lasek (w dniu imienin), Bronis\u0142awa, Stanis\u0142aw, Marianna, Feliks, Sylwester<br>18.00 Dzi\u0119kczynna (w 30 rocznic\u0119 \u015bwi\u0119ce\u0144 kap\u0142a\u0144skich ks. Wojciecha Zwolickiego, z pro\u015bb\u0105 o dary Ducha \u015awi\u0119tego w dalszej pos\u0142udze kap\u0142a\u0144skiej (intencja od Margaretki ma\u0142\u017ce\u0144skiej)<\/p>\n\n\n\n<p><strong>CZWARTEK \/ 13 czerwca 2024 \/ \u015bw. Antoniego z Padwy<\/strong> \/ Mt 5,20-26<br>8.00 O uzdrowienie duchowe dla Piotra i ca\u0142ej rodziny<br>18.00 \u015bp. Jadwiga Ko\u0142to\u0144ska<\/p>\n\n\n\n<p><strong>PI\u0104TEK \/ 14 czerwca 2024 \/ b\u0142. Micha\u0142a Kozala<\/strong> \/ Mt 5,27-32<br>8.00 O zdrowie i Bo\u017ce b\u0142. dla Basi oraz pomy\u015bln\u0105 obron\u0119 doktoratu dla Magdaleny i potrzebne \u0142aski dla ca\u0142ej rodziny. O zdrowie i Bo\u017ce b\u0142. dla Grzegorza i Ewy i ich dzieci: Pawe\u0142ka, Julii, a dla Katarzyny o pomy\u015blne zdanie matury<br>18.00 \u015bp. Jolanta Romanowska (z okazji imienin)<br>18.00 \u015bp. Anna Pi\u0142kowska (w 30 dzie\u0144 po pogrzebie)<\/p>\n\n\n\n<p><strong>SOBOTA \/ 15 czerwca 2024<\/strong> \/ Mt 5,33-37<br>8.00 \u015bp. Jolanta i zmarli z rodziny Karman<br>18.00 Za dusz\u0119 w czy\u015b\u0107cu cierpi\u0105ce oraz za \u015bp. Romana<br>18.00 \u015bp. Tadeusz Badaj (w 40 rocznic\u0119 \u015bmierci), Zofia Badaj (w 5 rocznic\u0119 \u015bmierci)<\/p>\n\n\n\n<p><strong>XI NIEDZIELA ZWYK\u0141A \/ 16 czerwca 2024<\/strong> \/ Mt 4,26-34<br>8.00 W intencji Parafian<br>10.00 Dzi\u0119kczynna z okazji 10 urodzin Mateusza, z pro\u015bb\u0105 o Bo\u017ce b\u0142. i opiek\u0119 Matki Bo\u017cej<br>12.00 \u015bp. Roman Staszy\u0144ski oraz zmarli rodzice i dziadkowie z obojga stron<br>18.00 Za Rodzin\u0119 i Bractwo Szkaplerzne<br>18.00 Dzi\u0119kczynna za 45 lat ma\u0142\u017ce\u0144stwa Teresy i Jana Jatczuk, z pro\u015bb\u0105 o Bo\u017ce b\u0142. dla Jubilat\u00f3w<\/p>\n","protected":false},"excerpt":{"rendered":"<p>Modlitwa o uzdrowienie Gor\u0105ce pragnienie szcz\u0119\u015bcia, g\u0142\u0119boko zakorzenione w sercu cz\u0142owieka, \u0142\u0105czy si\u0119 \u015bci\u015ble z d\u0105\u017ceniem do uwolnienia od choroby i do zrozumienia jej sensu, gdy si\u0119 jej do\u015bwiadcza. Jest to ludzkie do\u015bwiadczenie, kt\u00f3re znajduje w Ko\u015bciele szczeg\u00f3lny odd\u017awi\u0119k, poniewa\u017c w taki czy inny spos\u00f3b dotyczy wszystkich. W\u0142a\u015bnie przez niego choroba jest rozumiana jako \u015brodek [&hellip;]<\/p>\n","protected":false},"author":1,"featured_media":5478,"comment_status":"closed","ping_status":"closed","sticky":false,"template":"","format":"standard","meta":{"ngg_post_thumbnail":0,"footnotes":""},"categories":[11,8,4,3],"tags":[],"class_list":["post-5477","post","type-post","status-publish","format-standard","has-post-thumbnail","hentry","category-aktualnosci","category-blog","category-intencje","category-ogloszenia"],"_links":{"self":[{"href":"https:\/\/rafalk-elblag.pl\/index.php?rest_route=\/wp\/v2\/posts\/5477","targetHints":{"allow":["GET"]}}],"collection":[{"href":"https:\/\/rafalk-elblag.pl\/index.php?rest_route=\/wp\/v2\/posts"}],"about":[{"href":"https:\/\/rafalk-elblag.pl\/index.php?rest_route=\/wp\/v2\/types\/post"}],"author":[{"embeddable":true,"href":"https:\/\/rafalk-elblag.pl\/index.php?rest_route=\/wp\/v2\/users\/1"}],"replies":[{"embeddable":true,"href":"https:\/\/rafalk-elblag.pl\/index.php?rest_route=%2Fwp%2Fv2%2Fcomments&post=5477"}],"version-history":[{"count":1,"href":"https:\/\/rafalk-elblag.pl\/index.php?rest_route=\/wp\/v2\/posts\/5477\/revisions"}],"predecessor-version":[{"id":5479,"href":"https:\/\/rafalk-elblag.pl\/index.php?rest_route=\/wp\/v2\/posts\/5477\/revisions\/5479"}],"wp:featuredmedia":[{"embeddable":true,"href":"https:\/\/rafalk-elblag.pl\/index.php?rest_route=\/wp\/v2\/media\/5478"}],"wp:attachment":[{"href":"https:\/\/rafalk-elblag.pl\/index.php?rest_route=%2Fwp%2Fv2%2Fmedia&parent=5477"}],"wp:term":[{"taxonomy":"category","embeddable":true,"href":"https:\/\/rafalk-elblag.pl\/index.php?rest_route=%2Fwp%2Fv2%2Fcategories&post=5477"},{"taxonomy":"post_tag","embeddable":true,"href":"https:\/\/rafalk-elblag.pl\/index.php?rest_route=%2Fwp%2Fv2%2Ftags&post=5477"}],"curies":[{"name":"wp","href":"https:\/\/api.w.org\/{rel}","templated":true}]}}