{"id":5474,"date":"2024-06-02T11:49:22","date_gmt":"2024-06-02T11:49:22","guid":{"rendered":"http:\/\/rafalk-elblag.pl\/?p=5474"},"modified":"2024-06-02T11:49:22","modified_gmt":"2024-06-02T11:49:22","slug":"02-06-2024-r-ix-niedziela-zwykla","status":"publish","type":"post","link":"https:\/\/rafalk-elblag.pl\/?p=5474","title":{"rendered":"02.06.2024 r., IX NIEDZIELA ZWYK\u0141A"},"content":{"rendered":"\n<h2 class=\"wp-block-heading\" id=\"block-de4dbcd2-5192-419e-9a16-24c75cd43305\">&#8222;Ja Jestem&#8221;<\/h2>\n\n\n\n<p>Ko\u015bci\u00f3\u0142 rzymskokatolicki ju\u017c od pocz\u0105tku swego istnienia zawsze wierzy\u0142 i wyznawa\u0142, \u017ce Pan Jezus w czasie konsekracji chleba i wina zst\u0119puje z nieba i przemienia te wcze\u015bniej ofiarowane Mu dary w prawdziwe Cia\u0142o i Krew Przenaj\u015bwi\u0119tsz\u0105. I jest to Obecno\u015b\u0107 rzeczywista<br>i substancjalna, nie za\u015b symboliczna, kt\u00f3r\u0105 to tez\u0119 wysuwaj\u0105 niemal wszystkie schizmy i apostazje i kt\u00f3r\u0105 jednoznacznie i definitywnie pot\u0119pi\u0142 Sob\u00f3r Trydencki.<\/p>\n\n\n\n<p>Tak wi\u0119c w Komunii \u015bwi\u0119tej przychodzi do serc naszych ca\u0142y i prawdziwy Jezus Chrystus przebywaj\u0105cy<br>w najmniejszej nawet cz\u0105stce konsekrowanej hostii i w najmniejszej kropli konsekrowanego wina. I jest to Obecno\u015b\u0107 ca\u0142kowicie realna i unikatowa.<\/p>\n\n\n\n<p>Smutne to, lecz i niestety prawdziwe, \u017ce cho\u0107 Pan Jezus przez wieki ca\u0142e, przez \u015awi\u0119tych Pa\u0144skich i przez wiernych Ko\u015bcio\u0142a wielce by\u0142 czczony i uwielbiany w Naj\u015bwi\u0119tszym Sakramencie O\u0142tarza, to jednocze\u015bnie przez innych by\u0142 lekcewa\u017cony, zaniedbywany, niegodnie przyjmowany, a nawet celowo bezczeszczony.<\/p>\n\n\n\n<p>Tote\u017c niezmierzone mi\u0142osierdzie Bo\u017ce pragn\u0105c przyj\u015b\u0107 z pomoc\u0105 tym biednym b\u0142\u0105dz\u0105cym, zacz\u0119\u0142o<br>w r\u00f3\u017cnych przedzia\u0142ach historii, w spos\u00f3b cudowny, okazywa\u0107 swoj\u0105 rzeczywist\u0105 Obecno\u015b\u0107 w Naj\u015bwi\u0119tszym Sakramencie Cia\u0142a i Krwi Pa\u0144skiej.<\/p>\n\n\n\n<p>Bardzo liczne na przestrzeni wiek\u00f3w dobrze udokumentowane przypadki tych cud\u00f3w eucharystycznych, przybiera\u0142y r\u00f3\u017cne formy. Konsekrowane Hostie krwawi\u0142y, nawet obficie, lub przemienia\u0142y si\u0119 w prawdziwe Cia\u0142o, a wino w prawdziw\u0105 Krew.<\/p>\n\n\n\n<p>Jeden z takich cud\u00f3w mia\u0142 miejsce w po\u0142owie VIII wieku w Lanciano<br>(w prowincji Abruzja, we W\u0142oszech), w klasztorze pod wezwaniem \u015bw. Longina. Kap\u0142an z zakonu \u015bw. Bazylego w\u0105tpi\u0142 w tajemnic\u0119 przeistoczenia. I oto, kiedy odprawia\u0142 Msz\u0119 \u015bw., po wypowiedzeniu uroczystych s\u0142\u00f3w konsekracji, Hostia \u015bwi\u0119ta zamieni\u0142a mu si\u0119 nagle w palcach we fragment prawdziwego Cia\u0142a, a wino w kielichu w prawdziw\u0105 Krew.<\/p>\n\n\n\n<p>Po jakim\u015b czasie Krew w kielich zamieni\u0142a si\u0119 w pi\u0119\u0107 nier\u00f3wnych i nieregularnych bry\u0142ek, Cia\u0142o natomiast pozosta\u0142o nienaruszone. Ta naj\u015bwi\u0119tsza Hostia oraz pi\u0119\u0107 bry\u0142ek przenaj\u015bwi\u0119tszej Krwi zosta\u0142y nast\u0119pnie umieszczone w relikwiarzu.<\/p>\n\n\n\n<p>Ostatnio, badania tych \u015awi\u0119tych Relikwii rozpocz\u0105\u0142 18 listopada 1970 roku prof. dr Odoardo Linoli \u2013 wyk\u0142adowca anatomii, patologii histologicznej, chemii i mikroskopii klinicznej w asy\u015bcie prof. dra anatomii na uniwersytecie w Sienie \u2013 Rugerro Bartelli. Dnia 4 marca 1971 roku og\u0142oszone zosta\u0142y wyniki tych bada\u0144, z kt\u00f3rych wynika\u0142o, \u017ce: Fragmenty Cia\u0142a stanowi\u0105 pr\u0105\u017ckowan\u0105 tkank\u0119 \u015bcianki sercowej wolnej od jakiegokolwiek \u015bladu materia\u0142u lub substancji konserwuj\u0105cej. Zar\u00f3wno Cia\u0142o jak i Krew s\u0105 pochodzenia ludzkiego. Obie substancje maj\u0105 te\u017c wsp\u00f3ln\u0105 grup\u0119 krwi \u2013 AB. Profesor Linoli podkre\u015bli\u0142 ponadto, \u017ce gdyby ta krew pochodzi\u0142a od osoby zmar\u0142ej, podlega\u0142aby szybkiemu procesowi zepsucia i rozk\u0142adu. Zwraca on r\u00f3wnie\u017c uwag\u0119 na fakt, \u017ce przecie\u017c to Cia\u0142o i ta Krew znajdowa\u0142y si\u0119 w nie zamkni\u0119tym hermetycznie pojemniku przez ponad 1200 lat, wi\u0119c by\u0142y wystawione niemal bezpo\u015brednio na dzia\u0142anie czynnik\u00f3w fizycznych, biologicznych i atmosferycznych, co, gdyby nie by\u0142y cudowne \u2013 musia\u0142oby sko\u0144czy\u0107 si\u0119 Ich ca\u0142kowitym zniszczeniem, totalnym rozk\u0142adem i rozpadem.<\/p>\n\n\n\n<p>Tak\u017ce w Polsce dokona\u0142 si\u0119 cud eucharystyczny. Wydarzenie mia\u0142o miejsce 12 pa\u017adziernika 2008 roku w Sok\u00f3\u0142ce. Podczas porannej Mszy \u015bwi\u0119tej w&nbsp;ko\u015bciele \u015bw. Antoniego kap\u0142an udzielaj\u0105cy komunii upu\u015bci\u0142 konsekrowany komunikant. Zgodnie z&nbsp;przepisami podni\u00f3s\u0142 go i umie\u015bci\u0142 w specjalnym naczyniu z&nbsp; wod\u0105. Po&nbsp;dw\u00f3ch tygodniach okaza\u0142o si\u0119, \u017ce&nbsp;hostia nie rozpu\u015bci\u0142a si\u0119 ca\u0142kowicie, a na jej resztkach pojawi\u0142a si\u0119 krwawa plamka. O&nbsp;zdarzeniu ksi\u0105dz proboszcz poinformowa\u0142 arcybiskupa.<\/p>\n\n\n\n<p>Zgodnie z zaleceni Metropolity bia\u0142ostockiego abp. Edwarda Ozorowskiego zbadanie hostii z Sok\u00f3\u0142ki powierzono specjalnej naukowej komisji. Oceny pr\u00f3bek &#8211;\u00a0niezale\u017cnie od siebie \u2013 dokonali patomorfolodzy z Uniwersytetu Medycznego w\u00a0Bia\u0142ymstoku: prof. dr hab. Maria Sobaniec\u2013\u0141otowska i prof. dr hab. Stanis\u0142aw Sulkowski. Wyniki bada\u0144 obu naukowc\u00f3w pokrywaj\u0105 si\u0119. Materia\u0142 wskazuje na\u00a0tkank\u0119 mi\u0119\u015bnia sercowego cz\u0142owieka w\u00a0stanie agonii. Ciemnobrunatna plamka to\u00a0krew grupy AB Rh+, podobnie jak w\u00a0przypadku Lanciano czy Ca\u0142unu Tury\u0144skiego. Struktura w\u0142\u00f3kien mi\u0119\u015bnia sercowego i struktura chleba by\u0142y ze\u00a0sob\u0105 \u015bci\u015ble z\u0142\u0105czone; naukowcy uznali, \u017ce efekt taki jest niemo\u017cliwy do\u00a0uzyskania i\u00a0wykluczyli tu ludzk\u0105 ingerencj\u0119.<\/p>\n\n\n\n<p>Cuda eucharystyczne s\u0105 wydarzeniami, kt\u00f3re pozwalaj\u0105 nam u\u015bwiadomi\u0107 sobie jeszcze dobitniej prawd\u0119 o rzeczywistej przemianie chleba w Cia\u0142o i wina w Krew Chrystusa. S\u0105 to wydarzenia zadziwiaj\u0105ce, niezwyk\u0142e i daj\u0105ce do my\u015blenia.<\/p>\n\n\n\n<figure class=\"wp-block-image\" id=\"block-11bfdc70-3a14-4d5e-94a4-c45b2bb4a6cf\"><a href=\"http:\/\/rafalk-elblag.pl\/wp-content\/uploads\/2021\/08\/ogloszenia-parafialne-baner-01a.jpg\"><img decoding=\"async\" src=\"http:\/\/rafalk-elblag.pl\/wp-content\/uploads\/2021\/08\/ogloszenia-parafialne-baner-01a.jpg\" alt=\"Obrazek posiada pusty atrybut alt; plik o nazwie ogloszenia-parafialne-baner-01a.jpg\"\/><\/a><\/figure>\n\n\n\n<p><\/p>\n\n\n\n<h1 class=\"wp-block-heading\" id=\"block-6d42405b-4ab7-4d06-b960-74c4b8e7c4ea\">Og\u0142oszenia parafialne 02.06.2024 r.<\/h1>\n\n\n\n<ol class=\"wp-block-list\">\n<li><strong><\/strong>W dniu dzisiejszym zapraszamy na <strong>ADORACJ\u0118 NAJ\u015aWI\u0118TSZEGO SAKRAMENTU od godz. 15:00 do godz. 18:00. <em>Adoracja rozpocznie si\u0119 Koronk\u0105 do Bo\u017cego Mi\u0142osierdzia a zako\u0144czy si\u0119 wyj\u0105tkowo w tym dniu Litani\u0105 do Naj\u015bwi\u0119tszego Serca Pana Jezusa.<\/em><\/strong><\/li>\n\n\n\n<li><strong><\/strong><strong>Przez ca\u0142y czerwiec po Mszy \u015bw. o godz. 18:00 odprawiane b\u0119dzie Nabo\u017ce\u0144stwo ku czci Naj\u015bwi\u0119tszego Serca Pana Jezusa. Zapraszamy do wsp\u00f3lnego odmawiania Litanii przed Naj\u015bwi\u0119tszym Sakramentem.<\/strong>&nbsp; <em><u><\/u><\/em><\/li>\n\n\n\n<li>Ofiary zbierane dzisiaj na tac\u0119 przeznaczone s\u0105 na inwestycje w naszej parafii.<em>\u00a0Dzi\u0119kuj\u0119 za zrozumienie i sk\u0142adane ofiary<strong>. <\/strong>B\u00f3g zap\u0142a\u0107.<\/em><\/li>\n\n\n\n<li><strong><\/strong>W czwartek <strong>6 czerwca<\/strong> br. <strong>przypada XXV rocznica wizyty Ojca \u015awi\u0119tego Jana Paw\u0142a II&nbsp; w Elbl\u0105gu.<\/strong> Zapraszamy na Msz\u0119 \u015bw. o godz. 18:00. <em>Niech nasza modlitwa b\u0119dzie dzi\u0119kczynieniem za szczeg\u00f3lne wyr\u00f3\u017cnienie ca\u0142ej diecezji elbl\u0105skiej, kt\u00f3r\u0105 u\u015bwi\u0119ci\u0142 \u015bw. Jan Pawe\u0142 II poprzez swoja obecno\u015b\u0107.<u><\/u><\/em><\/li>\n\n\n\n<li><strong><\/strong>W <strong>Oktawie Bo\u017cego Cia\u0142a<\/strong> zapraszamy wiernych do udzia\u0142u w nabo\u017ce\u0144stwach czerwcowych po\u0142\u0105czonych z <strong>PROCESJ\u0104 EUCHARYSTYCZN\u0104<\/strong> po Mszy \u015bw. o godz. 18:00.&nbsp; Zapraszamy dzieci do sypania kwiat\u00f3w, a doros\u0142ych do przygotowania procesji. <strong><em>Udzia\u0142 w procesji jest wyrazem wiary w obecno\u015b\u0107 Jezusa Chrystusa w Naj\u015bwi\u0119tszym Sakramencie.<\/em><\/strong><em><\/em><\/li>\n\n\n\n<li>W tym tygodniu przypada pierwszy czwartek i pi\u0105tek miesi\u0105ca. <br><strong>w pierwszy czwartek (6.06.)<\/strong> b\u0119dziemy modli\u0107 si\u0119 o \u015bwi\u0119to\u015b\u0107 kap\u0142an\u00f3w oraz\u00a0o liczne i \u015bwi\u0119te powo\u0142ania kap\u0142a\u0144skie, zakonne i misyjne z naszej parafii. <strong>Zapraszam na ,,Godzin\u0119 \u015awi\u0119t\u0105\u201d<\/strong> po Mszy \u015bw. wieczorowej. Modlic si\u0119 te\u017c b\u0119dziemy<em> za kap\u0142an\u00f3w tutaj pos\u0142uguj\u0105cych, za nowo wy\u015bwieconych <strong>DIAKON\u00d3W I KAP\u0141AN\u00d3W<\/strong> <\/em>a szczeg\u00f3lnie za Diakona Amadeusza Babiela.<br><em>Do wsp\u00f3lnej modlitwy zapraszam Apostolat Margaretka.<\/em><br><strong>przed pierwszym pi\u0105tkiem miesi\u0105ca<\/strong> <strong>(7.06.)<\/strong> zapraszamy do spowiedzi dzieci z klas IV\u00a0wed\u0142ug ustalonego porz\u0105dku tj.: poniedzia\u0142ek od godz. 17:30 klasa IVA, wtorek od godz. 17:30 klasa IVB \u015broda od godz. 17:30 klasa IVC; <strong>w pierwszy pi\u0105tek<\/strong> od godz. 16:00 pozosta\u0142e dzieci z innych klas. <strong>Msza \u015bw. dla wszystkich dzieci w pierwszy pi\u0105tek 7 czerwca o godz. 16:30. <\/strong><em>Natomiast spowied\u017a dla doros\u0142ych\u00a0 i m\u0142odzie\u017cy od godz. 17:30. Msza \u015bw. Wotywna o godz. 18:00.<\/em><\/li>\n\n\n\n<li>W pierwszy pi\u0105tek miesi\u0105ca (7.06.) kap\u0142ani udadz\u0105 si\u0119 do swoich chorych ks. Proboszcz i ks. Sylwester od godz. 9:30, natomiast ks. Mateusz w sobot\u0119 (8.06.) od godz. 10:00.<\/li>\n\n\n\n<li>Apostolat Margaretka zaprasza w dniu 8 czerwca 2024 na wsp\u00f3ln\u0105 modlitw\u0119 i spotkanie, kt\u00f3re odb\u0119dzie si\u0119 w parafii pw. Tr\u00f3jcy \u015awi\u0119tej w Elbl\u0105gu (ul. Kielecka 16). Program: godz.10.00 rozpocz\u0119cie, 10.30 konferencja, 11.00 R\u00f3\u017caniec, 12.00 Msza \u015bw.<\/li>\n\n\n\n<li>Parafia \u015bw. Brata Alberta w Elbl\u0105gu zaprasza na <strong>XVI FORUM RODZINY,<\/strong> kt\u00f3re odb\u0119dzie si\u0119 w dniach od 3 do 5 czerwca, pod has\u0142em: <strong>\u201eW R\u0118KACH BOGA\u201d.<\/strong><br>Ka\u017cdego dnia\u00a0 o godz. 18:00 &#8211; Eucharystia z homili\u0105, <strong>a po Niej konferencja\u00a0ks. Tomasza WIECZORKA<\/strong>.\u00a0 <em>Dok\u0142adne informacje na plakacie.<\/em><\/li>\n\n\n\n<li><strong>Informujemy, <\/strong>\u017ce w miesi\u0105cach: czerwiec, lipiec i sierpie\u0144 Msza \u015bw. w niedziel\u0119\u00a0o godz.10:00, z udzia\u0142em dzieci, b\u0119dzie nag\u0142o\u015bniana na zewn\u0105trz. <em>W spos\u00f3b szczeg\u00f3lny zapraszamy na t\u0105 Msz\u0119 \u015bw. rodziny z ma\u0142ymi dzie\u0107mi.<\/em><\/li>\n\n\n\n<li><strong>Przez czerwiec, lipiec i sierpie\u0144 nie b\u0119dzie Mszy \u015bw. niedzielnej o godz. 15:00. <\/strong>Koronka do Bo\u017cego Mi\u0142osierdzia pozostaje bez zmian, czyli w ka\u017cd\u0105 Niedziel\u0119 o godz. 15:00. <em>Zapraszamy.<\/em><\/li>\n\n\n\n<li>Zach\u0119cam do nabywania \u201eGo\u015bcia Niedzielnego\u201d&nbsp; <strong>z dodatkiem<\/strong> <strong>\u201eGo\u015b\u0107 Elbl\u0105ski\u201d<\/strong> a w nim wydarzenia z diecezji.&nbsp;<\/li>\n<\/ol>\n\n\n\n<figure class=\"wp-block-image\" id=\"block-5f437b95-503a-4f29-91f7-75b7c74612d1\"><img decoding=\"async\" src=\"http:\/\/rafalk-elblag.pl\/wp-content\/uploads\/2020\/04\/baner-intencje-mszy.jpg\" alt=\"Obrazek posiada pusty atrybut alt; plik o nazwie baner-intencje-mszy.jpg\"\/><\/figure>\n\n\n\n<h1 class=\"wp-block-heading\" id=\"block-ebb85da5-2bf8-44c6-8a18-015b59726bae\">Intencje mszalne 02.06.2024 r.<\/h1>\n\n\n\n<p><strong>PONIEDZIA\u0141EK \/ 3 czerwca 2024 \/ \u015bw. Karola Lwangi i Towarzyszy<\/strong> \/ Mk 12,1-12<br>8.00 \u015bp. Adam Zieli\u0144ski z okazji ziemskich urodzin oraz za zmar\u0142ych z rodziny Zieli\u0144skich<br>8.00 \u015bp. W\u0142adys\u0142aw Zychowicz (w 12 roczic\u0119 \u015bmierci), J\u00f3zefa [k] Zychowicz, Katarzyna Zychowicz<br>18.00 \u015bp. Stanis\u0142aw Rogalski<\/p>\n\n\n\n<p><strong>WTOREK \/ 4 czerwca 2024 <\/strong>\/ Mk 12,13-17<br>8.00 Dzi\u0119kczynna z okazji 70 urodzin Lucyny Zajdel z pro\u015bb\u0105 o Bo\u017ce b\u0142. i potrzebne \u0142aski dla Jubilatki<br>18.00 \u015bp. Danuta Kondracka (w 30 dzie\u0144 po pogrzebie)<br>18.00 Dzi\u0119kczynna w 10 rocznic\u0119 \u015bwi\u0119ce\u0144 Kap\u0142a\u0144skich ks. S\u0142awomira Milde, z pro\u015bb\u0105 o potrzebne \u0142aski w pos\u0142udze (intencja od Margaretki)<\/p>\n\n\n\n<p><strong>\u015aRODA \/ 5 czerwca 2024 \/ \u015bw. Bonifacego <\/strong>\/ Mk 12,18-27<br>8.00 \u015bp. Wac\u0142awa [k] i Leon \u017bbikowscy<br>18.00 \u015bp. Michalina Wo\u017aniak (30 dzie\u0144 po pogrzebie)<br>18.00 \u015bp. Stanis\u0142awa [k] Mochol (w 6 miesi\u0105c po \u015bmierci)<\/p>\n\n\n\n<p><strong>CZWARTEK \/ 6 czerwca 2024 \/ \u015bw. Norberta<\/strong> \/ Mk 12,28b-34<br>8.00 O zdrowie i Bo\u017ce b\u0142. dla rodzic\u00f3w Wies\u0142awy [k] i Piotra Semeniuk oraz wszelkie potrzebne \u0142aski w codziennym \u017cyciu<br>18.00 Za powo\u0142anych i ludzi m\u0142odych aby otrafili odpowiedzie\u0107 na g\u0142os: \u201eP\u00f3jd\u017a za mn\u0105\u201d<br>18.00 \u015bp. \u0141ukasz Klunder (w 2 rocznic\u0119 \u015bmierci)<\/p>\n\n\n\n<p><strong>PI\u0104TEK \/ 7 czerwca 2024 \/ Uroczysto\u015b\u0107 Naj\u015bwi\u0119tszego Serca Pana Jezusa<\/strong> \/ Mt 11,25-30<br>8.00 Za dusz\u0119 w czy\u015b\u0107cu cierpi\u0105ce<br>16.30 W intencji czcicieli Naj\u015bwi\u0119tszego Serca Pana Jezusa<br>18.00 Z okazji urodzin: Henryka, Anny, Hanny i Kuby, o Bo\u017ce b\u0142. i wszelkie potrzebne \u0142aski<\/p>\n\n\n\n<p><strong>SOBOTA \/ 8 czerwca 2024 \/ Wspomnienie Niepokalanego Serca Naj\u015bwi\u0119tszej Maryi Panny<\/strong> \/ \u0141k 2,41-51<br>8.00 \u015bp. Franciszek Rynkiewicz (w 21 rocznic\u0119 \u015bmierci)<br>8.00 \u015bp. Zofia Reczek (w 6 rocznic\u0119 \u015bmierci)<br>18.00 \u015bp. W\u0142adys\u0142aw Wiadrowski (w 5 rocznic\u0119 \u015bmierci), Genowefa Wiadrowska (w 1 rocznic\u0119 \u015bmierci)<br>18.00 \u015bp. Mariusz Marsza\u0142ek (intencja od przyjaci\u00f3\u0142 z ul. Ko\u0142aczowska 7\/15)<\/p>\n\n\n\n<p><strong>X NIEDZIELA ZWYK\u0141A \/ 9 czerwca 2024<\/strong> \/ Mk 3,20-35<br>8.00 \u015bp. Krystyna Barto\u015b (w 6 rocznic\u0119 \u015bmierci), J\u00f3zef Barto\u015b, Zofia i Aleksander, Jan i Helena<br>10.00 \u015bp. Michalina Wo\u017aniak (intencja od Kr\u0119gu Domowego Ko\u015bcio\u0142a)<br>10.00 O dar m\u0105dro\u015bci i roztropno\u015bci w codzienno\u015bci dla Nikodema i jego rodziny, Agnieszki i ca\u0142ej rodziny zakonnej oraz Magdaleny i jej rodziny<br>12.00 I ROCZNICA KOMUNII \u015aW.<br>18.00 \u015bp. Marianna Humelt (w 7 rocznic\u0119 \u015bmierci) i zmarli z obojga stron<\/p>\n","protected":false},"excerpt":{"rendered":"<p>&#8222;Ja Jestem&#8221; Ko\u015bci\u00f3\u0142 rzymskokatolicki ju\u017c od pocz\u0105tku swego istnienia zawsze wierzy\u0142 i wyznawa\u0142, \u017ce Pan Jezus w czasie konsekracji chleba i wina zst\u0119puje z nieba i przemienia te wcze\u015bniej ofiarowane Mu dary w prawdziwe Cia\u0142o i Krew Przenaj\u015bwi\u0119tsz\u0105. I jest to Obecno\u015b\u0107 rzeczywistai substancjalna, nie za\u015b symboliczna, kt\u00f3r\u0105 to tez\u0119 wysuwaj\u0105 niemal wszystkie schizmy i [&hellip;]<\/p>\n","protected":false},"author":1,"featured_media":5475,"comment_status":"closed","ping_status":"closed","sticky":false,"template":"","format":"standard","meta":{"ngg_post_thumbnail":0,"footnotes":""},"categories":[11,8,4,3],"tags":[],"class_list":["post-5474","post","type-post","status-publish","format-standard","has-post-thumbnail","hentry","category-aktualnosci","category-blog","category-intencje","category-ogloszenia"],"_links":{"self":[{"href":"https:\/\/rafalk-elblag.pl\/index.php?rest_route=\/wp\/v2\/posts\/5474","targetHints":{"allow":["GET"]}}],"collection":[{"href":"https:\/\/rafalk-elblag.pl\/index.php?rest_route=\/wp\/v2\/posts"}],"about":[{"href":"https:\/\/rafalk-elblag.pl\/index.php?rest_route=\/wp\/v2\/types\/post"}],"author":[{"embeddable":true,"href":"https:\/\/rafalk-elblag.pl\/index.php?rest_route=\/wp\/v2\/users\/1"}],"replies":[{"embeddable":true,"href":"https:\/\/rafalk-elblag.pl\/index.php?rest_route=%2Fwp%2Fv2%2Fcomments&post=5474"}],"version-history":[{"count":1,"href":"https:\/\/rafalk-elblag.pl\/index.php?rest_route=\/wp\/v2\/posts\/5474\/revisions"}],"predecessor-version":[{"id":5476,"href":"https:\/\/rafalk-elblag.pl\/index.php?rest_route=\/wp\/v2\/posts\/5474\/revisions\/5476"}],"wp:featuredmedia":[{"embeddable":true,"href":"https:\/\/rafalk-elblag.pl\/index.php?rest_route=\/wp\/v2\/media\/5475"}],"wp:attachment":[{"href":"https:\/\/rafalk-elblag.pl\/index.php?rest_route=%2Fwp%2Fv2%2Fmedia&parent=5474"}],"wp:term":[{"taxonomy":"category","embeddable":true,"href":"https:\/\/rafalk-elblag.pl\/index.php?rest_route=%2Fwp%2Fv2%2Fcategories&post=5474"},{"taxonomy":"post_tag","embeddable":true,"href":"https:\/\/rafalk-elblag.pl\/index.php?rest_route=%2Fwp%2Fv2%2Ftags&post=5474"}],"curies":[{"name":"wp","href":"https:\/\/api.w.org\/{rel}","templated":true}]}}