{"id":5470,"date":"2024-05-25T20:48:29","date_gmt":"2024-05-25T20:48:29","guid":{"rendered":"http:\/\/rafalk-elblag.pl\/?p=5470"},"modified":"2024-05-25T20:48:29","modified_gmt":"2024-05-25T20:48:29","slug":"26-05-2024-r-niedziela-najswietszej-trojcy","status":"publish","type":"post","link":"https:\/\/rafalk-elblag.pl\/?p=5470","title":{"rendered":"26.05.2024 r., Niedziela Naj\u015bwi\u0119tszej Tr\u00f3jcy"},"content":{"rendered":"\n<h2 class=\"wp-block-heading\" id=\"block-de4dbcd2-5192-419e-9a16-24c75cd43305\">Naj\u015bwi\u0119tsza Tr\u00f3jca<\/h2>\n\n\n\n<p>&nbsp;Na kartach Biblii jest wiele miejsc m\u00f3wi\u0105cych o istnieniu Boga Ojca, Syna Bo\u017cego \u2013 Jezusa Chrystusa oraz Ducha \u015awi\u0119tego. Nale\u017c\u0105 do nich np. opis Zwiastowania Pa\u0144skiego (\u0141k 1,26-38), opis chrztu Jezusa w Jordanie (Mt 3,13-17; Mk 1,9-11; \u0141k 3,21-22), zapowied\u017a zes\u0142ania Ducha \u015awi\u0119tego (J 14,16-26) czy nakaz Jezusa po zmartwychwstaniu, aby udziela\u0107 chrztu w imi\u0119 Ojca i Syna i Ducha \u015awi\u0119tego (Mt 28,19).<\/p>\n\n\n\n<p>Te i inne fragmenty zawarte w Pi\u015bmie \u015awi\u0119tym przekazuj\u0105 nam, \u017ce B\u00f3g to trzy Osoby: Ojciec, Syn i Duch \u015awi\u0119ty. Ojciec jest prawdziwym Bogiem, Syn jest prawdziwym Bogiem, Duch \u015awi\u0119ty jest prawdziwym Bogiem; jednak\u017ce wszystkie te trzy Osoby s\u0105 tylko jednym Bogiem, bo wszystkie maj\u0105 jedno i te same B\u00f3stwo (jedn\u0105 i t\u0105 sam\u0105 natur\u0119), i \u017cadna z nich nie jest starsz\u0105, ani doskonalsz\u0105, lecz we wszystkim s\u0105 sobie r\u00f3wne. Zatem jedna, wsp\u00f3lna i ta sama jest ich wieczno\u015b\u0107, wszechmoc, rozum, wola.<br>Ojciec, Syn i Duch \u015awi\u0119ty s\u0105 to Osoby oddzielne, a B\u00f3g jest jeden i nierozdzielny.<\/p>\n\n\n\n<p>Trzy Osoby Boskie r\u00f3\u017cni\u0105 si\u0119 mi\u0119dzy sob\u0105 relacjami pochodzenia: B\u00f3g Ojciec przez nikogo nie jest zrodzonym i od nikogo nie pochodzi; Syn przez Ojca jest zrodzony, Duch \u015awi\u0119ty od Ojca i Syna pochodzi. Lecz poniewa\u017c to zrodzenie i pochodzenie nie ma pocz\u0105tku, dlatego w \u017cadnej z tych Os\u00f3b nic nie jest wcze\u015bniej ani p\u00f3\u017aniej, nic wi\u0119kszym ani mniejszym, przeto wszystkie trzy s\u0105 sobie wsp\u00f3\u0142wieczne i wsp\u00f3\u0142istotne.<br>Tr\u00f3jca jest jedn\u0105 z ukrytych tajemnic Boga, kt\u00f3re nie mog\u0105 by\u0107 poznane, je\u015bli nie s\u0105 objawione przez Boga.<\/p>\n\n\n\n<figure class=\"wp-block-image\" id=\"block-11bfdc70-3a14-4d5e-94a4-c45b2bb4a6cf\"><a href=\"http:\/\/rafalk-elblag.pl\/wp-content\/uploads\/2021\/08\/ogloszenia-parafialne-baner-01a.jpg\"><img decoding=\"async\" src=\"http:\/\/rafalk-elblag.pl\/wp-content\/uploads\/2021\/08\/ogloszenia-parafialne-baner-01a.jpg\" alt=\"Obrazek posiada pusty atrybut alt; plik o nazwie ogloszenia-parafialne-baner-01a.jpg\"\/><\/a><\/figure>\n\n\n\n<p><\/p>\n\n\n\n<h1 class=\"wp-block-heading\" id=\"block-6d42405b-4ab7-4d06-b960-74c4b8e7c4ea\">Og\u0142oszenia parafialne 26.05.2024 r.<\/h1>\n\n\n\n<ol class=\"wp-block-list\">\n<li><strong><\/strong>Witamy w naszej wsp\u00f3lnocie <strong>ks. Proboszcza Zbigniewa Drza\u0142a z&nbsp;Gda\u0144ska, kt\u00f3ry<\/strong> podczas <em><u>homilii poruszy temat Oblicza Pa\u0144skiego przedstawionego&nbsp;na&nbsp;Ca\u0142unie Tury\u0144skim.<\/u> <\/em>Ten&nbsp;obraz&nbsp;namalowany nie przez cz\u0142owieka, by\u0142 przedmiotem refleksji wielu \u015bwi\u0119tych. B\u0119dzie te\u017c mo\u017cliwo\u015b\u0107 nabycia obrazu Oblicza Pa\u0144skiego, ksi\u0105\u017cki i p\u0142yty CD na temat widzialno\u015bci Boga, opartych o nauczanie Pisma \u015awi\u0119tego oraz tradycji Ko\u015bcio\u0142a. Jest to wydanie autorstwa &nbsp;ks. Zbigniewa, w cenie 40 z\u0142. Fundusze pozyskane z tego tytu\u0142u przeznaczone s\u0105 jako<strong><em> cegie\u0142ki na rzecz budowy przedszkola parafialnego dla dzieci z niepe\u0142nosprawno\u015bciami w&nbsp;Gda\u0144sku.<\/em><\/strong><\/li>\n\n\n\n<li>Dzisiaj <strong>o<\/strong><strong>bchodzimy DZIE\u0143 MATKI.<\/strong> Podzi\u0119kujmy naszym <strong>MAMOM<\/strong> za dar \u017cycia i okazywan\u0105 nam mi\u0142o\u015b\u0107, bior\u0105c udzia\u0142 w nabo\u017ce\u0144stwie majowym o godz. 17:30. Serdecznie zapraszam.<\/li>\n\n\n\n<li><strong><\/strong>Zapisy dziewczynek do sypania kwiat\u00f3w a ch\u0142opc\u00f3w do udzia\u0142u w procesji Bo\u017cego Cia\u0142a odb\u0119d\u0105 si\u0119 dzisiaj po Mszy \u015bw. o godz. 10:00. Serdecznie zapraszam szczeg\u00f3lnie dzieci, kt\u00f3re w tym roku przyj\u0119\u0142y I Komuni\u0119 \u015awi\u0119t\u0105 oraz dzieci rocznicowe. &nbsp;<em>Prosimy rodzic\u00f3w o zach\u0119cenie dzieci do czynnego udzia\u0142u w procesji<\/em><\/li>\n\n\n\n<li><strong><\/strong>Jutro, 27 maja br. m\u0142odzie\u017c naszej parafii przyjmie <strong>SAKRAMENT BIERZMOWANIA<\/strong>&nbsp; z r\u0105k J. E. ks. Biskupa Wojciecha Skibickiego, podczas dodatkowej Mszy \u015bw. o godz. 16:00. <em>Otoczmy modlitw\u0105 m\u0142odzie\u017c i pro\u015bmy, aby Duch \u015awi\u0119ty, kt\u00f3rego otrzymaj\u0105 umocni\u0142 ich do m\u0119\u017cnego wyznawania wiary i do post\u0119powania wed\u0142ug jej zasad.&nbsp; <strong><\/strong><\/em><\/li>\n\n\n\n<li><strong>W czwartek (30 maja) przypada UROCZYSTO\u015a\u0106 NAJ\u015aWI\u0118TSZEGO CIA\u0141A I KRWI CHRYSTUSA <\/strong>&#8211; BO\u017bE CIA\u0141O<em>.<\/em><em> Msze \u015bw. odprawione b\u0119d\u0105 o godz. 8:00, <strong>10:00<\/strong> i 18:00. <strong><u>W tym roku procesja wyruszy z naszej parafii po UROCZYSTEJ MSZY \u015aWI\u0118TEJ O GODZ. 10:00 do parafii pw. \u015bw. Brata Alberta.<\/u><\/strong><\/em> Procesja przejdzie ulicami: Sobieskiego, Legion\u00f3w, Og\u00f3ln\u0105, Legion\u00f3w. Zach\u0119cam parafian do przyozdobienia okien swoich mieszka\u0144. Wsp\u00f3lnoty parafialne za kt\u00f3re jest odpowiedzialny ks. Sylwester prosimy o pomoc w przygotowaniu <strong>pierwszego o\u0142tarza.<\/strong> Natomiast wsp\u00f3lnoty, za kt\u00f3re odpowiedzialny jest\u00a0 ks. Mateusz zapraszamy do przygotowania <strong>drugiego o\u0142tarza<\/strong>. <em>Pozosta\u0142ych parafian prosimy o przynoszenie kwiat\u00f3w do zakrystii.<\/em><\/li>\n\n\n\n<li>W <strong>Oktawie Bo\u017cego Cia\u0142a<\/strong> zapraszamy wiernych do udzia\u0142u we Mszy \u015bw. o godz. 18:00, po kt\u00f3rej odb\u0119dzie si\u0119 <strong>PROCESJA EUCHARYSTYCZNA<\/strong>. Zapraszamy dzieci do sypania kwiat\u00f3w, a doros\u0142ych do przygotowania procesji. <strong><em>Udzia\u0142 w procesji jest wyrazem wiary w obecno\u015b\u0107 Jezusa Chrystusa w Naj\u015bwi\u0119tszym Sakramencie.<\/em><\/strong><\/li>\n\n\n\n<li><strong><\/strong><strong>Przed nami ostatnie dni maja<\/strong>. Zapraszamy dzieci, m\u0142odzie\u017c i doros\u0142ych na ostatnie nabo\u017ce\u0144stwa ku czci Naj\u015bwi\u0119tszej Maryi Panny, tzw. <strong>\u201eMAJOWE<em>\u201d: <\/em><\/strong><em>o godz. 17:30. <u><\/u><\/em><\/li>\n\n\n\n<li><strong><\/strong><strong>Przez ca\u0142y czerwiec po Mszy \u015bw. o godz. 18:00 odprawiane b\u0119dzie Nabo\u017ce\u0144stwo Eucharystyczne ku czci Naj\u015bwi\u0119tszego Serca Pana Jezusa. <em>Zapraszamy do wsp\u00f3lnego odmawiania Litanii przed Naj\u015bwi\u0119tszym Sakramentem.<\/em><\/strong><em><u><\/u><\/em><\/li>\n\n\n\n<li><strong><\/strong>W tym tygodniu przypada pierwsza sobota miesi\u0105ca (1.06.). Z<strong>apraszamy <\/strong>na nabo\u017ce\u0144stwo wynagradzaj\u0105ce Niepokalanemu Sercu Maryi za zniewagi grzesznik\u00f3w o godz. 17:00. &nbsp;<em>Tego dnia zmiana tajemnic.<\/em><\/li>\n\n\n\n<li><strong><\/strong>W najbli\u017csz\u0105 sobot\u0119 przypada <strong>DZIE\u0143 DZIECKA.<\/strong> Tego dnia dzieci b\u0119d\u0105 mia\u0142y swoje nabo\u017ce\u0144stwo o godz. 16:30 &#8211; zako\u0144czone indywidualnym b\u0142ogos\u0142awie\u0144stwem i niespodziank\u0105. <em>Serdecznie zapraszamy dzieci i rodzic\u00f3w.<u><\/u><\/em><\/li>\n\n\n\n<li>Parafia \u015bw. Brata Alberta w Elbl\u0105gu zaprasza na <strong>XVI FORUM RODZINY,<\/strong> kt\u00f3re odb\u0119dzie si\u0119 w dniach od 3 do 5 czerwca, pod has\u0142em: <strong>\u201eW R\u0118KACH BOGA\u201d.<\/strong> Ka\u017cdego dnia \u00a0o godz. 18:00 &#8211; Eucharystia z homili\u0105, <strong>a po Niej konferencja ks. Tomasza WIECZORKA<\/strong>. \u00a0<em>Dok\u0142adne informacje na plakacie.<\/em><\/li>\n\n\n\n<li><strong><\/strong><strong>INFORMUJEMY, \u017ce od 2 czerwca 2024 roku do ko\u0144ca sierpnia nie b\u0119dzie Mszy \u015bw. niedzielnej o godz. 15:00. <\/strong><em>Koronka do Bo\u017cego Mi\u0142osierdzia pozostaje bez zmian, czyli w ka\u017cd\u0105 Niedziel\u0119 o godz. 15:00. Zapraszamy.<\/em><\/li>\n\n\n\n<li>Zach\u0119cam do nabywania nowego numeru \u201eGo\u015bcia Niedzielnego\u201d\u00a0z dodatkiem \u201eGo\u015bcia Elbl\u0105skiego\u201d oraz <strong>\u201eGO\u015aCIA EXTRA\u201d z tematem \u015bwi\u0119te matki w cenie 14 z\u0142.<\/strong><\/li>\n\n\n\n<li>Pan powo\u0142a\u0142 do wieczno\u015bci:<br>\u015bp. Ann\u0119 PI\u0141KOWSK\u0104 lat 67 z ul. Nowowiejskiej<br>\u015bp. Roberta MISIEWICZA lat 49 z ul. Sobieskiego<br>\u015bp. Reginalda(m) KACPRZAKA lat 71 z ul. Broniewskiego<\/li>\n<\/ol>\n\n\n\n<figure class=\"wp-block-image\" id=\"block-5f437b95-503a-4f29-91f7-75b7c74612d1\"><img decoding=\"async\" src=\"http:\/\/rafalk-elblag.pl\/wp-content\/uploads\/2020\/04\/baner-intencje-mszy.jpg\" alt=\"Obrazek posiada pusty atrybut alt; plik o nazwie baner-intencje-mszy.jpg\"\/><\/figure>\n\n\n\n<h1 class=\"wp-block-heading\" id=\"block-ebb85da5-2bf8-44c6-8a18-015b59726bae\">Intencje mszalne 26.05.2024 r.<\/h1>\n\n\n\n<p><strong>PONIEDZIA\u0141EK \/ 27 maja 2024 \/ <\/strong>\u015bw. Augustyna z Canterbury \/ Mk 10,17-27<br>8.00 O nawr\u00f3cenie biednych grzesznik\u00f3w<br>16.00 BIERZMOWANIE<br>18.00 Dzi\u0119kczynna w 7 rocznic\u0119 \u015bwi\u0119ce\u0144 kap\u0142a\u0144skich ks. Grzegorza i 1 rocznic\u0119 ks. Mateusza, o dary Ducha \u015awi\u0119tego, potrzebne \u0142aski i opiek\u0119 Matki Bo\u017cej Szkaplerznej<br>18.00 \u015bp. rodzice i rodze\u0144stwo z rodziny Jezierskich<\/p>\n\n\n\n<p><strong>WTOREK \/ 28 maja 2024<\/strong> \/ \u015bw. Stefana \/ Mk 10,28-31<br>8.00 \u015bp. Kazimiera [k] Zembrzycka i Irena P\u0142aza<br>18.00 \u015bp. Franciszek (w rocznic\u0119 \u015bmierci) i zmarli z rodziny Bi\u0144kowskich<br>18.00 O Bo\u017ce b\u0142., dary Ducha \u015awi\u0119tego i opiek\u0119 Matki Bo\u017cej dla Arkadiusza Grabowskiego (w 29 rocznic\u0119 \u015bwi\u0119ce\u0144 kap\u0142a\u0144skich, intencja od Margaretki)<\/p>\n\n\n\n<p><strong>\u015aRODA \/ 29 maja 2024<\/strong> \/ \u015bw. Urszuli Led\u00f3chowskiej \/ Mk 10,32-45<br>8.00 Dzi\u0119kczynna za syna Krzysztofa z okazji 40 rocznicy urodzin, z pro\u015bb\u0105 o dalsze Bo\u017ce b\u0142. i potrzebne \u0142aski<br>18.00 \u015bp. Weronika Druszkowska (w 20 rocznic\u0119 \u015bmierci)<br>18.00 \u015bp. Czes\u0142awa [k] i Stanis\u0142aw Kowalscy, Genowefa i Stanis\u0142aw Olewnik, Wanda Grad<\/p>\n\n\n\n<p><strong>CZWARTEK \/ 30 maja 2024 \/ Uroczysto\u015b\u0107 Naj\u015bwi\u0119tszego Cia\u0142a i Krwi Chrystusa<\/strong> \/ Mk 14,12-16.22-26<br><strong>8.00 <\/strong>Dzi\u0119kczynna w 1 rocznic\u0119 \u015bwi\u0119ce\u0144 kap\u0142a\u0144skich ks. Krzysztofa Lewandowskiego, z pro\u015bb\u0105 o dary Ducha \u015awi\u0119tego potrzebne w s\u0142u\u017cbie Bogu i ludziom<br><strong>8.00 <\/strong>\u015bp. Damian Padalis<br><strong>10.00 <\/strong>W intencji Parafian<br><strong>18.00 <\/strong>O dar \u017cycia wiecznego dla \u015bp. Marianny [k] i Wiktora Idzikowskich<\/p>\n\n\n\n<p><strong>PI\u0104TEK \/ 31 maja 2024<\/strong> \/ \u015awi\u0119to Nawiedzenia Naj\u015bwi\u0119tszej Maryi Panny \/ \u0141k 1,39-56<br>8.00 \u015bp. Genowefa Rze\u017anikiewicz (6 rocznica \u015bmierci)<br>18.00 \u015bp. Stanis\u0142aw Kachnowicz (31 rocznica \u015bmierci) i zmarli z rodziny<br>18.00 Dzi\u0119kczynna w 19 urodziny Oskara \u017bugaj z pro\u015bb\u0105 o Bo\u017ce b\u0142. i \u017cycie w wierze, nadziei i mi\u0142o\u015bci<\/p>\n\n\n\n<p><strong>SOBOTA \/ 1 czerwca 2024<\/strong> \/ \u015bw. Justyna \/ Mk 11,27-33<br>8.00 \u015bp. Bronis\u0142awa [k] (w 11 rocznic\u0119 \u015bmierci), Piotr i zmarli z rodziny Wawruszyk, Marchalewskich, Korzeniewskich i Nestorowicz<br>18.00 O Bo\u017ce b\u0142. dla rodzin oraz z okazji Dnia Dziecka za dzieci aby ich dzieci\u0144stwo by\u0142o szcz\u0119\u015bliwe i radosne (intencja od IX R\u00f3\u017cy Matki Bo\u017cej Szkaplerznej)<br>18.00 \u015bp. Wojciech Juchnowicz (w 8 rocznic\u0119 \u015bmierci) oraz Czes\u0142aw i Jadwiga Rejnik<\/p>\n\n\n\n<p><strong>IX NIEDZIELA ZWYK\u0141A<\/strong> \/ 2 czerwca 2024 \/ Mk 2,23 \u2013 3,6<br><strong>8.00 <\/strong>\u015ap. J\u00f3zef Czeszejko-Sochacki, Emilia Czeszejko-Sochacka<br><strong>10.00 <\/strong>Dzi\u0119kczynna z okazji urodzin Agaty, z pro\u015bb\u0105 o Bo\u017ce b\u0142. opiek\u0119 Matki Bo\u017cej<br><strong>12.00 <\/strong>W intencji Parafian<br><strong>12.00 <\/strong>Dzi\u0119kczynna w 40 rocznic\u0119 \u015blubu Danuty i Krzysztofa Chwa\u0142a, z pro\u015bb\u0105 o Bo\u017ce b\u0142. dla Rubinowych Jubilat\u00f3w<br><strong>18.00<\/strong> O do\u015bwiadczenie Bo\u017cej mi\u0142o\u015bci dla Karoliny i Oskara oraz dla Sebastiana i Natalii<\/p>\n","protected":false},"excerpt":{"rendered":"<p>Naj\u015bwi\u0119tsza Tr\u00f3jca &nbsp;Na kartach Biblii jest wiele miejsc m\u00f3wi\u0105cych o istnieniu Boga Ojca, Syna Bo\u017cego \u2013 Jezusa Chrystusa oraz Ducha \u015awi\u0119tego. Nale\u017c\u0105 do nich np. opis Zwiastowania Pa\u0144skiego (\u0141k 1,26-38), opis chrztu Jezusa w Jordanie (Mt 3,13-17; Mk 1,9-11; \u0141k 3,21-22), zapowied\u017a zes\u0142ania Ducha \u015awi\u0119tego (J 14,16-26) czy nakaz Jezusa po zmartwychwstaniu, aby udziela\u0107 chrztu [&hellip;]<\/p>\n","protected":false},"author":1,"featured_media":5471,"comment_status":"closed","ping_status":"closed","sticky":false,"template":"","format":"standard","meta":{"ngg_post_thumbnail":0,"footnotes":""},"categories":[11,8,4,3],"tags":[],"class_list":["post-5470","post","type-post","status-publish","format-standard","has-post-thumbnail","hentry","category-aktualnosci","category-blog","category-intencje","category-ogloszenia"],"_links":{"self":[{"href":"https:\/\/rafalk-elblag.pl\/index.php?rest_route=\/wp\/v2\/posts\/5470","targetHints":{"allow":["GET"]}}],"collection":[{"href":"https:\/\/rafalk-elblag.pl\/index.php?rest_route=\/wp\/v2\/posts"}],"about":[{"href":"https:\/\/rafalk-elblag.pl\/index.php?rest_route=\/wp\/v2\/types\/post"}],"author":[{"embeddable":true,"href":"https:\/\/rafalk-elblag.pl\/index.php?rest_route=\/wp\/v2\/users\/1"}],"replies":[{"embeddable":true,"href":"https:\/\/rafalk-elblag.pl\/index.php?rest_route=%2Fwp%2Fv2%2Fcomments&post=5470"}],"version-history":[{"count":1,"href":"https:\/\/rafalk-elblag.pl\/index.php?rest_route=\/wp\/v2\/posts\/5470\/revisions"}],"predecessor-version":[{"id":5472,"href":"https:\/\/rafalk-elblag.pl\/index.php?rest_route=\/wp\/v2\/posts\/5470\/revisions\/5472"}],"wp:featuredmedia":[{"embeddable":true,"href":"https:\/\/rafalk-elblag.pl\/index.php?rest_route=\/wp\/v2\/media\/5471"}],"wp:attachment":[{"href":"https:\/\/rafalk-elblag.pl\/index.php?rest_route=%2Fwp%2Fv2%2Fmedia&parent=5470"}],"wp:term":[{"taxonomy":"category","embeddable":true,"href":"https:\/\/rafalk-elblag.pl\/index.php?rest_route=%2Fwp%2Fv2%2Fcategories&post=5470"},{"taxonomy":"post_tag","embeddable":true,"href":"https:\/\/rafalk-elblag.pl\/index.php?rest_route=%2Fwp%2Fv2%2Ftags&post=5470"}],"curies":[{"name":"wp","href":"https:\/\/api.w.org\/{rel}","templated":true}]}}