{"id":5467,"date":"2024-05-19T09:43:03","date_gmt":"2024-05-19T09:43:03","guid":{"rendered":"http:\/\/rafalk-elblag.pl\/?p=5467"},"modified":"2024-05-19T09:43:03","modified_gmt":"2024-05-19T09:43:03","slug":"19-05-2024-r-uroczystosc-zeslania-ducha-swietego","status":"publish","type":"post","link":"https:\/\/rafalk-elblag.pl\/?p=5467","title":{"rendered":"19.05.2024 r., Uroczysto\u015b\u0107 Zes\u0142ania Ducha \u015awi\u0119tego"},"content":{"rendered":"\n<h2 class=\"wp-block-heading\" id=\"block-de4dbcd2-5192-419e-9a16-24c75cd43305\">Dary Ducha \u015awi\u0119tego<\/h2>\n\n\n\n<p>Jezus Chrystus obiecuj\u0105c Ducha \u015awi\u0119tego zaznaczy\u0142, \u017ce \u015bwiat nie mo\u017ce Go przyj\u0105\u0107 (J 14, 17). \u015awiat, czyli ten, kto \u017cyje w jawnej sprzeczno\u015bci z nauk\u0105 Chrystusa i jest zamkni\u0119ty na wp\u0142yw Ducha, nieczu\u0142y na Jego \u015bwiat\u0142o i dzia\u0142anie. Natomiast my, jak m\u00f3wi \u015bw. Pawe\u0142, otrzymali\u015bmy Ducha, kt\u00f3ry jest z Boga, dla poznania dar\u00f3w Bo\u017cych (1 Kor 2, 12). Jeste\u015bmy wi\u0119c obowi\u0105zani post\u0119powa\u0107 przeciwnie ni\u017c \u015bwiat, czyli pokonywa\u0107 wady i \u017cy\u0107 Ewangeli\u0105, na\u015bladowa\u0107 cechy Chrystusa, szczeg\u00f3lnie mi\u0142o\u015b\u0107, pokor\u0119, \u0142agodno\u015b\u0107, pos\u0142usze\u0144stwo, ub\u00f3stwo. Praktyka zalet moralnych jest t\u0105 cz\u0105stk\u0105, jak\u0105 ka\u017cdy chrze\u015bcijanin powinien wykona\u0107, aby Duch \u015awi\u0119ty m\u00f3g\u0142 w pe\u0142ni dzia\u0142a\u0107 przez swoje dary.<\/p>\n\n\n\n<p>\u015aw. Tomasz poucza, \u017ce dary Ducha \u015awi\u0119tego zosta\u0142y nam dane jako pomoc dla zalet. Dary wi\u0119c nie zast\u0119puj\u0105 dobrych cech moralnych, lecz zak\u0142adaj\u0105 je i udoskonalaj\u0105. To oznacza, \u017ce chrze\u015bcijanin powinien ze swej strony \u0107wiczy\u0107 si\u0119 gorliwie w dobrych cechach, a w\u00f3wczas Duch \u015awi\u0119ty przez dary dope\u0142ni swego dzie\u0142a. Je\u015bli bowiem dusza szuka Boga, to o wiele wi\u0119cej Umi\u0142owany szuka jej. Poci\u0105ga j\u0105 i porywa do siebie, czyli udziela jej swoich natchnie\u0144 i dotkni\u0119\u0107 Bo\u017cych.<\/p>\n\n\n\n<p>Chc\u0105c korzysta\u0107 z dar\u00f3w Ducha \u015awi\u0119tego trzeba pozosta\u0107 uwa\u017cnym i uleg\u0142ym wobec Jego natchnie\u0144. Trzeba wi\u0119c pos\u0142uchu, uleg\u0142o\u015bci, wi\u0119cej oddania. To pozna\u0107 wewn\u0119trzne natchnienia Ducha \u015awi\u0119tego, i pozwoli\u0107 prowadzi\u0107 si\u0119 nawet drog\u0105 ciemn\u0105, nieznan\u0105 i przeciwn\u0105 w\u0142asnemu upodobaniu.<\/p>\n\n\n\n<p>Oto dary, kt\u00f3rymi darzy nas Duch \u015awi\u0119ty:<\/p>\n\n\n\n<p><strong>Dar m\u0105dro\u015bci<\/strong>&nbsp;pozwala dostrzega\u0107 Boga i widzie\u0107 wszystko w Jego \u015bwietle, Jego oczami.&nbsp;Dzi\u0119ki temu darowi cz\u0142owiek widzi, \u017ce wszystko ma swoje miejsce i czas, ma swoje powo\u0142anie i ostateczne przeznaczenie w Bogu.<\/p>\n\n\n\n<p><strong>Dar rozumu<\/strong> umo\u017cliwia zrozumie\u0107 Boga i cz\u0142owieka, rzeczy i wydarzenia, poj\u0105\u0107 ich istot\u0119 i znaczenie. Dzi\u0119ki rozumowi cz\u0142owiek poznaje rzeczywisto\u015b\u0107 tak\u0105, jaka jest, rozumie jej z\u0142o\u017cone mechanizmy, powi\u0105zania przyczynowo-skutkowe, jej dobre i z\u0142e strony.<\/p>\n\n\n\n<p><strong>Dar rady<\/strong>&nbsp;pomaga dokonywa\u0107 s\u0142usznego wyboru w sytuacjach skomplikowanych i niejasnych, rozr\u00f3\u017cnia\u0107, co jest rzeczywistym dobrem, a co z\u0142em, co jest wi\u0119kszym dobrem, a co mniejszym dla siebie i dla innych. Dzi\u0119ki temu darowi cz\u0142owiek nie gubi si\u0119 w szczeg\u00f3\u0142ach, nie waha si\u0119 bez ko\u0144ca, ale umie podejmowa\u0107 m\u0105dre, jednoznaczne decyzje w sprawach wielkich i ma\u0142ych aby coraz bardziej wype\u0142nia\u0107 wol\u0119 Boga.<\/p>\n\n\n\n<p><strong>Dar m\u0119stwa<\/strong>&nbsp;daje duchow\u0105 si\u0142\u0119 do odwa\u017cnego wyznawania wiary w Chrystusa i zgodnego z ni\u0105 post\u0119powania, nie l\u0119kaj\u0105c si\u0119 zagro\u017ce\u0144 i przykrych konsekwencji. Dzi\u0119ki niemu cz\u0142owiek mo\u017ce przezwyci\u0119\u017ca\u0107 wewn\u0119trzne opory i zewn\u0119trzne prze\u015bladowania a\u017c do oddania \u017cycia w imi\u0119 najwy\u017cszych warto\u015bci, w imi\u0119 Chrystusa. Mo\u017ce trwa\u0107 do ko\u0144ca w dobrym, nie poddaj\u0105c si\u0119 zm\u0119czeniu i znu\u017ceniu.<\/p>\n\n\n\n<p><strong>Dar umiej\u0119tno\u015bci<\/strong>&nbsp;to wiedza, kt\u00f3ra umo\u017cliwia wprowadza\u0107 w \u017cycie prawdy wiary i zasady moralne, pos\u0142ugiwa\u0107 si\u0119 dost\u0119pnymi \u015brodkami, by d\u0105\u017cy\u0107 do Boga. Dzi\u0119ki temu darowi cz\u0142owiek jest praktyczny i skuteczny w dzia\u0142aniu, radzi sobie w konkretnych sprawach, umie je wykorzysta\u0107 dla prawdziwego dobra.<\/p>\n\n\n\n<p><strong>Dar pobo\u017cno\u015bci<\/strong>&nbsp;to prawdziwa i g\u0142\u0119boka wi\u0119\u017a i za\u017cy\u0142o\u015b\u0107 z Bogiem wyra\u017cana w oddawaniu Mu czci, \u0107wiczeniach duchownych i w dobrych uczynkach. Dzi\u0119ki pobo\u017cno\u015bci ca\u0142e \u017cycie cz\u0142owieka jest prze\u017cywane w jedno\u015bci z Bogiem.<\/p>\n\n\n\n<p><strong>Dar boja\u017ani Bo\u017cej<\/strong>&nbsp;nie oznacza niewolniczego strachu przed Bogiem, ale szacunek, pos\u0142usze\u0144stwo wobec Niego, l\u0119k, by Go nie utraci\u0107, gdy\u017c jest najwy\u017csz\u0105 Warto\u015bci\u0105 i Bogactwem, Osob\u0105 godn\u0105 mi\u0142o\u015bci ponad wszystko w kt\u00f3rej cz\u0142owiek znajduje prawdziwy pok\u00f3j i spe\u0142nienie.<\/p>\n\n\n\n<p>Duch \u015awi\u0119ty realizuje w \u015bwiecie dzie\u0142a Bo\u017ce, jest &#8211; jak m\u00f3wi hymn liturgiczny &#8211; dawc\u0105 \u0142ask, \u015bwiat\u0142o\u015bci\u0105 serc, go\u015bciem duszy, odpoczynkiem w pracy, utuleniem w p\u0142aczu. Bez Jego pomocy nie ma w cz\u0142owieku nic niewinnego ani warto\u015bciowego, poniewa\u017c On obmywa to, co nieczyste, leczy to, co chore, rozpala to, co zimne, prowadzi to, co zb\u0142\u0105kane, wiedzie wszystkich ludzi do przystani zbawienia i wiecznego szcz\u0119\u015bcia.<\/p>\n\n\n\n<p>Dary Ducha \u015awi\u0119tego ubogacaj\u0105 i usprawniaj\u0105 cz\u0142owieka, jego podstawowe w\u0142adze: rozum, wol\u0119 i uczucia. Wlewaj\u0105 w serce \u015bwiat\u0142o, moc i pok\u00f3j. S\u0105 one potrzebne ka\u017cdemu, bo bez nich cz\u0142owiek nie odczyta i nie zrealizuje swego powo\u0142ania \u017cyciowego zgodnie z zamys\u0142em Bo\u017cym. Dlatego potrzebna jest nieustanna modlitwa o dary Ducha \u015awi\u0119tego.<\/p>\n\n\n\n<figure class=\"wp-block-image\" id=\"block-11bfdc70-3a14-4d5e-94a4-c45b2bb4a6cf\"><a href=\"http:\/\/rafalk-elblag.pl\/wp-content\/uploads\/2021\/08\/ogloszenia-parafialne-baner-01a.jpg\"><img decoding=\"async\" src=\"http:\/\/rafalk-elblag.pl\/wp-content\/uploads\/2021\/08\/ogloszenia-parafialne-baner-01a.jpg\" alt=\"Obrazek posiada pusty atrybut alt; plik o nazwie ogloszenia-parafialne-baner-01a.jpg\"\/><\/a><\/figure>\n\n\n\n<p><\/p>\n\n\n\n<h1 class=\"wp-block-heading\" id=\"block-6d42405b-4ab7-4d06-b960-74c4b8e7c4ea\">Og\u0142oszenia parafialne 19.05.2024 r.<\/h1>\n\n\n\n<ol class=\"wp-block-list\">\n<li><strong>Dzisiaj Uroczysto\u015b\u0107 Zes\u0142ania Ducha \u015awi\u0119tego<\/strong>, a zarazem dzie\u0144, w kt\u00f3rym mo\u017cemy uzyska\u0107 ODPUST ZUPE\u0141NY pod zwyk\u0142ymi warunkami i za udzia\u0142 w publicznym \u015bpiewie lub recytacji hymnu:<strong> \u201eO Stworzycielu, Duchu przyjd\u017a\u201d.<\/strong><\/li>\n\n\n\n<li><strong><\/strong>Jutro drugi dzie\u0144 \u015bwiat Zes\u0142ania Ducha \u015awi\u0119tego<strong> \u2013 \u015bwi\u0119to Naj\u015bwi\u0119tszej Maryi Panny, Matki Ko\u015bcio\u0142a. <\/strong><em>Zapraszamy na Msze \u015bw. o godz. 8:00 i 18:00.<\/em><\/li>\n\n\n\n<li><strong><\/strong><strong>Obecny miesi\u0105c jest szczeg\u00f3lnie po\u015bwi\u0119cony Matce Bo\u017cej poprzez odprawianie nabo\u017ce\u0144stw \u201eMAJOWYCH\u201d<\/strong><em>. Nasza Ojczyzna od wiek\u00f3w s\u0142yn\u0119\u0142a z oddawania czci Maryi w \u015bpiewie<\/em> Litanii Loreta\u0144skiej w ro\u017cnych miejscach np. w ko\u015bcio\u0142ach, kaplicach, przy figurkach, przydro\u017cnych krzy\u017cach i w naszych domach. Ten obraz modl\u0105cego si\u0119 Ludu Bo\u017cego wielu z nas ci\u0105gle nosi w sobie. <strong>Zapraszamy na nabo\u017ce\u0144stwa ku czci Naj\u015bwi\u0119tszej Maryi Panny, codziennie o godz. 17:30.<\/strong><strong> Dzieci zapraszamy we wtorek i czwartek z rodzicami o godz. 17:30.<\/strong><\/li>\n\n\n\n<li>Zapraszam rodzic\u00f3w, kt\u00f3rych dzieci b\u0119d\u0105 prze\u017cywa\u0142y w tym roku <strong>ROCZNIC\u0118\u00a0I KOMUNII \u015aWI\u0118TEJ<\/strong> na spotkanie do ko\u015bcio\u0142a: 20 maja br. (poniedzia\u0142ek) o godz. 19:00. <strong><em>Prosz\u0119 o zabranie ksi\u0105\u017ceczki dziecka od pierwszych pi\u0105tk\u00f3w miesi\u0105ca<\/em><\/strong><em>.<\/em><\/li>\n\n\n\n<li><strong>W czwartek 23 maja br. obchodzimy w Ko\u015bciele UROCZYSTO\u015a\u0106 JEZUSA CHRYSTUSA NAJWY\u017bSZEGO I WIECZNEGO KAP\u0141ANA.<\/strong> Tego dnia podczas Mszy \u015bw. o godz. 18:00 ksi\u0119\u017ca pos\u0142uguj\u0105cy w naszej parafii dzi\u0119kowa\u0107 b\u0119d\u0105 za otrzymany dar kap\u0142a\u0144stwa w rocznic\u0119 swoich \u015bwi\u0119ce\u0144: ks. Proboszcz Wojciech Zwolicki w 30 rocznic\u0119, ks. Sylwester \u017bbikowski w 8 rocznic\u0119 a ks. Mateusz Ka\u017amierczak w pierwsz\u0105 rocznic\u0119. <em><u>Pami\u0119tajmy w naszych modlitwach o wszystkich powo\u0142anych do s\u0142u\u017cby w Ko\u015bciele. Zapraszamy do wsp\u00f3lnej modlitwy.<\/u><\/em><\/li>\n\n\n\n<li>W pi\u0105tek 24 maja o godz. 16:00 w Katedrze Elbl\u0105skiej <strong>wa\u017cne wydarzenie:<\/strong> <strong>&nbsp;\u015bwi\u0119cenia diakonatu<\/strong> przyjmie powo\u0142any z naszej parafii Amadeusz BABIEL.<em> W imieniu Amadeusza zapraszam parafian do wzi\u0119cia udzia\u0142u w tak wyj\u0105tkowej uroczysto\u015bci.<\/em> W sobot\u0119 25 maja o godz. 10:00 odb\u0119d\u0105 si\u0119 <strong>\u015bwi\u0119cenia kap\u0142a\u0144skie<\/strong><em>. Pami\u0119tajmy w modlitwie o tych, kt\u00f3rzy przyjm\u0105 \u015bwi\u0119cenia.&nbsp;<\/em><\/li>\n\n\n\n<li>W przysz\u0142\u0105 niedziel\u0119 <strong>ks. Proboszcz Zbigniew Drza\u0142 z\u00a0Gda\u0144ska<\/strong> wyg\u0142osi w naszej wsp\u00f3lnocie <em><u>homili\u0119 na temat Oblicza Pa\u0144skiego przedstawionego na Ca\u0142unie Tury\u0144skim.<\/u> <\/em>Ten\u00a0nie\u00a0namalowany przez cz\u0142owieka Obraz by\u0142 przedmiotem refleksji wielu \u015bwietnych m.in. Jana Paw\u0142a II, kt\u00f3ry powiedzia\u0142, \u017ce\u00a0kontemplacja Oblicza Chrystusa jest programem dla Ko\u015bcio\u0142a na\u00a0trzecie tysi\u0105clecie. B\u0119dziemy mieli okazj\u0119 naby\u0107 obraz Oblicza Pa\u0144skiego, a\u00a0tak\u017ce ksi\u0105\u017ck\u0119 i p\u0142yt\u0119 CD na temat widzialno\u015bci Boga opart\u0105 o nauczanie Pisma \u015awi\u0119tego oraz Tradycji Ko\u015bcio\u0142a, autorstwa ks. Zbigniewa w cenie 40 z\u0142. <em>S\u0105 to cegie\u0142ki na rzecz budowy przedszkola parafialnego dla dzieci z niepe\u0142nosprawno\u015bciami w\u00a0Gda\u0144sku.<\/em><\/li>\n\n\n\n<li><strong><\/strong>W \u015brod\u0119 zapraszamy na spotkanie Kr\u0119gu Biblijnego o godz. 18.45 w sali na plebanii.<\/li>\n\n\n\n<li>Spotkanie Apostolatu Bo\u017cego Mi\u0142osierdzia oraz Woluntariuszy Parafialnego Oddzia\u0142u Caritas za tydzie\u0144 (26 maja) po Mszy \u015bw. o godz. 15:00 na plebanii. <em>Obecno\u015b\u0107 wszystkich cz\u0142onk\u00f3w mile widziana.<\/em><em><\/em><\/li>\n\n\n\n<li><strong><\/strong><strong>INFORMUJEMY, \u017ce od 2 czerwca 2024 roku do ko\u0144ca sierpnia nie b\u0119dzie Mszy \u015bw. niedzielnej o godz. 15:00. <\/strong><em>Koronka do Bo\u017cego Mi\u0142osierdzia pozostaje bez zmian, czyli w ka\u017cd\u0105 Niedziel\u0119 o godz. 15:00. Zapraszamy.<\/em><em><\/em><\/li>\n\n\n\n<li>Zach\u0119cam do nabywania nowego numeru \u201eGo\u015bcia Niedzielnego\u201d <strong>w cenie 10 z\u0142.<\/strong>\u00a0<strong>z dodatkiem<\/strong> <strong>\u201eGo\u015bcia Elbl\u0105skiego\u201d<\/strong> a w nim wydarzenia z diecezji. Jest r\u00f3wnie\u017c Go\u015b\u0107 extra po\u015bwi\u0119cony matkom \u015bwi\u0119tych.<\/li>\n\n\n\n<li><strong><\/strong>Pan powo\u0142a\u0142 do wieczno\u015bci : \u015bp. Stefani\u0119 BRZEZI\u0143SK\u0104 lat 73 z ul. Broniewskiego<\/li>\n<\/ol>\n\n\n\n<figure class=\"wp-block-image\" id=\"block-5f437b95-503a-4f29-91f7-75b7c74612d1\"><img decoding=\"async\" src=\"http:\/\/rafalk-elblag.pl\/wp-content\/uploads\/2020\/04\/baner-intencje-mszy.jpg\" alt=\"Obrazek posiada pusty atrybut alt; plik o nazwie baner-intencje-mszy.jpg\"\/><\/figure>\n\n\n\n<h1 class=\"wp-block-heading\" id=\"block-ebb85da5-2bf8-44c6-8a18-015b59726bae\">Intencje mszalne 12.05.2024 r.<\/h1>\n\n\n\n<p><strong>PONIEDZIA\u0141EK \/ 20 maja 2024 \u015awi\u0119to Naj\u015bwi\u0119tszej Maryi Panny Matki Ko\u015bcio\u0142a<\/strong> \/ J 19,25-27<br>8.00 \u015bp. Bronis\u0142awa [k] i Leon Pr\u0105dzi\u0144scy, Genowefa i Marian Fr\u0105czak, Krystyna i Kazimierz Fr\u0105czak<br>18.00 \u015bp. Jan Bajor-Brasewicz (w 15 rocznic\u0119 \u015bmierci)<br>18.00 O nawr\u00f3cenie biednych grzesznik\u00f3w<\/p>\n\n\n\n<p><strong>WTOREK \/ 21 maja 2024 <\/strong>\/ Mk 9,30-37<br>8.00 O nawr\u00f3cenie biednych grzesznik\u00f3w<br>18.00 \u015bp. Kazimiera [k] Kachnowicz (2 rocznica \u015bmierci) i zmarli i\u017c rodziny<br>18.00 O zdrowie dla Wies\u0142awy oraz potrzebne \u0142aski i opiek\u0119 Matki Bo\u017cej dla Sebastiana i Sandry<\/p>\n\n\n\n<p><strong>\u015aRODA \/ 22 maja 2024 \/ \u015bw. Rity z Cascii <\/strong>\/ Mk 9,38-40<br>8.00 O nawr\u00f3cenie biednych grzesznik\u00f3w<br>18.00 \u015bp. Tadeusz Gutowski (w 3 rocznic\u0119 \u015bmierci) i zmarli rodzice Gutowscy \u2013 Jaworscy<br>18.00 Za zmar\u0142ych z rodzin Walendowskich, Falenta, Bachorskich i Niecieckich<\/p>\n\n\n\n<p><strong>CZWARTEK \/ 23 maja 2024 \/ \u015awi\u0119to Jezusa Chrystusa Najwy\u017cszego i Wiecznego Kap\u0142ana<\/strong> \/ Mk 14,22-25<br>8.00 O nawr\u00f3cenie biednych grzesznik\u00f3w<br>18.00 Za Apostolat Margaretka i osoby modl\u0105ce si\u0119 za kap\u0142an\u00f3w pos\u0142uguj\u0105cych w naszej parafii o si\u0142y i wytrwa\u0142o\u015b\u0107 w postanowieniu<br>18.00 Za kap\u0142an\u00f3w pos\u0142uguj\u0105cych w naszej parafii: ks. Wojciecha, ks. Sylwestra, ks. Mateusza<br>18.00 \u015bp. Krystyna Malkiewicz (w 3 rocznic\u0119 \u015bmierci), \u015bp. Helena Kapciak<\/p>\n\n\n\n<p><strong>PI\u0104TEK \/ 24 maja 2024 \/ Wspomnienie Naj\u015bwi\u0119tszej Maryi Panny Wspomo\u017cycielki Wiernych<\/strong> \/ Mk 10,1-12<br>8.00 O nawr\u00f3cenie biednych grzesznik\u00f3w<br>18.00 \u015bp. Kazimiera [k] i Jan Usikowie<br>18.00 \u015bp. J\u00f3zef, Sabina i wszyscy zmarli z rodziny<\/p>\n\n\n\n<p><strong>SOBOTA \/ 25 maja 2024<\/strong> \/ Mk 10,13-16<br>8.00 \u015bp. Miros\u0142aw Zalewski (w 30 dzie\u0144 po pogrzebie)<br>8.00 O nawr\u00f3cenie biednych grzesznik\u00f3w<br>18.00 O Bo\u017ce b\u0142., dary Ducha \u015awi\u0119tego dla ks. Arkadiusza Grabowskiego w 29 rocznic\u0119 \u015bwi\u0119ce\u0144 kap\u0142a\u0144skich oraz o opiek\u0119 Matki Bo\u017cej Szkaplerznej<\/p>\n\n\n\n<p><strong>UROCZYSTO\u015a\u0106 NAJ\u015aWI\u0118TSZEJ TR\u00d3JCY \/ 26 maja 2024<\/strong> \/ Mt 28,16-20<br><strong>8.00<\/strong> \u015bp. Jan Chojnicki (w 8 miesi\u0105c po pogrzebie), Marian i Janina Godos<br><strong>8.00<\/strong> O nawr\u00f3cenie biednych grzesznik\u00f3w<br><strong>10.00 <\/strong>Dzi\u0119kczynna w 74 rocznic\u0119 urodzin Heleny z pro\u015bb\u0105 o Bo\u017ce b\u0142. i potrzebne \u0142aski oraz za Justyn\u0119 w 47 urodziny i Ewy w 44 urodziny<br><strong>12.00<\/strong> W intencji Parafian<br><strong>12.00<\/strong> Dzi\u0119kczynna w 50 rocznic\u0119 \u015blubu Jadwigi i Bogdana Urba\u0144skich z pro\u015bb\u0105 o Bo\u017ce b\u0142. i potrzebne \u0142aski dla Z\u0142otych Jubilat\u00f3w<br><strong>15.00<\/strong> \u015bp. Krystyna Markiewicz (3 rocznica \u015bmierci) oraz zmar\u0142ych rodzic\u00f3w i rodze\u0144stwo i Helena Kapciak, Regina K\u0105kol i Genowefa Zdrodowska<br><strong>18.00<\/strong> \u015bp. Teresa Ma\u0142kowska (z okazji Dnia Matki)<\/p>\n","protected":false},"excerpt":{"rendered":"<p>Dary Ducha \u015awi\u0119tego Jezus Chrystus obiecuj\u0105c Ducha \u015awi\u0119tego zaznaczy\u0142, \u017ce \u015bwiat nie mo\u017ce Go przyj\u0105\u0107 (J 14, 17). \u015awiat, czyli ten, kto \u017cyje w jawnej sprzeczno\u015bci z nauk\u0105 Chrystusa i jest zamkni\u0119ty na wp\u0142yw Ducha, nieczu\u0142y na Jego \u015bwiat\u0142o i dzia\u0142anie. Natomiast my, jak m\u00f3wi \u015bw. Pawe\u0142, otrzymali\u015bmy Ducha, kt\u00f3ry jest z Boga, dla poznania [&hellip;]<\/p>\n","protected":false},"author":1,"featured_media":5468,"comment_status":"closed","ping_status":"closed","sticky":false,"template":"","format":"standard","meta":{"ngg_post_thumbnail":0,"footnotes":""},"categories":[11,8,4,3],"tags":[],"class_list":["post-5467","post","type-post","status-publish","format-standard","has-post-thumbnail","hentry","category-aktualnosci","category-blog","category-intencje","category-ogloszenia"],"_links":{"self":[{"href":"https:\/\/rafalk-elblag.pl\/index.php?rest_route=\/wp\/v2\/posts\/5467","targetHints":{"allow":["GET"]}}],"collection":[{"href":"https:\/\/rafalk-elblag.pl\/index.php?rest_route=\/wp\/v2\/posts"}],"about":[{"href":"https:\/\/rafalk-elblag.pl\/index.php?rest_route=\/wp\/v2\/types\/post"}],"author":[{"embeddable":true,"href":"https:\/\/rafalk-elblag.pl\/index.php?rest_route=\/wp\/v2\/users\/1"}],"replies":[{"embeddable":true,"href":"https:\/\/rafalk-elblag.pl\/index.php?rest_route=%2Fwp%2Fv2%2Fcomments&post=5467"}],"version-history":[{"count":1,"href":"https:\/\/rafalk-elblag.pl\/index.php?rest_route=\/wp\/v2\/posts\/5467\/revisions"}],"predecessor-version":[{"id":5469,"href":"https:\/\/rafalk-elblag.pl\/index.php?rest_route=\/wp\/v2\/posts\/5467\/revisions\/5469"}],"wp:featuredmedia":[{"embeddable":true,"href":"https:\/\/rafalk-elblag.pl\/index.php?rest_route=\/wp\/v2\/media\/5468"}],"wp:attachment":[{"href":"https:\/\/rafalk-elblag.pl\/index.php?rest_route=%2Fwp%2Fv2%2Fmedia&parent=5467"}],"wp:term":[{"taxonomy":"category","embeddable":true,"href":"https:\/\/rafalk-elblag.pl\/index.php?rest_route=%2Fwp%2Fv2%2Fcategories&post=5467"},{"taxonomy":"post_tag","embeddable":true,"href":"https:\/\/rafalk-elblag.pl\/index.php?rest_route=%2Fwp%2Fv2%2Ftags&post=5467"}],"curies":[{"name":"wp","href":"https:\/\/api.w.org\/{rel}","templated":true}]}}