{"id":5463,"date":"2024-05-11T14:01:18","date_gmt":"2024-05-11T14:01:18","guid":{"rendered":"http:\/\/rafalk-elblag.pl\/?p=5463"},"modified":"2024-05-11T14:01:18","modified_gmt":"2024-05-11T14:01:18","slug":"12-05-2024-r-uroczystosc-wniebowstapienia-panskiego","status":"publish","type":"post","link":"https:\/\/rafalk-elblag.pl\/?p=5463","title":{"rendered":"12.05.2024 r., Uroczysto\u015b\u0107 Wniebowst\u0105pienia Pa\u0144skiego"},"content":{"rendered":"\n<h2 class=\"wp-block-heading\" id=\"block-de4dbcd2-5192-419e-9a16-24c75cd43305\">Duch \u015awi\u0119ty<\/h2>\n\n\n\n<p>Duch \u015awi\u0119ty jest osob\u0105 Bosk\u0105, odr\u0119bn\u0105 od Ojca i&nbsp;Syna, pochodz\u0105c\u0105 od nich, r\u00f3wn\u0105 Im w&nbsp;godno\u015bci, b\u0119d\u0105c\u0105 wraz z&nbsp;Nimi jednym tylko Bogiem. Duch \u015awi\u0119ty pochodzi od Ojca i&nbsp;Syna jako odwieczne tchnienie i&nbsp;osobowy wyraz wzajemnej mi\u0142o\u015bci Ojca i&nbsp;Syna.<\/p>\n\n\n\n<p>Duch \u015awi\u0119ty jest trzeci\u0105 Osob\u0105 Bosk\u0105, kt\u00f3rego dary otrzymujemy podczas sakramentu bierzmowania. Zst\u0105pi\u0142 na Aposto\u0142\u00f3w w&nbsp;wieczerniku. Uczniowie udzielali Go wiernym podczas chrztu. Najcz\u0119\u015bciej jest przedstawiany za pomoc\u0105 symbolu go\u0142\u0119bicy.&nbsp; Ducha \u015awi\u0119tego g\u0142\u00f3wnie kojarzy si\u0119 z&nbsp;Nowym Testamentem. Nie mo\u017cna jednak zapomina\u0107, \u017ce jako Osoba Boska, jest odwieczny.<\/p>\n\n\n\n<p>Tajemnica Ducha \u015awi\u0119tego zosta\u0142a wyra\u017anie objawiona dopiero w&nbsp;Nowym Testamencie przez Jezusa Chrystusa. Duch \u015awi\u0119ty objawi\u0142 si\u0119 podczas chrztu i&nbsp;Przemienienia Jezusa oraz w&nbsp;dniu Pi\u0119\u0107dziesi\u0105tnicy, gdy zosta\u0142 zes\u0142any na Aposto\u0142\u00f3w. Gdy Jezus zapowiada i&nbsp;obiecuje Aposto\u0142om Ducha \u015awi\u0119tego, nazywa Go \u201eParakletem\u201d. \u201eParaklet\u201d t\u0142umaczy si\u0119 zazwyczaj jako \u201ePocieszyciel\u201d. Duch \u015awi\u0119ty w chwilach ciemno\u015bci i zw\u0105tpienia b\u0119dzie dla nich \u015bwiat\u0142em; w chwilach zniech\u0119cenia, pokusy i s\u0142abo\u015bci doda im si\u0142y i zapa\u0142u, aby mogli kontynuowa\u0107 dzie\u0142o Jezusa i przekazywa\u0107 ludzko\u015bci Jego s\u0142owa prawdy w nauczaniu i Jego zbawcz\u0105 Krew w sakramentach \u015bw. Bez pomocy z nieba jest to zadanie niewykonalne dla aposto\u0142\u00f3w, tych dwunastu rybak\u00f3w.<\/p>\n\n\n\n<p>Ojcowie Ko\u015bcio\u0142a natomiast okre\u015blaj\u0105 Ducha \u015awi\u0119tego dusz\u0105 Ko\u015bcio\u0142a. Jego dzia\u0142anie podobne jest bowiem do roli duszy w\u00a0\u017cywym organizmie ludzkim, w\u00a0kt\u00f3rym jest ona \u017ar\u00f3d\u0142em \u017cycia i\u00a0jedno\u015bci.\u00a0Ko\u015bci\u00f3\u0142 jako wsp\u00f3lnota wierz\u0105cych w\u00a0Chrystusa jest miejscem poznania Ducha \u015awi\u0119tego. Jest On obecny: w\u00a0ksi\u0119gach Starego i\u00a0Nowego Testamentu; w\u00a0Tradycji i\u00a0Nauczycielskim Urz\u0119dzie Ko\u015bcio\u0142a; w\u00a0liturgii sakramentalnej i\u00a0modlitwie; w\u00a0charyzmatach i\u00a0urz\u0119dach Ko\u015bcio\u0142a; w\u00a0znakach \u017cycia apostolskiego i\u00a0misyjnego; w\u00a0\u015bwiadectwie \u015bwi\u0119tych (por.\u00a0KKK\u00a0688).<\/p>\n\n\n\n<p>Bez Ducha \u015awi\u0119tego nie jeste\u015bmy w&nbsp;stanie \u017cy\u0107 jako chrze\u015bcijanie. On jest wewn\u0119trznym Nauczycielem \u017cycia wed\u0142ug Chrystusa, s\u0142odkim go\u015bciem i&nbsp;przyjacielem, kt\u00f3ry to \u017cycie inspiruje, prowadzi, poprawia i&nbsp;umacnia (zob.&nbsp;KKK&nbsp;1697).<\/p>\n\n\n\n<p>Trzeba koniecznie podkre\u015bli\u0107, \u017ce Zes\u0142anie Ducha \u015awi\u0119tego trwa nieustannie. Chrze\u015bcijanin przez ca\u0142e \u017cycie potrzebuje prawdy, si\u0142y i pociechy Ducha \u015awi\u0119tego. Potrzebuje Boga, \u017ceby doj\u015b\u0107 do Boga. Cz\u0142owiek musi zmierza\u0107 do wieczno\u015bci, do swojego ostatecznego szcz\u0119\u015bcia i pokoju \u2013 Duch \u015awi\u0119ty o\u015bwieca mu drog\u0119. Potrzebujemy Bo\u017cej Prawdy. My sami nie potrafimy ani jej znale\u017a\u0107, ani zachowa\u0107, gdy\u017c fa\u0142szywe barwy \u0142udz\u0105 nasze oczy. Je\u017celi szczerze otworzymy oczy, uszy i serce, Duch \u015awi\u0119ty nam j\u0105 \u201eprzypomni\u201c, jak m\u00f3wi Pan Jezus.<\/p>\n\n\n\n<figure class=\"wp-block-image\" id=\"block-11bfdc70-3a14-4d5e-94a4-c45b2bb4a6cf\"><a href=\"http:\/\/rafalk-elblag.pl\/wp-content\/uploads\/2021\/08\/ogloszenia-parafialne-baner-01a.jpg\"><img decoding=\"async\" src=\"http:\/\/rafalk-elblag.pl\/wp-content\/uploads\/2021\/08\/ogloszenia-parafialne-baner-01a.jpg\" alt=\"Obrazek posiada pusty atrybut alt; plik o nazwie ogloszenia-parafialne-baner-01a.jpg\"\/><\/a><\/figure>\n\n\n\n<p><\/p>\n\n\n\n<h1 class=\"wp-block-heading\" id=\"block-6d42405b-4ab7-4d06-b960-74c4b8e7c4ea\">Og\u0142oszenia parafialne 12.05.2024 r.<\/h1>\n\n\n\n<ol class=\"wp-block-list\">\n<li><strong>Kochani Parafianie <\/strong>przed nami ostatni tydzie\u0144 Wielkanocny &#8211; czas rado\u015bci ze Zmartwychwstania Pana Jezusa<em>. <\/em><strong><em>Gor\u0105co zach\u0119cam wiernych do skorzystania z \u0142aski sakramentu pojednania i do przyj\u0119cia KOMUNII \u015aW. WIELKANOCNEJ.<\/em><\/strong> <em>Spowied\u017a \u015bw. w tygodniu od 7:45 oraz od godz. 17:30. Przykazanie ko\u015bcielne przypomina: <\/em><strong><em>\u201ePrzynajmniej raz w roku, w okresie wielkanocnym, przyj\u0105\u0107 Komuni\u0119 \u015bwi\u0119t\u0105&#8221;<\/em><\/strong><\/li>\n\n\n\n<li>Wczoraj w naszej wsp\u00f3lnocie parafialnej<strong> prze\u017cywali\u015bmy UROCZYSTO\u015a\u0106 PIERWSZEJ KOMUNII \u015aWI\u0118TEJ. Przez ca\u0142y tydzie\u0144 dzieci uczestniczy\u0107 b\u0119d\u0105 w nabo\u017ce\u0144stwie majowym o godz. 17:30 i we Mszy \u015bw. o godz. 18:00, w ramach tzw. BIA\u0141EGO TYGODNIA. <\/strong><em>Otoczmy je modlitw\u0105 i pro\u015bmy Boga by mia\u0142y dobry przyk\u0142ad w swoich rodzinach. Wszystkie pozosta\u0142e dzieci zapraszamy w tym tygodniu na Nabo\u017ce\u0144stwo majowe &nbsp;&nbsp;o godz. 17:30.<\/em><\/li>\n\n\n\n<li><strong><\/strong><strong>Obecny miesi\u0105c jest szczeg\u00f3lnie po\u015bwi\u0119cony Matce Bo\u017cej poprzez odprawianie nabo\u017ce\u0144stw \u201eMAJOWYCH\u201d<\/strong><em>. Nasza Ojczyzna od wiek\u00f3w s\u0142yn\u0119\u0142a z oddawania czci Maryi w \u015bpiewie<\/em> Litanii Loreta\u0144skiej w ro\u017cnych miejscach np. w ko\u015bcio\u0142ach, kaplicach, przy figurkach, przydro\u017cnych krzy\u017cach i w naszych domach. Ten obraz modl\u0105cego si\u0119 Ludu Bo\u017cego wielu z nas ci\u0105gle nosi w sobie. <strong>Zapraszamy na nabo\u017ce\u0144stwa ku czci Naj\u015bwi\u0119tszej Maryi Panny, codziennie o godz. 17:30.<\/strong><strong><\/strong><\/li>\n\n\n\n<li><strong>PAMI\u0118TAJMY!!!<\/strong> W czwartek szesnasty dzie\u0144 miesi\u0105ca (16 maja) &#8211; dzie\u0144 modlitw za\u00a0 <strong>Rodzin\u0119 i<\/strong> <strong>Bractwo Szkaplerzne.<\/strong> Zapraszamy osoby nale\u017c\u0105ce do tej wsp\u00f3lnoty i pragn\u0105ce w\u0142\u0105czy\u0107 si\u0119 do niej na Msz\u0119 \u015bw. z katechez\u0105 o godz. 18:00<em><u>. Po Mszy \u015bw. spotkanie popielgrzymkowe na plebani. Zapraszam wszystkich, kt\u00f3rzy wzi\u0119li udzia\u0142 w ostatniej pielgrzymce parafialnej do Warszawy, Niepokalanowa i Torunia.<\/u><\/em> <strong><em>W tym dniu mo\u017cna przyj\u0105\u0107 SZKLAPLERZ KARMELITA\u0143SKI.<\/em><\/strong><\/li>\n\n\n\n<li><strong><\/strong>Szczeg\u00f3ln\u0105 okazj\u0105 do modlitwy w intencji kandydat\u00f3w do <strong>BIERZMOWANIA<\/strong> jest trwaj\u0105ca <strong>NOWENNA PRZED UROCZYSTO\u015aCI\u0104 ZES\u0141ANIA DUCHA \u015aWI\u0118TEGO<\/strong>, po\u0142\u0105czona z nabo\u017ce\u0144stwem majowym o godz. 17:30. <em><\/em><\/li>\n\n\n\n<li>Uroczystym zwie\u0144czeniem tego czasu b\u0119dzie <strong>WIGILIA ZES\u0141ANIA DUCHA \u015aWI\u0118TEGO<\/strong> w sobot\u0119 18 maja\u00a0 od godz. 19:00 do godz. 21:00 na kt\u00f3r\u0105 <strong>zapraszamy Wsp\u00f3lnoty i Wiernych naszej parafii.<\/strong><\/li>\n\n\n\n<li><strong><\/strong><strong>W sobot\u0119 przypada 104 &#8211; rocznica urodzin WIELKIEGO POLAKA \u015aWI\u0118TEGO JANA PAW\u0141A II.<\/strong> Za wstawiennictwem \u015bw. Jana Paw\u0142a II pro\u015bmy o zako\u0144czenie wojny na Ukrainie, o pok\u00f3j na ca\u0142ym \u015bwiecie oraz o zgod\u0119 i jedno\u015b\u0107 w\u015br\u00f3d Polak\u00f3w.<\/li>\n\n\n\n<li><strong><\/strong>Wszystkim Jubilatom i Solenizantom tego tygodnia \u017cyczymy wszelkiego dobra w \u017cyciu,&nbsp;&nbsp;&nbsp;&nbsp;&nbsp;&nbsp;&nbsp;&nbsp;&nbsp;&nbsp;&nbsp;&nbsp;&nbsp;&nbsp;&nbsp;&nbsp;&nbsp;&nbsp;&nbsp;&nbsp; b\u0142ogos\u0142awie\u0144stwa Bo\u017cego i&nbsp; oddajemy pod opiek\u0119 Matki Bo\u017cej Szkaplerznej.<\/li>\n\n\n\n<li>Zach\u0119cam do nabywania nowego numeru \u201eGo\u015bcia Niedzielnego\u201d <strong>w cenie 10 z\u0142<\/strong> <strong>z dodatkiem<\/strong> <strong>\u201eGo\u015bcia Elbl\u0105skiego\u201d<\/strong> a w nim wydarzenia z diecezji.\u00a0<br><\/li>\n<\/ol>\n\n\n\n<div class=\"wp-block-group is-vertical is-layout-flex wp-container-core-group-is-layout-b7faace9 wp-block-group-is-layout-flex\">\n<p><strong>18 maja 2024r. <\/strong><\/p>\n\n\n\n<p><strong>Wigilia Zes\u0142ania Ducha \u015awi\u0119tego<\/strong><\/p>\n<\/div>\n\n\n\n<p>Zapraszamy do wzi\u0119cia udzia\u0142u w wyj\u0105tkowym wydarzeniu jakim jest WIGILIA UROCZYSTO\u015aCI ZES\u0141ANIA DUCHA \u015aWI\u0118TEGO. To szczeg\u00f3lne \u015bwi\u0119to wszystkich wsp\u00f3lnot, ludzi poszukuj\u0105cych Boga, pragn\u0105cych do\u015bwiadczy\u0107 Jego dzia\u0142ania. W programie przewidziana Uroczysta Msza \u015awi\u0119ta, katecheza, adoracja, \u015bpiew, uwielbienie, agapa.<\/p>\n\n\n\n<p>18:00\u00a0\u00a0 Uroczysta Msza \u015awi\u0119ta<br>19:00\u00a0\u00a0 Zawi\u0105zanie wsp\u00f3lnoty<br>19:15\u00a0 \u2013 powitanie uczestnik\u00f3w czuwania<br>\u00a0\u00a0\u00a0\u00a0\u00a0\u00a0\u00a0\u00a0\u00a0\u00a0\u00a0\u00a0\u00a0\u00a0 \u00a0 &#8211; Hymn do Ducha \u015awi\u0119tego<br>                 &#8211; Nowenna do Ducha \u015awi\u0119tego &#8211; dzie\u0144 9<br>19:30\u00a0 Koronka ku Czci Ducha \u015awi\u0119tego w intencji ko\u015bcio\u0142a i odnowy \u015bwiata.<br>19:50\u00a0 Konferencja na temat: \u201eOwoce Ducha \u015awi\u0119tego\u201d<br>           Modlitwa o dary i owoce\u00a0 Ducha \u015awi\u0119tego<br>20:20\u00a0 <em>Pie\u015b\u0144 na wystawienie<\/em><br>20:30\u00a0 Adoracja Naj\u015bwi\u0119tszego Sakramentu:<br>            &#8211; modlitwa o wylanie Ducha \u015awi\u0119tego na parafi\u0119 i nasze rodziny<br>\u00a0\u00a0\u00a0\u00a0\u00a0\u00a0\u00a0\u00a0\u00a0\u00a0\u00a0 &#8211; uwielbienie Pana Jezusa<br>21.00 Apel Jasnog\u00f3rski<\/p>\n\n\n\n<p><strong>Agapa !<\/strong><br>Zapraszamy wszystkie osoby uczestnicz\u0105ce w Wigilii Zes\u0142ania Ducha \u015awi\u0119tego na AGAP\u0118 \u00a019.05.2024r (niedziela) godz. 16:00\u00a0 na plebanii na wsp\u00f3lne \u015bwi\u0119towanie Zes\u0142ania Ducha \u015awi\u0119tego.<\/p>\n\n\n\n<figure class=\"wp-block-image\" id=\"block-5f437b95-503a-4f29-91f7-75b7c74612d1\"><img decoding=\"async\" src=\"http:\/\/rafalk-elblag.pl\/wp-content\/uploads\/2020\/04\/baner-intencje-mszy.jpg\" alt=\"Obrazek posiada pusty atrybut alt; plik o nazwie baner-intencje-mszy.jpg\"\/><\/figure>\n\n\n\n<h1 class=\"wp-block-heading\" id=\"block-ebb85da5-2bf8-44c6-8a18-015b59726bae\">Intencje mszalne 12.05.2024 r.<\/h1>\n\n\n\n<p><strong>PONIEDZIA\u0141EK \/ 13 maja 2024<\/strong> \/ <strong>Naj\u015bwi\u0119tszej Maryi Panny Fatimskiej<\/strong> \/ J 16,29-33<br>8.00 \u015bp. Jan Bukowski (w 30 dzie\u0144 po pogrzebie)<br>18.00 \u015bp. Ma\u0142gorzata Rogalska<br>18.00 O nawr\u00f3cenie biednych grzesznik\u00f3w<\/p>\n\n\n\n<p><strong>WTOREK \/ 14 maja 2024<\/strong> \/ <strong>\u015bw. Macieja Aposto\u0142a<\/strong> \/ J 15,9-17<br>8.00 O nawr\u00f3cenie biednych grzesznik\u00f3w<br>18.00 \u015bp. Helena i Wincenty Kokoszka oraz zmarli z rodziny Kokoszka<br>18.00 \u015bp. rodzice Majerscy, Kuczewscy, Makuli\u0144scy oraz Zdzisia [k], Beatka i Bogdan<\/p>\n\n\n\n<p><strong>\u015aRODA \/ 15 maja 2024<\/strong> \/ J 17,11b-19<br>8.00 \u015bp. Roman Tykarski (w 5 rocznic\u0119 \u015bmierci)<br>8.00 O nawr\u00f3cenie biednych grzesznik\u00f3w<br>18.00 \u015bp. Zofia i Jan Jaworscy, Marianna i Boles\u0142aw Stan<br>18.00 \u015bp. Zofia Zdanowicz (intencja z okazji ziemskich urodzin i imienin)<\/p>\n\n\n\n<p><strong>CZWARTEK \/ 16 maja 2024 \/ \u015bw. Andrzeja Boboli<\/strong> \/ J 17,20-26<br>8.00 Za dusze w czy\u015b\u0107cu cierpi\u0105ce<br>8.00 O nawr\u00f3cenie biednych grzesznik\u00f3w<br>18.00 Za Rodzin\u0119 Karmelita\u0144sk\u0105 oraz za osoby, kt\u00f3re przyjm\u0105 Szkaplerz \u015bwi\u0119ty<br>18.00 Dzi\u0119kczynna w dniu urodzin Anny Kowal, z pro\u015bb\u0105 o Bo\u017ce b\u0142. i potrzebne dary Ducha \u015awi\u0119tego<\/p>\n\n\n\n<p><strong>PI\u0104TEK \/ 17 maja 2024 \/ Rocznica Po\u015bwi\u0119cenia Ko\u015bcio\u0142a Katedralnego w Elbl\u0105gu<\/strong><br>8.00 \u015bp. J\u00f3zef Czeszejko-Sochacki<br>18.00 O nawr\u00f3cenie biednych grzesznik\u00f3w<br>18.00 \u015bp. Bart\u0142omiej Cz\u0119\u015bcik (1 rocznica \u015bmierci)<\/p>\n\n\n\n<p><strong>SOBOTA \/ 18 maja 2024<\/strong> \/ J 21,20-25<br>8.00 \u015bp. Karol Wi\u015bniewski w dniu urodzin oraz za zmar\u0142ych z rodzin: Wi\u015bniewskich, Filar, Przygoda i Kubackich<br>8.00 O nawr\u00f3cenie biednych grzesznik\u00f3w<br>18.00 Za dar \u017cycia Pauliny (w 24 rocznic\u0119 urodzin) i Piotra (w 20 rocznic\u0119 urodzin) Sarapuk, z pro\u015bb\u0105 o dalsze b\u0142. i potrzebne \u0142aski podczas egzamin\u00f3w<br>18.00 Z pro\u015bb\u0105 o wylanie Ducha \u015awi\u0119tego na parafi\u0119 i Jego moc dla wsp\u00f3lnot, dzieci, m\u0142odzie\u017cy i naszych kap\u0142an\u00f3w<\/p>\n\n\n\n<p><strong>UROCZYSTO\u015a\u0106 ZES\u0141ANIA DUCHA \u015aWI\u0118TEGO \/ 19 maja 2024<\/strong> \/ J 15,26-27; 16,12-15<br>8.00 \u015bp. Ewa Radziszewska (w 5 rocznic\u0119 \u015bmierci), Danuta Radziszewska (w 6 rocznic\u0119 \u015bmierci)<br>8.00 \u015bp. Jolanta Zalewska (w 30 dzie\u0144 po pogrzebie)<br>10.00 \u015bp. Halina i Zdzis\u0142aw Urba\u0144scy<br>12.00 W intencji Parafian<br>15.00 \u015bp. Genowefa Sukiennik (9 rocznica \u015bmierci) oraz \u015bp. Jan i Stanis\u0142aw<br>18.00 O nawr\u00f3cenie biednych grzesznik\u00f3w<\/p>\n","protected":false},"excerpt":{"rendered":"<p>Duch \u015awi\u0119ty Duch \u015awi\u0119ty jest osob\u0105 Bosk\u0105, odr\u0119bn\u0105 od Ojca i&nbsp;Syna, pochodz\u0105c\u0105 od nich, r\u00f3wn\u0105 Im w&nbsp;godno\u015bci, b\u0119d\u0105c\u0105 wraz z&nbsp;Nimi jednym tylko Bogiem. Duch \u015awi\u0119ty pochodzi od Ojca i&nbsp;Syna jako odwieczne tchnienie i&nbsp;osobowy wyraz wzajemnej mi\u0142o\u015bci Ojca i&nbsp;Syna. Duch \u015awi\u0119ty jest trzeci\u0105 Osob\u0105 Bosk\u0105, kt\u00f3rego dary otrzymujemy podczas sakramentu bierzmowania. Zst\u0105pi\u0142 na Aposto\u0142\u00f3w w&nbsp;wieczerniku. Uczniowie [&hellip;]<\/p>\n","protected":false},"author":1,"featured_media":5464,"comment_status":"closed","ping_status":"closed","sticky":false,"template":"","format":"standard","meta":{"ngg_post_thumbnail":0,"footnotes":""},"categories":[11,8,4,3],"tags":[],"class_list":["post-5463","post","type-post","status-publish","format-standard","has-post-thumbnail","hentry","category-aktualnosci","category-blog","category-intencje","category-ogloszenia"],"_links":{"self":[{"href":"https:\/\/rafalk-elblag.pl\/index.php?rest_route=\/wp\/v2\/posts\/5463","targetHints":{"allow":["GET"]}}],"collection":[{"href":"https:\/\/rafalk-elblag.pl\/index.php?rest_route=\/wp\/v2\/posts"}],"about":[{"href":"https:\/\/rafalk-elblag.pl\/index.php?rest_route=\/wp\/v2\/types\/post"}],"author":[{"embeddable":true,"href":"https:\/\/rafalk-elblag.pl\/index.php?rest_route=\/wp\/v2\/users\/1"}],"replies":[{"embeddable":true,"href":"https:\/\/rafalk-elblag.pl\/index.php?rest_route=%2Fwp%2Fv2%2Fcomments&post=5463"}],"version-history":[{"count":1,"href":"https:\/\/rafalk-elblag.pl\/index.php?rest_route=\/wp\/v2\/posts\/5463\/revisions"}],"predecessor-version":[{"id":5465,"href":"https:\/\/rafalk-elblag.pl\/index.php?rest_route=\/wp\/v2\/posts\/5463\/revisions\/5465"}],"wp:featuredmedia":[{"embeddable":true,"href":"https:\/\/rafalk-elblag.pl\/index.php?rest_route=\/wp\/v2\/media\/5464"}],"wp:attachment":[{"href":"https:\/\/rafalk-elblag.pl\/index.php?rest_route=%2Fwp%2Fv2%2Fmedia&parent=5463"}],"wp:term":[{"taxonomy":"category","embeddable":true,"href":"https:\/\/rafalk-elblag.pl\/index.php?rest_route=%2Fwp%2Fv2%2Fcategories&post=5463"},{"taxonomy":"post_tag","embeddable":true,"href":"https:\/\/rafalk-elblag.pl\/index.php?rest_route=%2Fwp%2Fv2%2Ftags&post=5463"}],"curies":[{"name":"wp","href":"https:\/\/api.w.org\/{rel}","templated":true}]}}