{"id":5457,"date":"2024-05-05T15:35:50","date_gmt":"2024-05-05T15:35:50","guid":{"rendered":"http:\/\/rafalk-elblag.pl\/?p=5457"},"modified":"2024-05-05T15:38:12","modified_gmt":"2024-05-05T15:38:12","slug":"05-05-2024-r-vi-niedziela-wielkanocy","status":"publish","type":"post","link":"https:\/\/rafalk-elblag.pl\/?p=5457","title":{"rendered":"05.05.2024 r., VI Niedziela Wielkanocy"},"content":{"rendered":"\n<h2 class=\"wp-block-heading\" id=\"block-de4dbcd2-5192-419e-9a16-24c75cd43305\"><strong>Nabo\u017ce\u0144stwo majowe<\/strong><\/h2>\n\n\n\n<p>Wed\u0142ug mariolog\u00f3w nabo\u017ce\u0144stwo majowe wymy\u015bli\u0142 \u015bw. Cyryl Aleksandyryjski, kt\u00f3ry s\u0142yn\u0105\u0142 z&nbsp;\u017carliwej obrony boskiego macierzy\u0144stwa Maryi. Tzw. &#8222;majowe&#8221; na&nbsp;Wschodzie znane by\u0142y ju\u017c przed XVIII w. Rozpowszechnili je&nbsp;tam chrze\u015bcijanie koptyjscy. Zbierali si\u0119 oni wok\u00f3\u0142 figur Matki Bo\u017cej, gdzie wznosili modlitwy, \u015bpiewali pie\u015bni i&nbsp;uk\u0142adali kwiaty. W&nbsp;soboty nabo\u017ce\u0144stwo majowe przybiera\u0142o jeszcze bardziej uroczyst\u0105 form\u0119.<\/p>\n\n\n\n<p>Na zachodzie Europy propagatorem nabo\u017ce\u0144stw majowych w&nbsp;XIV wieku by\u0142 b\u0142. Henryk Suzo. XV i&nbsp;XVI wiek to&nbsp;czas, gdy nabo\u017ce\u0144stwo majowe propagowane by\u0142o w&nbsp;Ameryce \u015arodkowej i&nbsp;Po\u0142udniowej. Wolfang Seidl w&nbsp;1549 roku mia\u0142 podzieli\u0107 nabo\u017ce\u0144stwo majowe na&nbsp;4 cz\u0119\u015bci odpowiadaj\u0105ce tygodniom, w&nbsp;kt\u00f3rych przydzielone by\u0142y odpowiednie akty czci Jezusa i&nbsp;Maryi. W&nbsp;drugiej po\u0142owie XVI wieku nabo\u017ce\u0144stwa majowe kultywowa\u0142 \u015bw. Filip Neri, a&nbsp;ju\u017c na&nbsp;pocz\u0105tku XVII wieku zyska\u0142y one popularno\u015b\u0107 u&nbsp;dominikan\u00f3w we&nbsp;W\u0142oszech. Jako najwi\u0119kszego aposto\u0142a kultywuj\u0105cego nabo\u017ce\u0144stwa majowe uznaje si\u0119 jezuit\u0119 Alfonsa Muzzarelli&#8217;ego \u017cyj\u0105cego w&nbsp;XVIII wieku.<\/p>\n\n\n\n<p>Podczas nabo\u017ce\u0144stwa majowego najwa\u017cniejsz\u0105 modlitw\u0105 jest Litania do&nbsp;Matki Bo\u017cej. Z&nbsp;j\u0119zyka greckiego (gr. leitaneia) litania oznacza b\u0142aganie, pro\u015bb\u0119. Formu\u0142a litanii maryjnej pojawi\u0142a si\u0119 na&nbsp;prze\u0142omie XIII i&nbsp;XIV wieku. Powstawa\u0142y wtedy r\u00f3\u017cne wersje, z&nbsp;kt\u00f3rych najwi\u0119ksz\u0105 popularno\u015bci\u0105 cieszy\u0142a si\u0119 Litania Loreta\u0144ska.<\/p>\n\n\n\n<p>Nazwa &#8222;loreta\u0144ska&#8221; wywodzi si\u0119 od&nbsp;miejscowo\u015bci Loreto. Tam litania znana by\u0142a ju\u017c na&nbsp;pocz\u0105tku XVI wieku. \u015apiewano j\u0105 podczas \u015bwi\u0119cenia ogrodzenia wok\u00f3\u0142 \u015awi\u0119tego Domku \u2013&nbsp;domu zbudowanego z&nbsp;kamieni z&nbsp;Nazaretu, w&nbsp;kt\u00f3rym mieszka\u0142a Maryja. By\u0142 to&nbsp;o\u015brodek kultu maryjnego, w&nbsp;kt\u00f3rym pielgrzymi najch\u0119tniej modlili si\u0119 od\u015bpiewuj\u0105c wezwania Litanii Loreta\u0144skiej. Tekst Litanii Loreta\u0144skiej zosta\u0142 zatwierdzony w&nbsp;1587 roku przez papie\u017ca Sykstusa V.<\/p>\n\n\n\n<p>Publiczne odprawienie nabo\u017ce\u0144stwa majowego w Polsce mia\u0142o miejsce pierwszy raz w&nbsp;1837&nbsp;r. w&nbsp;ko\u015bciele \u015awi\u0119tego Krzy\u017ca w&nbsp;Warszawie. Nied\u0142ugo potem zacz\u0119to odprawia\u0107 je&nbsp;r\u00f3wnie\u017c w&nbsp;Krakowie i&nbsp;na Jasnej G\u00f3rze oraz&nbsp;w&nbsp;kilku innych ko\u015bcio\u0142ach. W&nbsp;ci\u0105gu 30 lat nabo\u017ce\u0144stwa majowe dotar\u0142y do&nbsp;ko\u015bcio\u0142\u00f3w w&nbsp;ca\u0142ej Polsce.<\/p>\n\n\n\n<p>Polska tradycja obejmuje \u015bpiew Litanii Loreta\u0144skiej nie&nbsp;tylko w&nbsp;ko\u015bcio\u0142ach. Na&nbsp;nabo\u017ce\u0144stwa majowe wierni gromadz\u0105 si\u0119 w&nbsp;ko\u015bcio\u0142ach, przy kapliczkach przydro\u017cnych i&nbsp;krzy\u017cach w&nbsp;godzinach wieczornych. \u015apiew wezwa\u0144 litanii i&nbsp;pie\u015bni maryjnych ma&nbsp;by\u0107 pochwa\u0142\u0105 dla&nbsp;Niepokalanej Maryi Matki Boga.&nbsp;<\/p>\n\n\n\n<p>Litania Loreta\u0144ska to jedna z najbardziej uduchowionych i g\u0142\u0119bokich form modlitwy katolickiej, skierowana do Maryi, Matki Jezusa Chrystusa. Jest to wyraz naszej wiary, nadziei i mi\u0142o\u015bci, kierowany do Naj\u015bwi\u0119tszej Maryi Panny, kt\u00f3ra przez wieki inspirowa\u0142a wiernych do g\u0142\u0119bokiej refleksji i duchowego rozwoju. W tej modlitwie, przez szereg wezwa\u0144, oddajemy cze\u015b\u0107 Maryi, prosz\u0105c o Jej wstawiennictwo i pomoc. Litania Loreta\u0144ska, b\u0119d\u0105ca zbiorem wezwa\u0144 i tytu\u0142\u00f3w Maryi, ukazuje Jej rol\u0119 w historii zbawienia i w \u017cyciu ka\u017cdego chrze\u015bcijanina. W litanii loreta\u0144skiej mamy a\u017c cztery grupy wezwa\u0144, kt\u00f3re maj\u0105 nam pom\u00f3c zrozumie\u0107 Matk\u0119 Bo\u017c\u0105; ale nie tylko J\u0105 sam\u0105, r\u00f3wnie\u017c Pana Boga. Tekst litanii, mo\u017ce sta\u0107 si\u0119 dla nas jak rekolekcje, jak zapis kolejnych punkt\u00f3w do rozmy\u015blania. &nbsp;<\/p>\n\n\n\n<p>Pobo\u017cno\u015b\u0107 to praktyki, natomiast duchowo\u015b\u0107 to styl \u017cycia. I my czasem koncentrujemy si\u0119 na tej pierwszej, zapominaj\u0105c o drugiej. Duchowo\u015b\u0107 to styl \u017cycia, a wi\u0119c warto przyj\u0105\u0107 styl \u017cycia Maryi, czyli Jej spos\u00f3b my\u015blenia, patrzenia i czynienia.<\/p>\n\n\n\n<p>Wezwania Litanii Loreta\u0144skiej s\u0105 \u017ar\u00f3d\u0142em inspiracji dla ka\u017cdego, kto d\u0105\u017cy do \u015bwi\u0119to\u015bci. Loreta\u0144ski opis Maryi zach\u0119ca wiernych do kontemplacji nad Jej \u017cyciem, kt\u00f3re jest przyk\u0142adem bezwarunkowej mi\u0142o\u015bci, pokory, i s\u0142u\u017cby Bogu oraz ludziom. Wezwania litanijne ukazuj\u0105 Maryj\u0119 jako wz\u00f3r chrze\u015bcija\u0144skiego \u017cycia, inspiruj\u0105c wiernych do \u017cycia wed\u0142ug ewangelicznych warto\u015bci. Dzi\u0119ki temu Litania nie jest tylko modlitw\u0105 o wstawiennictwo, ale staje si\u0119 drog\u0105 do duchowego wzrostu i \u015bwi\u0119to\u015bci, prowadz\u0105c\u0105 przez maryjne na\u015bladowanie do g\u0142\u0119bszej jedno\u015bci z Chrystusem. W ten spos\u00f3b, Litania Loreta\u0144ska, wpisuj\u0105c si\u0119 w codzienno\u015b\u0107 wiernych, przekszta\u0142ca ich \u017cycie. Loreta\u0144ski opis Maryi, bogaty w metafory i symbole, jest \u015bwiadectwem nie tylko historycznej pobo\u017cno\u015bci, ale tak\u017ce ci\u0105g\u0142ej aktualno\u015bci maryjnej duchowo\u015bci w \u017cyciu Ko\u015bcio\u0142a.<\/p>\n\n\n\n<figure class=\"wp-block-image\" id=\"block-11bfdc70-3a14-4d5e-94a4-c45b2bb4a6cf\"><a href=\"http:\/\/rafalk-elblag.pl\/wp-content\/uploads\/2021\/08\/ogloszenia-parafialne-baner-01a.jpg\"><img decoding=\"async\" src=\"http:\/\/rafalk-elblag.pl\/wp-content\/uploads\/2021\/08\/ogloszenia-parafialne-baner-01a.jpg\" alt=\"Obrazek posiada pusty atrybut alt; plik o nazwie ogloszenia-parafialne-baner-01a.jpg\"\/><\/a><\/figure>\n\n\n\n<h1 class=\"wp-block-heading\" id=\"block-6d42405b-4ab7-4d06-b960-74c4b8e7c4ea\">Og\u0142oszenia parafialne 05.05.2024 r.<\/h1>\n\n\n\n<ol class=\"wp-block-list\">\n<li><strong><\/strong>W dniu dzisiejszym zapraszamy na <strong>ADORACJ\u0118 NAJ\u015aWI\u0118TSZEGO SAKRAMENTU od godz. 16:00 do godz. 18:00.<\/strong><\/li>\n\n\n\n<li><strong><\/strong>W poniedzia\u0142ek wspominamy \u015bw. Aposto\u0142\u00f3w Filipa i Jakuba. W \u015brod\u0119&nbsp; 8 maja obchodzimy Uroczysto\u015b\u0107 \u015bw. Stanis\u0142awa, biskupa i m\u0119czennika, g\u0142\u00f3wnego patrona Polski.<em> Zapraszamy na Msze \u015bw. o godzinie 8.00 i 18.00.<\/em><\/li>\n\n\n\n<li><strong><\/strong>W przysz\u0142\u0105 Niedziel\u0119 obchodzimy Uroczysto\u015b\u0107 Wniebowst\u0105pienia Pa\u0144skiego.<\/li>\n\n\n\n<li><strong>W najbli\u017csz\u0105 sobot\u0119 11 maja o godz. 11:00 z naszej parafii, b\u0119dzie si\u0119 UROCZYSTO\u015a\u0106 I KOMUNII \u015aWI\u0118TEJ.<\/strong> <strong>Wszystkich Parafian<\/strong>&nbsp; <strong>prosz\u0119 o modlitw\u0119, aby te dzieci i ich Rodziny przez ca\u0142e \u017cycie trwa\u0142y w przyja\u017ani z Chrystusem.&nbsp;<\/strong><\/li>\n\n\n\n<li>W pierwsze niedziele miesi\u0105ca zbierana taca przeznaczona jest na inwestycje w naszej parafii. <em>B\u00f3g zap\u0142a\u0107 za sk\u0142adane ofiary<strong>.<\/strong><\/em><\/li>\n\n\n\n<li><strong><\/strong><strong>Obecny miesi\u0105c jest szczeg\u00f3lnie po\u015bwi\u0119cony Matce Bo\u017cej poprzez odprawianie nabo\u017ce\u0144stw \u201eMAJOWYCH\u201d<\/strong><em>. Nasza Ojczyzna od wiek\u00f3w s\u0142yn\u0119\u0142a z oddawania czci Maryi w \u015bpiewie<\/em> Litanii Loreta\u0144skiej w ro\u017cnych miejscach np. w ko\u015bcio\u0142ach, kaplicach, przy figurkach, przydro\u017cnych krzy\u017cach i w naszych domach. Ten obraz modl\u0105cego si\u0119 Ludu Bo\u017cego wielu z nas ci\u0105gle nosi w sobie. <strong>Zapraszamy na nabo\u017ce\u0144stwa ku czci Naj\u015bwi\u0119tszej Maryi Panny: doros\u0142ych i m\u0142odzie\u017c codziennie o godz. 17:30, a dzieci we wtorki i czwartki o godz. 16:30<\/strong>.<strong> <\/strong>Niech s\u0142owa pie\u015bni: \u201e<em>Zaufaj Maryi, a Ona twe troski jak Matka zamieni&nbsp; w rado\u015bci\u201d b\u0119d\u0105 dla nas drogowskazem w p\u00f3j\u015bciu w\u0142a\u015bciw\u0105 drog\u0105.<\/em><strong><\/strong><\/li>\n\n\n\n<li><strong><\/strong>Zapraszamy na spotkanie Kr\u0119gu biblijnego w \u015brod\u0119 8 maja o godzinie 18.45 do sali na plebanii.<\/li>\n\n\n\n<li><strong><\/strong><strong>Trwa okres Wielkanocny &#8211; czas rado\u015bci ze Zmartwychwstania Pana Jezusa. <\/strong><em>Zach\u0119camy&nbsp; wiernych do skorzystania z \u0142aski sakramentu pojednania i do przyj\u0119cia KOMUNII \u015aW. WIELKANOCNEJ. Spowied\u017a \u015bw. w tygodniu od 7:45 oraz od godz. 17:30.<\/em><\/li>\n\n\n\n<li>Fundacja \u015bw. Brata Alberta organizuje koloni\u0119 dla dzieci i m\u0142odzie\u017cy w Portoro\u017c, na S\u0142owenii, w terminie 4 &#8211; 14 lipca br. Koszt 1.200 z\u0142. plus 315 euro. <em>Wi\u0119cej informacji u ks. Proboszcza.<\/em><\/li>\n\n\n\n<li>Wszystkim Jubilatom i Solenizantom tego tygodnia \u017cyczymy wszelkiego dobra w \u017cyciu, b\u0142ogos\u0142awie\u0144stwa Bo\u017cego i\u00a0 oddajemy pod opiek\u0119 Matki Bo\u017cej Szkaplerznej.<\/li>\n\n\n\n<li><strong><\/strong>&nbsp;W ostatnim czasie odeszli do wieczno\u015bci:<br>\u015bp. Danuta Kondracka lat 65<br>\u015bp. Michalina Wo\u017aniak lat 97<\/li>\n<\/ol>\n\n\n\n<figure class=\"wp-block-image\" id=\"block-5f437b95-503a-4f29-91f7-75b7c74612d1\"><img decoding=\"async\" src=\"http:\/\/rafalk-elblag.pl\/wp-content\/uploads\/2020\/04\/baner-intencje-mszy.jpg\" alt=\"Obrazek posiada pusty atrybut alt; plik o nazwie baner-intencje-mszy.jpg\"\/><\/figure>\n\n\n\n<h1 class=\"wp-block-heading\" id=\"block-ebb85da5-2bf8-44c6-8a18-015b59726bae\">Intencje mszalne 05.05.2024 r.<\/h1>\n\n\n\n<p><strong>PONIEDZIA\u0141EK \/ 6 maja 2024 \/ \u015bw. Aposto\u0142\u00f3w Filipa i Jakuba<\/strong> \/ J 14,6-14<br>8.00 \u015bp. Genowefa Borowiecka (w 32 rocznic\u0119 \u015bmierci) oraz zmarli z rodziny Borowieckich i Skali\u0144skich<br>8.00 \u015bp. Stanis\u0142awa [k] Mochol (w 5 miesi\u0105c po \u015bmierci)<br>18.00 O nawr\u00f3cenie biednych grzesznik\u00f3w<\/p>\n\n\n\n<p><strong>WTOREK \/ 7 maja 2024<\/strong> \/ J 16,5-11<br>8.00 O nawr\u00f3cenie biednych grzesznik\u00f3w<br>18.00 Dzi\u0119kczynna z okazji urodzin Tobiasza, z pro\u015bb\u0105 o Bo\u017ce b\u0142., dary Ducha \u015awi\u0119tego i opiek\u0119 Matki Bo\u017cej Szkaplerznej<br>18.00 \u015bp. Stanis\u0142aw i Stefania [k] \u017buromscy<\/p>\n\n\n\n<p><strong>\u015aRODA \/ 8 maja 2024 \/ \u015bw. Stanis\u0142awa, biskupa<\/strong> \/ J 10,11-16<br>8.00 O nawr\u00f3cenie biednych grzesznik\u00f3w<br>18.00 \u015bp. Stanis\u0142aw Wala, Stanis\u0142awa [k] Osowska i zmarli z tych rodzin<br>18.00 rezerwacja<\/p>\n\n\n\n<p><strong>CZWARTEK \/ 9 maja 2024<\/strong> \/ J 16,16-20<br>8.00 \u015bp. El\u017cbieta i Zygmunt \u017baczek, Andrzej Marsza\u0142<br>18.00 O nawr\u00f3cenie biednych grzesznik\u00f3w<br>18.00 Dzi\u0119kczynna z okazji 14 urodzin Marcina, z pro\u015bb\u0105 o Bo\u017ce b\u0142. i opiek\u0119 Matki Bo\u017cej<\/p>\n\n\n\n<p><strong>PI\u0104TEK \/ 10 maja 2024<\/strong> \/ J 16,20-23a<br>8.00 O nawr\u00f3cenie biednych grzesznik\u00f3w<br>18.00 \u015bp. J\u00f3zef S\u0142omi\u0144ski (31 rocznica \u015bmierci) i zmarli z rodziny<br>18.00 \u015bp. Franciszek, Mieczys\u0142awa, Bernard Kuca, Ewa i zmarli z rodziny Gory\u0144skich<\/p>\n\n\n\n<p><strong>SOBOTA \/ 11 maja 2024<\/strong> \/ J 16,23b-28<br>8.00 O nawr\u00f3cenie biednych grzesznik\u00f3w<br>11.00 UROCZYSTO\u015a\u0106 I KOMUNII \u015aW.<br>18.00 \u015bp. Wiktoria i W\u0142adys\u0142aw Bielscy, S\u0142awomir Kulpa, Maria, Bronis\u0142aw i Pawe\u0142 Chrapowiccy<\/p>\n\n\n\n<p><strong>UROCZYSTO\u015a\u0106 WNIEBOWST\u0104PIENIA PA\u0143SKIEGO \/ 12 maja 2024<\/strong> \/ Mk 16,15-20<br>8.00 \u015bp. Stanis\u0142aw Kieza, J\u00f3zef Czeszejko-Sochacki<br>10.00 O dar m\u0105dro\u015bci i roztropno\u015bci w codzienno\u015bci dla Nikodema i jego rodziny, Agnieszki i ca\u0142ej rodziny zakonnej oraz Magdaleny i jej rodziny<br>12.00 W intencji Parafian<br>15.00 O nawr\u00f3cenie biednych grzesznik\u00f3w<br>18.00 \u015bp. Regina i Wiktor Zgleniccy i zmarli z rodziny Wile\u0144skich i Zglenickich<\/p>\n","protected":false},"excerpt":{"rendered":"<p>Nabo\u017ce\u0144stwo majowe Wed\u0142ug mariolog\u00f3w nabo\u017ce\u0144stwo majowe wymy\u015bli\u0142 \u015bw. Cyryl Aleksandyryjski, kt\u00f3ry s\u0142yn\u0105\u0142 z&nbsp;\u017carliwej obrony boskiego macierzy\u0144stwa Maryi. Tzw. &#8222;majowe&#8221; na&nbsp;Wschodzie znane by\u0142y ju\u017c przed XVIII w. Rozpowszechnili je&nbsp;tam chrze\u015bcijanie koptyjscy. Zbierali si\u0119 oni wok\u00f3\u0142 figur Matki Bo\u017cej, gdzie wznosili modlitwy, \u015bpiewali pie\u015bni i&nbsp;uk\u0142adali kwiaty. W&nbsp;soboty nabo\u017ce\u0144stwo majowe przybiera\u0142o jeszcze bardziej uroczyst\u0105 form\u0119. Na zachodzie Europy [&hellip;]<\/p>\n","protected":false},"author":1,"featured_media":5461,"comment_status":"closed","ping_status":"closed","sticky":false,"template":"","format":"standard","meta":{"ngg_post_thumbnail":0,"footnotes":""},"categories":[11,8,4,3],"tags":[],"class_list":["post-5457","post","type-post","status-publish","format-standard","has-post-thumbnail","hentry","category-aktualnosci","category-blog","category-intencje","category-ogloszenia"],"_links":{"self":[{"href":"https:\/\/rafalk-elblag.pl\/index.php?rest_route=\/wp\/v2\/posts\/5457","targetHints":{"allow":["GET"]}}],"collection":[{"href":"https:\/\/rafalk-elblag.pl\/index.php?rest_route=\/wp\/v2\/posts"}],"about":[{"href":"https:\/\/rafalk-elblag.pl\/index.php?rest_route=\/wp\/v2\/types\/post"}],"author":[{"embeddable":true,"href":"https:\/\/rafalk-elblag.pl\/index.php?rest_route=\/wp\/v2\/users\/1"}],"replies":[{"embeddable":true,"href":"https:\/\/rafalk-elblag.pl\/index.php?rest_route=%2Fwp%2Fv2%2Fcomments&post=5457"}],"version-history":[{"count":2,"href":"https:\/\/rafalk-elblag.pl\/index.php?rest_route=\/wp\/v2\/posts\/5457\/revisions"}],"predecessor-version":[{"id":5462,"href":"https:\/\/rafalk-elblag.pl\/index.php?rest_route=\/wp\/v2\/posts\/5457\/revisions\/5462"}],"wp:featuredmedia":[{"embeddable":true,"href":"https:\/\/rafalk-elblag.pl\/index.php?rest_route=\/wp\/v2\/media\/5461"}],"wp:attachment":[{"href":"https:\/\/rafalk-elblag.pl\/index.php?rest_route=%2Fwp%2Fv2%2Fmedia&parent=5457"}],"wp:term":[{"taxonomy":"category","embeddable":true,"href":"https:\/\/rafalk-elblag.pl\/index.php?rest_route=%2Fwp%2Fv2%2Fcategories&post=5457"},{"taxonomy":"post_tag","embeddable":true,"href":"https:\/\/rafalk-elblag.pl\/index.php?rest_route=%2Fwp%2Fv2%2Ftags&post=5457"}],"curies":[{"name":"wp","href":"https:\/\/api.w.org\/{rel}","templated":true}]}}