{"id":5451,"date":"2024-04-27T19:26:20","date_gmt":"2024-04-27T19:26:20","guid":{"rendered":"http:\/\/rafalk-elblag.pl\/?p=5451"},"modified":"2024-05-01T22:27:26","modified_gmt":"2024-05-01T22:27:26","slug":"28-04-2024-r-v-niedziela-wielkanocy","status":"publish","type":"post","link":"https:\/\/rafalk-elblag.pl\/?p=5451","title":{"rendered":"28.04.2024 r., V Niedziela Wielkanocy"},"content":{"rendered":"\n<h2 class=\"wp-block-heading\" id=\"block-de4dbcd2-5192-419e-9a16-24c75cd43305\">Kr\u00f3lowa Polski<\/h2>\n\n\n\n<p>Otrzymali\u015bmy od Pana Jezusa dwa najwi\u0119ksze dary, oba zwi\u0105zane z krzy\u017cem. Jeden to Naj\u015bwi\u0119tszy Sakrament, ustanowiony na pami\u0105tk\u0119 \u015bmierci krzy\u017cowej Zbawiciela: \u201eIlekro\u0107 bowiem spo\u017cywacie ten chleb albo pijecie kielich, \u015bmier\u0107 Pa\u0144sk\u0105 g\u0142osicie, a\u017c przyjdzie.\u201d (1 Kor 11, 26). Drugi dar, dany nam z krzy\u017ca, to Maryja! \u201ePotem rzek\u0142 uczniowi: Oto matka twoja!\u201d C\u00f3\u017c m\u00f3g\u0142 wi\u0119cej nam odda\u0107? Odda\u0142 nam swe Cia\u0142o w Naj\u015bwi\u0119tszym Sakramencie. Zosta\u0142a mu jeszcze matka i j\u0105 odda\u0142 nam z krzy\u017ca! Jest wi\u0119c Maryja kr\u00f3low\u0105 i matk\u0105 dla Ko\u015bcio\u0142a z woli Pana Jezusa.<\/p>\n\n\n\n<p>Za panowania kr\u00f3la&nbsp;Zygmunta III Wazy&nbsp;mia\u0142o miejsce wydarzenie, o kt\u00f3rym dzi\u015b ju\u017c ma\u0142o kto m\u00f3wi. \u017by\u0142 w\u00f3wczas w Neapolu o.&nbsp;Juliusz Mancinelli, jezuita s\u0142awny ze swej \u015bwi\u0119to\u015bci. Odznacza\u0142 si\u0119 wielkim nabo\u017ce\u0144stwem do Niepokalanej i polskich \u015bwi\u0119tych, a zw\u0142aszcza \u015bw. Stanis\u0142awa biskupa i \u015bw. Stanis\u0142awa Kostki.<\/p>\n\n\n\n<p>Jako \u017ce by\u0142 wielkim misjonarzem&nbsp;modli\u0142 si\u0119 cz\u0119sto za Polsk\u0119 i wspiera\u0142 finansowo&nbsp;dzie\u0142a charytatywne w naszym kraju.&nbsp;<\/p>\n\n\n\n<p>Pewnego sierpniowego dnia w&nbsp;1608 roku, gdy o. Juliusz by\u0142 zatopiony w modlitwie,&nbsp;ukaza\u0142a si\u0119 mu Niepokalana Dziewica z Dzieci\u0105tkiem Jezus na r\u0119ku, a u Jej st\u00f3p kl\u0119cza\u0142 \u015bw. Stanis\u0142aw Kostka. Jezuita pozdrowi\u0142 Maryj\u0119 najpi\u0119kniej jak potrafi\u0142, na co Ona odpowiedzia\u0142a: \u201eA czemu mnie Kr\u00f3low\u0105 Polski nie zowiesz? Ja to kr\u00f3lestwo wielce umi\u0142owa\u0142am i wielkie rzeczy dla\u0144 zamierzam, poniewa\u017c osobliw\u0105 mi\u0142o\u015bci\u0105 ku Mnie pa\u0142aj\u0105 jego synowie\u201d.<\/p>\n\n\n\n<p>Maryja o. Juliuszowi ukaza\u0142a si\u0119 trzykrotnie. Za drugim razem, gdy ten przebywa\u0142 w Polsce, ju\u017c&nbsp;sama przedstawi\u0142a si\u0119 jako \u201eKr\u00f3lowa Polski\u201d: <em>\u201eJestem Kr\u00f3low\u0105 Polski. Jestem Matk\u0105 tego narodu, kt\u00f3ry jest mi bardzo drogi, wi\u0119c wstawiaj si\u0119 do Mnie za nim i o pomy\u015blno\u015b\u0107 tej ziemi b\u0142agaj nieustannie,<\/em> <em>a ja b\u0119d\u0119 Ci zawsze, tak jak teraz, mi\u0142o\u015bciwa\u201d.<\/em><em><\/em><\/p>\n\n\n\n<p>Wiadomo\u015b\u0107 o objawieniu dotar\u0142a do kr\u00f3la&nbsp;Zygmunta III Wazy&nbsp;i do ca\u0142ego narodu. Jak \u0142atwo si\u0119 domy\u015bli\u0107, entuzjazm w naszej Ojczy\u017anie by\u0142 niewypowiedziany. W roku&nbsp;1640 ks. Szymon Starowski napisa\u0142, \u017ce ikonograficznym przedstawieniem Kr\u00f3lowej Polski jest Jasnog\u00f3rski Obraz. Jednak, aby rzeczywi\u015bcie uzna\u0107 w\u0142a\u015bnie ten wizerunek jako najbardziej odpowiedni do tytu\u0142u Kr\u00f3lowej Polski potrzebna by\u0142a oficjalna decyzja kr\u00f3la.<\/p>\n\n\n\n<p>Decyzj\u0119 o tym, by Maryi nada\u0107 oficjalny&nbsp;tytu\u0142 Kr\u00f3lowej Polski podj\u0105\u0142 Jan Kazimierz. A by\u0142o to w grudniu 1655&nbsp;roku, gdy obrona Jasnej G\u00f3ry okaza\u0142a si\u0119 punktem zwrotnym w przebiegu kampanii szwedzkiej. Ponad trzy miesi\u0105ce p\u00f3\u017aniej,&nbsp;1 kwietnia 1656 roku,&nbsp;polski w\u0142adca, w katedrze lwowskiej, obra\u0142 Naj\u015bwi\u0119tsz\u0105 Maryj\u0119 Pann\u0119 Kr\u00f3low\u0105 Polski.&nbsp;To&nbsp;uroczyste \u015blubowanie stanowi\u0142o form\u0119 elekcji. Jego odpis wys\u0142ano do Rzymu. Jan Kazimierz tym samym uzna\u0142, \u017ce najskuteczniejszym sposobem ratowania ojczyzny jest oddanie w\u0142adzy Maryi.&nbsp;<\/p>\n\n\n\n<p>Od \u015blub\u00f3w Jana Kazimierza w naszym kraju&nbsp;coraz wyra\u017aniej by\u0142o wida\u0107 oznaki kr\u00f3lowania Maryi. W narodzie pog\u0142\u0119bia\u0142o si\u0119 zrozumienie Jej godno\u015bci i wzrasta\u0142 kult. Wtedy to&nbsp;w Zakonie Paulin\u00f3w narodzi\u0142o si\u0119 pragnienie, by na skronie Matki Bo\u017cej Jasnog\u00f3rskiej na\u0142o\u017cy\u0107 korony. Nie wiedzieli jednak, czy to w og\u00f3le mo\u017cliwe, gdy\u017c&nbsp;&nbsp;do tej pory \u017caden obraz poza granicami Rzymu nie by\u0142 ukoronowany. Wys\u0142ali wi\u0119c stosowne pismo do papie\u017ca Klemensa XI.&nbsp;W 1716 roku papie\u017c Klemens XI zezwoli\u0142 na wyr\u00f3\u017cnienie Jasnog\u00f3rskiego Obrazu&nbsp;w ten szczeg\u00f3lny spos\u00f3b, a kilka miesi\u0119cy p\u00f3\u017aniej wys\u0142a\u0142 do Polski po\u015bwi\u0119cone korony.<\/p>\n\n\n\n<p>Uroczysta koronacja odby\u0142a si\u0119 8 wrze\u015bnia 1717 roku, a dokona\u0142 jej biskup&nbsp;Krzysztof Jan Szembek&nbsp;w obecno\u015bci 200-tysi\u0119cznej rzeszy wiernych. By\u0142o to wydarzenie ogromnej rangi. Po raz pierwszy w historii Ko\u015bcio\u0142a katolickiego koronacji dokonano poza Wiecznym Miastem. Celebracja jasnog\u00f3rska przerodzi\u0142a si\u0119 w kilkudniowe, narodowe rekolekcje.&nbsp;W\u0142a\u015bnie&nbsp;od tego wydarzenia Jasna G\u00f3ra sta\u0142a si\u0119 tronem&nbsp;Kr\u00f3lowej Polski. &nbsp;Niezr\u00f3wnana godno\u015b\u0107 Maryi nie oddala Jej od nas. Kr\u00f3lowanie pozwala Jej by\u0107 zawsze blisko ludzi i otacza\u0107 ich opiek\u0105. Maryja zna wszystko, co dzieje si\u0119 w naszej codzienno\u015bci i z macierzy\u0144sk\u0105 mi\u0142o\u015bci\u0105 podtrzymuje nas w do\u015bwiadczeniach \u017cycia. Jako Kr\u00f3lowa Maryja cieszy si\u0119 uzyskan\u0105 od Boga moc\u0105 wyzwalania \u015bwiata od jego nieszcz\u0119\u015b\u0107 oraz moc\u0105 doprowadzania ludzi do chrze\u015bcija\u0144skiej dojrza\u0142o\u015bci i do nieba<\/p>\n\n\n\n<figure class=\"wp-block-image\" id=\"block-11bfdc70-3a14-4d5e-94a4-c45b2bb4a6cf\"><a href=\"http:\/\/rafalk-elblag.pl\/wp-content\/uploads\/2021\/08\/ogloszenia-parafialne-baner-01a.jpg\"><img decoding=\"async\" src=\"http:\/\/rafalk-elblag.pl\/wp-content\/uploads\/2021\/08\/ogloszenia-parafialne-baner-01a.jpg\" alt=\"Obrazek posiada pusty atrybut alt; plik o nazwie ogloszenia-parafialne-baner-01a.jpg\"\/><\/a><\/figure>\n\n\n\n<h1 class=\"wp-block-heading\" id=\"block-6d42405b-4ab7-4d06-b960-74c4b8e7c4ea\">Og\u0142oszenia parafialne 28.04.2024 r.<\/h1>\n\n\n\n<ol class=\"wp-block-list\">\n<li><strong>NAJPI\u0118KNIEJSZY MIESI\u0104C MAJ<\/strong> &#8211; zapraszamy na nabo\u017ce\u0144stwa ku czci Naj\u015bwi\u0119tszej Maryi Panny, tzw. <strong>\u201eMAJOWE\u201d: <\/strong>doros\u0142ych i m\u0142odzie\u017c codziennie o godz. 17:30, a dzieci&nbsp;we wtorki i w czwartki&nbsp; o godz. 16:30.<\/li>\n\n\n\n<li><strong><\/strong><strong>W \u015brod\u0119 1 maja br<\/strong><strong>. dodatkowa Msza \u015bw. o godz. 11:00 <\/strong>w intencji wszystkich ludzi pracy, bezrobotnych i poszukuj\u0105cych pracy. <em>Niech \u015bw. J\u00f3zef wyprasza nam wszystkim potrzebne \u0142aski. ZAPRASZAMY.<\/em><\/li>\n\n\n\n<li>\u201eNa pi\u0105tek 3 maja 2024 r. (\u015bwi\u0119to ko\u015bcielne i narodowe) udzielam <strong>dyspensy od obowi\u0105zku zachowania wstrzemi\u0119\u017aliwo\u015bci od pokarm\u00f3w mi\u0119snych.<\/strong> Niniejsza dyspensa dotyczy diecezjan oraz os\u00f3b, kt\u00f3re tego dnia przebywaj\u0105 w granicach diecezji elbl\u0105skiej. R\u00f3wnocze\u015bnie prosz\u0119, by wszyscy korzystaj\u0105cy z dyspensy dobrowolnie, przy okazji, wsparli ja\u0142mu\u017cn\u0105 znajduj\u0105cych si\u0119 w potrzebie.\u201d<em>+Jacek Jezierski, biskup elbl\u0105ski<\/em><\/li>\n\n\n\n<li><strong>W pi\u0105tek (3.05.) przypada Uroczysto\u015b\u0107 Naj\u015bwi\u0119tszej Maryi Panny Kr\u00f3lowej Polski. <\/strong>W tym dniu zapraszamy na Msze \u015bw. o godz.: 8:00, 11:00 i 18:00. <em>B\u0119dziemy wsp\u00f3lnie dzi\u0119kowa\u0107 za wolno\u015b\u0107 naszej Ojczyzny i prosi\u0107 Boga o m\u0105dro\u015b\u0107 i odpowiedzialno\u015b\u0107 dla narodu polskiego.<\/em><\/li>\n\n\n\n<li>W tym tygodniu przypada pierwszy czwartek, pi\u0105tek i sobota miesi\u0105ca maja: <br>1 ) <strong>w pierwszy czwartek (2.05.)<\/strong> b\u0119dziemy modli\u0107 si\u0119<strong> <\/strong>o \u015bwi\u0119to\u015b\u0107 dla kap\u0142an\u00f3w oraz&nbsp;o liczne i \u015bwi\u0119te powo\u0142ania kap\u0142a\u0144skie, zakonne i misyjne z naszej parafii. <strong>Zapraszamy na Msz\u0119 \u015bw. o godz. 18:00 a po na ,,Godzin\u0119 \u015awi\u0119t\u0105\u201d<\/strong>, czyli Adoracj\u0119 przed Naj\u015bwi\u0119tszym Sakramentem&nbsp; w powy\u017cszych intencjach.<br>2) <strong>w pierwszy pi\u0105tek miesi\u0105ca<\/strong> <strong>(3.05.)<\/strong> zapraszamy do spowiedzi dzieci, m\u0142odzie\u017c&nbsp;i doros\u0142ych w tygodniu od godz. 17:30. <strong>Msza \u015bw. dla wszystkich w pierwszy pi\u0105tek&nbsp;&#8211; 5 maja o godz. 18:00. <\/strong><br>3) <strong>w pierwsz\u0105 sobot\u0119 (4.05.)<\/strong> przed Msz\u0105 \u015bw. o godz. 17:00 zapraszamy na nabo\u017ce\u0144stwo wynagradzaj\u0105ce Niepokalanemu Sercu Maryi za zniewagi grzesznik\u00f3w. <em>Tego dnia zmiana tajemnic dla \u017bywego R\u00f3\u017ca\u0144ca.<\/em><\/li>\n\n\n\n<li><strong><\/strong>W pierwszy pi\u0105tek miesi\u0105ca (3.05.) ks. Proboszcz z Panem Jezusem uda si\u0119 do chorych od godz. 9:30, natomiast ks. Sylwester i ks. Mateusz w sobot\u0119 (4.05.) od godz. 9:30.<\/li>\n\n\n\n<li><strong>Spotkania dla przygotowuj\u0105cych si\u0119 do Sakramentu Bierzmowania, m\u0142odzie\u017cy z roku II odbywaj\u0105 si\u0119 <\/strong>w ka\u017cdy poniedzia\u0142ek po Mszy \u015bw. o godz. 19:00 z ks. Mateuszem. <em>Obecno\u015b\u0107 kandydat\u00f3w na powy\u017cszych spotkaniach jest obowi\u0105zkowa.<\/em><\/li>\n\n\n\n<li><strong><\/strong><strong>Trwa okres Wielkanocny &#8211; czas rado\u015bci ze Zmartwychwstania Pana Jezusa. <\/strong><em>Zach\u0119camy&nbsp; wiernych do skorzystania z \u0142aski sakramentu pojednania i do przyj\u0119cia KOMUNII \u015aW. WIELKANOCNEJ. Spowied\u017a \u015bw. w tygodniu od 7:45 oraz od godz. 17:30.<\/em><\/li>\n\n\n\n<li>Fundacja \u015bw. Brata Alberta organizuje koloni\u0119 dla dzieci i m\u0142odzie\u017cy w Portoro\u017c,&nbsp;na S\u0142owenii, w terminie 4 &#8211; 14 lipca br. Koszt 1.200 z\u0142. plus 315 euro. <em>Wi\u0119cej informacji u ks. Proboszcza.<\/em><\/li>\n\n\n\n<li>Wszystkim Jubilatom i Solenizantom tego tygodnia \u017cyczymy wszelkiego dobra w \u017cyciu&nbsp;i b\u0142ogos\u0142awie\u0144stwa Bo\u017cego.<\/li>\n\n\n\n<li><strong><\/strong>\u201eGo\u015b\u0107 Niedzielny\u201d z dodatkiem Go\u015bcia Elbl\u0105skiego w cenie 10 z\u0142. oraz dwumiesi\u0119cznik \u201eHistoria Ko\u015bcio\u0142a\u201d w cenie 12 z\u0142 do nabycia przed ko\u015bcio\u0142em.<\/li>\n\n\n\n<li>W ostatnim czasie odszed\u0142 do wieczno\u015bci:<br>\u015bp. Miros\u0142aw ZALEWSKI lat 69 z ul. Korczaka<br><em>Wieczny odpoczynek racz mu da\u0107 Panie\u2026<\/em><\/li>\n<\/ol>\n\n\n\n<figure class=\"wp-block-image\" id=\"block-5f437b95-503a-4f29-91f7-75b7c74612d1\"><img decoding=\"async\" src=\"http:\/\/rafalk-elblag.pl\/wp-content\/uploads\/2020\/04\/baner-intencje-mszy.jpg\" alt=\"Obrazek posiada pusty atrybut alt; plik o nazwie baner-intencje-mszy.jpg\"\/><\/figure>\n\n\n\n<h1 class=\"wp-block-heading\" id=\"block-ebb85da5-2bf8-44c6-8a18-015b59726bae\">Intencje mszalne 28.04.2024 r.<\/h1>\n\n\n\n<p><strong>PONIEDZIA\u0141EK \/ 29 kwietnia 2024<\/strong> \/ Mt 11,25-30<br>8.00 O nawr\u00f3cenie biednych grzesznik\u00f3w<br>18.00 \u015bp. Franciszka [k] Urba\u0144ska, Zofia Doma\u0144ska<\/p>\n\n\n\n<p><strong>WTOREK \/ 30 kwietnia 2024 \/ \u015bw. Piusa V<\/strong> \/ Mt 14,27-31a<br>8.00 O nawr\u00f3cenie biednych grzesznik\u00f3w<br>18.00 \u015bp. Stanis\u0142aw Wala i zmarli z rodziny<br>18.00 \u015bp. Mieczys\u0142aw Bergius<\/p>\n\n\n\n<p><strong>\u015aRODA \/ 1 maja 2024 \/ \u015bw. J\u00f3zefa, rzemie\u015blnika<\/strong> \/ J 15,1-8<br>8.00 Dzi\u0119kczynna z okazji 20 rocznicy \u015blubu Urszuli i Henryka, z pro\u015bb\u0105 o Bo\u017ce b\u0142. i opiek\u0119 Matki Bo\u017cej na dalsze lata<br>11.00 Za ludzi bezrobotnych, poszukuj\u0105cych pracy oraz za pracodawc\u00f3w aby zawsze uczciwie traktowali swoich pracownik\u00f3w<br>18.00 O nawr\u00f3cenie biednych grzesznik\u00f3w<\/p>\n\n\n\n<p><strong>CZWARTEK \/ 2 maja 2024 \/ \u015bw. Atanazego<\/strong> \/ J 15,9-11<br>8.00 O nawr\u00f3cenie biednych grzesznik\u00f3w<br>18.00 \u015bp. Bazyli i Stefania [k]<br>18.00 Za WSD w Elbl\u0105gu oraz o nowe powo\u0142ania kap\u0142a\u0144skie, zakonne i misyjne<\/p>\n\n\n\n<p><strong>PI\u0104TEK \/ 3 maja 2024 Uroczysto\u015b\u0107 Naj\u015bwi\u0119tszej Maryi Panny Kr\u00f3lowej Polski<\/strong> \/ J 19,25-27<br>8.00 O b\u0142. Bo\u017ce, opiek\u0119 Matki Bo\u017cej i dary Ducha \u015awi\u0119tego dla Moniki Go\u0142y\u0144skiej w 88 urodziny<br>8.00 O nawr\u00f3cenie biednych grzesznik\u00f3w<br>11.00 W intencji Ojczyzny<br>18.00 \u015bp. rodzice Rybiccy: Kazimiera i Antoni oraz siostra Bogumi\u0142a, Jan i Benedykt, zmarli z rodzin: Rybickich, Ku\u0142akowskich, Miko\u0142ajewskich<\/p>\n\n\n\n<p><strong>SOBOTA \/ 4 maja 2024 \/ \u015bw. Floriana<\/strong> \/ J 13,16-20<br>8.00 Dzi\u0119kczynna z okazji urodzin Adama Bukojemskiego, z pro\u015bb\u0105 o Bo\u017ce b\u0142. i potrzebne \u0142aski<br>18.00 O nawr\u00f3cenie biednych grzesznik\u00f3w<br>18.00 rezerwacja<\/p>\n\n\n\n<p><strong>VI NIEDZIELA WIELKANOCY \/ 5 maja 2024<\/strong> \/ J 15,9-17<br>8.00 O do\u015bwiadczenie Bo\u017cej mi\u0142o\u015bci dla Karoliny i Sebastiana<br>10.00 \u015bp. Michalina Wo\u017aniak<br>12.00 W intencji Parafian<br>15.00 \u015bp. Jadwiga i Stanis\u0142aw (w 30 rocznic\u0119 \u015bmierci)<br>18.00 O nawr\u00f3cenie biednych grzesznik\u00f3w<\/p>\n","protected":false},"excerpt":{"rendered":"<p>Kr\u00f3lowa Polski Otrzymali\u015bmy od Pana Jezusa dwa najwi\u0119ksze dary, oba zwi\u0105zane z krzy\u017cem. Jeden to Naj\u015bwi\u0119tszy Sakrament, ustanowiony na pami\u0105tk\u0119 \u015bmierci krzy\u017cowej Zbawiciela: \u201eIlekro\u0107 bowiem spo\u017cywacie ten chleb albo pijecie kielich, \u015bmier\u0107 Pa\u0144sk\u0105 g\u0142osicie, a\u017c przyjdzie.\u201d (1 Kor 11, 26). Drugi dar, dany nam z krzy\u017ca, to Maryja! \u201ePotem rzek\u0142 uczniowi: Oto matka twoja!\u201d C\u00f3\u017c [&hellip;]<\/p>\n","protected":false},"author":1,"featured_media":5453,"comment_status":"closed","ping_status":"closed","sticky":false,"template":"","format":"standard","meta":{"ngg_post_thumbnail":0,"footnotes":""},"categories":[11,8,4,3],"tags":[],"class_list":["post-5451","post","type-post","status-publish","format-standard","has-post-thumbnail","hentry","category-aktualnosci","category-blog","category-intencje","category-ogloszenia"],"_links":{"self":[{"href":"https:\/\/rafalk-elblag.pl\/index.php?rest_route=\/wp\/v2\/posts\/5451","targetHints":{"allow":["GET"]}}],"collection":[{"href":"https:\/\/rafalk-elblag.pl\/index.php?rest_route=\/wp\/v2\/posts"}],"about":[{"href":"https:\/\/rafalk-elblag.pl\/index.php?rest_route=\/wp\/v2\/types\/post"}],"author":[{"embeddable":true,"href":"https:\/\/rafalk-elblag.pl\/index.php?rest_route=\/wp\/v2\/users\/1"}],"replies":[{"embeddable":true,"href":"https:\/\/rafalk-elblag.pl\/index.php?rest_route=%2Fwp%2Fv2%2Fcomments&post=5451"}],"version-history":[{"count":2,"href":"https:\/\/rafalk-elblag.pl\/index.php?rest_route=\/wp\/v2\/posts\/5451\/revisions"}],"predecessor-version":[{"id":5455,"href":"https:\/\/rafalk-elblag.pl\/index.php?rest_route=\/wp\/v2\/posts\/5451\/revisions\/5455"}],"wp:featuredmedia":[{"embeddable":true,"href":"https:\/\/rafalk-elblag.pl\/index.php?rest_route=\/wp\/v2\/media\/5453"}],"wp:attachment":[{"href":"https:\/\/rafalk-elblag.pl\/index.php?rest_route=%2Fwp%2Fv2%2Fmedia&parent=5451"}],"wp:term":[{"taxonomy":"category","embeddable":true,"href":"https:\/\/rafalk-elblag.pl\/index.php?rest_route=%2Fwp%2Fv2%2Fcategories&post=5451"},{"taxonomy":"post_tag","embeddable":true,"href":"https:\/\/rafalk-elblag.pl\/index.php?rest_route=%2Fwp%2Fv2%2Ftags&post=5451"}],"curies":[{"name":"wp","href":"https:\/\/api.w.org\/{rel}","templated":true}]}}