{"id":5447,"date":"2024-04-21T12:28:51","date_gmt":"2024-04-21T12:28:51","guid":{"rendered":"http:\/\/rafalk-elblag.pl\/?p=5447"},"modified":"2024-04-21T12:28:51","modified_gmt":"2024-04-21T12:28:51","slug":"21-04-2024-r-iv-niedziela-wielkanocy","status":"publish","type":"post","link":"https:\/\/rafalk-elblag.pl\/?p=5447","title":{"rendered":"21.04.2024 r., IV Niedziela Wielkanocy"},"content":{"rendered":"\n<h2 class=\"wp-block-heading\" id=\"block-de4dbcd2-5192-419e-9a16-24c75cd43305\">Tydzie\u0144 modlitw o powo\u0142ania<\/h2>\n\n\n\n<p>IV Niedziela Wielkanocna jest obchodzona w Ko\u015bciele jako Niedziela Dobrego Pasterza \u2013 dzie\u0144 szczeg\u00f3lnej modlitwy o powo\u0142ania. W Polsce rozpoczyna ona Tydzie\u0144 Modlitw o Powo\u0142ania do Kap\u0142a\u0144stwa i \u017bycia Konsekrowanego, kt\u00f3ry potrwa od 21 do 27 kwietnia.<\/p>\n\n\n\n<p>Trzeba prosi\u0107 Boga, aby udzieli\u0142 wielu m\u0142odym osobom daru powo\u0142ania. Trzeba modli\u0107 si\u0119 za m\u0142odych, aby odwa\u017cnie odpowiedzieli na Bo\u017ce wezwanie. Trzeba prosi\u0107, aby nie zabrak\u0142o pasterzy; dobrych pasterzy, kt\u00f3rzy b\u0119d\u0105 oddawa\u0107 \u017cycie za owce. Niemniej jednak nie zapomnijmy o tych, kt\u00f3rzy ju\u017c zostali powo\u0142ani do bycia pasterzami. O kap\u0142anach, o zakonnikach. Oni ju\u017c odpowiedzieli na Bo\u017ce wezwanie i krocz\u0105 za Jezusem \u2013 Dobrym Pasterzem. Oni \u2013 jak Jezus \u2013 oddaj\u0105 \u017cycie. Ka\u017cdego dnia w zaciszu plebanii lub klasztoru ofiaruj\u0105 swoje cierpienie, swoj\u0105 samotno\u015b\u0107, walk\u0119 duchow\u0105, za ciebie. Krocz\u0105 za Dobrym Pasterzem i oddaj\u0105 \u017cycie za owce.<\/p>\n\n\n\n<p><strong>Ca\u0142e ziemskie \u017cycie Chrystusa by\u0142o sprawowaniem kap\u0142a\u0144stwa<\/strong>: nieustannie modli\u0142 si\u0119 do Ojca o nasze zbawienie, udziela\u0142 ludziom Bo\u017cego b\u0142ogos\u0142awie\u0144stwa, przebacza\u0142 ich grzechy, obdarza\u0142 \u0142askami, wyp\u0119dza\u0142 szatana, g\u0142osi\u0142 dobr\u0105 nowin\u0119 o zbawieniu. <strong>Jednak g\u0142\u00f3wnym aktem jego kap\u0142a\u0144stwa by\u0142a Ofiara na Kalwarii: przez t\u0119 ofiar\u0119 odkupi\u0142 ca\u0142y \u015bwiat.<\/strong><\/p>\n\n\n\n<p>Po zako\u0144czeniu dzie\u0142a Odkupienia Chrystus powr\u00f3ci\u0142 do Ojca. Czy mogliby\u015bmy sobie wyobrazi\u0107, \u017ce pozostawi On samemu sobie sw\u0105 Oblubienic\u0119 jak\u0105 jest Ko\u015bci\u00f3\u0142? Jedyny Po\u015brednik nasz mia\u0142by si\u0119 od nas odsun\u0105\u0107, a z dobrodziejstw Jego kap\u0142a\u0144stwa mia\u0142oby korzysta\u0107 zaledwie jedno pokolenie, \u017cyj\u0105ce 2000 lat temu?<\/p>\n\n\n\n<p>Przeciwnie, Chrystus Najwy\u017cszy Kap\u0142an, kontynuuje w swoim Ko\u015bciele rozdawanie obfitych i niezliczonych \u0142ask, kt\u00f3re wys\u0142u\u017cy\u0142 nam na krzy\u017cu. Wybiera sobie narz\u0119dzia &#8211; kap\u0142an\u00f3w i w nich i przez nich chrzci, rozgrzesza, namaszcza, \u017ceni, po\u015bwi\u0119ca i b\u0142ogos\u0142awi\u2026 jednym s\u0142owem nawraca i u\u015bwi\u0119ca dusze, ratuje je od wiecznego pot\u0119pienia i prowadzi je do niesko\u0144czonego szcz\u0119\u015bcia.<\/p>\n\n\n\n<p>Jest zatem zawsze Jeden Kap\u0142an, kt\u00f3ry jakby wciela si\u0119 w swoje ludzkie narz\u0119dzia, w ci\u0105gu wiek\u00f3w uczestnicz\u0105ce w Jego kap\u0142a\u0144stwie: ziemski kap\u0142an jest Drugim Chrystusem. <strong>Podobnie, jak jest tylko jedna ofiara \u2013 na Krzy\u017cu, ale ofiara ta odnawiana i uobecniana jest we Mszy \u015bwi\u0119tej, tak samo jest tylko jeden kap\u0142an \u2013 Chrystus, uobecniony i dzia\u0142aj\u0105cy w swoich licznych kap\u0142anach na ca\u0142ym \u015bwiecie.<\/strong><\/p>\n\n\n\n<p><strong>Odwieczny Kap\u0142an wybiera jako swe narz\u0119dzia kap\u0142an\u00f3w piecz\u0119tuj\u0105c ich dusze niezatartym znamieniem. Przez ten charakter ziemski kap\u0142an jest \u201edrugim Chrystusem\u201d, ka\u017cdy jego religijny gest staje si\u0119 gestem Chrystusa, wykonuj\u0105c czynno\u015bci \u015bci\u015ble kap\u0142a\u0144skie dzia\u0142a on w osobie Chrystusa \u2013 jako Chrystus!<\/strong> Kap\u0142an jest Chrystusem dla wszystkich dusz, kt\u00f3re B\u00f3g raczy\u0142 mu powierzy\u0107.<\/p>\n\n\n\n<p>Najwy\u017cszym czynem kap\u0142ana jest odprawianie Mszy \u015bwi\u0119tej. To on, i tylko on mo\u017ce i musi uobecnia\u0107 na \u015bwiecie Ofiar\u0119 Chrystusa na Krzy\u017cu &#8211; \u017ar\u00f3d\u0142o wszelkich \u0142ask i wszelkiego zbawienia,. Po to przede wszystkim jest kap\u0142anem, aby wykona\u0107 rozkaz Chrystusa: \u201eCzy\u0144cie to! &#8211; ofiarujcie Bogu Ojcu Mnie samego jako Hosti\u0119 ofiarn\u0105, kt\u00f3ra niesko\u0144czenie Go kocha, uwielbia i sk\u0142ada dzi\u0119ki, a kt\u00f3ra zarazem czyni zado\u015b\u0107 za grzechy wasze i ca\u0142ego \u015bwiata.\u201d<\/p>\n\n\n\n<p>W chwili, gdy pochylony nad chlebem i winem wypowiada s\u0142owa Chrystusa: \u201eTo jest Cia\u0142o Moje\u201d, \u201eTo jest kielich Krwi Mojej\u201d, kap\u0142an przestaje by\u0107 samym sob\u0105 i staje si\u0119 sakramentalnie Chrystusem; cz\u0142owiek jakby znika, pozostaje przed o\u0142tarzem tylko osoba Wcielonego S\u0142owa ofiaruj\u0105ca samego siebie na Krzy\u017cu Bogu Ojcu. Kap\u0142an uobecnia Chrystusa na ziemi.<\/p>\n\n\n\n<p>Jak ze \u017ar\u00f3d\u0142a wyp\u0142ywaj\u0105 strumienie i rzeki, tak ze Mszy \u015bwi\u0119tej wyp\u0142ywaj\u0105 pozosta\u0142e czynno\u015bci kap\u0142ana. B\u0119d\u0105c s\u0142ug\u0105 Boga, staje si\u0119 kap\u0142an s\u0142ug\u0105 ludzi: otrzyma\u0142 w\u0142adz\u0119, aby u\u015bwi\u0119ci\u0107 ich przez udzielanie Sakrament\u00f3w \u015bwi\u0119tych, wytryskaj\u0105cych z przebitego Serca Chrystusa. W kap\u0142anie sam Chrystus towarzyszy wiernym od kolebki do grobu.<\/p>\n\n\n\n<p>Kap\u0142an to drugi Chrystus. Je\u017celi nie \u017cyje wy\u0142\u0105cznie Jezusem, nie jest kap\u0142anem wed\u0142ug Jego Serca, nie jestem dusz\u0105 kap\u0142a\u0144sk\u0105. Pro\u015bmy, aby kap\u0142ani zawsze \u017cyli Chrystusem.<\/p>\n\n\n\n<figure class=\"wp-block-image\" id=\"block-11bfdc70-3a14-4d5e-94a4-c45b2bb4a6cf\"><a href=\"http:\/\/rafalk-elblag.pl\/wp-content\/uploads\/2021\/08\/ogloszenia-parafialne-baner-01a.jpg\"><img decoding=\"async\" src=\"http:\/\/rafalk-elblag.pl\/wp-content\/uploads\/2021\/08\/ogloszenia-parafialne-baner-01a.jpg\" alt=\"Obrazek posiada pusty atrybut alt; plik o nazwie ogloszenia-parafialne-baner-01a.jpg\"\/><\/a><\/figure>\n\n\n\n<h1 class=\"wp-block-heading\" id=\"block-6d42405b-4ab7-4d06-b960-74c4b8e7c4ea\">Og\u0142oszenia parafialne 21.04.2024 r.<\/h1>\n\n\n\n<ol class=\"wp-block-list\">\n<li>Dzisiaj Niedziel\u0105 Dobrego Pasterza &#8211; rozpoczynamy <strong>61<\/strong> <strong>TYDZIE\u0143 MODLITW<br>O POWO\u0141ANIA<\/strong> <strong>DO KAP\u0141A\u0143STWA I \u017bYCIA KONSEKROWANEGO.<\/strong> Zapraszamy wszystkich do wsp\u00f3lnej modlitwy w intencji m\u0142odych ludzi, aby dobrze rozeznali swoje powo\u0142anie. Zapraszamy dzisiaj od godz. 16:00 na ADORACJ\u0118 w powy\u017cszej intencji prowadzonej przez APOSTOLAT MARGARETKA.<\/li>\n\n\n\n<li>We wtorek obchodzi\u0107 b\u0119dziemy <strong>UROCZYSTO\u015a\u0106 \u015aW. WOJCIECHA, BISKUPA I M\u0118CZENNIKA, G\u0141\u00d3WNEGO PATRONA POLSKI I DIECEZJI ELBLASKIEJ<\/strong>. W parafii \u015bw. Wojciecha w Elbl\u0105gu Msze \u015bw. o godz. 7:00, 11.00 oraz <strong>UROCZYSTA MSZA \u015aWI\u0118TA ODPUSTOWA <\/strong>o godz. 18.00, zako\u0144czona uca\u0142owaniem Relikwii.<\/li>\n\n\n\n<li><strong><\/strong><strong>Parafia \u015bw. Wojciecha organizuje w dniu 27 kwietnia (sobota) pielgrzymk\u0119 piesz\u0105 do \u015awi\u0119tego Gaju,<\/strong> miejsca m\u0119cze\u0144stwa \u015bw. Wojciecha, g\u0142\u00f3wnego patrona naszej diecezji. Wyj\u015bcie z Katedry o godz. 6:30. Uroczysta Msza \u015bw. w \u015awi\u0119tym Gaju o godz. 14:00. Zapisy trwaj\u0105 w parafii \u015bw. Wojciecha. <em><u>Wi\u0119cej informacji na stronie internetowej parafii.<\/u><\/em><\/li>\n\n\n\n<li><strong>Spotkania dla przygotowuj\u0105cych si\u0119 do Sakramentu Bierzmowania, m\u0142odzie\u017cy z roku II odbywaj\u0105 si\u0119 <\/strong>w ka\u017cdy poniedzia\u0142ek po Mszy \u015bw. o godz. 19:00 z ks. Mateuszem. <em>Obecno\u015b\u0107 kandydat\u00f3w na powy\u017cszych spotkaniach jest obowi\u0105zkowa.<\/em><\/li>\n\n\n\n<li><strong><\/strong><strong>Trwa okres Wielkanocny &#8211; czas rado\u015bci ze Zmartwychwstania Pana Jezusa. <\/strong><em>Zach\u0119camy&nbsp; wiernych do skorzystania z \u0142aski sakramentu pojednania i do przyj\u0119cia KOMUNII \u015aW. WIELKANOCNEJ. Spowied\u017a \u015bw. w tygodniu od 7:45 oraz od godz. 17:30.<\/em><\/li>\n\n\n\n<li><strong>Dzi\u0119kuj\u0119<\/strong> za przyniesione <strong>SKARBONKI Z JA\u0141MU\u017bN\u0104 WIELKOPOSTN\u0104 2024<\/strong>\u00a0w ramach og\u00f3lnopolskiej akcji charytatywnej. Na \u015bwi\u0119ta Wielkanocne zosta\u0142o wydanych 30 paczek. <em>Z 360 rozdanych skarbonek przyniesione 145 i zebrano 5707,60 z\u0142. <u>Za wszystkie ofiary, kt\u00f3re s\u0105 pomoc\u0105 dla potrzebuj\u0105cych sk\u0142adam \u201eB\u00f3g zap\u0142a\u0107\u201d<\/u><\/em><\/li>\n\n\n\n<li><strong>INFORMUJEMY<\/strong>:<em> Parafialny Oddzia\u0142 Caritas znajduje si\u0119 na ul. Myliusa 1A i czynny jest\u00a0w ka\u017cdy I i III czwartek miesi\u0105ca od godz. 16:00 do godz. 17:00.<\/em><\/li>\n\n\n\n<li><strong><\/strong>Parafia \u015bw. Brata Alberta dzisiaj (21 kwietnia) na Mszach \u015bw. go\u015bci ks. prof. Piotra Kieniewicza MIC, kt\u00f3ry zaprasza na konferencj\u0119 po\u0142\u0105czon\u0105 z dyskusj\u0105 na tematy zwi\u0105zane z in vitro i naprotechnologi\u0105. <strong><em><u>Konferencja o godz. 16:00 w sali o. Jordana. Zapraszamy.<\/u><\/em><\/strong><strong><em><u><\/u><\/em><\/strong><\/li>\n\n\n\n<li>\u00a0Fundacja \u015bw. Brata Alberta organizuje koloni\u0119 dla dzieci i m\u0142odzie\u017cy w Portoro\u017c,\u00a0na S\u0142owenii, w terminie 4 &#8211; 14 lipca br. Koszt 1.200 z\u0142. plus 315 euro. <em>Wi\u0119cej informacji u ks. Proboszcza.<\/em><\/li>\n\n\n\n<li>Wszystkim Jubilatom i Solenizantom tego tygodnia \u017cyczymy wszelkiego dobra w \u017cyciu\u00a0i b\u0142ogos\u0142awie\u0144stwa Bo\u017cego.<\/li>\n\n\n\n<li><strong><\/strong>\u201eGo\u015b\u0107 Niedzielny\u201d z dodatkiem Go\u015bcia Elbl\u0105skiego do nabycia przed ko\u015bcio\u0142em.<br>Jest r\u00f3wnie\u017c nowy numer dwumiesi\u0119cznika \u201eHistoria Ko\u015bcio\u0142a\u201d, a w nim: temat Maryi (co m\u00f3wi\u0105 o Niej \u017ar\u00f3d\u0142a historyczne, Jej znaczenie w Ko\u015bciele) oraz tekst o pierwszej pielgrzymce \u015bw. Jana Paw\u0142a II do Polski. Cena 12 z\u0142.<\/li>\n\n\n\n<li>W ostatnim czasie odesz\u0142a do wieczno\u015bci:<br>\u015bp. Jadwiga KO\u0141TO\u0143SKA lat 79 z ul. Brzechwy<br><em>Wieczny odpoczynek racz jej da\u0107 Panie\u2026<\/em><\/li>\n<\/ol>\n\n\n\n<figure class=\"wp-block-image\" id=\"block-5f437b95-503a-4f29-91f7-75b7c74612d1\"><img decoding=\"async\" src=\"http:\/\/rafalk-elblag.pl\/wp-content\/uploads\/2020\/04\/baner-intencje-mszy.jpg\" alt=\"Obrazek posiada pusty atrybut alt; plik o nazwie baner-intencje-mszy.jpg\"\/><\/figure>\n\n\n\n<h1 class=\"wp-block-heading\" id=\"block-ebb85da5-2bf8-44c6-8a18-015b59726bae\">Intencje mszalne 21.04.2024 r.<\/h1>\n\n\n\n<p><strong>PONIEDZIA\u0141EK \/ 22 kwietnia 2024 <\/strong>\/ J 10.1-10<br>8.00 \u015bp. Stefan Borowiecki (27 rocznica \u015bmierci) oraz zmarli: Genowefa, Jadwiga, Longina [k], Kazimierz, Tadeusz<br>18.00 \u015bp. Anna i Jan Zamrzyccy, Danuta Podolska<br>18.00 \u015bp. Sylwester Zakes (5 rocznica \u015bmierci)<\/p>\n\n\n\n<p><strong>WTOREK \/ 23 kwietnia 2024 \/ \u015bw. Wojciecha<\/strong> \/ J 12,24-26<br>8.00 O \u0142ask\u0119 nawr\u00f3cenia i \u017cyw\u0105 wiar\u0119 dla Ewy, Krzysztofa, Emila, Micha\u0142a i Marianny<br>18.00 W dniu imienin ks. Proboszcza Wojciecha, z pro\u015bb\u0105 o Bo\u017ce b\u0142. i \u015bwiat\u0142o Ducha \u015awi\u0119tego na ka\u017cdy dzie\u0144 pos\u0142ugi kap\u0142a\u0144skiej oraz opiek\u0119 Matki Bo\u017cej Szkaplerznej<br>18.00 \u015bp. Krystyna Przedwojewska (w 11 rocznic\u0119 \u015bmierci), Jan, Gra\u017cyna<\/p>\n\n\n\n<p><strong>\u015aRODA \/ 24 kwietnia 2024 \/ \u015bw. Jerzego<\/strong> \/ J 12,44-50<br>8.00 Dzi\u0119kczynna z okazji urodzin Marii Paw\u0142owskiej, z pro\u015bb\u0105 o Bo\u017ce b\u0142., potrzebne \u0142aski i opiek\u0119 Matki Bo\u017cej dla niej i ca\u0142ej rodziny<br>18.00 \u015bp. Anatol Usik (w 4 rocznic\u0119 \u015bmierci)<br>18.00 \u015bp. Danuta Paruszewska<\/p>\n\n\n\n<p><strong>CZWARTEK \/ 25 kwietnia 2024 \/ \u015bw. Marka Ewangelisty<\/strong> \/ Mk 16,15-20<br>8.00 \u015bp. Leszek, Irena, Antoni, Tadeusz<br>18.00 O nawr\u00f3cenie biednych grzesznik\u00f3w<br>18.00 \u015bp. Mieczys\u0142aw Bergius (w 30 dzie\u0144 po pogrzebie)<\/p>\n\n\n\n<p><strong>PI\u0104TEK \/ 26 kwietnia 2024<\/strong> \/ J 14,1-6<br>8.00 \u015bp. Jan Lis (26 rocznica \u015bmierci), Marianna, Ma\u0142gorzata i Ignacy<br>18.00 O nawr\u00f3cenie biednych grzesznik\u00f3w<br>18.00 \u015bp. Jerzy Ciesielski i zmarli z rodziny<\/p>\n\n\n\n<p><strong>SOBOTA \/ 27 kwietnia 2024<\/strong> \/ J 14,7-14<br>8.00 O nawr\u00f3cenie biednych grzesznik\u00f3w<br>18.00 \u015bp. Genowefa i Pawe\u0142 Lamparscy, Justyna i Kazimierz Huszcza<br>18.00 Dzi\u0119kczynna w 50 rocznic\u0119 \u015blubu Danuty i Marka Wasiukiewicz, z pro\u015bb\u0105 o Bo\u017ce b\u0142. i potrzebne \u0142aski dla Z\u0142otych Jubilat\u00f3w<\/p>\n\n\n\n<p><strong>V NIEDZIELA WIELKANOCY \/ 28 kwietnia 2024<\/strong> \/ J 15,1-8<br>8.00 \u015bp. Franciszek Bublewicz (w 6 rocznic\u0119 \u015bmierci), El\u017cbieta Bublewicz (w 5 rocznic\u0119 \u015bmierci)<br>10.00 Dzi\u0119kczynna z okazji urodzin Kuby, z pro\u015bb\u0105 o potrzebne \u0142aski i opiek\u0119 Matki Bo\u017cej<br>12.00 W intencji Parafian<br>15.00 O nawr\u00f3cenie biednych grzesznik\u00f3w<br>18.00 Dzi\u0119kczynna z okazji 40 urodzin Krzysztofa Widomskiego oraz 5 urodzin Jakuba, z pro\u015bb\u0105 o Bo\u017ce b\u0142. i potrzebne \u0142aski<\/p>\n","protected":false},"excerpt":{"rendered":"<p>Tydzie\u0144 modlitw o powo\u0142ania IV Niedziela Wielkanocna jest obchodzona w Ko\u015bciele jako Niedziela Dobrego Pasterza \u2013 dzie\u0144 szczeg\u00f3lnej modlitwy o powo\u0142ania. W Polsce rozpoczyna ona Tydzie\u0144 Modlitw o Powo\u0142ania do Kap\u0142a\u0144stwa i \u017bycia Konsekrowanego, kt\u00f3ry potrwa od 21 do 27 kwietnia. Trzeba prosi\u0107 Boga, aby udzieli\u0142 wielu m\u0142odym osobom daru powo\u0142ania. Trzeba modli\u0107 si\u0119 za [&hellip;]<\/p>\n","protected":false},"author":1,"featured_media":5448,"comment_status":"closed","ping_status":"closed","sticky":false,"template":"","format":"standard","meta":{"ngg_post_thumbnail":0,"footnotes":""},"categories":[11,8,4,3],"tags":[],"class_list":["post-5447","post","type-post","status-publish","format-standard","has-post-thumbnail","hentry","category-aktualnosci","category-blog","category-intencje","category-ogloszenia"],"_links":{"self":[{"href":"https:\/\/rafalk-elblag.pl\/index.php?rest_route=\/wp\/v2\/posts\/5447","targetHints":{"allow":["GET"]}}],"collection":[{"href":"https:\/\/rafalk-elblag.pl\/index.php?rest_route=\/wp\/v2\/posts"}],"about":[{"href":"https:\/\/rafalk-elblag.pl\/index.php?rest_route=\/wp\/v2\/types\/post"}],"author":[{"embeddable":true,"href":"https:\/\/rafalk-elblag.pl\/index.php?rest_route=\/wp\/v2\/users\/1"}],"replies":[{"embeddable":true,"href":"https:\/\/rafalk-elblag.pl\/index.php?rest_route=%2Fwp%2Fv2%2Fcomments&post=5447"}],"version-history":[{"count":2,"href":"https:\/\/rafalk-elblag.pl\/index.php?rest_route=\/wp\/v2\/posts\/5447\/revisions"}],"predecessor-version":[{"id":5452,"href":"https:\/\/rafalk-elblag.pl\/index.php?rest_route=\/wp\/v2\/posts\/5447\/revisions\/5452"}],"wp:featuredmedia":[{"embeddable":true,"href":"https:\/\/rafalk-elblag.pl\/index.php?rest_route=\/wp\/v2\/media\/5448"}],"wp:attachment":[{"href":"https:\/\/rafalk-elblag.pl\/index.php?rest_route=%2Fwp%2Fv2%2Fmedia&parent=5447"}],"wp:term":[{"taxonomy":"category","embeddable":true,"href":"https:\/\/rafalk-elblag.pl\/index.php?rest_route=%2Fwp%2Fv2%2Fcategories&post=5447"},{"taxonomy":"post_tag","embeddable":true,"href":"https:\/\/rafalk-elblag.pl\/index.php?rest_route=%2Fwp%2Fv2%2Ftags&post=5447"}],"curies":[{"name":"wp","href":"https:\/\/api.w.org\/{rel}","templated":true}]}}