{"id":5443,"date":"2024-04-14T12:51:34","date_gmt":"2024-04-14T12:51:34","guid":{"rendered":"http:\/\/rafalk-elblag.pl\/?p=5443"},"modified":"2024-04-14T12:51:34","modified_gmt":"2024-04-14T12:51:34","slug":"14-04-2024-r-iii-niedziela-wielkanocy","status":"publish","type":"post","link":"https:\/\/rafalk-elblag.pl\/?p=5443","title":{"rendered":"14.04.2024 r., III Niedziela Wielkanocy"},"content":{"rendered":"\n<h2 class=\"wp-block-heading\" id=\"block-de4dbcd2-5192-419e-9a16-24c75cd43305\"><strong>Zmartwychwstanie Jezusa<\/strong><\/h2>\n\n\n\n<p>J\u00f3zef z Arymatei, powa\u017cny cz\u0142owiek Sanhedrynu, kt\u00f3ry by\u0142 ukrytym uczniem Jezusa, poszed\u0142 do Pi\u0142ata i poprosi\u0142 o pozwolenie pogrzebania Jezusa. Pi\u0142at, dowiedziawszy si\u0119 od setnika, \u017ce Jezus ju\u017c umar\u0142, wyda\u0142 zgod\u0119. Razem z Nikodemem, tak\u017ce uczniem Jezusa, zdj\u0119li cia\u0142o Jezusa z krzy\u017ca, owin\u0119li w prze\u015bcierad\u0142a, po uprzednim namaszczeniu pachn\u0105cymi olejami i z\u0142o\u017cyli w nowym grobie, wykutym w skale, znajduj\u0105cym si\u0119 w ogrodzie, blisko miejsca ukrzy\u017cowania. Wszystko zosta\u0142o uczynione w wielkim po\u015bpiechu, poniewa\u017c o zachodzie s\u0142o\u0144ca zaczyna\u0142a si\u0119 Pascha, w czasie kt\u00f3rej zakazane by\u0142o zajmowanie si\u0119 umar\u0142ymi. Wej\u015bcie do grobu zosta\u0142o zasuni\u0119te wielkim kamieniem.<\/p>\n\n\n\n<p>Fakt \u015bmierci Jezusa potwierdzili \u017co\u0142nierze (nie po\u0142amali Jezusowi n\u00f3g jak innym ukrzy\u017cowanym), przyjaciele (odprawili pogrzeb) oraz sprawcy \u015bmierci (\u017c\u0105dali stra\u017cy przy grobie aby nikt nie wykrad\u0142 cia\u0142a).<\/p>\n\n\n\n<p>Niekt\u00f3re z kobiet, id\u0105cych za Jezusem na Kalwari\u0119, nie mog\u0105c nic dla Niego zrobi\u0107 zamierza\u0142y wr\u00f3ci\u0107 nast\u0119pnego dnia po szabacie, aby dope\u0142ni\u0107 czynno\u015bci namaszczenia, kt\u00f3rych nie mo\u017cna by\u0142o dokona\u0107 w chwili z\u0142o\u017cenia do grobu z powodu braku czasu. Dzie\u0144 po szabacie, wczesnym rankiem przysz\u0142y do grobu Jezusa, lecz znalaz\u0142y gr\u00f3b pusty. Co si\u0119 wydarzy\u0142o? Kamie\u0144 zatoczony u wej\u015bcia zosta\u0142 odsuni\u0119ty, a cia\u0142o Jezusa znikn\u0119\u0142o, jednak\u017ce prze\u015bcierad\u0142o, w kt\u00f3re by\u0142 owini\u0119ty, i ca\u0142un przykrywaj\u0105cy Mu twarz le\u017ca\u0142y na swoim miejscu. Co wi\u0119c si\u0119 sta\u0142o?<\/p>\n\n\n\n<p>Uwielbiona dusza po\u0142\u0105czy\u0142a si\u0119 na nowo z cia\u0142em udzielaj\u0105c mu swoich przymiot\u00f3w a wi\u0119c \u017cycia, niezale\u017cno\u015bci od materii i przestrzeni oraz przenikliwo\u015bci. Pan Jezus opu\u015bci\u0142 gr\u00f3b nie przez otw\u00f3r w grobie lecz przenikaj\u0105c ska\u0142y. Kamie\u0144 grobowy zosta\u0142 nienaruszony. To Anio\u0142, kt\u00f3ry zst\u0105pi\u0142 odsun\u0105\u0142 kamie\u0144 na znak, \u017ce gr\u00f3b jest pusty.<\/p>\n\n\n\n<p>Wiara w zmartwychwstanie Chrystusa opiera si\u0119 na przekazie historycznym. G\u0142\u00f3wnym \u017ar\u00f3d\u0142em tego przekazu s\u0105 Ewangelie. Wprawdzie r\u00f3\u017cni\u0105 si\u0119 one w szczeg\u00f3\u0142ach i w sposobie opisu, ale co do faktu, \u017ce by\u0142 on pusty s\u0105 one zgodne. Gdyby kto\u015b w nied\u0142ugim czasie po \u015bmieci kogo\u015b znanego napisa\u0142 nieprawdziw\u0105 histori\u0119 o \u017cyciu tej osoby, to na pewno powsta\u0142by wielki szum i wielu znajomych, \u015bwiadk\u00f3w \u017cycia zmar\u0142ego protestowa\u0142oby wobec dokonanego fa\u0142szerstwa. Natomiast wobec relacji Ewangelii protestowali jedyni ci, kt\u00f3rzy zaprowadzili Go na krzy\u017c. Jedynie kap\u0142ani \u017cydowscy rozg\u0142aszali fa\u0142szywe wie\u015bci jakoby cia\u0142o Jezusa zosta\u0142o wykradzione z grobu. Aby uwiarygodni\u0107 swe k\u0142amstwo, przekupili stra\u017cnik\u00f3w, aby ci m\u00f3wili: \u201egdy\u015bmy spali przyszli uczniowie Jego i wykradli Go\u201d. \u015awi\u0119ty Augustyn w komentarzu do tego fragmentu Ewangelii zada\u0142 \u017cydom ironiczne, retoryczne pytanie:&nbsp;<em>\u201ena \u015bpi\u0105cych \u015bwiadk\u00f3w si\u0119 powo\u0142ujecie? Skoro spali, to jak mogli widzie\u0107 co si\u0119 sta\u0142o!?\u201d<\/em>.<\/p>\n\n\n\n<p>Najwi\u0119kszym potwierdzeniem prawdziwo\u015bci zmartwychwstania jest postawa samych aposto\u0142\u00f3w, kt\u00f3rzy spotkali si\u0119 z zmartwychwsta\u0142ym Jezusem. Wszyscy, z wyj\u0105tkiem \u015bw. Jana, kt\u00f3ry zmar\u0142 \u015bmierci\u0105 naturaln\u0105, ponie\u015bli \u015bmier\u0107 m\u0119cze\u0144sk\u0105 i nie wyparli si\u0119 g\u0142oszonej prawdy o Chrystusie. Gdyby zmartwychwstanie by\u0142o fikcj\u0105 lub k\u0142amstwem nikt z nich nie by\u0142by sk\u0142onny z tego powodu po\u015bwi\u0119ca\u0107 swego \u017cycia.<\/p>\n\n\n\n<p>Najwa\u017cniejszym i najbardziej ewidentnym \u201eznakiem\u201d, jaki pozostawi\u0142o w historii zmartwychwstanie Jezusa, jest Jego \u201eukazanie si\u0119\u201d po \u015bmierci. To prawda, \u017ce nikt nie widzia\u0142 Jezusa zmartwychwstaj\u0105cego, jednak\u017ce Jego uczniowie widzieli Go zmartwychwsta\u0142ego. Jezus ukaza\u0142 si\u0119 swoim uczniom wiele razy, w r\u00f3\u017cnych okoliczno\u015bciach i miejscach.<\/p>\n\n\n\n<p>\u0141ukasz wyra\u017anie o tym m\u00f3wi w Dziejach apostolskich. Podkre\u015bla, \u017ce Jezus po swojej m\u0119ce objawi\u0142 si\u0119 jako \u017cyj\u0105cy i da\u0142 liczne tego dowody, ukazuj\u0105c si\u0119 uczniom przez 40 dni. Uczniowie rozmawiali ze Zbawicielem. On zach\u0119ca\u0142 ich, a\u017ceby Go dotkn\u0119li i przekonali si\u0119 o Jego fizycznej obecno\u015bci, o realno\u015bci Jego cia\u0142a, a tak\u017ce by stwierdzili Jego to\u017csamo\u015b\u0107. Wszystko to przekona\u0142o uczni\u00f3w, \u017ce kolejne pojawienia si\u0119 Jezusa nie nale\u017c\u0105 do dziedziny jakich\u015b halucynacji, lecz s\u0105 wyrazem fizycznej obecno\u015bci. Aposto\u0142owie nie byli jedynymi, kt\u00f3rzy widzieli zmartwychwsta\u0142ego Jezusa. Ten fakt stwierdzi\u0142y setki naocznych \u015bwiadk\u00f3w.<\/p>\n\n\n\n<p>Aposto\u0142owie nie byli lud\u017ami \u0142atwowiernymi. Nie od razu dali wiar\u0119 wie\u015bciom o zmartwychwstaniu Pana. Straszny i bolesny dramat Wielkiego Pi\u0105tku nape\u0142ni\u0142 ich serca i umys\u0142y takim smutkiem, \u017ce nie uwierzyli od razu niewiastom. Sta\u0142o si\u0119 to dopiero wtedy gdy sami do\u015bwiadczalnie przekonali si\u0119, \u017ce Pan Jezus naprawd\u0119 stoi przed nimi.<\/p>\n\n\n\n<figure class=\"wp-block-image\" id=\"block-11bfdc70-3a14-4d5e-94a4-c45b2bb4a6cf\"><a href=\"http:\/\/rafalk-elblag.pl\/wp-content\/uploads\/2021\/08\/ogloszenia-parafialne-baner-01a.jpg\"><img decoding=\"async\" src=\"http:\/\/rafalk-elblag.pl\/wp-content\/uploads\/2021\/08\/ogloszenia-parafialne-baner-01a.jpg\" alt=\"Obrazek posiada pusty atrybut alt; plik o nazwie ogloszenia-parafialne-baner-01a.jpg\"\/><\/a><\/figure>\n\n\n\n<h1 class=\"wp-block-heading\" id=\"block-6d42405b-4ab7-4d06-b960-74c4b8e7c4ea\">Og\u0142oszenia parafialne 14.04.2024 r.<\/h1>\n\n\n\n<ol class=\"wp-block-list\">\n<li>Dzisiaj mo\u017cemy w\u0142\u0105czy\u0107 si\u0119 w akcj\u0119 <strong>\u201ePola Nadziei 2024\u201d.<\/strong> Akcja ta ma uwra\u017cliwi\u0107 spo\u0142ecze\u0144stwo, przypominaj\u0105c o chorych i cierpi\u0105cych, a tak\u017ce zach\u0119ci\u0107 do wolontariatu hospicyjnego. Na terenie Elbl\u0105ga przeprowadzana jest kwesta. <em>Przed ko\u015bcio\u0142em mo\u017cna do puszek z\u0142o\u017cy\u0107 dobrowoln\u0105 ofiar\u0119. <strong>Dzi\u0119kujemy za zrozumienie.<\/strong><\/em><\/li>\n\n\n\n<li>W ko\u015bciele dzisiaj obchodzimy <strong>VIII NARODOWE CZYTANIE PISMA \u015aWI\u0118TEGO.<\/strong>\u00a0 Swoim has\u0142em jak i wybranymi tekstami z Dziej\u00f3w Apostolskich nawi\u0105zuje ono do programu duszpasterskiego, kt\u00f3ry po\u015bwi\u0119cony jest tajemnicy Ko\u015bcio\u0142a. Obecny rok ko\u015bcielny i duszpasterski prze\u017cywany jest pod has\u0142em; <strong>\u201eUCZESTNICZYMY WE WSP\u00d3LNOCIE KO\u015aCIO\u0141A\u201d.<\/strong>III Niedziela Wielkanocna rozpoczyna <strong>XVI Tydzie\u0144 Biblijny. <\/strong>Niech on stanie si\u0119 dla nas okazj\u0105 to jeszcze wi\u0119kszego zas\u0142uchania si\u0119 w S\u0142owo Bo\u017ce.<strong><em><u> W naszej parafii ks. Sylwester prowadzi KR\u0104G BIBLIJNY, kt\u00f3ry spotyka si\u0119 w II i IV \u015brod\u0119 miesi\u0105ca w salce na plebanii. Zainteresowanych zapraszamy.<\/u><\/em><\/strong><\/li>\n\n\n\n<li><strong><u>Spotkanie dla rodzic\u00f3w dzieci klas III <\/u><\/strong>przygotowuj\u0105cych si\u0119 do I KOMUNII \u015aWI\u0118TEJ odb\u0119dzie si\u0119 jutro 15 kwietnia br. w salce na plebanii:<br><em>o godz. 17:00 dla rodzic\u00f3w dla klas III A i III D<\/em><br><em>o godz. 19:00 dla rodzic\u00f3w klas III Bi III C i spoza naszej szko\u0142y.<\/em><br><em>Obecno\u015b\u0107 rodzic\u00f3w na tym spotkaniu obowi\u0105zkowa.<\/em><\/li>\n\n\n\n<li><strong>Spotkania dla przygotowuj\u0105cych si\u0119 do Sakramentu Bierzmowania, m\u0142odzie\u017cy z roku II odbywaj\u0105 si\u0119 <\/strong>w ka\u017cdy poniedzia\u0142ek po Mszy \u015bw. o godz. 19:00 z ks. Mateuszem. Obecno\u015b\u0107 kandydat\u00f3w na powy\u017cszych spotkaniach jest obowi\u0105zkowa.<br><strong>SAKRAMENT BIERZMOWANIA m\u0142odzie\u017c naszej parafii przyjmie 27 maja br. podczas dodatkowej Mszy \u015bw. o godz. 16:00.<\/strong><\/li>\n\n\n\n<li><strong><\/strong><strong>Parafia \u015bw. Wojciecha organizuje w dniu 27 kwietnia (sobota) pielgrzymk\u0119 piesz\u0105 do \u015awi\u0119tego Gaju,<\/strong> miejsca m\u0119cze\u0144stwa \u015bw. Wojciecha, g\u0142\u00f3wnego patrona naszej diecezji. Wyj\u015bcie z Katedry o godz. 6:30. Uroczysta Msza \u015bw. w \u015awi\u0119tym Gaju o godz. 14:00. Zapisy trwaj\u0105 w parafii \u015bw. Wojciecha. <em><u>Wi\u0119cej informacji na stronie internetowej parafii.<\/u><\/em><\/li>\n\n\n\n<li><strong><\/strong><strong>Trwa okres Wielkanocny &#8211; czas rado\u015bci ze Zmartwychwstania Pana Jezusa. <\/strong><em>Zach\u0119camy&nbsp; wiernych do skorzystania z \u0142aski sakramentu pojednania i do przyj\u0119cia KOMUNII \u015aW. WIELKANOCNEJ. Spowied\u017a \u015bw. w tygodniu od 7:45 oraz od godz. 17:30.<\/em><\/li>\n\n\n\n<li>Pozosta\u0142o kilka miejsc na czterodniow\u0105 pielgrzymk\u0119 \u00a0z naszej parafii w dniach 26 &#8211; 29 kwietnia. Nawiedzimy \u015aWI\u0104TYNI\u0118 OPATRZNO\u015aCI BO\u017bEJ W WARSZAWIE, NIEPOKALAN\u00d3W I TORU\u0143 i inne  miejsca.<em> Zg\u0142oszenia u ks. Proboszcza. Wybierz si\u0119\u00a0 razem z nami. Zapraszamy.<\/em><\/li>\n\n\n\n<li><strong><\/strong>Wszystkim Jubilatom i Solenizantom tego tygodnia \u017cyczymy wszelkiego dobra w \u017cyciu&nbsp;&nbsp;&nbsp;&nbsp;&nbsp;&nbsp;&nbsp;&nbsp;&nbsp;&nbsp;&nbsp;&nbsp;&nbsp;&nbsp;&nbsp;&nbsp;&nbsp;&nbsp;&nbsp;&nbsp; i b\u0142ogos\u0142awie\u0144stwa Bo\u017cego.<\/li>\n\n\n\n<li>W imieniu wsp\u00f3lnoty <strong>Zespo\u0142u Szk\u00f3\u0142 Pijarskich<\/strong> im. \u015bw. Miko\u0142aja w Elbl\u0105gu, zapraszamy na <strong>dzie\u0144 otwarty<\/strong> Liceum Og\u00f3lnokszta\u0142c\u0105cego Zakonu Pijar\u00f3w w Elbl\u0105gu, <strong>18 kwietnia 2024 r.\u00a0 w godzinach od 16.00 do 18.00. <\/strong>B\u0119dzie to czas, aby si\u0119 spotka\u0107 z uczniami i nauczycielami, porozmawia\u0107 o szkole, o Waszych planach i pozna\u0107 nasz\u0105 pijarsk\u0105 plac\u00f3wk\u0119. Szko\u0142a znajduje si\u0119 w budynku przy ul. Saper\u00f3w 20 (obok Powiatowego Urz\u0119du Pracy). Ponadto informujemy, \u017ce rozpocz\u0119li\u015bmy rekrutacj\u0119 do szko\u0142y podstawowej, zer\u00f3wki i liceum na rok szkolny 2024\/25.<\/li>\n\n\n\n<li>\u201eGo\u015b\u0107 Niedzielny\u201d z dodatkiem Go\u015bcia Elbl\u0105skiego do nabycia przed ko\u015bcio\u0142em.<\/li>\n<\/ol>\n\n\n\n<figure class=\"wp-block-image\" id=\"block-5f437b95-503a-4f29-91f7-75b7c74612d1\"><img decoding=\"async\" src=\"http:\/\/rafalk-elblag.pl\/wp-content\/uploads\/2020\/04\/baner-intencje-mszy.jpg\" alt=\"Obrazek posiada pusty atrybut alt; plik o nazwie baner-intencje-mszy.jpg\"\/><\/figure>\n\n\n\n<h1 class=\"wp-block-heading\" id=\"block-ebb85da5-2bf8-44c6-8a18-015b59726bae\">Intencje mszalne 14.04.2024 r.<\/h1>\n\n\n\n<p><strong>PONIEDZIA\u0141EK \/ 15 kwietnia 2024<\/strong><br>8.00 \u015bp. Romana oraz za dusze w czy\u015b\u0107cu cierpi\u0105ce<br>18.00 \u015bp. Stanis\u0142aw Mi\u0105zek (w 30 dzie\u0144 po pogrzebie)<br>18.00 Dzi\u0119kczynna w 46 rocznic\u0119 \u015blubu J\u00f3zefa i Ireny Brz\u00f3ska, z pro\u015bb\u0105 o Bo\u017ce b\u0142.<\/p>\n\n\n\n<p><strong>WTOREK \/ 16 kwietnia 2024<\/strong><br>8.00 \u015bp. Marianna Ba\u0142dyga (w 19 rocznic\u0119 \u015bmierci) i zmarli z rodzin Ba\u0142dyga, Lasek, Grochowskich<br>18.00 W intencji Bractwa Szkaplerznego, Rodziny Szkaplerznej i os\u00f3b przyjmuj\u0105cych szkaplerz karmelita\u0144ski<br>18.00 \u015bp. Teresa Ma\u0142kowska (w 3 rocznic\u0119 \u015bmierci)<\/p>\n\n\n\n<p><strong>\u015aRODA \/ 17 kwietnia 2024 <\/strong><br>8.00 O zdrowie i Bo\u017ce b\u0142. dla Magdaleny oraz jej c\u00f3rek Poli i Lilianny<br>18.00 \u015bp. Franciszek, Boles\u0142awa [k], Jan, Jerzy Kurzy\u0144scy i zmarli z obojga stron<br>18.00 O Bo\u017ce b\u0142. i \u0142ask\u0119 zdrowia dla Klary<\/p>\n\n\n\n<p><strong>CZWARTEK \/ 18 kwietnia 2024 <\/strong><br>8.00 W intencji Parafian<br>8.00 \u015bp. Roman \u017belazny (z okazji urodzin ziemskich) i zmarli z obojga stron oraz Danuta Rabiega<br>18.00 \u015bp. Stanis\u0142aw i Bronis\u0142awa [k] Zaskalscy, Henryk, Stanis\u0142awa [k], Wilhelm Gli\u0144scy<br>18.00 \u015bp. Danuta Paruszewska (w 30 dzie\u0144 po pogrzebie)<\/p>\n\n\n\n<p><strong>PI\u0104TEK \/ 19 kwietnia 2024 <\/strong><br>8.00 \u015bp. J\u00f3zefa [k], Andrzej, Jan, Wanda z rodziny Kowalskich, Tadeusz<br>18.00 O szcz\u0119\u015bliwe zdanie matury i wymarzone studia oraz opiek\u0119 Matki Bo\u017cej dla Joanny<br>18.00 Z okazji urodzin i imienin ks. Proboszcza Wojciecha Zwolickiego, z pro\u015bb\u0105 o obfito\u015b\u0107 \u0142ask Bo\u017cych, b\u0142. Bo\u017ce na ka\u017cdy dzie\u0144 \u017cycia oraz opiek\u0119 Matki Bo\u017cej (intencja od R\u00f3\u017cy Matki Bo\u017cej Gietrzwa\u0142dzkiej)<\/p>\n\n\n\n<p><strong>SOBOTA \/ 20 kwietnia 2024<\/strong> <br>8.00 Dzi\u0119kczynna w 17 rocznic\u0119 chrztu \u015bwi\u0119tego z pro\u015bb\u0105 o opiek\u0119 Pana Boga i Matki Bo\u017cej oraz za Jakuba, Ew\u0119 i Arka<br>18.00 \u015bp. Lucjan G\u00f3rski (w 14 rocznic\u0119 \u015bmierci), Alicja Marianna G\u00f3rska i zmarli z obojga stron, Kazimierz Zwoli\u0144ski i zmarli z rodzin Fornalskich, Mlonk\u00f3w<br>18.00 Dzi\u0119kczynna w 80 urodziny Urszuli, z pro\u015bb\u0105 o Bo\u017ce b\u0142. \u0142ask\u0119 zdrowia na dalsze lata \u017cycia<\/p>\n\n\n\n<p><strong>IV NIEDZIELA WIELKANOCY \/ 21 kwietnia 2024 <\/strong><br>8.00 \u015bp. J\u00f3zef Czeszejko-Sochacki<br>10.00 \u015bp. Ignacy Rokowski<br>12.00 W intencji Parafian<br>15.00 \u015bp. J\u00f3zefa [k] Tubilewicz (39 rocznica \u015bmierci), J\u00f3zef Tubilewicz (28 rocznica \u015bmierci) i zmarli z rodziny<br>18.00 \u015bp. Zygmunt Zdrojewski, Kazimiera [k], J\u00f3zef, Jan i zmarli z rodziny Szczepa\u0144skich<\/p>\n","protected":false},"excerpt":{"rendered":"<p>Zmartwychwstanie Jezusa J\u00f3zef z Arymatei, powa\u017cny cz\u0142owiek Sanhedrynu, kt\u00f3ry by\u0142 ukrytym uczniem Jezusa, poszed\u0142 do Pi\u0142ata i poprosi\u0142 o pozwolenie pogrzebania Jezusa. Pi\u0142at, dowiedziawszy si\u0119 od setnika, \u017ce Jezus ju\u017c umar\u0142, wyda\u0142 zgod\u0119. Razem z Nikodemem, tak\u017ce uczniem Jezusa, zdj\u0119li cia\u0142o Jezusa z krzy\u017ca, owin\u0119li w prze\u015bcierad\u0142a, po uprzednim namaszczeniu pachn\u0105cymi olejami i z\u0142o\u017cyli w [&hellip;]<\/p>\n","protected":false},"author":1,"featured_media":5445,"comment_status":"closed","ping_status":"closed","sticky":false,"template":"","format":"standard","meta":{"ngg_post_thumbnail":0,"footnotes":""},"categories":[11,8,4,3],"tags":[],"class_list":["post-5443","post","type-post","status-publish","format-standard","has-post-thumbnail","hentry","category-aktualnosci","category-blog","category-intencje","category-ogloszenia"],"_links":{"self":[{"href":"https:\/\/rafalk-elblag.pl\/index.php?rest_route=\/wp\/v2\/posts\/5443","targetHints":{"allow":["GET"]}}],"collection":[{"href":"https:\/\/rafalk-elblag.pl\/index.php?rest_route=\/wp\/v2\/posts"}],"about":[{"href":"https:\/\/rafalk-elblag.pl\/index.php?rest_route=\/wp\/v2\/types\/post"}],"author":[{"embeddable":true,"href":"https:\/\/rafalk-elblag.pl\/index.php?rest_route=\/wp\/v2\/users\/1"}],"replies":[{"embeddable":true,"href":"https:\/\/rafalk-elblag.pl\/index.php?rest_route=%2Fwp%2Fv2%2Fcomments&post=5443"}],"version-history":[{"count":1,"href":"https:\/\/rafalk-elblag.pl\/index.php?rest_route=\/wp\/v2\/posts\/5443\/revisions"}],"predecessor-version":[{"id":5446,"href":"https:\/\/rafalk-elblag.pl\/index.php?rest_route=\/wp\/v2\/posts\/5443\/revisions\/5446"}],"wp:featuredmedia":[{"embeddable":true,"href":"https:\/\/rafalk-elblag.pl\/index.php?rest_route=\/wp\/v2\/media\/5445"}],"wp:attachment":[{"href":"https:\/\/rafalk-elblag.pl\/index.php?rest_route=%2Fwp%2Fv2%2Fmedia&parent=5443"}],"wp:term":[{"taxonomy":"category","embeddable":true,"href":"https:\/\/rafalk-elblag.pl\/index.php?rest_route=%2Fwp%2Fv2%2Fcategories&post=5443"},{"taxonomy":"post_tag","embeddable":true,"href":"https:\/\/rafalk-elblag.pl\/index.php?rest_route=%2Fwp%2Fv2%2Ftags&post=5443"}],"curies":[{"name":"wp","href":"https:\/\/api.w.org\/{rel}","templated":true}]}}