{"id":5436,"date":"2024-04-06T15:02:57","date_gmt":"2024-04-06T15:02:57","guid":{"rendered":"http:\/\/rafalk-elblag.pl\/?p=5436"},"modified":"2024-04-06T15:06:31","modified_gmt":"2024-04-06T15:06:31","slug":"07-04-2024-r-niedziela-milosierdzia-bozego","status":"publish","type":"post","link":"https:\/\/rafalk-elblag.pl\/?p=5436","title":{"rendered":"07.04.2024 r., Niedziela Mi\u0142osierdzia Bo\u017cego"},"content":{"rendered":"\n<h2 class=\"wp-block-heading\" id=\"block-de4dbcd2-5192-419e-9a16-24c75cd43305\"><strong>Ufno\u015b\u0107 w Bo\u017ce Mi\u0142osierdzie<\/strong><\/h2>\n\n\n\n<p>\u015awi\u0119to Mi\u0142osierdzia obchodzone jest w pierwsz\u0105 niedziel\u0119 po Wielkanocy, czyli II Niedziel\u0119 Wielkanocn\u0105, zwan\u0105 obecnie Niedziel\u0105 Mi\u0142osierdzia Bo\u017cego. Od 1995 jest ono obchodzone we wszystkich diecezjach w Polsce. W dniu kanonizacji Siostry Faustyny 30 kwietnia 2000 roku Papie\u017c og\u0142osi\u0142 to \u015bwi\u0119to dla ca\u0142ego Ko\u015bcio\u0142a.<\/p>\n\n\n\n<p>Inspiracj\u0105&nbsp; dla ustanowienia&nbsp; tego \u015bwi\u0119ta&nbsp; by\u0142o pragnienie&nbsp; Jezusa, kt\u00f3re przekaza\u0142a Siostra Faustyna w swoim Dzienniczku.<\/p>\n\n\n\n<p>W wielu objawieniach Pan Jezus okre\u015bli\u0142 nie tylko miejsce \u015bwi\u0119ta w kalendarzu liturgicznym Ko\u015bcio\u0142a, ale tak\u017ce motyw i cel jego ustanowienia, spos\u00f3b przygotowania i obchodzenia oraz wielkie obietnice. Najwi\u0119ksz\u0105 z nich jest \u0142aska \u201ezupe\u0142nego odpuszczenia win i kar\u201d zwi\u0105zana z Komuni\u0105 \u015bwi\u0119t\u0105 przyj\u0119t\u0105 w tym dniu po dobrze odprawionej spowiedzi (bez przywi\u0105zania do najmniejszego grzechu), w duchu nabo\u017ce\u0144stwa do Mi\u0142osierdzia Bo\u017cego, czyli w postawie ufno\u015bci wobec Boga i czynnej mi\u0142o\u015bci bli\u017aniego.<\/p>\n\n\n\n<p>Trzeba tutaj wyja\u015bni\u0107, \u017ce spowied\u017a nie musi by\u0107 odprawiana w dniu \u015bwi\u0119ta Mi\u0142osierdzia, mo\u017cna to uczyni\u0107 wcze\u015bniej; wa\u017cne jest, aby dusza by\u0142a czysta, bez przywi\u0105zania&nbsp; do jakiegokolwiek&nbsp; grzechu. Nie mo\u017cna te\u017c pomin\u0105\u0107 troski o prze\u017cywanie tego \u015bwi\u0119ta w duchu nabo\u017ce\u0144stwa do Mi\u0142osierdzia Bo\u017cego, czyli w duchu ufno\u015bci wobec Boga i mi\u0142osierdzia wzgl\u0119dem bli\u017anich. Dopiero taka postawa pozwala oczekiwa\u0107 spe\u0142nienia obietnic Chrystusowych zwi\u0105zanych z t\u0105 form\u0105 kultu Mi\u0142osierdzia Bo\u017cego.<\/p>\n\n\n\n<p>Bo\u017ce mi\u0142osierdzie nigdy nie opuszcza cz\u0142owieka. Towarzyszy mu na wszystkich drogach \u017cycia \u2013 zawsze gotowe do pomocy. Jednak <strong>jedynie ufno\u015b\u0107 w to mi\u0142osierdzie otwiera i uzdalnia ludzkie serce do owocnego przyj\u0119cia \u0142aski<\/strong> dobrego Boga pozwalaj\u0105c Mu na swobodne dzia\u0142anie w duszy.<\/p>\n\n\n\n<p>Zaufanie jest odpowiedzi\u0105 cz\u0142owieka na uprzedzaj\u0105c\u0105 mi\u0142osiern\u0105 mi\u0142o\u015b\u0107 Boga. Czci\u0107 mi\u0142osierdzie nie jest niczym innym, jak ufa\u0107 Mu. Ufno\u015b\u0107 w niepoj\u0119t\u0105 dobro\u0107 Boga pozwala nam pi\u0107 ze zdroj\u00f3w Bo\u017cego Mi\u0142osierdzia.<\/p>\n\n\n\n<p>W pismach Siostry\u00a0 Faustyny ufno\u015b\u0107 nie jest pojedyncz\u0105 cnot\u0105, ale ca\u0142o\u017cyciow\u0105 postaw\u0105 cz\u0142owieka wobec Boga jako Ojca bogatego w mi\u0142osierdzie. Warunkuj\u0105 j\u0105 cnoty teologalne: wiara, nadzieja i mi\u0142o\u015b\u0107 oraz moralne: pokora i skrucha, bez nich niemo\u017cliwe jest zaufanie Bogu, bo <strong>nie mo\u017cna zaufa\u0107\u00a0 komu\u015b,\u00a0 kogo si\u0119 nie zna,\u00a0 na kogo\u00a0 si\u0119 nie liczy, kogo si\u0119 nie kocha, a zarazem je\u015bli si\u0119 nie pozna w\u0142asnej s\u0142abo\u015bci i nie uzna z\u0142a w swoim \u017cyciu.<\/strong> Ufno\u015b\u0107 nie jest wi\u0119c ani pobo\u017cnym uczuciem, ani tylko intelektualn\u0105 akceptacj\u0105 prawd wiary, lecz postaw\u0105, kt\u00f3ra sw\u0105 siedzib\u0119 ma w woli cz\u0142owieka i wypowiada si\u0119 w pe\u0142nieniu woli Bo\u017cej, zawartej w przykazaniach, obowi\u0105zkach stanu czy te\u017c w rozpoznanych natchnieniach Ducha \u015awi\u0119tego. Cz\u0142owiek poznaj\u0105cy tajemnic\u0119 mi\u0142osierdzia Bo\u017cego i ufaj\u0105cy Bogu wie, \u017ce Bo\u017ca wola ma na celu tylko i wy\u0142\u0105cznie dobro cz\u0142owieka, dlatego z mi\u0142o\u015bci\u0105 j\u0105 przyjmuje jako dar i stara si\u0119 wype\u0142nia\u0107 j\u0105 w swym \u017cyciu.<\/p>\n\n\n\n<p><strong>Ufno\u015b\u0107 do\u00a0 tego stopnia\u00a0 stanowi o istocie\u00a0 nabo\u017ce\u0144stwa do Mi\u0142osierdzia Bo\u017cego, \u017ce bez niej to nabo\u017ce\u0144stwo w og\u00f3le nie istnieje<\/strong>, bo pierwszym i zasadniczym wyrazem czci Mi\u0142osierdzia Bo\u017cego jest akt ufno\u015bci. <strong>Czci\u0107 Mi\u0142osierdzie Bo\u017ce \u2013 to najpierw ufa\u0107, a potem praktykowa\u0107 poszczeg\u00f3lne formy kultu<\/strong>. Ju\u017c do samej ufno\u015bci w Mi\u0142osierdzie Chrystus przywi\u0105za\u0142 obietnic\u0119 og\u00f3ln\u0105 wszelkich \u0142ask i doczesnych dobrodziejstw.<\/p>\n\n\n\n<p><strong>Drugim istotnym warunkiem tego nabo\u017ce\u0144stwa jest postawa mi\u0142osierdzia wobec bli\u017anich<\/strong>, kt\u00f3ra sprawia, \u017ce nabo\u017ce\u0144stwo do Mi\u0142osierdzia Bo\u017cego wymaga kszta\u0142towania w sobie ewangelicznej postawy czynnej mi\u0142o\u015bci wobec ludzi. Pan Jezus pragnie by\u015bmy spe\u0142nili w ci\u0105gu dnia przynajmniej jeden taki akt mi\u0142osierdzia, <strong>maj\u0105c przy tym czyst\u0105 intencj\u0119 podobania si\u0119 jedynie Bogu samemu.<\/strong> Ta w\u0142a\u015bnie intencja, bezinteresownej mi\u0142o\u015bci naszego Zbawiciela, ca\u0142kowicie odr\u00f3\u017cnia chrze\u015bcija\u0144skie mi\u0142osierdzie od wszelkiej innej dobroczynno\u015bci pozbawionej motywu mi\u0142o\u015bci Jezusa.<\/p>\n\n\n\n<p>Dopiero na tym fundamencie \u2013 ufno\u015bci wobec Boga i mi\u0142osierdzia wzgl\u0119dem bli\u017anich \u2013 wznosz\u0105 si\u0119 nowe formy kultu, kt\u00f3re Pan Jezus przekaza\u0142 Siostrze Faustynie. Nale\u017c\u0105 do nich: obraz Chrystusa z podpisem: Jezu, ufam Tobie, \u015bwi\u0119to Mi\u0142osierdzia w pierwsz\u0105 niedziel\u0119 po Wielkanocy, Koronka do Mi\u0142osierdzia Bo\u017cego, Godzina Mi\u0142osierdzia i szerzenie czci Mi\u0142osierdzia. Z tymi formami kultu s\u0105 zwi\u0105zane obietnice, kt\u00f3re Jezus da\u0142 wszystkim, kt\u00f3rzy b\u0119d\u0105 te formy kultu praktykowa\u0107. Warunkiem korzystania z tych wielkich obietnic jest praktykowanie tych form kultu zgodnie z duchem tego nabo\u017ce\u0144stwa, czyli w postawie ufno\u015bci wobec Boga i mi\u0142osierdzia wzgl\u0119dem bli\u017anich.<\/p>\n\n\n\n<figure class=\"wp-block-image\" id=\"block-11bfdc70-3a14-4d5e-94a4-c45b2bb4a6cf\"><a href=\"http:\/\/rafalk-elblag.pl\/wp-content\/uploads\/2021\/08\/ogloszenia-parafialne-baner-01a.jpg\"><img decoding=\"async\" src=\"http:\/\/rafalk-elblag.pl\/wp-content\/uploads\/2021\/08\/ogloszenia-parafialne-baner-01a.jpg\" alt=\"Obrazek posiada pusty atrybut alt; plik o nazwie ogloszenia-parafialne-baner-01a.jpg\"\/><\/a><\/figure>\n\n\n\n<h1 class=\"wp-block-heading\" id=\"block-6d42405b-4ab7-4d06-b960-74c4b8e7c4ea\">Og\u0142oszenia parafialne 07.04.2024 r.<\/h1>\n\n\n\n<ol class=\"wp-block-list\">\n<li>Dzisiaj w NIEDZIEL\u0118 MI\u0141OSIERDZIA BO\u017bEGO przynosimy do ko\u015bcio\u0142a <strong>Skarbonki z Ja\u0142mu\u017cn\u0105 Wielkopostn\u0105 2024. <\/strong>Skarbonki zostawiamy pod o\u0142tarzem. <em>B\u00f3g zap\u0142a\u0107 za podj\u0119ty trud i z\u0142o\u017con\u0105 ofiar\u0119.<\/em><\/li>\n\n\n\n<li>W pierwsze niedziele miesi\u0105ca ofiary z\u0142o\u017cone na tac\u0119 przeznaczone s\u0105 na inwestycje parafialne. <em>B\u00f3g zap\u0142a\u0107 za sk\u0142adane ofiary <\/em><em>oraz te przelane na konto parafialne.<\/em><\/li>\n\n\n\n<li>Prze\u017cywamy wyj\u0105tkow\u0105 <strong>\u201eNiedziel\u0119 Mi\u0142osierdzia Bo\u017cego\u201d.<\/strong> Uroczysta Msza \u015bw. z odnowieniem Aktu Zawierzenia Parafii Mi\u0142osierdziu Bo\u017cemu odb\u0119dzie si\u0119 o godz. 15:00. <em>Serdecznie zapraszamy do osobistego i duchowego \u0142\u0105czenia si\u0119 z nami. <strong>Zach\u0119cam by\u015bmy w tej godzinie zjednoczyli si\u0119 we wsp\u00f3lnej modlitwie Koronk\u0105 do Bo\u017cego Mi\u0142osierdzia szczeg\u00f3lnie w intencji zako\u0144czenia wojny na UKRAINIE I ZIEMI \u015aWI\u0118TEJ.<\/strong><\/em><br><strong>UWAGA:<\/strong> <em>Jest jeszcze mo\u017cliwo\u015b\u0107 zakupienia obrazu Jezusa Mi\u0142osiernego w cenie 55 z\u0142.,<\/em> <em>( wielko\u015b\u0107 20 x45).\u00a0 Zapisy w zakrystii.<\/em><\/li>\n\n\n\n<li>Spotkanie dla rodzic\u00f3w dzieci klas III przygotowuj\u0105cych si\u0119 do I KOMUNII \u015aWI\u0118TEJ odb\u0119dzie si\u0119 w poniedzia\u0142ek 8 kwietnia br. o godz. 19:00 w ko\u015bciele. <em>Obecno\u015b\u0107 rodzic\u00f3w na tym spotkaniu obowi\u0105zkowa.<\/em><\/li>\n\n\n\n<li>W \u015brod\u0119 (10.04.) spotkanie Kr\u0119gu Biblijnego o godz. 18:45 w salce na plebanii. <em>Ksi\u0105dz Sylwester serdecznie zaprasza.<\/em><\/li>\n\n\n\n<li>W poniedzia\u0142ek <strong>8 kwietnia<\/strong> obchodzi\u0107 b\u0119dziemy <strong>Uroczysto\u015b\u0107 Zwiastowania Pa\u0144skiego<\/strong> przeniesion\u0105 z 25 marca. Zach\u0119camy do udzia\u0142u w jednej z Mszy \u015bw. tego dnia.<\/li>\n\n\n\n<li><strong>Rozpoczyna si\u0119 \u201eostatnia prosta\u201d przygotowa\u0144 do przyj\u0119cia Sakramentu Bierzmowania dla m\u0142odzie\u017cy z roku II.<\/strong> W zwi\u0105zku z tym ks. Mateusz prosi o mobilizacj\u0119 wszystkich kandydat\u00f3w i ich rodzic\u00f3w. Od 8 kwietnia rozpoczynaj\u0105 si\u0119 spotkania dla kandydat\u00f3w do bierzmowania w ka\u017cdy poniedzia\u0142ek po Mszy \u015bw. o godz. 19:00. Obecno\u015b\u0107 kandydat\u00f3w na powy\u017cszych spotkaniach jest obowi\u0105zkowa. <strong>SAKRAMENT BIERZMOWANIA m\u0142odzie\u017c naszej parafii przyjmie 27 maja br. podczas dodatkowej Mszy \u015bw. o godz. 16:00.<\/strong><\/li>\n\n\n\n<li><strong><\/strong><strong>Parafia \u015bw. Wojciecha organizuje w dniu 27 kwietnia (sobota) pielgrzymk\u0119 piesz\u0105 do \u015awi\u0119tego Gaju,<\/strong> miejsca m\u0119cze\u0144stwa \u015bw. Wojciecha, g\u0142\u00f3wnego patrona naszej diecezji. Wyj\u015bcie z Katedry o godz. 6:30. Uroczysta Msza \u015bw. w \u015awi\u0119tym Gaju o godz. 14:00. Zapisy trwaj\u0105 w parafii \u015bw. Wojciecha. <em><u>Wi\u0119cej informacji na stronie internetowej parafii.<\/u><\/em><\/li>\n\n\n\n<li><strong><\/strong>Za tydzie\u0144 w III Niedziel\u0119 Wielkanocn\u0105 we wszystkich ko\u015bcio\u0142ach naszego kraju b\u0119dziemy prze\u017cywa\u0107 <strong>VIII NARODOWE CZYTANIE PISMA \u015aWI\u0118TEGO.<\/strong>&nbsp; Swoim has\u0142em jak i wybranymi tekstami z Dziej\u00f3w Apostolskich nawi\u0105zuje ono do programu duszpasterskiego, kt\u00f3ry po\u015bwi\u0119cony jest tajemnicy Ko\u015bcio\u0142a. Obecny rok ko\u015bcielny i duszpasterski prze\u017cywany jest pod has\u0142em; \u201eUczestniczymy we wsp\u00f3lnocie Ko\u015bcio\u0142a\u201d.III Niedziela Wielkanocna rozpoczyna tak\u017ce XVI Tydzie\u0144 Biblijny. Niech on stanie si\u0119 dla nas okazj\u0105 to jeszcze wi\u0119kszego zas\u0142uchania si\u0119 w S\u0142owo Bo\u017ce.<\/li>\n\n\n\n<li>Za tydzie\u0144 b\u0119dziemy mogli w\u0142\u0105czy\u0107 si\u0119 w akcj\u0119 <strong>\u201ePola Nadziei 2024\u201d.<\/strong> Akcja ma uwra\u017cliwi\u0107 spo\u0142ecze\u0144stwo, przypominaj\u0105c o chorych i cierpi\u0105cych, a&nbsp; tak\u017ce zach\u0119ci\u0107 do wolontariatu hospicyjnego. W tym dniu (14 kwietnia) na terenie Elbl\u0105ga b\u0119dzie przeprowadzona kwesta. <em>Przed ko\u015bcio\u0142em b\u0119dzie mo\u017cna do puszek z\u0142o\u017cy\u0107 dobrowoln\u0105 ofiar\u0119. Dzi\u0119kujemy.<\/em><\/li>\n\n\n\n<li>Pozosta\u0142o kilka miejsc na 4 \u2013 dniow\u0105 pielgrzymk\u0119 \u00a0z naszej parafii w dniach 26 &#8211; 29 kwietnia. Nawiedzimy \u015aWI\u0104TYNI\u0118 OPATRZNO\u015aCI BO\u017bEJ W WARSZAWIE, NIEPOKALAN\u00d3W I TORU\u0143 i inne miejsca.<em> Zg\u0142oszenia u ks. Proboszcza.<\/em> <em>Wybierz si\u0119\u00a0 razem z nami. Zapraszamy.<\/em><\/li>\n<\/ol>\n\n\n\n<figure class=\"wp-block-image\" id=\"block-5f437b95-503a-4f29-91f7-75b7c74612d1\"><img decoding=\"async\" src=\"http:\/\/rafalk-elblag.pl\/wp-content\/uploads\/2020\/04\/baner-intencje-mszy.jpg\" alt=\"Obrazek posiada pusty atrybut alt; plik o nazwie baner-intencje-mszy.jpg\"\/><\/figure>\n\n\n\n<h1 class=\"wp-block-heading\" id=\"block-ebb85da5-2bf8-44c6-8a18-015b59726bae\">Intencje mszalne 07.04.2024 r.<\/h1>\n\n\n\n<p><strong>PONIEDZIA\u0141EK \/ 8 kwietnia 2024 \/ UROCZYSTO\u015a\u0106 ZWIASTOWANIA PA\u0143SKIEGO<\/strong> \/ \u0141k 1,26-38<br>8.00 \u015bp. Maria Urtnowska oraz zmarli z rodzin Binkowskich i Szeszel<br>18.00 \u015bp. Irena Wile\u0144ska (w 12 rocznic\u0119 \u015bmierci) i zmarli z rodziny Wile\u0144skich i Bartosik\u00f3w<br>18.00 Dzi\u0119kczynna za dar powo\u0142ania ks. \u0141ukasza Bociek, z pro\u015bb\u0105 aby Duch \u015awi\u0119ty o\u015bwieca\u0142 na drodze do \u015bwi\u0119to\u015bci i nape\u0142nia\u0142 ogniem swojej mi\u0142o\u015bci<\/p>\n\n\n\n<p><strong>WTOREK \/ 9 kwietnia 2024<\/strong> \/ J 3,7-15<br>8.00 W intencji Panu Bogu wiadomej oraz w 7 rocznic\u0119 urodzin i chrztu \u0141ukasza<br>18.00 \u015bp. Stanis\u0142aw Hry\u0144 (w 18 rocznic\u0119 \u015bmierci), Emilia Hry\u0144 oraz za rodzic\u00f3w z obojga stron<br>18.00 \u015bp. Czes\u0142aw Buchnowski (w 8 rocznic\u0119 \u015bmierci, o \u0142ask\u0119 nieba)<\/p>\n\n\n\n<p><strong>\u015aRODA \/ 10 kwietnia 2024<\/strong> \/ J 3,16-21<br>8.00 \u015bp. Andrzej Kaczorowski (w 30 dzie\u0144 po pogrzebie)<br>18.00 \u015bp. Teresa Ma\u0142kowska (z okazji urodzin)<br>18.00 \u015bp. Krzysztof Morzy (2 rocznica \u015bmierci)<\/p>\n\n\n\n<p><strong>CZWARTEK \/ 11 kwietnia 2024<\/strong> \/ J 3,31-36<br>8.00 \u015bp. Stanis\u0142aw Mi\u0105zek (intencja od s\u0105siad\u00f3w z Kretowin)<br>18.00 \u015bp. Jadwiga Starzy\u0144ska (w 18 rocznic\u0119 \u015bmierci) i zmarli z rodziny<br>18.00 \u015bp. Jan Przyby\u0142ek (w 29 rocznic\u0119 \u015bmierci), Bogdan Przyby\u0142ek i zmarli rodzice z obojga stron oraz zmarli bracia i siostry<\/p>\n\n\n\n<p><strong>PI\u0104TEK \/ 12 kwietnia 2024<\/strong> \/ J 6,1-15<br>8.00 \u015bp. Barbara Starzy\u0144ska (w 30 dzie\u0144 po pogrzebie)<br>18.00 Dzi\u0119kczynna w dniu urodzin Agnieszki z pro\u015bb\u0105 o \u017cyw\u0105 wiar\u0119 oraz otwarto\u015b\u0107 serca na Bo\u017c\u0105 Mi\u0142o\u015b\u0107<br>18.00 \u015bp. Ryszard Myszk (w 5 rocznic\u0119 \u015bmierci)<\/p>\n\n\n\n<p><strong>SOBOTA \/ 13 kwietnia 2024<\/strong> \/ J 6,16-21<br>8.00 \u015bp. Piotr Obuszy\u0144ski (w 30 dzie\u0144 po pogrzebie)<br>18.00 \u015bp. Stanis\u0142aw Rutkowski (w 2 rocznic\u0119 \u015bmierci)<br>18.00 \u015bp. Jerzy Rutkowski (w 31 rocznic\u0119 \u015bmierci), Adam Rutkowski (w 10 rocznic\u0119 \u015bmierci) i zmarli rodzice z obojga stron<\/p>\n\n\n\n<p><strong>III NIEDZIELA WIELKANOCY \/ 14 kwietnia 2024<\/strong> \/ \u0141k 24,35-48<br>8.00 \u015bp. Jan, Cezaria [k] Arowicz i zmarli z rodziny<br>10.00 Dzi\u0119kczynna z okazji 13 urodzin Kazimierza, z pro\u015bb\u0105 o Bo\u017ce b\u0142., zdrowie i opiek\u0119 Matki Bo\u017cej Szkaplerznej<br>10.00 Dzi\u0119kczynna za Kub\u0119 w 5 rocznic\u0119 urodzin, z pro\u015bb\u0105 o potrzebne \u0142aski na dalsze lata \u017cycia<br>12.00 Dzi\u0119kczynna w 50 rocznic\u0119 \u015blubu Krystyny i Jerzego Wiecha, z pro\u015bb\u0105 o Bo\u017ce b\u0142., potrzebne \u0142aski dla Z\u0142otych Jubilat\u00f3w<br>15.00 \u015bp. Janina Wielesik zd. Bojko<br>18.00 Dzi\u0119kczynna z okazji 14 urodzin Mateusza Milanowskiego, z pro\u015bb\u0105 o Bo\u017ce b\u0142., potrzebne \u0142aski i opiek\u0119 Matki Bo\u017cej<\/p>\n","protected":false},"excerpt":{"rendered":"<p>Ufno\u015b\u0107 w Bo\u017ce Mi\u0142osierdzie \u015awi\u0119to Mi\u0142osierdzia obchodzone jest w pierwsz\u0105 niedziel\u0119 po Wielkanocy, czyli II Niedziel\u0119 Wielkanocn\u0105, zwan\u0105 obecnie Niedziel\u0105 Mi\u0142osierdzia Bo\u017cego. Od 1995 jest ono obchodzone we wszystkich diecezjach w Polsce. W dniu kanonizacji Siostry Faustyny 30 kwietnia 2000 roku Papie\u017c og\u0142osi\u0142 to \u015bwi\u0119to dla ca\u0142ego Ko\u015bcio\u0142a. Inspiracj\u0105&nbsp; dla ustanowienia&nbsp; tego \u015bwi\u0119ta&nbsp; by\u0142o pragnienie&nbsp; [&hellip;]<\/p>\n","protected":false},"author":1,"featured_media":5441,"comment_status":"closed","ping_status":"closed","sticky":false,"template":"","format":"standard","meta":{"ngg_post_thumbnail":0,"footnotes":""},"categories":[11,8,4,3],"tags":[],"class_list":["post-5436","post","type-post","status-publish","format-standard","has-post-thumbnail","hentry","category-aktualnosci","category-blog","category-intencje","category-ogloszenia"],"_links":{"self":[{"href":"https:\/\/rafalk-elblag.pl\/index.php?rest_route=\/wp\/v2\/posts\/5436","targetHints":{"allow":["GET"]}}],"collection":[{"href":"https:\/\/rafalk-elblag.pl\/index.php?rest_route=\/wp\/v2\/posts"}],"about":[{"href":"https:\/\/rafalk-elblag.pl\/index.php?rest_route=\/wp\/v2\/types\/post"}],"author":[{"embeddable":true,"href":"https:\/\/rafalk-elblag.pl\/index.php?rest_route=\/wp\/v2\/users\/1"}],"replies":[{"embeddable":true,"href":"https:\/\/rafalk-elblag.pl\/index.php?rest_route=%2Fwp%2Fv2%2Fcomments&post=5436"}],"version-history":[{"count":1,"href":"https:\/\/rafalk-elblag.pl\/index.php?rest_route=\/wp\/v2\/posts\/5436\/revisions"}],"predecessor-version":[{"id":5439,"href":"https:\/\/rafalk-elblag.pl\/index.php?rest_route=\/wp\/v2\/posts\/5436\/revisions\/5439"}],"wp:featuredmedia":[{"embeddable":true,"href":"https:\/\/rafalk-elblag.pl\/index.php?rest_route=\/wp\/v2\/media\/5441"}],"wp:attachment":[{"href":"https:\/\/rafalk-elblag.pl\/index.php?rest_route=%2Fwp%2Fv2%2Fmedia&parent=5436"}],"wp:term":[{"taxonomy":"category","embeddable":true,"href":"https:\/\/rafalk-elblag.pl\/index.php?rest_route=%2Fwp%2Fv2%2Fcategories&post=5436"},{"taxonomy":"post_tag","embeddable":true,"href":"https:\/\/rafalk-elblag.pl\/index.php?rest_route=%2Fwp%2Fv2%2Ftags&post=5436"}],"curies":[{"name":"wp","href":"https:\/\/api.w.org\/{rel}","templated":true}]}}