{"id":5430,"date":"2024-03-29T21:22:39","date_gmt":"2024-03-29T21:22:39","guid":{"rendered":"http:\/\/rafalk-elblag.pl\/?p=5430"},"modified":"2024-04-01T09:43:16","modified_gmt":"2024-04-01T09:43:16","slug":"31-03-2024-r-niedziela-zmartwychwstania-panskiego","status":"publish","type":"post","link":"https:\/\/rafalk-elblag.pl\/?p=5430","title":{"rendered":"31.03.2024 r., Niedziela Zmartwychwstania Pa\u0144skiego"},"content":{"rendered":"\n<h2 class=\"wp-block-heading\" id=\"block-de4dbcd2-5192-419e-9a16-24c75cd43305\"><strong><em>\u017byczenia Wielkanocne<\/em><\/strong><\/h2>\n\n\n\n<p><em>Niech zmartwychwstanie Jezusa nape\u0142ni Was nadziej\u0105, \u017ce dobro zawsze zwyci\u0119\u017ca a moc Chrystusa jest tak wielka, \u017ce pokona ka\u017cde z\u0142o, tak\u017ce to, kt\u00f3re Was w \u017cyciu spotyka.<\/em> <br><em>Niech Pan, kt\u00f3ry przyszed\u0142 do Aposto\u0142\u00f3w przyjdzie r\u00f3wnie\u017c do Was ze swoim pokojem, mi\u0142o\u015bci\u0105 i umocni wasz\u0105 wiar\u0119. Niech obdarzy Was poczuciem swojej obecno\u015bci, aby sta\u0142a si\u0119 ona dla Was \u017ar\u00f3d\u0142em rado\u015bci.<\/em><br><em>Obfitych \u0142ask od Chrystusa Zmartwychwsta\u0142ego oraz pe\u0142nych pokoju \u015awi\u0105t Wielkanocnych z radosnym &#8222;Alleluja&#8221;<\/em> <em>\u017cycz\u0105 Ksi\u0119\u017ca pos\u0142uguj\u0105cy w parafii.<\/em><\/p>\n\n\n\n<h2 class=\"wp-block-heading\"><strong>Najwa\u017cniejsze \u015bwi\u0119to chrze\u015bcijan<\/strong><\/h2>\n\n\n\n<p>Niedziela Zmartwychwstania Pa\u0144skiego jest pierwszym i najdawniejszym \u015bwi\u0119tem w Ko\u015bciele Katolickim, obchodzonym ju\u017c w czasach apostolskich. Symbolicznym tego wyrazem jest \u015bwi\u0119towanie przez chrze\u015bcijan niedzieli jako Dies Dominica (Dzie\u0144 Pa\u0144ski).<\/p>\n\n\n\n<p>Niedziela wielkanocna rozpoczyna si\u0119 ju\u017c w sobot\u0119 po zachodzie s\u0142o\u0144ca. Rozpoczyna j\u0105 Wigilia Paschalna, podczas kt\u00f3rej zapala si\u0119 pascha\u0142 \u2013 woskow\u0105 \u015bwiec\u0119, kt\u00f3ra symbolizuje zmartwychwsta\u0142ego Chrystusa. Jest to r\u00f3wnie\u017c ostatni dzie\u0144 Triduum Paschalnego, liczonego wed\u0142ug kalendarza \u017cydowskiego od wieczora Wielkiego Czwartku do wieczornych nieszpor\u00f3w w Niedziel\u0119. \u015awi\u0119towanie Wielkanocy rozci\u0105ga si\u0119 na kolejne osiem dni \u2013 oktaw\u0119 wielkanocn\u0105, a szerzej a\u017c do dnia Pi\u0119\u0107dziesi\u0105tnicy \u2013 Niedzieli Zes\u0142ania Ducha \u015awi\u0119tego.<em><\/em><\/p>\n\n\n\n<p>Dla pierwotnego Ko\u015bcio\u0142a czas wielkanocny by\u0142 centrum roku ko\u015bcielnego. Przez pi\u0119\u0107dziesi\u0105t dni chrze\u015bcijanie \u015bwi\u0119towali zmartwychwstanie Chrystusa. Zafascynowani \u015bpiewali ci\u0105gle na nowo wielkanocne \u201eAlleluja\u201d. \u015apiewaj\u0105c wyra\u017cali rado\u015b\u0107, \u017ce mi\u0142o\u015b\u0107 zwyci\u0119\u017cy\u0142a \u015bmier\u0107, \u017ce dzi\u0119ki zmartwychwstaniu uczestniczymy w chwale Chrystusa. \u015aw. Augustyn w jednym z kaza\u0144 tak m\u00f3wi o wielkanocnym \u201eAlleluja\u201d:<\/p>\n\n\n\n<p><em>\u015apiewaj dzisiaj nie po to by cieszy\u0107 si\u0119 spokojem, lecz aby w\u015br\u00f3d trosk znale\u017a\u0107 pociech\u0119. Tak jak maj\u0105 zwyczaj \u015bpiewa\u0107 w\u0119drowcy: \u015bpiewaj, ale id\u017a. \u015apiewaj\u0105c pocieszaj si\u0119<br>w trudno\u015bciach, nie poddawaj si\u0119 zniech\u0119ceniu! \u015apiewaj i id\u017a!<\/em><\/p>\n\n\n\n<p>Wielu chrze\u015bcijan straci\u0142o dzisiaj poczucie tajemnicy Wielkanocy. Ciesz\u0105 si\u0119 wprawdzie z wiosny, ale pi\u0119kno wi\u0105\u017c\u0105 nie tyle z Wielkanoc\u0105, ile z prze\u017cyciem odradzaj\u0105cej si\u0119 przyrody. Dla pierwotnego Ko\u015bcio\u0142a zbie\u017cno\u015b\u0107 ta by\u0142a jedno\u015bci\u0105: zmartwychwstanie Jezusa Chrystusa odnawia r\u00f3wnie\u017c stworzenie. W tajemnicy Wielkanocy chrze\u015bcijanie odkrywali prawdziw\u0105 wiosn\u0119: \u017cycie jest silniejsze ni\u017c \u015bmier\u0107. Martwy gr\u00f3b zostaje przemieniony w kwitn\u0105cy ogr\u00f3d. Wi\u0119zy, kt\u00f3re nie pozwala\u0142y nam \u017cy\u0107 \u017cyciem Bo\u017cym opadaj\u0105. Dzi\u0119ki zmartwychwstaniu odkrywamy nowe si\u0142y \u017cyciowe w naszym ciele i w naszej duszy.<\/p>\n\n\n\n<p>W czasie postu oraz Triduum Paschalnego rozmy\u015blanie nad cierpieniem Jezusa pozwoli\u0142o nam przyjrze\u0107 si\u0119 naszym w\u0142asnym ranom. W czasie Wielkanocnym zwracamy si\u0119 ku \u017cyciu, kt\u00f3re pragnie rozkwita\u0107 w naszych ranach. Droga zmartwychwstania uczy nas \u017cycia, kt\u00f3re jest silniejsze ni\u017c wszelkie zranienia i blokady. Wielkanoc zaczyna si\u0119 od \u017cycia. Potrzeba zatem aby\u015bmy i my, rozwa\u017cywszy w Wielkim Po\u015bcie nasze rany, skupili si\u0119 teraz na naszych mo\u017cliwo\u015bciach, zdolno\u015bciach i drodze, kt\u00f3r\u0105 B\u00f3g chce dalej nas prowadzi\u0107. Wszystkie fragmenty Ewangelii m\u00f3wi\u0105ce o zmartwychwstaniu, wyrywaj\u0105 nas z beznadziejno\u015bci, rozsadzaj\u0105 wewn\u0119trzne odr\u0119twienie, przekazuj\u0105 prawd\u0119 o wolno\u015bci i pokonywaniu naszych ogranicze\u0144 wtedy gdy jeste\u015bmy z Bogiem. Niech s\u0142owa Ewangelii daj\u0105 nam nadziej\u0119, si\u0142\u0119 i odwag\u0119 do pewniejszego kroczenia za Jezusem i do walki ze z\u0142em.<\/p>\n\n\n\n<figure class=\"wp-block-image\" id=\"block-11bfdc70-3a14-4d5e-94a4-c45b2bb4a6cf\"><a href=\"http:\/\/rafalk-elblag.pl\/wp-content\/uploads\/2021\/08\/ogloszenia-parafialne-baner-01a.jpg\"><img decoding=\"async\" src=\"http:\/\/rafalk-elblag.pl\/wp-content\/uploads\/2021\/08\/ogloszenia-parafialne-baner-01a.jpg\" alt=\"Obrazek posiada pusty atrybut alt; plik o nazwie ogloszenia-parafialne-baner-01a.jpg\"\/><\/a><\/figure>\n\n\n\n<h1 class=\"wp-block-heading\" id=\"block-6d42405b-4ab7-4d06-b960-74c4b8e7c4ea\">Og\u0142oszenia parafialne 31.03.2024 r.<\/h1>\n\n\n\n<ol class=\"wp-block-list\">\n<li>Jutro Poniedzia\u0142ek Wielkanocny, II dzie\u0144 \u015awi\u0105t. Porz\u0105dek Mszy \u015bw. jak w niedziel\u0119. <strong>UWAGA! NIE MA MSZY O GODZ. 15:00<\/strong>. Taca przeznaczona na Katolicki Uniwersytet Lubelski im. \u015bw. Jana Paw\u0142a II. <em>B\u00f3g zap\u0142a\u0107 za z\u0142o\u017cone ofiary.<\/em><\/li>\n\n\n\n<li><strong>OD WIELKIEGO PI\u0104TKU trwamy na<\/strong> <strong>NOWENNIE, kt\u00f3ra przygotowuje nas do Niedzieli Mi\u0142osierdzia Bo\u017cego, kt\u00f3r\u0105 odmawiamy po Mszy \u015bw. wieczorowej.<\/strong> <em>Parafian zach\u0119cam do wsp\u00f3lnej modlitwy w ko\u015bciele lub rodzinnej w swoich domach, \u0142\u0105cz\u0105c si\u0119 duchowo z parafi\u0105. Pro\u015bmy Mi\u0142osiernego Boga zako\u0144czenie wojny o pok\u00f3j na \u015bwiecie.<\/em><\/li>\n\n\n\n<li>W tym tygodniu przypada pierwszy czwartek, pi\u0105tek i sobota miesi\u0105ca.<br><strong>w pierwszy czwartek (04.04.) <\/strong>zapraszamy do wsp\u00f3lnej modlitwy o nowe powo\u0142ania kap\u0142a\u0144skie i zakonne.<strong> Msza \u015bw. o godz. 18:00. ,,Godzina \u015awi\u0119ta\u201d<\/strong> czyli ADORACJA przed Naj\u015bwi\u0119tszym Sakramentem po Mszy \u015bw. do godz. 20:00.<br><strong>w pierwszy pi\u0105tek (05.04.)<\/strong> spowied\u017a dla dzieci w tygodniu od godz. 17:30, oraz w pi\u0105tek od godz. 16:00. Msza \u015bw. dla dzieci o godz. 16:30, dla doros\u0142ych i m\u0142odzie\u017cy o godz. 18:00. Zapraszamy.<br><strong>w pierwsz\u0105 sobot\u0119 (06.04.)<\/strong> przed Msz\u0105 \u015aw. o godz. 17:00 zapraszamy na nabo\u017ce\u0144stwo.&nbsp; <em>Tego dnia zmiana tajemnic dla \u017bywego R\u00f3\u017ca\u0144ca.<\/em><\/li>\n\n\n\n<li><strong><\/strong>Z racji pierwszego pi\u0105tku ksi\u0105dz Proboszcz i ks. Sylwester udadz\u0105 si\u0119 do chorych 5 kwietnia od godz. 9:30 a ks. Mateusz w sobot\u0119 od godz. 9:30.<strong><\/strong><\/li>\n\n\n\n<li><strong><\/strong><strong>W sobot\u0119 6 kwietnia br. katedrze pw. \u015bw. Miko\u0142aja w Elbl\u0105gu o godz. 11:00 ks. Pra\u0142at Janusz URBA\u0143CZYK przyjmie \u015bwiecenia biskupie. Ojciec \u015awi\u0119ty Franciszek ustanowi\u0142 kap\u0142ana Diecezji Elbl\u0105skiej Nuncjuszem Apostolskim w Zimbabwe. Serdecznie zapraszamy na powy\u017csze uroczysto\u015bci.<\/strong><\/li>\n\n\n\n<li><strong><\/strong>Za tydzie\u0144 w <strong>NIEDZIEL\u0118 MI\u0141OSIERDZIA BO\u017bEGO<\/strong> <strong>przynosimy do ko\u015bcio\u0142a Skarbonki z Ja\u0142mu\u017cn\u0105 2024<\/strong> w ramach og\u00f3lnopolskiej akcji charytatywnej. <em>Skarbonki zostawiamy pod o\u0142tarzem. B\u00f3g zap\u0142a\u0107 za podj\u0119ty trud i z\u0142o\u017con\u0105 ofiar\u0119.<\/em><\/li>\n\n\n\n<li><strong><\/strong><strong>W przysz\u0142\u0105 Niedziel\u0119 w ca\u0142ym Ko\u015bciele obchodzi\u0107 b\u0119dziemy Niedziel\u0119 Bo\u017cego Mi\u0142osierdzia. <\/strong>Uroczysta Msza \u015bw. z odnowieniem Aktu Zawierzenia Parafii Mi\u0142osierdziu Bo\u017cemu odb\u0119dzie si\u0119 o godz. 15:00.<strong>&nbsp; <\/strong><em><\/em><\/li>\n\n\n\n<li><strong>UWAGA:<\/strong> <em>M<\/em><em>amy mo\u017cliwo\u015b\u0107 zam\u00f3wienia obrazu Jezusa Mi\u0142osiernego w cenie 55 z\u0142.,&nbsp;&nbsp;&nbsp;&nbsp;&nbsp;&nbsp;&nbsp;&nbsp;&nbsp;&nbsp;&nbsp;&nbsp;&nbsp;&nbsp;&nbsp;&nbsp;&nbsp;&nbsp;&nbsp;&nbsp;&nbsp;&nbsp;&nbsp;&nbsp;&nbsp;&nbsp; (wielko\u015b\u0107 20 x 45)&nbsp; kt\u00f3re zostan\u0105 po\u015bwi\u0119cone w Niedziel\u0119 Mi\u0142osierdzia Bo\u017cego o godz. 15:00.&nbsp; Zapisy w zakrystii. Zapraszamy.<\/em><\/li>\n\n\n\n<li><strong>Dzi\u0119kuj\u0119:<\/strong> ks. Sylwestrowi za przygotowaniu Ciemnicy i ks. Mateuszowi za przygotowanie Grobu Pa\u0144skiego oraz wszystkim osobom kt\u00f3re pomaga\u0142y, S\u0142u\u017cbie Liturgicznej O\u0142tarza a szczeg\u00f3lne za zaanga\u017cowanie \u2013 ceremoniarzom: Grzegorzowi Wierzbickiemu, Szymonowi Cz\u0119czek, Karolowi Mystkowskiemu, panu Piotrowi \u2013 Organi\u015bcie i Ch\u00f3rowi za przygotowanie oprawy muzycznej podczas Triduum Paschalnego, pa\u0144stwu Bo\u017cenie i Henrykowi Kulig za dekoracj\u0119 naszej \u015bwi\u0105tyni i panom ko\u015bcielnym Edmundowi i Zbigniewowi.<\/li>\n\n\n\n<li>Zach\u0119cam do nabywania nowego numeru \u201eGo\u015bcia Niedzielnego\u201d<strong> z dodatkiem<\/strong> <strong>\u201eGo\u015bcia Elbl\u0105skiego\u201d<\/strong>&nbsp; <strong>w cenie 10 z\u0142.<\/strong><\/li>\n\n\n\n<li>W ostatnim tygodniu odszed\u0142 do wieczno\u015bci:<br>\u015bp. J\u00f3zef CZESZEJKO &#8211; SOCHACKI lat 85 z ul. \u0141okietka<br>\u015bp. Jan Bukowski lat 74 z ul. Brzechwy<\/li>\n<\/ol>\n\n\n\n<figure class=\"wp-block-image\" id=\"block-5f437b95-503a-4f29-91f7-75b7c74612d1\"><img decoding=\"async\" src=\"http:\/\/rafalk-elblag.pl\/wp-content\/uploads\/2020\/04\/baner-intencje-mszy.jpg\" alt=\"Obrazek posiada pusty atrybut alt; plik o nazwie baner-intencje-mszy.jpg\"\/><\/figure>\n\n\n\n<h1 class=\"wp-block-heading\" id=\"block-ebb85da5-2bf8-44c6-8a18-015b59726bae\">Intencje mszalne 31.03.2024 r.<\/h1>\n\n\n\n<p><strong>NIEDZIELA ZMARTWYCHWSTANIA PA\u0143SKIEGO \/ 31 marca 2024<\/strong> \/ J 20,1-9 lub \u0141k 24,1-12<br>6.00 W intencji Parafian<br>10.00 \u015bp. Stanis\u0142awa [k], J\u00f3zef, Edward, Barbara i zmarli z rodzin Osowskich i Wala<br>12.00 \u015bp. Monika, Wiktor Jankowscy oraz zmarli z rodziny Kami\u0144skich<br>18.00 \u015bp. Apolonia, Franciszka [k], Jan, Janusz oraz zmarli z rodziny Piotrowskich: Maria, Mariusz i Tomasz<\/p>\n\n\n\n<p><strong>PONIEDZIA\u0141EK \/ 1 kwietnia 2024 <\/strong>\/ Mt 28,8-15<br>8.00 \u015ap. Andrzej Bara\u0144ski (w 11 rocznic\u0119 \u015bmierci), Stefania Konieczna (w 5 rocznic\u0119 \u015bmierci)<br>10.00 Dzi\u0119kczynna za dar \u017cycia Antoniego i Stanis\u0142awa, z pro\u015bb\u0105 o Bo\u017ce b\u0142., zdrowie oraz opiek\u0119 Matki Bo\u017cej<br>12.00 \u015bp. Janina (w 13 rocznic\u0119 \u015bmierci)<br>18.00 Dzi\u0119kczynna z okazji urodzin i imienin Krystyny i Ryszarda, z pro\u015bb\u0105 o Bo\u017ce b\u0142. i opiek\u0119 Matki Bo\u017cej<\/p>\n\n\n\n<p><strong>WTOREK \/ 2 kwietnia 2024<\/strong> \/ J 20,11-18<br>8.00 \u015bp. Stefania, W\u0142odzimierz Miko\u0142ajczyk, Helena i Miko\u0142aj Osipik<br>18.00 \u015bp. Jadwiga (w 9 rocznic\u0119 \u015bmierci)<br>18.00 Dzi\u0119kczynna z okazji urodzin Krystyny, o Bo\u017ce b\u0142., dary Ducha \u015awi\u0119tego i opiek\u0119 Matki Bo\u017cej Szkaplerznej<\/p>\n\n\n\n<p><strong>\u015aRODA \/ 3 kwietnia 2024<\/strong> \/ \u0141k 24,13-35<br>8.00 \u015bp. Jan Lis (w 30 dzie\u0144 po pogrzebie)<br>18.00 \u015bp. J\u00f3zef Czeszejko-Sochacki (intencja pogrzebowa)<br>18.00 \u015bp. Cecylia Chmiel (w 9 rocznic\u0119 \u015bmierci)<br>18.00 Dzi\u0119kczynna za dar powo\u0142ania ks. Mateusza, z pro\u015bb\u0105 aby Duch \u015awi\u0119ty o\u015bwieca\u0142 na drodze do \u015bwi\u0119to\u015bci i nape\u0142nia\u0142 ogniem swojej mi\u0142o\u015bci<\/p>\n\n\n\n<p><strong>CZWARTEK \/ 4 kwietnia 2024<\/strong> \/ I CZWARTEK MIESI\u0104CA \/ \u0141k 24,35-48<br>8.00 \u015bp. Stanis\u0142awa [k] Obsza\u0144ska (w 14 rocznic\u0119 \u015bmierci)<br>8.00 \u015bp. Stanis\u0142awa [k] Mochol (w 4 miesi\u0105c po \u015bmierci)<br>18.00 O liczne i \u015bwi\u0119te powo\u0142ania kap\u0142a\u0144skie i zakonne z naszej parafii oraz za kap\u0142an\u00f3w tutaj w parafii pos\u0142uguj\u0105cych<br>18.00 Dzi\u0119kczynna za dar powo\u0142ania ks. Sylwestra, z pro\u015bb\u0105 aby Duch \u015awi\u0119ty o\u015bwieca\u0142 na drodze do \u015bwi\u0119to\u015bci i nape\u0142nia\u0142 ogniem swojej mi\u0142o\u015bci<\/p>\n\n\n\n<p><strong>PI\u0104TEK \/ 5 kwietnia 2024<\/strong> \/ I PI\u0104TEK MIESI\u0104CA \/ J 21,1-14<br>8.00 \u015bp. Franciszek Songin<br>16.30 W intencji czcicieli Naj\u015bwi\u0119tszego Serca Pana Jezusa<br>18.00 \u015bp. Bogdan Kwapiszewski (w 1 rocznic\u0119 \u015bmierci)<br>18.00 Dzi\u0119kczynna za dar powo\u0142ania ks. Proboszcza, z pro\u015bb\u0105 aby Duch \u015awi\u0119ty o\u015bwieca\u0142 na drodze do \u015bwi\u0119to\u015bci i nape\u0142nia\u0142 ogniem swojej mi\u0142o\u015bci<\/p>\n\n\n\n<p><strong>SOBOTA \/ 6 kwietnia 2024<\/strong> \/ I SOBOTA MIESI\u0104CA \/ Mk 16,9-15<br>8.00 Dzi\u0119kczynna za 80 lat \u017cycia, z pro\u015bba o zdrowie, Bo\u017ce b\u0142. i opiek\u0119 Matki Bo\u017cej na dalsze lata<br>18.00 rezerwacja<br>18.00 rezerwacja<\/p>\n","protected":false},"excerpt":{"rendered":"<p>\u017byczenia Wielkanocne Niech zmartwychwstanie Jezusa nape\u0142ni Was nadziej\u0105, \u017ce dobro zawsze zwyci\u0119\u017ca a moc Chrystusa jest tak wielka, \u017ce pokona ka\u017cde z\u0142o, tak\u017ce to, kt\u00f3re Was w \u017cyciu spotyka. Niech Pan, kt\u00f3ry przyszed\u0142 do Aposto\u0142\u00f3w przyjdzie r\u00f3wnie\u017c do Was ze swoim pokojem, mi\u0142o\u015bci\u0105 i umocni wasz\u0105 wiar\u0119. Niech obdarzy Was poczuciem swojej obecno\u015bci, aby sta\u0142a [&hellip;]<\/p>\n","protected":false},"author":1,"featured_media":5431,"comment_status":"closed","ping_status":"closed","sticky":false,"template":"","format":"standard","meta":{"ngg_post_thumbnail":0,"footnotes":""},"categories":[11,8,4,3],"tags":[],"class_list":["post-5430","post","type-post","status-publish","format-standard","has-post-thumbnail","hentry","category-aktualnosci","category-blog","category-intencje","category-ogloszenia"],"_links":{"self":[{"href":"https:\/\/rafalk-elblag.pl\/index.php?rest_route=\/wp\/v2\/posts\/5430","targetHints":{"allow":["GET"]}}],"collection":[{"href":"https:\/\/rafalk-elblag.pl\/index.php?rest_route=\/wp\/v2\/posts"}],"about":[{"href":"https:\/\/rafalk-elblag.pl\/index.php?rest_route=\/wp\/v2\/types\/post"}],"author":[{"embeddable":true,"href":"https:\/\/rafalk-elblag.pl\/index.php?rest_route=\/wp\/v2\/users\/1"}],"replies":[{"embeddable":true,"href":"https:\/\/rafalk-elblag.pl\/index.php?rest_route=%2Fwp%2Fv2%2Fcomments&post=5430"}],"version-history":[{"count":3,"href":"https:\/\/rafalk-elblag.pl\/index.php?rest_route=\/wp\/v2\/posts\/5430\/revisions"}],"predecessor-version":[{"id":5437,"href":"https:\/\/rafalk-elblag.pl\/index.php?rest_route=\/wp\/v2\/posts\/5430\/revisions\/5437"}],"wp:featuredmedia":[{"embeddable":true,"href":"https:\/\/rafalk-elblag.pl\/index.php?rest_route=\/wp\/v2\/media\/5431"}],"wp:attachment":[{"href":"https:\/\/rafalk-elblag.pl\/index.php?rest_route=%2Fwp%2Fv2%2Fmedia&parent=5430"}],"wp:term":[{"taxonomy":"category","embeddable":true,"href":"https:\/\/rafalk-elblag.pl\/index.php?rest_route=%2Fwp%2Fv2%2Fcategories&post=5430"},{"taxonomy":"post_tag","embeddable":true,"href":"https:\/\/rafalk-elblag.pl\/index.php?rest_route=%2Fwp%2Fv2%2Ftags&post=5430"}],"curies":[{"name":"wp","href":"https:\/\/api.w.org\/{rel}","templated":true}]}}