{"id":5422,"date":"2024-03-23T19:09:26","date_gmt":"2024-03-23T19:09:26","guid":{"rendered":"http:\/\/rafalk-elblag.pl\/?p=5422"},"modified":"2024-03-26T09:00:00","modified_gmt":"2024-03-26T09:00:00","slug":"24-03-2024-r-niedziela-palmowa-niedziela-meki-panskiej","status":"publish","type":"post","link":"https:\/\/rafalk-elblag.pl\/?p=5422","title":{"rendered":"24.03.2024 r., Niedziela Palmowa, Niedziela M\u0119ki Pa\u0144skiej"},"content":{"rendered":"\n<h2 class=\"wp-block-heading\" id=\"block-de4dbcd2-5192-419e-9a16-24c75cd43305\"><strong>TRIDUUM PASCHALNE<\/strong><\/h2>\n\n\n\n<p><strong><u>WIELKI&nbsp; CZWARTEK<\/u><\/strong><\/p>\n\n\n\n<p>Ko\u015bci\u00f3\u0142 staje si\u0119 w tym dniu, w czasie liturgii Wieczernikiem, w kt\u00f3rym Jezus spotyka si\u0119 przed M\u0119k\u0105 ze swoimi uczniami, umywa im nogi i nazywa przyjaci\u00f3\u0142mi.<\/p>\n\n\n\n<p><strong>18:00<\/strong> <strong>Msza Wieczerzy Pa\u0144skiej <\/strong>\u2013 pami\u0105tka ustanowienia Eucharystii i Kap\u0142a\u0144stwa. Tego dnia liturgia ko\u0144czy si\u0119 przeniesieniem Naj\u015bwi\u0119tszego Sakramentu do Ciemnicy.<br><strong>Od godz<\/strong>. <strong>21:00 <\/strong>\u2013 adoracja prowadzona przez Odnow\u0119 w Duchu \u015awi\u0119tym. <strong>Adoracja trwa do godziny 22:00.<\/strong><\/p>\n\n\n\n<p><strong><u>WIELKI&nbsp; PI\u0104TEK<\/u><\/strong><\/p>\n\n\n\n<p>Dzie\u0144 M\u0119ki i \u015bmierci naszego Pana Jezusa Chrystusa. W tym dniu Ko\u015bci\u00f3\u0142 nie sprawuje Mszy \u015bw. Gromadzimy si\u0119 na wieczornej liturgii ku czci M\u0119ki Pa\u0144skiej.<\/p>\n\n\n\n<p><strong>9:00 <\/strong><strong> CIEMNA JUTRZNIA \u2013 <\/strong>modlitwa brewiarzowa<br><strong>15:00 <\/strong> <strong>GODZINA MI\u0141OSIERDZIA \u2013<\/strong> Droga &nbsp;Krzy\u017cowa. oraz Pierwszy Dzie\u0144 Nowenny do Mi\u0142osierdzia Bo\u017cego<br><strong>18:00<\/strong>  <strong>LITURGIA M\u0118KI PA\u0143SKIEJ \u2013 <\/strong>sk\u0142ada si\u0119 z czterech cz\u0119\u015bci: <br>1) liturgii s\u0142owa,<br>2) adoracji Krzy\u017ca, <em><u>Adoracja Krzy\u017ca odb\u0119dzie si\u0119 przez uca\u0142owanie Krzy\u017ca<\/u><\/em><br>3) Komunii \u015bwi\u0119tej<br>4) procesji z Naj\u015bwi\u0119tszym Sakramentem do Grobu Pa\u0144skiego<\/p>\n\n\n\n<p><strong><em>Adoracja przy Grobie Pa\u0144skim do godz. 22:00.<\/em><\/strong><\/p>\n\n\n\n<p><strong>UWAGA!!!<\/strong><br><em>W tym dniu obowi\u0105zuje nas POST \u015aCIS\u0141Y tzn. wstrzemi\u0119\u017aliwo\u015b\u0107 od pokarm\u00f3w mi\u0119snych i ograniczenie ilo\u015bci spo\u017cywanego pokarmu (trzy posi\u0142ki \u2013 jeden do syta i dwa lekkie).<\/em><\/p>\n\n\n\n<p><strong><u>WIELKA&nbsp; SOBOTA<\/u><\/strong><\/p>\n\n\n\n<p><strong>D<\/strong><strong>zie\u0144 Adoracji przy Grobie Pa\u0144skim. Zapraszamy na po\u015bwiecenie pokarm\u00f3w na st\u00f3\u0142\u00a0\u00a0 Wielkanocny i adoracj\u0119 do ko\u015bcio\u0142a na godz. 10:00, 10:30, 11:00, 11:30, 12:00, 12:30, 13:00, 13:30, 14:00 i 14:30. <\/strong>Podczas po\u015bwi\u0119cenia koszyk trzymamy przed sob\u0105, aby zachowa\u0107 wi\u0119kszy porz\u0105dek oraz dystans. <em>Ofiary zbierane w tym dniu przeznaczone b\u0119d\u0105 dla os\u00f3b korzystaj\u0105cych z pomocy Caritas w naszej parafii.<\/em><\/p>\n\n\n\n<p><strong>9.00 Ciemna Jutrznia<\/strong><br><strong>15:00<\/strong> <strong>II DZIE\u0143 NOWENNY DO MI\u0141OSIERDZIA BO\u017bEGO<\/strong><br><strong>20:00<\/strong>  <strong>WIGILIA PASCHALNA &#8211; <\/strong>To najpi\u0119kniejsza i najbardziej rozbudowana liturgia w ca\u0142ym roku. W jej trakcie proklamowane jest uroczy\u015bcie zwyci\u0119stwo Jezusa nad grzechem i \u015bmierci\u0105 oraz og\u0142oszenie Jego zmartwychwstania.\u00a0 Liturgia rozpocznie si\u0119 przed Ko\u015bcio\u0142em, jednak wiernych prosimy o pozostanie w Ko\u015bciele.<strong> Na liturgi\u0119 zabieramy ze sob\u0105 \u015bwiec\u0119.<\/strong><\/p>\n\n\n\n<p><strong><u>NIEDZIELA ZMARTWYCHWSTANIA PA\u0143SKIEGO<\/u><\/strong> <\/p>\n\n\n\n<p><strong>6.00 Msza \u015bw. z procesj\u0105 rezurekcyjn\u0105. <\/strong><br><strong>Kolejne Msze \u015bw. o godz. 10:00, 12:00 i 18:00.<\/strong><\/p>\n\n\n\n<figure class=\"wp-block-image\" id=\"block-11bfdc70-3a14-4d5e-94a4-c45b2bb4a6cf\"><a href=\"http:\/\/rafalk-elblag.pl\/wp-content\/uploads\/2021\/08\/ogloszenia-parafialne-baner-01a.jpg\"><img decoding=\"async\" src=\"http:\/\/rafalk-elblag.pl\/wp-content\/uploads\/2021\/08\/ogloszenia-parafialne-baner-01a.jpg\" alt=\"Obrazek posiada pusty atrybut alt; plik o nazwie ogloszenia-parafialne-baner-01a.jpg\"\/><\/a><\/figure>\n\n\n\n<h1 class=\"wp-block-heading\" id=\"block-6d42405b-4ab7-4d06-b960-74c4b8e7c4ea\">Og\u0142oszenia parafialne 24.03.2024 r.<\/h1>\n\n\n\n<ol class=\"wp-block-list\">\n<li><strong>Gr\u00f3b Pa\u0144ski<\/strong> <strong>jest wyrazem wdzi\u0119czno\u015bci Chrystusowi, kt\u00f3ry umar\u0142 za nas<\/strong>.&nbsp;Kto zechcia\u0142by przyczyni\u0107 si\u0119 do upi\u0119kszenia GROBU i KO\u015aCIO\u0141A mo\u017ce, po ka\u017cdej Mszy \u015bwi\u0119tej z\u0142o\u017cy\u0107 dzisiaj ofiar\u0119 do puszki na kwiaty.<strong> Dzi\u0119kujemy za zrozumienie.<\/strong><\/li>\n\n\n\n<li><strong>Zapraszamy jeszcze <\/strong>w t\u0119 Niedziel\u0119 WIELKIEGO POSTU<strong> na Adoracj\u0119 Naj\u015bwi\u0119tszego Sakramentu od godz. 16:00 do godz. 17:15<\/strong> oraz na GORZKIE \u017bALE z kazaniem pasyjnym o godz. 17:15. &nbsp;Natomiast w ka\u017cdy czwartek na Adoracj\u0119 Naj\u015bwi\u0119tszego Sakramentu po Mszy \u015bw. do godz. 20:00. <em>Masz mo\u017cliwo\u015b\u0107 spotkania si\u0119 z Jezusem w ciszy.<\/em><strong><\/strong><\/li>\n\n\n\n<li><strong><\/strong><strong>ZACH\u0118CAMY DO SPOWIEDZI \u015aWI\u0118TEJ,<\/strong> gdy\u017c od Wielkiego Czwartku rozpoczynamy <strong><em>TRIDUUM PASCHALNE<\/em> <\/strong>i mo\u017cliwo\u015b\u0107 skorzystania z Sakramentu Pokuty b\u0119dzie ograniczona. Spowied\u017a dodatkowa jeszcze <strong><em><u>we Wielki Wtorek od godz. 19:00 do godz. 20:00.<\/u><\/em><\/strong><\/li>\n\n\n\n<li><strong>W Wielk\u0105 \u015arod\u0119 przed \u015bwi\u0119tami Wielkanocy, tj. 27 marca 2024, odb\u0119dzie si\u0119 na ulicach Elbl\u0105ga NABO\u017bE\u0143STWO DROGI KRZY\u017bOWEJ.<\/strong> Rozpocz\u0119cie o godz. 19:00, przy ko\u015bciele Matki Bo\u017cej Kr\u00f3lowej Polski (ul. Robotnicza). Stamt\u0105d, ulicami: p\u0142k. D\u0105bka, 12 Lutego, Hetma\u0144sk\u0105 i Giermk\u00f3w b\u0119dziemy w\u0119drowa\u0107 w stron\u0119 katedry \u015bw. Miko\u0142aja.<\/li>\n\n\n\n<li><em>Zapraszam do udzia\u0142u w Drodze Krzy\u017cowej, aby wsp\u00f3lnie z innymi wspomina\u0107 M\u0119k\u0119 Chrystusa i zastanowi\u0107 si\u0119 nad jej znaczeniem dla ka\u017cdego cz\u0142owieka i \u015bwiata, tak\u017ce dzi\u015b. <strong>Parafia \u015bw. Rafa\u0142a Kalinowskiego i \u015bw. Rodziny niesie wsp\u00f3lnie krzy\u017c od stacji X do XI.&nbsp; Prosz\u0119 osoby uczestnicz\u0105ce w drodze szczeg\u00f3lnie m\u0119\u017cczyzn, by ponie\u015bli krzy\u017c.&nbsp;<\/strong><\/em><\/li>\n\n\n\n<li><strong><\/strong>W Wielki Poniedzia\u0142ek (25 marca) od godz.16:00 do godz.17:00 <strong>Parafialny Oddzia\u0142 Caritas<\/strong> przy ul. Myliusa 1A, b\u0119dzie wydawa\u0142 paczki \u015bwi\u0105teczne dla os\u00f3b potrzebuj\u0105cych wsparcia.<strong><\/strong><\/li>\n\n\n\n<li><strong>W WIELKI PI\u0104TEK<\/strong> o godz. 15:00 rozpoczniemy Nowenn\u0119, kt\u00f3ra przygotowywa\u0107 nas b\u0119dzie do Niedzieli Mi\u0142osierdzia Bo\u017cego. <em><u>Od Niedzieli Nowenna odprawiana b\u0119dzie po Mszy \u015bw. wieczorowej.<\/u><\/em><br><strong>Plan czuwania mieszka\u0144c\u00f3w naszej parafii na WIELKI PI\u0104TEK:<\/strong><br><strong>9:00 \u2013 Ciemna Jutrznia<\/strong><br>10:00 \u2013 11:00 \u2013 mieszka\u0144cy ul. Korczaka, Brzechwy<br>11:00 \u2013 12:00 \u2013 mieszka\u0144cy ul. Broniewskiego, Tuwima<br>12:00 \u2013 13:00 \u2013 mieszka\u0144cy ul. Sobieskiego, K\u0142oczowskiego&nbsp;<br>13:00 \u2013 14:00 \u2013 mieszka\u0144cy ul. Myliusa, Leszczy\u0144skiego, Legion\u00f3w, Fromborskiej<br>14:00 \u2013 15:00 \u2013 mieszka\u0144cy ul. Mieszka I, \u0141okietka, Krzywoustego<br><strong>15:00 &#8211; Godzina Mi\u0142osierdzia<\/strong><br>16:00 \u2013 17:00 \u2013 mieszka\u0144cy ul. Og\u00f3lnej, Lubelskiej, Porazi\u0144skiej.<\/li>\n\n\n\n<li><strong>W NIEDZIEL\u0118 ZMARTWYCHWSTANIA<\/strong> Msza Rezurekcyjna o godz. <strong>6:00<\/strong> i procesj\u0105 wok\u00f3\u0142 Ko\u015bcio\u0142a. Kolejne Msze \u015bw. o godz. 10:00, 12:00 i 18:00.<br><strong><em>UWAGA:<\/em><\/strong><em> <strong>NIE MA MSZY \u015aW. o godz. 8:00 i o godz.15:00<\/strong><\/em><\/li>\n\n\n\n<li><strong>Kancelaria Parafialna czynna b\u0119dzie tylko w Wielk\u0105 \u015arod\u0119 od 16:00 do 17:30.<\/strong><\/li>\n\n\n\n<li><em>Jest&nbsp; ju\u017c mo\u017cliwo\u015b\u0107 zam\u00f3wienia obrazu Jezusa Mi\u0142osiernego w cenie 55 z\u0142., w zakrystii&nbsp;(wielko\u015b\u0107 20 x45)&nbsp; kt\u00f3re zostan\u0105 po\u015bwi\u0119cone w Niedziel\u0119 Mi\u0142osierdzia Bo\u017cego tj. 07.04.br.<\/em><\/li>\n\n\n\n<li><strong><\/strong>Przypominamy o Skarbonce na <strong>JA\u0141MU\u017bN\u0118 WIELKOPOSTN\u0104 2024<\/strong>. <em>W ten spos\u00f3b mamy mo\u017cliwo\u015b\u0107 w\u0142\u0105czenia si\u0119 w og\u00f3lnopolsk\u0105 akcj\u0119 charytatywn\u0105<strong>.<\/strong> Przyniesiemy j\u0105 w Niedziel\u0119 Bo\u017cego Mi\u0142osierdzia tj. 7 kwietnia br.<\/em><em><\/em><\/li>\n\n\n\n<li><strong><\/strong>Mo\u017cna nabywa\u0107 nowy numer <strong>\u201eGo\u015bcia Niedzielnego\u201d<\/strong> z dodatkiem \u201eGo\u015b\u0107 Elbl\u0105ski \u2013 10 z\u0142.<\/li>\n\n\n\n<li>W ostatnim tygodniu odszed\u0142 do wieczno\u015bci:<br>\u015bp. Mieczys\u0142aw BERGIUS lat 74 z ul. K\u0142oczowskiego<br>\u015bp. Ma\u0142gorzata Krzemi\u0144ska lat 63, Jeg\u0142ownik<\/li>\n<\/ol>\n\n\n\n<figure class=\"wp-block-image\" id=\"block-5f437b95-503a-4f29-91f7-75b7c74612d1\"><img decoding=\"async\" src=\"http:\/\/rafalk-elblag.pl\/wp-content\/uploads\/2020\/04\/baner-intencje-mszy.jpg\" alt=\"Obrazek posiada pusty atrybut alt; plik o nazwie baner-intencje-mszy.jpg\"\/><\/figure>\n\n\n\n<h1 class=\"wp-block-heading\" id=\"block-ebb85da5-2bf8-44c6-8a18-015b59726bae\">Intencje mszalne 24.03.2024 r.<\/h1>\n\n\n\n<p><strong>PONIEDZIA\u0141EK WIELKIEGO TYGODNIA \/ 25 marca 2024<\/strong> \/ J 12,1-11<br>8.00 \u015bp. Miros\u0142aw Sowi\u0144ski (27 greg.)<br>18.00 \u015bp. Bo\u017cena Dobrzy\u0144ska (30 dzie\u0144 po pogrzebie)<br>18.00 \u015bp. Kazimiera [k], Franciszek Sienkiewicz<\/p>\n\n\n\n<p><strong>WTOREK WIELKIEGO TYGODNIA \/ 26 marca 2024<\/strong> \/ J 13,21-33.36-38<br>8.00 Dzi\u0119kczynna z okazji 70 urodzin Agnieszki z pro\u015bb\u0105 o Bo\u017ce b\u0142., potrzebne \u0142aski oraz opiek\u0119 Matki Bo\u017cej dla Jubilatki<br>18.00 \u015bp. Miros\u0142aw Sowi\u0144ski (28 greg.)<br>18.00 \u015bp. Lidia i Franciszek (o Mi\u0142osierdzie Bo\u017ce i dar nieba)<\/p>\n\n\n\n<p><strong>\u015aRODA WIELKIEGO TYGODNIA \/ 27 marca 2024<\/strong> \/ Mt 26,14-25<br>8.00 \u015bp. Miros\u0142aw Sowi\u0144ski (29 greg.)<br>18.00 \u015bp. Jerzy Ciesielski (w 1 rocznic\u0119 \u015bmierci)<br>18.00 Dzi\u0119kczynna za 60 lat ma\u0142\u017ce\u0144stwa Wandy i Henryka, z pro\u015bb\u0105 o Bo\u017ce b\u0142., opiek\u0119 Matki Bo\u017cej na dalsze lata ich \u017cycia<\/p>\n\n\n\n<p><strong>WIELKI CZWARTEK \/ 28 marca 2024<\/strong> \/ MSZA WIECZERZY PA\u0143SKIEJ \/ J 13,1-15<br>18.00 \u015bp. Miros\u0142aw Sowi\u0144ski (30 greg.)<br>18.00 W intencji kap\u0142an\u00f3w, z pro\u015bb\u0105 o potrzebne \u0142aski, dary Ducha \u015awi\u0119tego oraz opiek\u0119 Matki Bo\u017cej<br>18.00 \u015bp. Ryszard Sikorski (w 2 rocznic\u0119 \u015bmierci) i rodzice z obojga stron<\/p>\n\n\n\n<p><strong>WIELKI PI\u0104TEK \/ 29 marca 2024<\/strong> \/ J 18,1 \u2013 19,42<br>18.00 LITURGIA M\u0118KI PA\u0143SKIEJ<\/p>\n\n\n\n<p><strong>WIELKA SOBOTA \/ 30 marca 2024<\/strong> \/ WIGILIA PASCHALNA \/ Mk 16,1-7<br>20.00 Za osoby zaanga\u017cowane w Triduum Paschalne, o b\u0142. Bo\u017ce, potrzebne \u0142aski i opiek\u0119 Matki Bo\u017cej<br>20.00 Za pracownik\u00f3w parafii, o potrzebne \u0142aski, otwarto\u015b\u0107 na prowadzenie Ducha \u015awi\u0119tego i opiek\u0119 Matki Bo\u017cej<br>20.00<\/p>\n\n\n\n<p><strong>NIEDZIELA ZMARTWYCHWSTANIA PA\u0143SKIEGO \/ 31 marca 2024<\/strong> \/ J 20,1-9 lub \u0141k 24,1-12<br>6.00 W intencji Parafian<br>10.00 \u015bp. Stanis\u0142awa [k], J\u00f3zef, Edward, Barbara i zmarli z rodzin Osowskich i Wala<br>12.00 \u015bp. Monika, Wiktor Jankowscy oraz zmarli z rodziny Kami\u0144skich<br>18.00 \u015bp. Apolonia, Franciszka [k], Jan, Janusz oraz zmarli z rodziny Piotrowskich: Maria, Mariusz i Tomasz<\/p>\n","protected":false},"excerpt":{"rendered":"<p>TRIDUUM PASCHALNE WIELKI&nbsp; CZWARTEK Ko\u015bci\u00f3\u0142 staje si\u0119 w tym dniu, w czasie liturgii Wieczernikiem, w kt\u00f3rym Jezus spotyka si\u0119 przed M\u0119k\u0105 ze swoimi uczniami, umywa im nogi i nazywa przyjaci\u00f3\u0142mi. 18:00 Msza Wieczerzy Pa\u0144skiej \u2013 pami\u0105tka ustanowienia Eucharystii i Kap\u0142a\u0144stwa. Tego dnia liturgia ko\u0144czy si\u0119 przeniesieniem Naj\u015bwi\u0119tszego Sakramentu do Ciemnicy.Od godz. 21:00 \u2013 adoracja prowadzona [&hellip;]<\/p>\n","protected":false},"author":1,"featured_media":5423,"comment_status":"closed","ping_status":"closed","sticky":false,"template":"","format":"standard","meta":{"ngg_post_thumbnail":0,"footnotes":""},"categories":[11,8,4,3],"tags":[],"class_list":["post-5422","post","type-post","status-publish","format-standard","has-post-thumbnail","hentry","category-aktualnosci","category-blog","category-intencje","category-ogloszenia"],"_links":{"self":[{"href":"https:\/\/rafalk-elblag.pl\/index.php?rest_route=\/wp\/v2\/posts\/5422","targetHints":{"allow":["GET"]}}],"collection":[{"href":"https:\/\/rafalk-elblag.pl\/index.php?rest_route=\/wp\/v2\/posts"}],"about":[{"href":"https:\/\/rafalk-elblag.pl\/index.php?rest_route=\/wp\/v2\/types\/post"}],"author":[{"embeddable":true,"href":"https:\/\/rafalk-elblag.pl\/index.php?rest_route=\/wp\/v2\/users\/1"}],"replies":[{"embeddable":true,"href":"https:\/\/rafalk-elblag.pl\/index.php?rest_route=%2Fwp%2Fv2%2Fcomments&post=5422"}],"version-history":[{"count":3,"href":"https:\/\/rafalk-elblag.pl\/index.php?rest_route=\/wp\/v2\/posts\/5422\/revisions"}],"predecessor-version":[{"id":5429,"href":"https:\/\/rafalk-elblag.pl\/index.php?rest_route=\/wp\/v2\/posts\/5422\/revisions\/5429"}],"wp:featuredmedia":[{"embeddable":true,"href":"https:\/\/rafalk-elblag.pl\/index.php?rest_route=\/wp\/v2\/media\/5423"}],"wp:attachment":[{"href":"https:\/\/rafalk-elblag.pl\/index.php?rest_route=%2Fwp%2Fv2%2Fmedia&parent=5422"}],"wp:term":[{"taxonomy":"category","embeddable":true,"href":"https:\/\/rafalk-elblag.pl\/index.php?rest_route=%2Fwp%2Fv2%2Fcategories&post=5422"},{"taxonomy":"post_tag","embeddable":true,"href":"https:\/\/rafalk-elblag.pl\/index.php?rest_route=%2Fwp%2Fv2%2Ftags&post=5422"}],"curies":[{"name":"wp","href":"https:\/\/api.w.org\/{rel}","templated":true}]}}