{"id":5419,"date":"2024-03-17T10:45:25","date_gmt":"2024-03-17T10:45:25","guid":{"rendered":"https:\/\/rafalk-elblag.pl\/?p=5419"},"modified":"2024-03-17T10:45:25","modified_gmt":"2024-03-17T10:45:25","slug":"17-03-2024-r-v-niedziela-wielkiego-postu","status":"publish","type":"post","link":"https:\/\/rafalk-elblag.pl\/?p=5419","title":{"rendered":"17.03.2024 r., V Niedziela Wielkiego Postu"},"content":{"rendered":"\n<h2 class=\"wp-block-heading\" id=\"block-de4dbcd2-5192-419e-9a16-24c75cd43305\">\u015bw. J\u00f3zef wzorem<\/h2>\n\n\n\n<p>O \u015bw. J\u00f3zefie z Nazaretu wiemy bardzo ma\u0142o. Pochodzi\u0142 z rodu kr\u00f3la Dawida, o czym pisze \u015bw. Mateusz oraz \u015bw. \u0141ukasz. Wykonywa\u0142 zaw\u00f3d cie\u015bli, jako rzemie\u015blnik by\u0142 wi\u0119c zapewne bardzo szanowany w lokalnej spo\u0142eczno\u015bci.<\/p>\n\n\n\n<p>Osoba \u015bw. J\u00f3zefa pojawia si\u0119 w kontek\u015bcie \u017cycia Maryi i Jezusa. Tych trzech Os\u00f3b nie da si\u0119 od siebie oddzieli\u0107, bo przecie\u017c tworz\u0105 jedn\u0105 \u015awi\u0119t\u0105 Rodzin\u0119. Po raz pierwszy stykamy si\u0119 z nim w genealogii Jezusa, gdzie jest wymieniony jako m\u0105\u017c Maryi. Nast\u0119pnie Ewangelie pokazuj\u0105 nam histori\u0119 pocz\u0119cia Syna Bo\u017cego, gdzie \u015bw. J\u00f3zef jawi si\u0119 naszym oczom jako wra\u017cliwy m\u0119\u017cczyzna, kt\u00f3ry nie chce narazi\u0107 Maryi na znies\u0142awienie, lecz zamierza j\u0105 oddali\u0107 w tajemnicy. \u201eJ\u00f3zef nie wiedzia\u0142, jak ma si\u0119 zachowa\u0107 wobec \u00abcudownego\u00bb macierzy\u0144stwa Maryi. Szuka\u0142 zapewne odpowiedzi na to dr\u0119cz\u0105ce go pytanie, ale nade wszystko szuka\u0142 wyj\u015bcia z tej trudnej dla siebie sytuacji\u201d (Jan Pawe\u0142 II, Adhortacja Apostolska <em>Redemptoris Custos<\/em>, I,3).Wizja anio\u0142a Pa\u0144skiego, kt\u00f3ry wyja\u015bnia mu ca\u0142\u0105 sytuacj\u0119 sprawia, \u017ce ca\u0142kowicie \u015bwiadomie bierze Maryj\u0119 za swoj\u0105 ma\u0142\u017conk\u0119. \u015aw. \u0141ukasz opisuj\u0105c narodziny Jezusa, ukazuje \u015bw. J\u00f3zefa jako prawdziwie troskliwego m\u0119\u017ca i ojca (pami\u0119tajmy, \u017ce prawnie \u015bw. J\u00f3zef by\u0142 ojcem Jezusa), ale r\u00f3wnie\u017c jako \u015bwiadka, kt\u00f3ry widzia\u0142 pok\u0142on pasterzy i m\u0119drc\u00f3w. Dalej zgodnie z tradycj\u0105 \u017cydowsk\u0105 to do ojca nale\u017ca\u0142o nada\u0107 imi\u0119 dziecku, co \u015bw. J\u00f3zef zapewne uczyni\u0142, daj\u0105c Dzieci\u0119ciu imi\u0119 Jezus, kt\u00f3rym Je nazwa\u0142 anio\u0142. Nast\u0119pnie widzimy \u015bw. J\u00f3zefa, kt\u00f3ry jako prawdziwy m\u0105\u017c i ojciec wraz z rodzin\u0105 udaje si\u0119 do \u015bwi\u0105tyni by wype\u0142ni\u0107 przepisy Prawa, czyli dokona\u0107 oczyszczenia Maryi i wykupi\u0107 pierworodnego syna. Te sceny pokazuj\u0105, \u017ce \u015bw. J\u00f3zef wype\u0142nia wiernie zadania wychowania i troski. W kolejnej scenie dramatu zbawienia widzimy \u015bw. J\u00f3zefa, kt\u00f3ry chroni swoj\u0105 rodzin\u0119 przed zagro\u017ceniem uciekaj\u0105c do Egiptu przed Herodem, by wreszcie po \u015bmierci w\u0142adcy powr\u00f3ci\u0107 w ojczyste strony, do miasta Nazaret.<\/p>\n\n\n\n<p>Gdy Jezus ma 12 lat udaj\u0105 si\u0119 do Jerozolimy na \u015bwi\u0119to Paschy. Po sko\u0144czonych uroczysto\u015bciach Jezus zosta\u0142 w \u015bwi\u0105tyni a \u015bw. Maryja i J\u00f3zef odnajduj\u0105 Go na trzeci dzie\u0144. Jezus t\u0142umaczy im, \u017ce powinien by\u0107 w tym co nale\u017cy do Jego Ojca. Nie rozumiej\u0105 tych s\u0142\u00f3w ani Maryja ani \u015bw. J\u00f3zef. To ostatni moment kiedy \u015bw. J\u00f3zef jest wprost wymieniany. Ewangelie podaj\u0105 jedynie, \u017ce Jezus wr\u00f3ci\u0142 z Rodzicami do Nazaretu i by\u0142 im poddany.<\/p>\n\n\n\n<p>W Pi\u015bmie \u015awi\u0119tym nie zosta\u0142o zapisane \u017cadne s\u0142owo \u015bw. J\u00f3zefa, ale bogactwo tej postaci ukazane jest przez jej konkretne czyny. W jaki spos\u00f3b wz\u00f3r tego \u015bwi\u0119tego mo\u017ce budowa\u0107 powo\u0142anie i pos\u0142annictwo ka\u017cdego m\u0119\u017cczyzny, kt\u00f3ry jest m\u0119\u017cem i ojcem?<\/p>\n\n\n\n<p>Jednym z najwa\u017cniejszych aspekt\u00f3w ojcostwa jest <strong><u>odpowiedzialno\u015b\u0107<\/u><\/strong>. Odpowiedzialno\u015b\u0107 \u015bw. J\u00f3zefa jest r\u00f3wnoczesna: wzgl\u0119dem kobiety, Maryi, swej ma\u0142\u017conki i wzgl\u0119dem Dzieci\u0119cia, kt\u00f3re si\u0119 w Niej pocz\u0119\u0142o. Rodzicielska odpowiedzialno\u015b\u0107 \u015bw. J\u00f3zefa za Jezusa najpe\u0142niej zostaje wyra\u017cona, gdy razem z Maryj\u0105 szuka swego dziecka w \u015bwi\u0105tyni.<\/p>\n\n\n\n<p>Innym bardzo wa\u017cnym aspektem ojcostwa jest&nbsp; <strong><u>wiara<\/u><\/strong>. \u015aw. J\u00f3zef, jako ojciec Jezusa, by\u0142 cz\u0142owiekiem wielkiej wiary. Obowi\u0105zkiem m\u0119\u017ca i ojca jest troska o swoj\u0105 rodzin\u0119, zapewnienie bytu materialnego, danie poczucia bezpiecze\u0144stwa zw\u0142aszcza wtedy, gdy jest trudno. To wszystko musi by\u0107 zanurzone w wierze. Mi\u0142o\u015b\u0107 Bo\u017ca, mi\u0142o\u015b\u0107 wzajemna mi\u0119dzy \u015bw. J\u00f3zefem i Maryj\u0105 wzmacnia si\u0119 przez liczne przeciwno\u015bci&nbsp; i problemy (ub\u00f3stwo Betlejem, ucieczka do Egiptu, szukanie zagubionego dziecka w \u015bwi\u0105tyni). Tak te\u017c bywa w naszym \u017cyciu, \u017ce mi\u0142o\u015b\u0107 mi\u0119dzy \u017con\u0105 i m\u0119\u017cem&nbsp; wzmacnia si\u0119 tak\u017ce przez wsp\u00f3lne pokonywanie trudno\u015bci. Mi\u0142o\u015b\u0107 oparta na przebaczeniu, na pr\u00f3bie zrozumienia siebie, nabiera wtedy swojej si\u0142y. \u015aw. J\u00f3zef, trwaj\u0105c w blisko\u015bci Boga, oddawa\u0142 si\u0119 Jego wszechmocy, a to pozwala\u0142o mu m\u0119\u017cnie stawia\u0107 czo\u0142o wszelkim trudno\u015bciom. Jezus przygl\u0105da\u0142 si\u0119 temu. Blisko\u015b\u0107 Jezusa pomaga\u0142a \u015bw. J\u00f3zefowi prowadzi\u0107 g\u0142\u0119bokie \u017cycie wewn\u0119trzne, z kt\u00f3rego czerpa\u0142 rozwag\u0119 i si\u0142\u0119. Ka\u017cdy m\u0105\u017c i ojciec powinien odkry\u0107 warto\u015b\u0107 osobistej i wsp\u00f3lnej modlitwy. Ojciec jest dla dzieci przyk\u0142adem. Postawa ojca wp\u0142ywa na kszta\u0142towanie si\u0119 w dzieciach obrazu Boga i na ich duchowy rozw\u00f3j. Ojciec, kt\u00f3ry si\u0119 modli, kt\u00f3ry ujmuje w swoj\u0105 d\u0142o\u0144 male\u0144k\u0105 r\u0119k\u0119 dziecka i prowadzi je do ko\u015bcio\u0142a, ojciec, kt\u00f3ry rozmawia z dzieckiem o Bogu jest odzwierciedleniem obrazu Boga Ojca.<\/p>\n\n\n\n<p>\u015awi\u0119tej Rodzinie z Nazaretu nie by\u0142 obcy <strong><u>trud pracy<\/u><\/strong> i to pracy fizycznej, zwyczajnej, cz\u0119sto ci\u0119\u017ckiej i \u017cmudnej. \u015aw. J\u00f3zef wk\u0142ada\u0142 w prac\u0119 swoje zdolno\u015bci i ca\u0142\u0105 mi\u0142o\u015b\u0107, jak\u0105 \u017cywi\u0142 do Jezusa i Maryi. \u017byj\u0105c w ci\u0105g\u0142ym kontakcie z \u017cywym Bogiem, przypomina, \u017ce by\u0107 dobrym ojcem to da\u0107 dow\u00f3d, \u017ce praca solidnie wykonana jest wyrazem mi\u0142o\u015bci ojca do dzieci. \u015aw. J\u00f3zef jest dla nas wzorem ojca, kt\u00f3ry ukazuje dziecku w\u0142a\u015bciwy sens pracy, uczy sumiennego jej wykonywania, w \u0142\u0105czno\u015bci z Bogiem i z tymi, kt\u00f3rym trud nasz ma s\u0142u\u017cy\u0107. R\u00f3wnie\u017c wsp\u00f3lna praca&nbsp; w rodzinie, obowi\u0105zki domowe ucz\u0105 dzieci szacunku dla ludzkiej pracy, ofiarno\u015bci, wsp\u00f3lnoty, warto\u015bci podejmowanego trudu.<\/p>\n\n\n\n<p>Niezwykle istotnym aspektem ojcostwa jest <strong><u>troska o wychowanie<\/u><\/strong> dziecka. \u015aw. J\u00f3zef przyjmuje pe\u0142n\u0105 odpowiedzialno\u015b\u0107 za Jezusa. Nadaje Jezusowi imi\u0119, wprowadza Go w zaw\u00f3d cie\u015bli, sp\u0119dza z Nim bardzo du\u017co czasu. \u015aw. J\u00f3zef wskazuje, \u017ce ojcowie nie tylko maj\u0105 obowi\u0105zek zapewni\u0107 byt materialny dziecku, ale przede wszystkim powinni bra\u0107 odpowiedzialno\u015b\u0107 za wychowanie. Ojciec powinien wprowadza\u0107 dziecko w obowi\u0105zki, zaprawia\u0107 do konsekwencji, do wierno\u015bci zasadom i Prawu Bo\u017cemu. <br>Zadaniem ojca jest r\u00f3wnie\u017c <strong><u>obrona rodziny<\/u><\/strong> przed zagro\u017ceniami z zewn\u0105trz (zgorszeniem, deprawacj\u0105) \u2013 podobnie jak \u015bw. J\u00f3zef broni\u0142 Jezusa przed Herodem.<\/p>\n\n\n\n<figure class=\"wp-block-image\" id=\"block-11bfdc70-3a14-4d5e-94a4-c45b2bb4a6cf\"><a href=\"http:\/\/rafalk-elblag.pl\/wp-content\/uploads\/2021\/08\/ogloszenia-parafialne-baner-01a.jpg\"><img decoding=\"async\" src=\"http:\/\/rafalk-elblag.pl\/wp-content\/uploads\/2021\/08\/ogloszenia-parafialne-baner-01a.jpg\" alt=\"Obrazek posiada pusty atrybut alt; plik o nazwie ogloszenia-parafialne-baner-01a.jpg\"\/><\/a><\/figure>\n\n\n\n<h1 class=\"wp-block-heading\" id=\"block-6d42405b-4ab7-4d06-b960-74c4b8e7c4ea\">Og\u0142oszenia parafialne 17.03.2024 r.<\/h1>\n\n\n\n<ol class=\"wp-block-list\">\n<li><strong>Zapraszamy <\/strong>w ka\u017cd\u0105 Niedziel\u0119 WIELKIEGO POSTU<strong> na Adoracj\u0119 Naj\u015bwi\u0119tszego Sakramentu od godz. 16:00 do godz. 17:15<\/strong> oraz w ka\u017cdy czwartek po Mszy \u015bw. do godz. 20:00. <em>Masz mo\u017cliwo\u015b\u0107 spotkania si\u0119 z Jezusem w ciszy.<\/em><strong><\/strong><\/li>\n\n\n\n<li>W Wielkim Po\u015bcie w ka\u017cd\u0105 niedziel\u0119 zapraszamy <strong>\u00a0na \u015bpiewanie GODZINEK KU CZCI M\u0118KI PA\u0143SKIEJ o godz. 7:40 oraz na GORZKIE \u017bALE z kazaniem pasyjnym o godz. 17:15.\u00a0 Natomiast w pi\u0105tki zapraszamy na DROG\u0118 KRZY\u017bOW\u0104:<\/strong> <em>godz. 16:30 dla dzieci; godz. 17:15 dla doros\u0142ych i\u00a0 m\u0142odzie\u017cy.<\/em><\/li>\n\n\n\n<li><strong><\/strong><strong>Od 16 do 24 marca 2024 r.<\/strong> trwa <strong><u>Nowenna w intencji Ojczyzny, zgody narodowej i poszanowania \u017cycia ludzkiego.<\/u> <\/strong>Nowenna jest prowadzona z r\u00f3\u017cnych miejsc w Polsce codziennie o godzinie 21.20. Nowenn\u0119 mo\u017cna odmawia\u0107 te\u017c indywidualnie w dowolnym momencie dnia. Uk\u0142ad nowenny jest nast\u0119puj\u0105cy: znak krzy\u017ca, intencja na dany dzie\u0144, \u201eOjcze nasz\u201d, \u201eZdrowa\u015b Maryjo\u201d oraz modlitwa w intencji Ojczyzny, np. autorstwa ks. Piotra Skargi. Intencje, modlitwa oraz wi\u0119cej informacji na stronie: episkopat.pl.<strong><em><u><\/u><\/em><\/strong><\/li>\n\n\n\n<li><strong>W niedziel\u0119 17 marca\u00a0 o godzinie 19.00, Zesp\u00f3\u0142 Pa\u0144stwowych Szk\u00f3\u0142 Muzycznych\u00a0w Elbl\u0105gu wraz z parafi\u0105 \u015bw. Paw\u0142a Aposto\u0142a w Elbl\u0105gu, ul. Obro\u0144c\u00f3w Pokoju 10, organizuje szczeg\u00f3lne wydarzenie muzyczne.<\/strong> W programie <strong>Stabat Mater<\/strong> Giovanniego Battisty Pergolesiego. <em>Wej\u015bci\u00f3wki na ten koncert mo\u017cna nabywa\u0107 w parafii \u015bw. Paw\u0142a Aposto\u0142a w Elbl\u0105gu w cenie 20 z\u0142.<\/em><em>\u00a0\u00a0\u00a0 <\/em><\/li>\n\n\n\n<li>We wtorek (19 marca) przypada <strong>UROCZYSTO\u015a\u0106 \u015aWI\u0118TEGO J\u00d3ZEFA<\/strong>. W tym dniu zapraszamy wszystkich parafian a szczeg\u00f3lnie m\u0119\u017cczyzn do uczestnictwa we Mszach \u015bw. o godz. 8:00 i 18:00. Po Mszy \u015bw. wieczorowej nabo\u017ce\u0144stwo ku czci \u015bw. J\u00f3zefa.<\/li>\n\n\n\n<li><strong><\/strong><strong>ZAPRASZAM DO WSP\u00d3LNEGO WYJ\u015aCIA DO MULTIKINA <\/strong>w<strong> <\/strong>Elbl\u0105gu \u2013 Ogrody,<strong> dnia 19 marca br.(wtorek): godz. 19:30 <\/strong>na film<strong> &#8222;POWO\u0141ANY 2&#8221;<\/strong> to kontynuacja internetowego hitu, kt\u00f3ry sta\u0142 si\u0119 fenomenem w sieci i dotar\u0142 do milion\u00f3w widz\u00f3w na ca\u0142ym \u015bwiecie. Tym razem powraca na wielkim ekranie w gwiazdorskiej obsadzie. <em>Spotkajmy si\u0119 wsp\u00f3lnie w kinie. <\/em><strong><em>Cena biletu 13 z\u0142. wp\u0142acamy przy wej\u015bciu do sali kinowej.<\/em><\/strong><em><\/em><\/li>\n\n\n\n<li>Zapraszamy do udzia\u0142u w <strong>IX EDYCJI EKSTREMALNEJ DROGI KRZY\u017bOWEJ.<\/strong> Odb\u0119dzie si\u0119 ona w nocy z 22 na 23 marca. Zapraszamy na Msz\u0119 \u015aw. o godz. 20:00\u00a0w parafii \u015aw. Brata Alberta w Elbl\u0105gu.\u00a0 <em>Przygotowanych jest 5 tras &#8211; do Tolkmicka, Fromborka, Zielonki Pas\u0142\u0119ckiej, Malborka i p\u0119tla, kt\u00f3ra rozpoczyna i ko\u0144czy si\u0119 w Elbl\u0105gu.<\/em> Ka\u017cda z nich ma ponad 40 km do przej\u015bcia. Koszt pakietu z rozwa\u017caniami 25 z\u0142.\u00a0Zapisy oraz wi\u0119cej informacji na plakatach i stronie\u00a0<a href=\"http:\/\/www.edk.org.pl\/\" target=\"_blank\" rel=\"noreferrer noopener\">www.edk.org.pl<\/a>.\u00a0\u00a0<\/li>\n\n\n\n<li><strong><\/strong>Przypominamy o Skarbonce na <strong>JA\u0141MU\u017bN\u0118 WIELKOPOSTN\u0104 2024<\/strong>. <em>W ten spos\u00f3b mamy mo\u017cliwo\u015b\u0107 w\u0142\u0105czenia si\u0119 w og\u00f3lnopolsk\u0105 akcj\u0119 charytatywn\u0105<strong>.<\/strong> <\/em><em><\/em><\/li>\n\n\n\n<li><strong><\/strong><strong>W Niedziel\u0119 Palmow\u0105 po\u015bwi\u0119cenie palm przed ka\u017cd\u0105 Msz\u0105 \u015bw. odb\u0119dzie si\u0119&nbsp; na zewn\u0105trz ko\u015bcio\u0142a przed BANEREM. Po po\u015bwieceniu palm wyruszy procesja do ko\u015bcio\u0142a. Zapraszamy, aby w tym dniu oczekiwa\u0107 na po\u015bwiecenie palm przed ko\u015bcio\u0142em.&nbsp; <\/strong><em><\/em><\/li>\n\n\n\n<li><strong><\/strong>Caritas Parafialna rozprowadza\u0142a dzisiaj \u015bwieczki na&nbsp; st\u00f3\u0142 WIELKANOCNY w cenie 20 z\u0142.<\/li>\n\n\n\n<li><strong>Ofiary na kwiaty do Grobu Pa\u0144skiego i Ko\u015bcio\u0142a b\u0119dzie mo\u017cna z\u0142o\u017cy\u0107 za tydzie\u0144 (w Niedziel\u0119 Palmow\u0105) do puszek przed ko\u015bcio\u0142em. Dzi\u0119kuj\u0119 za zrozumienie.<\/strong><\/li>\n\n\n\n<li><strong><\/strong>Parafia pw. \u015bw. Rodziny organizuje pielgrzymk\u0119 w dniach 6-10.06.2024 \u015bladami \u015bw. Jana Paw\u0142a II. Wi\u0119cej informacji na tablicy og\u0142osze\u0144 przed ko\u015bcio\u0142em.<em><\/em><\/li>\n\n\n\n<li><strong><\/strong>Stowarzyszenie Centrum Ochotnik\u00f3w Cierpienia Diecezji Elbl\u0105skiej organizuje \u201ePielgrzymk\u0119 szlakiem Skarb\u00f3w Wielkopolski i Ziemi Lubuskiej\u201d. Wi\u0119cej informacji na tablicy og\u0142osze\u0144 przed ko\u015bcio\u0142em.<em><\/em><\/li>\n\n\n\n<li>W ostatnim tygodniu odeszli do wieczno\u015bci: \u015bp. Piotr OBUSZY\u0143SKI lat 48 z ul. Sobieskiego \u00a0\u00a0\u00a0\u00a0\u00a0\u00a0\u00a0\u00a0\u00a0\u00a0\u00a0\u00a0\u00a0\u00a0\u00a0\u00a0\u00a0\u00a0\u00a0\u00a0\u00a0\u00a0\u00a0\u00a0\u00a0\u00a0\u00a0\u00a0\u00a0\u00a0\u00a0\u00a0\u00a0\u00a0\u00a0\u00a0\u00a0\u00a0\u00a0\u00a0\u00a0                     \u00a0\u00a0\u00a0\u00a0\u00a0\u00a0\u00a0\u00a0 \u015bp. Danuta PARUSZEWSKA lat 67 z ul. Leszczy\u0144skiego<\/li>\n<\/ol>\n\n\n\n<figure class=\"wp-block-image\" id=\"block-5f437b95-503a-4f29-91f7-75b7c74612d1\"><img decoding=\"async\" src=\"http:\/\/rafalk-elblag.pl\/wp-content\/uploads\/2020\/04\/baner-intencje-mszy.jpg\" alt=\"Obrazek posiada pusty atrybut alt; plik o nazwie baner-intencje-mszy.jpg\"\/><\/figure>\n\n\n\n<h1 class=\"wp-block-heading\" id=\"block-ebb85da5-2bf8-44c6-8a18-015b59726bae\">Intencje mszalne 17.03.2024 r.<\/h1>\n\n\n\n<p><strong>PONIEDZIA\u0141EK \/ 18 marca 2024<\/strong> \/ J 8,1-11<br>8.00 \u015bp. Miros\u0142aw Sowi\u0144ski (20 greg.)<br>18.00 \u015bp. Janusz Ekes (w 3 rocznic\u0119 \u015bmierci) oraz zmarli z rodziny Domagalskich i Dymowskich<br>18.00 \u015bp. J\u00f3zef Wr\u00f3bel (z okazji imienin)<\/p>\n\n\n\n<p><strong>WTOREK \/ 19 marca 2024 \/ Uroczysto\u015b\u0107 \u015bw. J\u00f3zefa<\/strong> \/ Mt 1,16.18-21.24a lub \u0141k 2,41-51a<br>8.00 \u015bp. Miros\u0142aw Sowi\u0144ski (21 greg.)<br>18.00 \u015bp. J\u00f3zefa [k] Krawczyk, J\u00f3zef Ropski<br>18.00 \u015bp. J\u00f3zef Kwiatosz (z okazji imienin) oraz zmarli rodzice z obojga stron<\/p>\n\n\n\n<p><strong>\u015aRODA \/ 20 marca 2024<\/strong> \/ J 8,31-42<br>8.00 \u015bp. Miros\u0142aw Sowi\u0144ski (22 greg.)<br>18.00 \u015bp. rodzice: Micha\u0142 i J\u00f3zefa [k] Jackiewicz<br>18.00 \u015bp. Wac\u0142aw Bazylak (w 5 rocznic\u0119 \u015bmierci) i zmarli z rodzin Bazylak i Wa\u015bniewskich<\/p>\n\n\n\n<p><strong>CZWARTEK \/ 21 marca 2024<\/strong> \/ J 8,51-59<br>8.00 \u015bp. Miros\u0142aw Sowi\u0144ski (23 greg.)<br>18.00 \u015bp. Mieczys\u0142aw, Romuald<br>18.00 \u015bp. Danuta \u015aniadach (w 2 rocznic\u0119 \u015bmierci) oraz zmarli z rodzin: \u015aniadach, Kolasa, Woronieckich i Noco\u0144<\/p>\n\n\n\n<p><strong>PI\u0104TEK \/ 22 marca 2024<\/strong> \/ J 10,31-42<br>8.00 \u015bp. Miros\u0142aw Sowi\u0144ski (24 greg.)<br>18.00 Za dar \u017cycia J\u00f3zefa Darka w 59 urodziny, z pro\u015bb\u0105 o \u0142ask\u0119 zdrowia, dalsze b\u0142. i potrzebne \u0142aski<br>18.00 \u015bp. Marianna i Marian Grzymscy oraz Genowefa Tyszka i zmarli z rodzin<\/p>\n\n\n\n<p><strong>SOBOTA \/ 23 marca 2024<\/strong> \/ J 11,45-57<br>8.00 \u015bp. Miros\u0142aw Sowi\u0144ski (25 greg.)<br>18.00 \u015bp. Halina Krawczyk (w 5 rocznic\u0119 \u015bmierci)<br>18.00 \u015bp. Micha\u0142 Kata (w 36 rocznic\u0119 \u015bmierci), Edward D\u0105bkowski (w 15 rocznic\u0119 \u015bmierci)<\/p>\n\n\n\n<p><strong>NIEDZIELA PALMOWA (M\u0118KI PA\u0143SKIEJ) \/ 24 marca 2024<\/strong> \/ Mk 14,1 \u2013 15,47<br>8.00 \u015bp. Cyryla [k] Kieza<br>10.00 \u015bp. Jadwiga, Edward, Czes\u0142aw<br>12.00 W intencji Parafian<br>15.00 \u015bp. Miros\u0142aw Sowi\u0144ski (26 greg.)<br>18.00 O \u0142ask\u0119 zdrowia, Bo\u017ce b\u0142. i opiek\u0119 Matki Bo\u017cej dla Patrycji<\/p>\n","protected":false},"excerpt":{"rendered":"<p>\u015bw. J\u00f3zef wzorem O \u015bw. J\u00f3zefie z Nazaretu wiemy bardzo ma\u0142o. Pochodzi\u0142 z rodu kr\u00f3la Dawida, o czym pisze \u015bw. Mateusz oraz \u015bw. \u0141ukasz. Wykonywa\u0142 zaw\u00f3d cie\u015bli, jako rzemie\u015blnik by\u0142 wi\u0119c zapewne bardzo szanowany w lokalnej spo\u0142eczno\u015bci. Osoba \u015bw. J\u00f3zefa pojawia si\u0119 w kontek\u015bcie \u017cycia Maryi i Jezusa. Tych trzech Os\u00f3b nie da si\u0119 od [&hellip;]<\/p>\n","protected":false},"author":1,"featured_media":5420,"comment_status":"closed","ping_status":"closed","sticky":false,"template":"","format":"standard","meta":{"ngg_post_thumbnail":0,"footnotes":""},"categories":[11,8,4,3],"tags":[],"class_list":["post-5419","post","type-post","status-publish","format-standard","has-post-thumbnail","hentry","category-aktualnosci","category-blog","category-intencje","category-ogloszenia"],"_links":{"self":[{"href":"https:\/\/rafalk-elblag.pl\/index.php?rest_route=\/wp\/v2\/posts\/5419","targetHints":{"allow":["GET"]}}],"collection":[{"href":"https:\/\/rafalk-elblag.pl\/index.php?rest_route=\/wp\/v2\/posts"}],"about":[{"href":"https:\/\/rafalk-elblag.pl\/index.php?rest_route=\/wp\/v2\/types\/post"}],"author":[{"embeddable":true,"href":"https:\/\/rafalk-elblag.pl\/index.php?rest_route=\/wp\/v2\/users\/1"}],"replies":[{"embeddable":true,"href":"https:\/\/rafalk-elblag.pl\/index.php?rest_route=%2Fwp%2Fv2%2Fcomments&post=5419"}],"version-history":[{"count":1,"href":"https:\/\/rafalk-elblag.pl\/index.php?rest_route=\/wp\/v2\/posts\/5419\/revisions"}],"predecessor-version":[{"id":5421,"href":"https:\/\/rafalk-elblag.pl\/index.php?rest_route=\/wp\/v2\/posts\/5419\/revisions\/5421"}],"wp:featuredmedia":[{"embeddable":true,"href":"https:\/\/rafalk-elblag.pl\/index.php?rest_route=\/wp\/v2\/media\/5420"}],"wp:attachment":[{"href":"https:\/\/rafalk-elblag.pl\/index.php?rest_route=%2Fwp%2Fv2%2Fmedia&parent=5419"}],"wp:term":[{"taxonomy":"category","embeddable":true,"href":"https:\/\/rafalk-elblag.pl\/index.php?rest_route=%2Fwp%2Fv2%2Fcategories&post=5419"},{"taxonomy":"post_tag","embeddable":true,"href":"https:\/\/rafalk-elblag.pl\/index.php?rest_route=%2Fwp%2Fv2%2Ftags&post=5419"}],"curies":[{"name":"wp","href":"https:\/\/api.w.org\/{rel}","templated":true}]}}